{"id":42889,"date":"2026-09-04T15:06:04","date_gmt":"2026-09-04T18:06:04","guid":{"rendered":"https:\/\/www.sinpro-rio.org.br\/principal\/?p=42889"},"modified":"2026-09-04T15:06:04","modified_gmt":"2026-09-04T18:06:04","slug":"confira-a-programacao-da-copap-para-o-mes-de-setembro","status":"publish","type":"post","link":"https:\/\/www.sinpro-rio.org.br\/principal\/confira-a-programacao-da-copap-para-o-mes-de-setembro\/","title":{"rendered":"Confira a programa\u00e7\u00e3o da Copap para o m\u00eas de setembro"},"content":{"rendered":"<p><span style=\"font-weight: 400;\">Setembro chega com uma programa\u00e7\u00e3o especial preparada pela Comiss\u00e3o de Professores Aposentados e Pensionistas (Copap) do Sinpro-Rio. O m\u00eas ser\u00e1 marcado por um cronograma que re\u00fane m\u00fasica, debate, conversa e muita troca de experi\u00eancias, tudo pensado para valorizar o encontro e a conviv\u00eancia entre quem construiu e segue construindo a hist\u00f3ria da categoria.<\/span><\/p>\n<p><span style=\"font-weight: 400;\">Ao longo das pr\u00f3ximas semanas, professoras, professores, aposentados e aposentadas poder\u00e3o participar do show de lan\u00e7amento do CD Terra Sem Mal, de Andr\u00e9 Gardel; conversar sobre o mundo, o Brasil e a participa\u00e7\u00e3o da terceira idade hoje; e compartilhar experi\u00eancias no Trocando Ideias.<\/span><\/p>\n<p><span style=\"font-weight: 400;\">Todos os encontros acontecem na sede do Sinpro-Rio (Rua Pedro Lessa, 35 \u2013 3\u00ba andar).<\/span><\/p>\n<p><span style=\"font-weight: 400;\">Confira o cronograma completo, reserve as datas na agenda e venha participar! A Copap espera por voc\u00ea para mais um m\u00eas de encontros, di\u00e1logo, cultura e conviv\u00eancia.<\/span><\/p>\n<p><b>PROGRAMA\u00c7\u00c3O \u2013 SETEMBRO<\/b><\/p>\n<p><b>Sexta-feira, 11\/09 \u2013 Show de Lan\u00e7amento<\/b><b><br \/>\n<\/b><span style=\"font-weight: 400;\">Show de lan\u00e7amento do CD <\/span><i><span style=\"font-weight: 400;\">Terra Sem Mal<\/span><\/i><span style=\"font-weight: 400;\">, do cantor, compositor e escritor <\/span><b>Andr\u00e9 Gardel<\/b><span style=\"font-weight: 400;\">. O show ser\u00e1 entremeado por conversas e informa\u00e7\u00f5es sobre as m\u00fasicas apresentadas.<\/span><span style=\"font-weight: 400;\"><br \/>\n<\/span><b>Hor\u00e1rio:<\/b><span style=\"font-weight: 400;\"> 9h30<\/span><span style=\"font-weight: 400;\"><br \/>\n<\/span><b>Local:<\/b><span style=\"font-weight: 400;\"> Rua Pedro Lessa, 35, 3\u00ba andar.<\/span><\/p>\n<p><b>Sexta-feira, 18\/09 \u2013 Roda de Conversa e Debate \u201cO mundo, o Brasil e a participa\u00e7\u00e3o da terceira idade hoje\u201d<\/b><span style=\"font-weight: 400;\"> com <\/span><b>Jo\u00e3o Paulo C\u00e2mara Chaves<\/b><span style=\"font-weight: 400;\">, professor e diretor do Sinpro-Rio.<\/span><span style=\"font-weight: 400;\"><br \/>\n<\/span><b>Hor\u00e1rio:<\/b><span style=\"font-weight: 400;\"> 9h30<\/span><span style=\"font-weight: 400;\"><br \/>\n<\/span><b>Local:<\/b><span style=\"font-weight: 400;\"> Rua Pedro Lessa, 35, 3\u00ba andar.<\/span><\/p>\n<p><b>Sexta-feira, 25\/09 \u2013 Trocando Ideias<\/b><b><br \/>\n<\/b><span style=\"font-weight: 400;\">Conversa aberta e descontra\u00edda em que professores e professoras compartilham experi\u00eancias e sugest\u00f5es. Um espa\u00e7o de troca de conhecimentos.<\/span><span style=\"font-weight: 400;\"><br \/>\n<\/span><b>Hor\u00e1rio:<\/b><span style=\"font-weight: 400;\"> 10h<\/span><span style=\"font-weight: 400;\"><br \/>\n<\/span><b>Local:<\/b><span style=\"font-weight: 400;\"> Rua Pedro Lessa, 35, 3\u00ba andar.<\/span><\/p>\n","protected":false},"excerpt":{"rendered":"<p>Setembro chega com uma programa\u00e7\u00e3o especial preparada pela Comiss\u00e3o de Professores Aposentados e Pensionistas (Copap) do Sinpro-Rio. O m\u00eas ser\u00e1 marcado por um cronograma que re\u00fane m\u00fasica, debate, conversa e muita troca de experi\u00eancias, tudo pensado para valorizar o encontro e a conviv\u00eancia entre quem construiu e segue construindo a hist\u00f3ria da categoria. Ao longo [&hellip;]<\/p>\n","protected":false},"author":2,"featured_media":42890,"comment_status":"closed","ping_status":"open","sticky":false,"template":"","format":"standard","meta":{"footnotes":""},"categories":[20,1,25],"tags":[],"class_list":["post-42889","post","type-post","status-publish","format-standard","has-post-thumbnail","hentry","category-copap","category-noticias","category-destaque-primeira-pagina"],"yoast_head":"<!-- This site is optimized with the Yoast SEO plugin v25.7 - https:\/\/yoast.com\/wordpress\/plugins\/seo\/ -->\n<title>Confira a programa\u00e7\u00e3o da Copap para o m\u00eas de setembro - Sinpro-Rio<\/title>\n<meta name=\"description\" content=\"Setembro chega com uma programa\u00e7\u00e3o especial preparada pela Comiss\u00e3o de Professores Aposentados e Pensionistas (Copap) do Sinpro-Rio.\" \/>\n<meta name=\"robots\" content=\"index, follow, max-snippet:-1, max-image-preview:large, max-video-preview:-1\" \/>\n<link rel=\"canonical\" href=\"https:\/\/www.sinpro-rio.org.br\/principal\/confira-a-programacao-da-copap-para-o-mes-de-setembro\/\" \/>\n<meta property=\"og:locale\" content=\"pt_BR\" \/>\n<meta property=\"og:type\" content=\"article\" \/>\n<meta property=\"og:title\" content=\"Confira a programa\u00e7\u00e3o da Copap para o m\u00eas de setembro - Sinpro-Rio\" \/>\n<meta property=\"og:description\" content=\"Setembro chega com uma programa\u00e7\u00e3o especial preparada pela Comiss\u00e3o de Professores Aposentados e Pensionistas (Copap) do Sinpro-Rio.\" \/>\n<meta property=\"og:url\" content=\"https:\/\/www.sinpro-rio.org.br\/principal\/confira-a-programacao-da-copap-para-o-mes-de-setembro\/\" \/>\n<meta property=\"og:site_name\" content=\"Sinpro-Rio\" \/>\n<meta property=\"article:published_time\" content=\"2026-09-04T18:06:04+00:00\" \/>\n<meta property=\"og:image\" content=\"https:\/\/www.sinpro-rio.org.br\/principal\/wp-content\/uploads\/2026\/09\/2026_08_28-SINPRORIO-Copap-Setembro-site.jpg\" \/>\n\t<meta property=\"og:image:width\" content=\"2250\" \/>\n\t<meta property=\"og:image:height\" content=\"2250\" \/>\n\t<meta property=\"og:image:type\" content=\"image\/jpeg\" \/>\n<meta name=\"author\" content=\"alessandra\" \/>\n<meta name=\"twitter:card\" content=\"summary_large_image\" \/>\n<meta name=\"twitter:label1\" content=\"Escrito por\" \/>\n\t<meta name=\"twitter:data1\" content=\"alessandra\" \/>\n\t<meta name=\"twitter:label2\" content=\"Est. tempo de leitura\" \/>\n\t<meta name=\"twitter:data2\" content=\"2 minutos\" \/>\n<script type=\"application\/ld+json\" class=\"yoast-schema-graph\">{\"@context\":\"https:\/\/schema.org\",\"@graph\":[{\"@type\":\"WebPage\",\"@id\":\"https:\/\/www.sinpro-rio.org.br\/principal\/confira-a-programacao-da-copap-para-o-mes-de-setembro\/\",\"url\":\"https:\/\/www.sinpro-rio.org.br\/principal\/confira-a-programacao-da-copap-para-o-mes-de-setembro\/\",\"name\":\"Confira a programa\u00e7\u00e3o da Copap para o m\u00eas de setembro - Sinpro-Rio\",\"isPartOf\":{\"@id\":\"https:\/\/www.sinpro-rio.org.br\/principal\/#website\"},\"primaryImageOfPage\":{\"@id\":\"https:\/\/www.sinpro-rio.org.br\/principal\/confira-a-programacao-da-copap-para-o-mes-de-setembro\/#primaryimage\"},\"image\":{\"@id\":\"https:\/\/www.sinpro-rio.org.br\/principal\/confira-a-programacao-da-copap-para-o-mes-de-setembro\/#primaryimage\"},\"thumbnailUrl\":\"https:\/\/www.sinpro-rio.org.br\/principal\/wp-content\/uploads\/2026\/09\/2026_08_28-SINPRORIO-Copap-Setembro-site.jpg\",\"datePublished\":\"2026-09-04T18:06:04+00:00\",\"author\":{\"@id\":\"https:\/\/www.sinpro-rio.org.br\/principal\/#\/schema\/person\/ee17219e64d00d037e511ae59ce2227e\"},\"description\":\"Setembro chega com uma programa\u00e7\u00e3o especial preparada pela Comiss\u00e3o de Professores Aposentados e Pensionistas (Copap) do Sinpro-Rio.\",\"breadcrumb\":{\"@id\":\"https:\/\/www.sinpro-rio.org.br\/principal\/confira-a-programacao-da-copap-para-o-mes-de-setembro\/#breadcrumb\"},\"inLanguage\":\"pt-BR\",\"potentialAction\":[{\"@type\":\"ReadAction\",\"target\":[\"https:\/\/www.sinpro-rio.org.br\/principal\/confira-a-programacao-da-copap-para-o-mes-de-setembro\/\"]}]},{\"@type\":\"ImageObject\",\"inLanguage\":\"pt-BR\",\"@id\":\"https:\/\/www.sinpro-rio.org.br\/principal\/confira-a-programacao-da-copap-para-o-mes-de-setembro\/#primaryimage\",\"url\":\"https:\/\/www.sinpro-rio.org.br\/principal\/wp-content\/uploads\/2026\/09\/2026_08_28-SINPRORIO-Copap-Setembro-site.jpg\",\"contentUrl\":\"https:\/\/www.sinpro-rio.org.br\/principal\/wp-content\/uploads\/2026\/09\/2026_08_28-SINPRORIO-Copap-Setembro-site.jpg\",\"width\":2250,\"height\":2250},{\"@type\":\"BreadcrumbList\",\"@id\":\"https:\/\/www.sinpro-rio.org.br\/principal\/confira-a-programacao-da-copap-para-o-mes-de-setembro\/#breadcrumb\",\"itemListElement\":[{\"@type\":\"ListItem\",\"position\":1,\"name\":\"In\u00edcio\",\"item\":\"https:\/\/www.sinpro-rio.org.br\/principal\/\"},{\"@type\":\"ListItem\",\"position\":2,\"name\":\"Confira a programa\u00e7\u00e3o da Copap para o m\u00eas de setembro\"}]},{\"@type\":\"WebSite\",\"@id\":\"https:\/\/www.sinpro-rio.org.br\/principal\/#website\",\"url\":\"https:\/\/www.sinpro-rio.org.br\/principal\/\",\"name\":\"Sinpro-Rio\",\"description\":\"Sindicato dos Professores do Munic\u00edpio do Rio de Janeiro e Regi\u00e3o\",\"potentialAction\":[{\"@type\":\"SearchAction\",\"target\":{\"@type\":\"EntryPoint\",\"urlTemplate\":\"https:\/\/www.sinpro-rio.org.br\/principal\/?s={search_term_string}\"},\"query-input\":{\"@type\":\"PropertyValueSpecification\",\"valueRequired\":true,\"valueName\":\"search_term_string\"}}],\"inLanguage\":\"pt-BR\"},{\"@type\":\"Person\",\"@id\":\"https:\/\/www.sinpro-rio.org.br\/principal\/#\/schema\/person\/ee17219e64d00d037e511ae59ce2227e\",\"name\":\"alessandra\",\"image\":{\"@type\":\"ImageObject\",\"inLanguage\":\"pt-BR\",\"@id\":\"https:\/\/www.sinpro-rio.org.br\/principal\/#\/schema\/person\/image\/\",\"url\":\"https:\/\/secure.gravatar.com\/avatar\/2b43fa8c0ad8e33b46a4732549f7fb20?s=96&d=mm&r=g\",\"contentUrl\":\"https:\/\/secure.gravatar.com\/avatar\/2b43fa8c0ad8e33b46a4732549f7fb20?s=96&d=mm&r=g\",\"caption\":\"alessandra\"},\"url\":\"https:\/\/www.sinpro-rio.org.br\/principal\/author\/alessandra\/\"}]}<\/script>\n<!-- \/ Yoast SEO plugin. -->","yoast_head_json":{"title":"Confira a programa\u00e7\u00e3o da Copap para o m\u00eas de setembro - Sinpro-Rio","description":"Setembro chega com uma programa\u00e7\u00e3o especial preparada pela Comiss\u00e3o de Professores Aposentados e Pensionistas (Copap) do Sinpro-Rio.","robots":{"index":"index","follow":"follow","max-snippet":"max-snippet:-1","max-image-preview":"max-image-preview:large","max-video-preview":"max-video-preview:-1"},"canonical":"https:\/\/www.sinpro-rio.org.br\/principal\/confira-a-programacao-da-copap-para-o-mes-de-setembro\/","og_locale":"pt_BR","og_type":"article","og_title":"Confira a programa\u00e7\u00e3o da Copap para o m\u00eas de setembro - Sinpro-Rio","og_description":"Setembro chega com uma programa\u00e7\u00e3o especial preparada pela Comiss\u00e3o de Professores Aposentados e Pensionistas (Copap) do Sinpro-Rio.","og_url":"https:\/\/www.sinpro-rio.org.br\/principal\/confira-a-programacao-da-copap-para-o-mes-de-setembro\/","og_site_name":"Sinpro-Rio","article_published_time":"2026-09-04T18:06:04+00:00","og_image":[{"width":2250,"height":2250,"url":"https:\/\/www.sinpro-rio.org.br\/principal\/wp-content\/uploads\/2026\/09\/2026_08_28-SINPRORIO-Copap-Setembro-site.jpg","type":"image\/jpeg"}],"author":"alessandra","twitter_card":"summary_large_image","twitter_misc":{"Escrito por":"alessandra","Est. tempo de leitura":"2 minutos"},"schema":{"@context":"https:\/\/schema.org","@graph":[{"@type":"WebPage","@id":"https:\/\/www.sinpro-rio.org.br\/principal\/confira-a-programacao-da-copap-para-o-mes-de-setembro\/","url":"https:\/\/www.sinpro-rio.org.br\/principal\/confira-a-programacao-da-copap-para-o-mes-de-setembro\/","name":"Confira a programa\u00e7\u00e3o da Copap para o m\u00eas de setembro - Sinpro-Rio","isPartOf":{"@id":"https:\/\/www.sinpro-rio.org.br\/principal\/#website"},"primaryImageOfPage":{"@id":"https:\/\/www.sinpro-rio.org.br\/principal\/confira-a-programacao-da-copap-para-o-mes-de-setembro\/#primaryimage"},"image":{"@id":"https:\/\/www.sinpro-rio.org.br\/principal\/confira-a-programacao-da-copap-para-o-mes-de-setembro\/#primaryimage"},"thumbnailUrl":"https:\/\/www.sinpro-rio.org.br\/principal\/wp-content\/uploads\/2026\/09\/2026_08_28-SINPRORIO-Copap-Setembro-site.jpg","datePublished":"2026-09-04T18:06:04+00:00","author":{"@id":"https:\/\/www.sinpro-rio.org.br\/principal\/#\/schema\/person\/ee17219e64d00d037e511ae59ce2227e"},"description":"Setembro chega com uma programa\u00e7\u00e3o especial preparada pela Comiss\u00e3o de Professores Aposentados e Pensionistas (Copap) do Sinpro-Rio.","breadcrumb":{"@id":"https:\/\/www.sinpro-rio.org.br\/principal\/confira-a-programacao-da-copap-para-o-mes-de-setembro\/#breadcrumb"},"inLanguage":"pt-BR","potentialAction":[{"@type":"ReadAction","target":["https:\/\/www.sinpro-rio.org.br\/principal\/confira-a-programacao-da-copap-para-o-mes-de-setembro\/"]}]},{"@type":"ImageObject","inLanguage":"pt-BR","@id":"https:\/\/www.sinpro-rio.org.br\/principal\/confira-a-programacao-da-copap-para-o-mes-de-setembro\/#primaryimage","url":"https:\/\/www.sinpro-rio.org.br\/principal\/wp-content\/uploads\/2026\/09\/2026_08_28-SINPRORIO-Copap-Setembro-site.jpg","contentUrl":"https:\/\/www.sinpro-rio.org.br\/principal\/wp-content\/uploads\/2026\/09\/2026_08_28-SINPRORIO-Copap-Setembro-site.jpg","width":2250,"height":2250},{"@type":"BreadcrumbList","@id":"https:\/\/www.sinpro-rio.org.br\/principal\/confira-a-programacao-da-copap-para-o-mes-de-setembro\/#breadcrumb","itemListElement":[{"@type":"ListItem","position":1,"name":"In\u00edcio","item":"https:\/\/www.sinpro-rio.org.br\/principal\/"},{"@type":"ListItem","position":2,"name":"Confira a programa\u00e7\u00e3o da Copap para o m\u00eas de setembro"}]},{"@type":"WebSite","@id":"https:\/\/www.sinpro-rio.org.br\/principal\/#website","url":"https:\/\/www.sinpro-rio.org.br\/principal\/","name":"Sinpro-Rio","description":"Sindicato dos Professores do Munic\u00edpio do Rio de Janeiro e Regi\u00e3o","potentialAction":[{"@type":"SearchAction","target":{"@type":"EntryPoint","urlTemplate":"https:\/\/www.sinpro-rio.org.br\/principal\/?s={search_term_string}"},"query-input":{"@type":"PropertyValueSpecification","valueRequired":true,"valueName":"search_term_string"}}],"inLanguage":"pt-BR"},{"@type":"Person","@id":"https:\/\/www.sinpro-rio.org.br\/principal\/#\/schema\/person\/ee17219e64d00d037e511ae59ce2227e","name":"alessandra","image":{"@type":"ImageObject","inLanguage":"pt-BR","@id":"https:\/\/www.sinpro-rio.org.br\/principal\/#\/schema\/person\/image\/","url":"https:\/\/secure.gravatar.com\/avatar\/2b43fa8c0ad8e33b46a4732549f7fb20?s=96&d=mm&r=g","contentUrl":"https:\/\/secure.gravatar.com\/avatar\/2b43fa8c0ad8e33b46a4732549f7fb20?s=96&d=mm&r=g","caption":"alessandra"},"url":"https:\/\/www.sinpro-rio.org.br\/principal\/author\/alessandra\/"}]}},"_links":{"self":[{"href":"https:\/\/www.sinpro-rio.org.br\/principal\/wp-json\/wp\/v2\/posts\/42889","targetHints":{"allow":["GET"]}}],"collection":[{"href":"https:\/\/www.sinpro-rio.org.br\/principal\/wp-json\/wp\/v2\/posts"}],"about":[{"href":"https:\/\/www.sinpro-rio.org.br\/principal\/wp-json\/wp\/v2\/types\/post"}],"author":[{"embeddable":true,"href":"https:\/\/www.sinpro-rio.org.br\/principal\/wp-json\/wp\/v2\/users\/2"}],"replies":[{"embeddable":true,"href":"https:\/\/www.sinpro-rio.org.br\/principal\/wp-json\/wp\/v2\/comments?post=42889"}],"version-history":[{"count":1,"href":"https:\/\/www.sinpro-rio.org.br\/principal\/wp-json\/wp\/v2\/posts\/42889\/revisions"}],"predecessor-version":[{"id":42892,"href":"https:\/\/www.sinpro-rio.org.br\/principal\/wp-json\/wp\/v2\/posts\/42889\/revisions\/42892"}],"wp:featuredmedia":[{"embeddable":true,"href":"https:\/\/www.sinpro-rio.org.br\/principal\/wp-json\/wp\/v2\/media\/42890"}],"wp:attachment":[{"href":"https:\/\/www.sinpro-rio.org.br\/principal\/wp-json\/wp\/v2\/media?parent=42889"}],"wp:term":[{"taxonomy":"category","embeddable":true,"href":"https:\/\/www.sinpro-rio.org.br\/principal\/wp-json\/wp\/v2\/categories?post=42889"},{"taxonomy":"post_tag","embeddable":true,"href":"https:\/\/www.sinpro-rio.org.br\/principal\/wp-json\/wp\/v2\/tags?post=42889"}],"curies":[{"name":"wp","href":"https:\/\/api.w.org\/{rel}","templated":true}]}}