{"id":42821,"date":"2026-09-03T14:55:05","date_gmt":"2026-09-03T17:55:05","guid":{"rendered":"https:\/\/www.sinpro-rio.org.br\/principal\/?p=42821"},"modified":"2026-09-03T16:34:36","modified_gmt":"2026-09-03T19:34:36","slug":"ato-greve-do-sinpro-rio-reune-professoras-e-professores-no-largo-do-machado","status":"publish","type":"post","link":"https:\/\/www.sinpro-rio.org.br\/principal\/ato-greve-do-sinpro-rio-reune-professoras-e-professores-no-largo-do-machado\/","title":{"rendered":"Ato-greve do Sinpro-Rio re\u00fane professoras e professores no Largo do Machado"},"content":{"rendered":"<p><i><span style=\"font-weight: 400;\">Mobiliza\u00e7\u00e3o pela Campanha Salarial 2026 marcou a greve de 24 horas da Educa\u00e7\u00e3o B\u00e1sica e teve apoio da CUT-Rio e do Sinasefe, al\u00e9m de repercuss\u00e3o na imprensa<\/span><\/i><\/p>\n<p><span style=\"font-weight: 400;\">Professores e professoras da Educa\u00e7\u00e3o B\u00e1sica da rede privada do Rio de Janeiro participaram, nesta quarta-feira (2), do ato-greve do Sinpro-Rio no Largo do Machado, na Zona Sul. A mobiliza\u00e7\u00e3o marcou a greve de 24 horas aprovada pela categoria e levou \u00e0s ruas as reivindica\u00e7\u00f5es da <\/span><b>Campanha Salarial 2026 da Educa\u00e7\u00e3o B\u00e1sica<\/b><span style=\"font-weight: 400;\">, como reajuste salarial, valoriza\u00e7\u00e3o profissional e <\/span><b>reconhecimento e remunera\u00e7\u00e3o do trabalho realizado fora da sala de aula<\/b><span style=\"font-weight: 400;\">.<\/span><\/p>\n<p><span style=\"font-weight: 400;\">Desde o in\u00edcio da concentra\u00e7\u00e3o, o Largo do Machado ficou tomado por professores e professoras, que participaram das atividades e manifesta\u00e7\u00f5es organizadas pelo Sindicato. O ato tamb\u00e9m contou com a presen\u00e7a e o apoio de entidades do movimento sindical, como a <\/span><b>CUT-Rio e o Sinasefe<\/b><span style=\"font-weight: 400;\">, que fortaleceram a mobiliza\u00e7\u00e3o da categoria.<\/span><\/p>\n<p><span style=\"font-weight: 400;\">A manifesta\u00e7\u00e3o teve ainda acompanhamento da imprensa. Equipes de televis\u00e3o e ve\u00edculos de comunica\u00e7\u00e3o estiveram no Largo do Machado durante o ato, entre eles <\/span><b>Globo, BandNews FM e Brasil de Fato<\/b><span style=\"font-weight: 400;\">, dando visibilidade \u00e0 greve dos professores e \u00e0s reivindica\u00e7\u00f5es da categoria.<\/span><\/p>\n\n\t\t<style type=\"text\/css\">\n\t\t\t#gallery-1 {\n\t\t\t\tmargin: auto;\n\t\t\t}\n\t\t\t#gallery-1 .gallery-item {\n\t\t\t\tfloat: left;\n\t\t\t\tmargin-top: 10px;\n\t\t\t\ttext-align: center;\n\t\t\t\twidth: 50%;\n\t\t\t}\n\t\t\t#gallery-1 img {\n\t\t\t\tborder: 2px solid #cfcfcf;\n\t\t\t}\n\t\t\t#gallery-1 .gallery-caption {\n\t\t\t\tmargin-left: 0;\n\t\t\t}\n\t\t\t\/* see gallery_shortcode() in wp-includes\/media.php *\/\n\t\t<\/style>\n\t\t<div id='gallery-1' class='gallery galleryid-42821 gallery-columns-2 gallery-size-medium'><dl class='gallery-item'>\n\t\t\t<dt class='gallery-icon landscape'>\n\t\t\t\t<a href='https:\/\/www.sinpro-rio.org.br\/principal\/ato-greve-do-sinpro-rio-reune-professoras-e-professores-no-largo-do-machado\/680ac632-c59d-4226-ada7-d692866691d5\/'><img fetchpriority=\"high\" decoding=\"async\" width=\"600\" height=\"338\" src=\"https:\/\/www.sinpro-rio.org.br\/principal\/wp-content\/uploads\/2026\/09\/680ac632-c59d-4226-ada7-d692866691d5-600x338.jpg\" class=\"attachment-medium size-medium\" alt=\"\" srcset=\"https:\/\/www.sinpro-rio.org.br\/principal\/wp-content\/uploads\/2026\/09\/680ac632-c59d-4226-ada7-d692866691d5-600x338.jpg 600w, https:\/\/www.sinpro-rio.org.br\/principal\/wp-content\/uploads\/2026\/09\/680ac632-c59d-4226-ada7-d692866691d5-1024x576.jpg 1024w, https:\/\/www.sinpro-rio.org.br\/principal\/wp-content\/uploads\/2026\/09\/680ac632-c59d-4226-ada7-d692866691d5-200x113.jpg 200w, https:\/\/www.sinpro-rio.org.br\/principal\/wp-content\/uploads\/2026\/09\/680ac632-c59d-4226-ada7-d692866691d5-768x432.jpg 768w, https:\/\/www.sinpro-rio.org.br\/principal\/wp-content\/uploads\/2026\/09\/680ac632-c59d-4226-ada7-d692866691d5.jpg 1280w\" sizes=\"(max-width: 600px) 100vw, 600px\" \/><\/a>\n\t\t\t<\/dt><\/dl><dl class='gallery-item'>\n\t\t\t<dt class='gallery-icon landscape'>\n\t\t\t\t<a href='https:\/\/www.sinpro-rio.org.br\/principal\/ato-greve-do-sinpro-rio-reune-professoras-e-professores-no-largo-do-machado\/96aa9c3c-d2ac-4cf7-9dea-11833f96fac9\/'><img decoding=\"async\" width=\"600\" height=\"338\" src=\"https:\/\/www.sinpro-rio.org.br\/principal\/wp-content\/uploads\/2026\/09\/96aa9c3c-d2ac-4cf7-9dea-11833f96fac9-600x338.jpg\" class=\"attachment-medium size-medium\" alt=\"\" srcset=\"https:\/\/www.sinpro-rio.org.br\/principal\/wp-content\/uploads\/2026\/09\/96aa9c3c-d2ac-4cf7-9dea-11833f96fac9-600x338.jpg 600w, https:\/\/www.sinpro-rio.org.br\/principal\/wp-content\/uploads\/2026\/09\/96aa9c3c-d2ac-4cf7-9dea-11833f96fac9-1024x576.jpg 1024w, https:\/\/www.sinpro-rio.org.br\/principal\/wp-content\/uploads\/2026\/09\/96aa9c3c-d2ac-4cf7-9dea-11833f96fac9-200x113.jpg 200w, https:\/\/www.sinpro-rio.org.br\/principal\/wp-content\/uploads\/2026\/09\/96aa9c3c-d2ac-4cf7-9dea-11833f96fac9-768x432.jpg 768w, https:\/\/www.sinpro-rio.org.br\/principal\/wp-content\/uploads\/2026\/09\/96aa9c3c-d2ac-4cf7-9dea-11833f96fac9-1536x864.jpg 1536w, https:\/\/www.sinpro-rio.org.br\/principal\/wp-content\/uploads\/2026\/09\/96aa9c3c-d2ac-4cf7-9dea-11833f96fac9.jpg 1600w\" sizes=\"(max-width: 600px) 100vw, 600px\" \/><\/a>\n\t\t\t<\/dt><\/dl><br style=\"clear: both\" \/><dl class='gallery-item'>\n\t\t\t<dt class='gallery-icon landscape'>\n\t\t\t\t<a href='https:\/\/www.sinpro-rio.org.br\/principal\/ato-greve-do-sinpro-rio-reune-professoras-e-professores-no-largo-do-machado\/6b91a403-a917-4d3a-8e5f-757f1eccfefc\/'><img decoding=\"async\" width=\"600\" height=\"338\" src=\"https:\/\/www.sinpro-rio.org.br\/principal\/wp-content\/uploads\/2026\/09\/6b91a403-a917-4d3a-8e5f-757f1eccfefc-600x338.jpg\" class=\"attachment-medium size-medium\" alt=\"\" srcset=\"https:\/\/www.sinpro-rio.org.br\/principal\/wp-content\/uploads\/2026\/09\/6b91a403-a917-4d3a-8e5f-757f1eccfefc-600x338.jpg 600w, https:\/\/www.sinpro-rio.org.br\/principal\/wp-content\/uploads\/2026\/09\/6b91a403-a917-4d3a-8e5f-757f1eccfefc-1024x576.jpg 1024w, https:\/\/www.sinpro-rio.org.br\/principal\/wp-content\/uploads\/2026\/09\/6b91a403-a917-4d3a-8e5f-757f1eccfefc-200x113.jpg 200w, https:\/\/www.sinpro-rio.org.br\/principal\/wp-content\/uploads\/2026\/09\/6b91a403-a917-4d3a-8e5f-757f1eccfefc-768x432.jpg 768w, https:\/\/www.sinpro-rio.org.br\/principal\/wp-content\/uploads\/2026\/09\/6b91a403-a917-4d3a-8e5f-757f1eccfefc.jpg 1280w\" sizes=\"(max-width: 600px) 100vw, 600px\" \/><\/a>\n\t\t\t<\/dt><\/dl>\n\t\t\t<br style='clear: both' \/>\n\t\t<\/div>\n\n<p>&nbsp;<\/p>\n<h2><b>Professores ocupam as ruas durante o ato-greve<\/b><\/h2>\n<p><span style=\"font-weight: 400;\">Ap\u00f3s a concentra\u00e7\u00e3o e os discursos no Largo do Machado, professoras e professores iniciaram uma caminhada pelas ruas da regi\u00e3o. A previs\u00e3o inicial era seguir at\u00e9 o Pal\u00e1cio Guanabara, mas o percurso precisou ser interrompido antes da chegada ao destino em raz\u00e3o dos impactos provocados no tr\u00e2nsito.<\/span><\/p>\n<p><span style=\"font-weight: 400;\">A mobiliza\u00e7\u00e3o contou com acompanhamento das for\u00e7as de seguran\u00e7a durante o deslocamento. A Pol\u00edcia Militar realizou a escolta do grupo, enquanto agentes da Guarda Municipal auxiliaram na organiza\u00e7\u00e3o do tr\u00e2nsito e no fechamento de vias quando necess\u00e1rio.<\/span><\/p>\n<p><span style=\"font-weight: 400;\">Mesmo com a interrup\u00e7\u00e3o do percurso, a mobiliza\u00e7\u00e3o levou as reivindica\u00e7\u00f5es dos professores \u00e0s ruas e marcou o dia de greve, dando visibilidade \u00e0 campanha salarial e \u00e0 luta da categoria por melhores condi\u00e7\u00f5es de trabalho.<\/span><\/p>\n\n\t\t<style type=\"text\/css\">\n\t\t\t#gallery-2 {\n\t\t\t\tmargin: auto;\n\t\t\t}\n\t\t\t#gallery-2 .gallery-item {\n\t\t\t\tfloat: left;\n\t\t\t\tmargin-top: 10px;\n\t\t\t\ttext-align: center;\n\t\t\t\twidth: 33%;\n\t\t\t}\n\t\t\t#gallery-2 img {\n\t\t\t\tborder: 2px solid #cfcfcf;\n\t\t\t}\n\t\t\t#gallery-2 .gallery-caption {\n\t\t\t\tmargin-left: 0;\n\t\t\t}\n\t\t\t\/* see gallery_shortcode() in wp-includes\/media.php *\/\n\t\t<\/style>\n\t\t<div id='gallery-2' class='gallery galleryid-42821 gallery-columns-3 gallery-size-medium'><dl class='gallery-item'>\n\t\t\t<dt class='gallery-icon portrait'>\n\t\t\t\t<a href='https:\/\/www.sinpro-rio.org.br\/principal\/ato-greve-do-sinpro-rio-reune-professoras-e-professores-no-largo-do-machado\/4a5e2b78-7d1d-45de-b68a-9f369519bf46\/'><img loading=\"lazy\" decoding=\"async\" width=\"338\" height=\"600\" src=\"https:\/\/www.sinpro-rio.org.br\/principal\/wp-content\/uploads\/2026\/09\/4a5e2b78-7d1d-45de-b68a-9f369519bf46-338x600.jpg\" class=\"attachment-medium size-medium\" alt=\"\" srcset=\"https:\/\/www.sinpro-rio.org.br\/principal\/wp-content\/uploads\/2026\/09\/4a5e2b78-7d1d-45de-b68a-9f369519bf46-338x600.jpg 338w, https:\/\/www.sinpro-rio.org.br\/principal\/wp-content\/uploads\/2026\/09\/4a5e2b78-7d1d-45de-b68a-9f369519bf46-576x1024.jpg 576w, https:\/\/www.sinpro-rio.org.br\/principal\/wp-content\/uploads\/2026\/09\/4a5e2b78-7d1d-45de-b68a-9f369519bf46-113x200.jpg 113w, https:\/\/www.sinpro-rio.org.br\/principal\/wp-content\/uploads\/2026\/09\/4a5e2b78-7d1d-45de-b68a-9f369519bf46-768x1365.jpg 768w, https:\/\/www.sinpro-rio.org.br\/principal\/wp-content\/uploads\/2026\/09\/4a5e2b78-7d1d-45de-b68a-9f369519bf46-864x1536.jpg 864w, https:\/\/www.sinpro-rio.org.br\/principal\/wp-content\/uploads\/2026\/09\/4a5e2b78-7d1d-45de-b68a-9f369519bf46.jpg 900w\" sizes=\"(max-width: 338px) 100vw, 338px\" \/><\/a>\n\t\t\t<\/dt><\/dl><dl class='gallery-item'>\n\t\t\t<dt class='gallery-icon portrait'>\n\t\t\t\t<a href='https:\/\/www.sinpro-rio.org.br\/principal\/ato-greve-do-sinpro-rio-reune-professoras-e-professores-no-largo-do-machado\/8d204742-da6d-428b-b4ea-2d756ea4f206\/'><img loading=\"lazy\" decoding=\"async\" width=\"338\" height=\"600\" src=\"https:\/\/www.sinpro-rio.org.br\/principal\/wp-content\/uploads\/2026\/09\/8d204742-da6d-428b-b4ea-2d756ea4f206-338x600.jpg\" class=\"attachment-medium size-medium\" alt=\"\" srcset=\"https:\/\/www.sinpro-rio.org.br\/principal\/wp-content\/uploads\/2026\/09\/8d204742-da6d-428b-b4ea-2d756ea4f206-338x600.jpg 338w, https:\/\/www.sinpro-rio.org.br\/principal\/wp-content\/uploads\/2026\/09\/8d204742-da6d-428b-b4ea-2d756ea4f206-576x1024.jpg 576w, https:\/\/www.sinpro-rio.org.br\/principal\/wp-content\/uploads\/2026\/09\/8d204742-da6d-428b-b4ea-2d756ea4f206-113x200.jpg 113w, https:\/\/www.sinpro-rio.org.br\/principal\/wp-content\/uploads\/2026\/09\/8d204742-da6d-428b-b4ea-2d756ea4f206.jpg 720w\" sizes=\"(max-width: 338px) 100vw, 338px\" \/><\/a>\n\t\t\t<\/dt><\/dl><dl class='gallery-item'>\n\t\t\t<dt class='gallery-icon portrait'>\n\t\t\t\t<a href='https:\/\/www.sinpro-rio.org.br\/principal\/ato-greve-do-sinpro-rio-reune-professoras-e-professores-no-largo-do-machado\/51ea217e-08d1-4f4f-b7e4-c24df4c21984\/'><img loading=\"lazy\" decoding=\"async\" width=\"338\" height=\"600\" src=\"https:\/\/www.sinpro-rio.org.br\/principal\/wp-content\/uploads\/2026\/09\/51ea217e-08d1-4f4f-b7e4-c24df4c21984-338x600.jpg\" class=\"attachment-medium size-medium\" alt=\"\" srcset=\"https:\/\/www.sinpro-rio.org.br\/principal\/wp-content\/uploads\/2026\/09\/51ea217e-08d1-4f4f-b7e4-c24df4c21984-338x600.jpg 338w, https:\/\/www.sinpro-rio.org.br\/principal\/wp-content\/uploads\/2026\/09\/51ea217e-08d1-4f4f-b7e4-c24df4c21984-576x1024.jpg 576w, https:\/\/www.sinpro-rio.org.br\/principal\/wp-content\/uploads\/2026\/09\/51ea217e-08d1-4f4f-b7e4-c24df4c21984-113x200.jpg 113w, https:\/\/www.sinpro-rio.org.br\/principal\/wp-content\/uploads\/2026\/09\/51ea217e-08d1-4f4f-b7e4-c24df4c21984.jpg 720w\" sizes=\"(max-width: 338px) 100vw, 338px\" \/><\/a>\n\t\t\t<\/dt><\/dl><br style=\"clear: both\" \/>\n\t\t<\/div>\n\n<h2><b>Greve cobra avan\u00e7os na Campanha Salarial 2026<\/b><\/h2>\n<p><span style=\"font-weight: 400;\">A greve de 24 horas foi aprovada por unanimidade em assembleia realizada em 15 de agosto e reafirmada pela categoria em nova assembleia no dia 29. Entre as reivindica\u00e7\u00f5es est\u00e3o <\/span><b>6% de reajuste salarial, 3% de hora-atividade, 20 dias de licen\u00e7a-paternidade e a constru\u00e7\u00e3o de um programa de equipara\u00e7\u00e3o salarial<\/b><span style=\"font-weight: 400;\"> entre profissionais da Educa\u00e7\u00e3o Infantil, do Ensino Fundamental I e II e do Ensino M\u00e9dio.<\/span><\/p>\n<p><span style=\"font-weight: 400;\">O movimento ocorre diante do impasse nas negocia\u00e7\u00f5es com o Sinepe-Rio. Na reuni\u00e3o realizada em 28 de agosto, o sindicato patronal apresentou proposta de 3,77% de reajuste, com retroatividade a abril, al\u00e9m da possibilidade de discutir um acr\u00e9scimo de 0,23% em fevereiro. O Sinpro-Rio considerou a proposta insuficiente e apresentou <\/span><b>contraproposta de 5,5%, com a inclus\u00e3o de 3% de hora-atividade para remunerar o trabalho realizado fora da sala de aula<\/b><span style=\"font-weight: 400;\">, al\u00e9m de avan\u00e7os nas demais reivindica\u00e7\u00f5es da categoria. A reuni\u00e3o terminou sem acordo.<\/span><\/p>\n<p><span style=\"font-weight: 400;\">A mobiliza\u00e7\u00e3o desta quarta-feira refor\u00e7a a disposi\u00e7\u00e3o dos professores e das professoras de seguir pressionando por avan\u00e7os nas negocia\u00e7\u00f5es. Para o Sinpro-Rio, a participa\u00e7\u00e3o da categoria nas ruas \u00e9 fundamental para enfrentar a resist\u00eancia patronal e garantir uma Campanha Salarial que reconhe\u00e7a o trabalho e a import\u00e2ncia dos profissionais da Educa\u00e7\u00e3o.<\/span><\/p>\n<h2><b>Acompanhe a Campanha Salarial 2026<\/b><\/h2>\n<p><span style=\"font-weight: 400;\">Todas as informa\u00e7\u00f5es sobre a Campanha Salarial da Educa\u00e7\u00e3o B\u00e1sica est\u00e3o reunidas na p\u00e1gina especial do Sinpro-Rio. Nesse espa\u00e7o, professoras e professores podem acompanhar as reivindica\u00e7\u00f5es da categoria, as etapas das negocia\u00e7\u00f5es, as mobiliza\u00e7\u00f5es e as orienta\u00e7\u00f5es do Sindicato.<\/span><\/p>\n<p><span style=\"font-weight: 400;\">Acesse:<\/span><a href=\"https:\/\/www.sinpro-rio.org.br\/principal\/campanhasalarial-edbasica\/\"> <span style=\"font-weight: 400;\">Campanha Salarial da Educa\u00e7\u00e3o B\u00e1sica 2026<\/span><\/a><\/p>\n<p><b>A luta continua.<\/b><\/p>\n\n\t\t<style type=\"text\/css\">\n\t\t\t#gallery-3 {\n\t\t\t\tmargin: auto;\n\t\t\t}\n\t\t\t#gallery-3 .gallery-item {\n\t\t\t\tfloat: left;\n\t\t\t\tmargin-top: 10px;\n\t\t\t\ttext-align: center;\n\t\t\t\twidth: 33%;\n\t\t\t}\n\t\t\t#gallery-3 img {\n\t\t\t\tborder: 2px solid #cfcfcf;\n\t\t\t}\n\t\t\t#gallery-3 .gallery-caption {\n\t\t\t\tmargin-left: 0;\n\t\t\t}\n\t\t\t\/* see gallery_shortcode() in wp-includes\/media.php *\/\n\t\t<\/style>\n\t\t<div id='gallery-3' class='gallery galleryid-42821 gallery-columns-3 gallery-size-thumbnail'><dl class='gallery-item'>\n\t\t\t<dt class='gallery-icon portrait'>\n\t\t\t\t<a href='https:\/\/www.sinpro-rio.org.br\/principal\/ato-greve-do-sinpro-rio-reune-professoras-e-professores-no-largo-do-machado\/whatsapp-image-2026-09-02-at-11-44-11\/'><img loading=\"lazy\" decoding=\"async\" width=\"133\" height=\"200\" src=\"https:\/\/www.sinpro-rio.org.br\/principal\/wp-content\/uploads\/2026\/09\/WhatsApp-Image-2026-09-02-at-11.44.11-133x200.jpeg\" class=\"attachment-thumbnail size-thumbnail\" alt=\"\" srcset=\"https:\/\/www.sinpro-rio.org.br\/principal\/wp-content\/uploads\/2026\/09\/WhatsApp-Image-2026-09-02-at-11.44.11-133x200.jpeg 133w, https:\/\/www.sinpro-rio.org.br\/principal\/wp-content\/uploads\/2026\/09\/WhatsApp-Image-2026-09-02-at-11.44.11-400x600.jpeg 400w, https:\/\/www.sinpro-rio.org.br\/principal\/wp-content\/uploads\/2026\/09\/WhatsApp-Image-2026-09-02-at-11.44.11-682x1024.jpeg 682w, https:\/\/www.sinpro-rio.org.br\/principal\/wp-content\/uploads\/2026\/09\/WhatsApp-Image-2026-09-02-at-11.44.11-768x1152.jpeg 768w, https:\/\/www.sinpro-rio.org.br\/principal\/wp-content\/uploads\/2026\/09\/WhatsApp-Image-2026-09-02-at-11.44.11.jpeg 853w\" sizes=\"(max-width: 133px) 100vw, 133px\" \/><\/a>\n\t\t\t<\/dt><\/dl><dl class='gallery-item'>\n\t\t\t<dt class='gallery-icon portrait'>\n\t\t\t\t<a href='https:\/\/www.sinpro-rio.org.br\/principal\/ato-greve-do-sinpro-rio-reune-professoras-e-professores-no-largo-do-machado\/whatsapp-image-2026-09-02-at-11-44-11-2\/'><img loading=\"lazy\" decoding=\"async\" width=\"133\" height=\"200\" src=\"https:\/\/www.sinpro-rio.org.br\/principal\/wp-content\/uploads\/2026\/09\/WhatsApp-Image-2026-09-02-at-11.44.11-2-133x200.jpeg\" class=\"attachment-thumbnail size-thumbnail\" alt=\"\" srcset=\"https:\/\/www.sinpro-rio.org.br\/principal\/wp-content\/uploads\/2026\/09\/WhatsApp-Image-2026-09-02-at-11.44.11-2-133x200.jpeg 133w, https:\/\/www.sinpro-rio.org.br\/principal\/wp-content\/uploads\/2026\/09\/WhatsApp-Image-2026-09-02-at-11.44.11-2-400x600.jpeg 400w, https:\/\/www.sinpro-rio.org.br\/principal\/wp-content\/uploads\/2026\/09\/WhatsApp-Image-2026-09-02-at-11.44.11-2-682x1024.jpeg 682w, https:\/\/www.sinpro-rio.org.br\/principal\/wp-content\/uploads\/2026\/09\/WhatsApp-Image-2026-09-02-at-11.44.11-2-768x1152.jpeg 768w, https:\/\/www.sinpro-rio.org.br\/principal\/wp-content\/uploads\/2026\/09\/WhatsApp-Image-2026-09-02-at-11.44.11-2.jpeg 853w\" sizes=\"(max-width: 133px) 100vw, 133px\" \/><\/a>\n\t\t\t<\/dt><\/dl><dl class='gallery-item'>\n\t\t\t<dt class='gallery-icon portrait'>\n\t\t\t\t<a href='https:\/\/www.sinpro-rio.org.br\/principal\/ato-greve-do-sinpro-rio-reune-professoras-e-professores-no-largo-do-machado\/whatsapp-image-2026-09-02-at-11-44-11-1\/'><img loading=\"lazy\" decoding=\"async\" width=\"133\" height=\"200\" src=\"https:\/\/www.sinpro-rio.org.br\/principal\/wp-content\/uploads\/2026\/09\/WhatsApp-Image-2026-09-02-at-11.44.11-1-133x200.jpeg\" class=\"attachment-thumbnail size-thumbnail\" alt=\"\" srcset=\"https:\/\/www.sinpro-rio.org.br\/principal\/wp-content\/uploads\/2026\/09\/WhatsApp-Image-2026-09-02-at-11.44.11-1-133x200.jpeg 133w, https:\/\/www.sinpro-rio.org.br\/principal\/wp-content\/uploads\/2026\/09\/WhatsApp-Image-2026-09-02-at-11.44.11-1-400x600.jpeg 400w, https:\/\/www.sinpro-rio.org.br\/principal\/wp-content\/uploads\/2026\/09\/WhatsApp-Image-2026-09-02-at-11.44.11-1-682x1024.jpeg 682w, https:\/\/www.sinpro-rio.org.br\/principal\/wp-content\/uploads\/2026\/09\/WhatsApp-Image-2026-09-02-at-11.44.11-1-768x1152.jpeg 768w, https:\/\/www.sinpro-rio.org.br\/principal\/wp-content\/uploads\/2026\/09\/WhatsApp-Image-2026-09-02-at-11.44.11-1.jpeg 853w\" sizes=\"(max-width: 133px) 100vw, 133px\" \/><\/a>\n\t\t\t<\/dt><\/dl><br style=\"clear: both\" \/>\n\t\t<\/div>\n\n\n\t\t<style type=\"text\/css\">\n\t\t\t#gallery-4 {\n\t\t\t\tmargin: auto;\n\t\t\t}\n\t\t\t#gallery-4 .gallery-item {\n\t\t\t\tfloat: left;\n\t\t\t\tmargin-top: 10px;\n\t\t\t\ttext-align: center;\n\t\t\t\twidth: 33%;\n\t\t\t}\n\t\t\t#gallery-4 img {\n\t\t\t\tborder: 2px solid #cfcfcf;\n\t\t\t}\n\t\t\t#gallery-4 .gallery-caption {\n\t\t\t\tmargin-left: 0;\n\t\t\t}\n\t\t\t\/* see gallery_shortcode() in wp-includes\/media.php *\/\n\t\t<\/style>\n\t\t<div id='gallery-4' class='gallery galleryid-42821 gallery-columns-3 gallery-size-thumbnail'><dl class='gallery-item'>\n\t\t\t<dt class='gallery-icon portrait'>\n\t\t\t\t<a href='https:\/\/www.sinpro-rio.org.br\/principal\/ato-greve-do-sinpro-rio-reune-professoras-e-professores-no-largo-do-machado\/whatsapp-image-2026-09-02-at-11-44-10-2\/'><img loading=\"lazy\" decoding=\"async\" width=\"133\" height=\"200\" src=\"https:\/\/www.sinpro-rio.org.br\/principal\/wp-content\/uploads\/2026\/09\/WhatsApp-Image-2026-09-02-at-11.44.10-2-133x200.jpeg\" class=\"attachment-thumbnail size-thumbnail\" alt=\"\" srcset=\"https:\/\/www.sinpro-rio.org.br\/principal\/wp-content\/uploads\/2026\/09\/WhatsApp-Image-2026-09-02-at-11.44.10-2-133x200.jpeg 133w, https:\/\/www.sinpro-rio.org.br\/principal\/wp-content\/uploads\/2026\/09\/WhatsApp-Image-2026-09-02-at-11.44.10-2-400x600.jpeg 400w, https:\/\/www.sinpro-rio.org.br\/principal\/wp-content\/uploads\/2026\/09\/WhatsApp-Image-2026-09-02-at-11.44.10-2-682x1024.jpeg 682w, https:\/\/www.sinpro-rio.org.br\/principal\/wp-content\/uploads\/2026\/09\/WhatsApp-Image-2026-09-02-at-11.44.10-2-768x1152.jpeg 768w, https:\/\/www.sinpro-rio.org.br\/principal\/wp-content\/uploads\/2026\/09\/WhatsApp-Image-2026-09-02-at-11.44.10-2.jpeg 853w\" sizes=\"(max-width: 133px) 100vw, 133px\" \/><\/a>\n\t\t\t<\/dt><\/dl><dl class='gallery-item'>\n\t\t\t<dt class='gallery-icon portrait'>\n\t\t\t\t<a href='https:\/\/www.sinpro-rio.org.br\/principal\/ato-greve-do-sinpro-rio-reune-professoras-e-professores-no-largo-do-machado\/c1375830-e306-4dc4-a051-4cfbcf6a2094\/'><img loading=\"lazy\" decoding=\"async\" width=\"113\" height=\"200\" src=\"https:\/\/www.sinpro-rio.org.br\/principal\/wp-content\/uploads\/2026\/09\/c1375830-e306-4dc4-a051-4cfbcf6a2094-113x200.jpg\" class=\"attachment-thumbnail size-thumbnail\" alt=\"\" srcset=\"https:\/\/www.sinpro-rio.org.br\/principal\/wp-content\/uploads\/2026\/09\/c1375830-e306-4dc4-a051-4cfbcf6a2094-113x200.jpg 113w, https:\/\/www.sinpro-rio.org.br\/principal\/wp-content\/uploads\/2026\/09\/c1375830-e306-4dc4-a051-4cfbcf6a2094-338x600.jpg 338w, https:\/\/www.sinpro-rio.org.br\/principal\/wp-content\/uploads\/2026\/09\/c1375830-e306-4dc4-a051-4cfbcf6a2094-576x1024.jpg 576w, https:\/\/www.sinpro-rio.org.br\/principal\/wp-content\/uploads\/2026\/09\/c1375830-e306-4dc4-a051-4cfbcf6a2094.jpg 720w\" sizes=\"(max-width: 113px) 100vw, 113px\" \/><\/a>\n\t\t\t<\/dt><\/dl><dl class='gallery-item'>\n\t\t\t<dt class='gallery-icon portrait'>\n\t\t\t\t<a href='https:\/\/www.sinpro-rio.org.br\/principal\/ato-greve-do-sinpro-rio-reune-professoras-e-professores-no-largo-do-machado\/87170227-3077-4afb-829f-6cd31f4492d0\/'><img loading=\"lazy\" decoding=\"async\" width=\"113\" height=\"200\" src=\"https:\/\/www.sinpro-rio.org.br\/principal\/wp-content\/uploads\/2026\/09\/87170227-3077-4afb-829f-6cd31f4492d0-113x200.jpg\" class=\"attachment-thumbnail size-thumbnail\" alt=\"\" srcset=\"https:\/\/www.sinpro-rio.org.br\/principal\/wp-content\/uploads\/2026\/09\/87170227-3077-4afb-829f-6cd31f4492d0-113x200.jpg 113w, https:\/\/www.sinpro-rio.org.br\/principal\/wp-content\/uploads\/2026\/09\/87170227-3077-4afb-829f-6cd31f4492d0-338x600.jpg 338w, https:\/\/www.sinpro-rio.org.br\/principal\/wp-content\/uploads\/2026\/09\/87170227-3077-4afb-829f-6cd31f4492d0-576x1024.jpg 576w, https:\/\/www.sinpro-rio.org.br\/principal\/wp-content\/uploads\/2026\/09\/87170227-3077-4afb-829f-6cd31f4492d0.jpg 720w\" sizes=\"(max-width: 113px) 100vw, 113px\" \/><\/a>\n\t\t\t<\/dt><\/dl><br style=\"clear: both\" \/>\n\t\t<\/div>\n\n<p>&nbsp;<\/p>\n","protected":false},"excerpt":{"rendered":"<p>Mobiliza\u00e7\u00e3o pela Campanha Salarial 2026 marcou a greve de 24 horas da Educa\u00e7\u00e3o B\u00e1sica e teve apoio da CUT-Rio e do Sinasefe, al\u00e9m de repercuss\u00e3o na imprensa Professores e professoras da Educa\u00e7\u00e3o B\u00e1sica da rede privada do Rio de Janeiro participaram, nesta quarta-feira (2), do ato-greve do Sinpro-Rio no Largo do Machado, na Zona Sul. [&hellip;]<\/p>\n","protected":false},"author":2,"featured_media":42825,"comment_status":"closed","ping_status":"open","sticky":false,"template":"","format":"standard","meta":{"footnotes":""},"categories":[637,1,25,13],"tags":[655,647,533],"class_list":["post-42821","post","type-post","status-publish","format-standard","has-post-thumbnail","hentry","category-campanha-salarial-2026","category-noticias","category-destaque-primeira-pagina","category-publicac-es","tag-ato-greve","tag-campanha-salarial-2026","tag-educacao-basica"],"yoast_head":"<!-- This site is optimized with the Yoast SEO plugin v25.7 - https:\/\/yoast.com\/wordpress\/plugins\/seo\/ -->\n<title>Ato-greve do Sinpro-Rio re\u00fane professoras e professores no Largo do Machado - Sinpro-Rio<\/title>\n<meta name=\"description\" content=\"Ato-greve Sinpro-Rio re\u00fane professores no Largo do Machado durante greve de 24 horas pela Campanha Salarial 2026 e por valoriza\u00e7\u00e3o profissional.\" \/>\n<meta name=\"robots\" content=\"index, follow, max-snippet:-1, max-image-preview:large, max-video-preview:-1\" \/>\n<link rel=\"canonical\" href=\"https:\/\/www.sinpro-rio.org.br\/principal\/ato-greve-do-sinpro-rio-reune-professoras-e-professores-no-largo-do-machado\/\" \/>\n<meta property=\"og:locale\" content=\"pt_BR\" \/>\n<meta property=\"og:type\" content=\"article\" \/>\n<meta property=\"og:title\" content=\"Ato-greve do Sinpro-Rio re\u00fane professoras e professores no Largo do Machado - Sinpro-Rio\" \/>\n<meta property=\"og:description\" content=\"Ato-greve Sinpro-Rio re\u00fane professores no Largo do Machado durante greve de 24 horas pela Campanha Salarial 2026 e por valoriza\u00e7\u00e3o profissional.\" \/>\n<meta property=\"og:url\" content=\"https:\/\/www.sinpro-rio.org.br\/principal\/ato-greve-do-sinpro-rio-reune-professoras-e-professores-no-largo-do-machado\/\" \/>\n<meta property=\"og:site_name\" content=\"Sinpro-Rio\" \/>\n<meta property=\"article:published_time\" content=\"2026-09-03T17:55:05+00:00\" \/>\n<meta property=\"article:modified_time\" content=\"2026-09-03T19:34:36+00:00\" \/>\n<meta property=\"og:image\" content=\"https:\/\/www.sinpro-rio.org.br\/principal\/wp-content\/uploads\/2026\/09\/Ato-greve-scaled.webp\" \/>\n\t<meta property=\"og:image:width\" content=\"2560\" \/>\n\t<meta property=\"og:image:height\" content=\"1444\" \/>\n\t<meta property=\"og:image:type\" content=\"image\/webp\" \/>\n<meta name=\"author\" content=\"alessandra\" \/>\n<meta name=\"twitter:card\" content=\"summary_large_image\" \/>\n<meta name=\"twitter:label1\" content=\"Escrito por\" \/>\n\t<meta name=\"twitter:data1\" content=\"alessandra\" \/>\n\t<meta name=\"twitter:label2\" content=\"Est. tempo de leitura\" \/>\n\t<meta name=\"twitter:data2\" content=\"4 minutos\" \/>\n<script type=\"application\/ld+json\" class=\"yoast-schema-graph\">{\"@context\":\"https:\/\/schema.org\",\"@graph\":[{\"@type\":\"WebPage\",\"@id\":\"https:\/\/www.sinpro-rio.org.br\/principal\/ato-greve-do-sinpro-rio-reune-professoras-e-professores-no-largo-do-machado\/\",\"url\":\"https:\/\/www.sinpro-rio.org.br\/principal\/ato-greve-do-sinpro-rio-reune-professoras-e-professores-no-largo-do-machado\/\",\"name\":\"Ato-greve do Sinpro-Rio re\u00fane professoras e professores no Largo do Machado - Sinpro-Rio\",\"isPartOf\":{\"@id\":\"https:\/\/www.sinpro-rio.org.br\/principal\/#website\"},\"primaryImageOfPage\":{\"@id\":\"https:\/\/www.sinpro-rio.org.br\/principal\/ato-greve-do-sinpro-rio-reune-professoras-e-professores-no-largo-do-machado\/#primaryimage\"},\"image\":{\"@id\":\"https:\/\/www.sinpro-rio.org.br\/principal\/ato-greve-do-sinpro-rio-reune-professoras-e-professores-no-largo-do-machado\/#primaryimage\"},\"thumbnailUrl\":\"https:\/\/www.sinpro-rio.org.br\/principal\/wp-content\/uploads\/2026\/09\/Ato-greve-scaled.webp\",\"datePublished\":\"2026-09-03T17:55:05+00:00\",\"dateModified\":\"2026-09-03T19:34:36+00:00\",\"author\":{\"@id\":\"https:\/\/www.sinpro-rio.org.br\/principal\/#\/schema\/person\/ee17219e64d00d037e511ae59ce2227e\"},\"description\":\"Ato-greve Sinpro-Rio re\u00fane professores no Largo do Machado durante greve de 24 horas pela Campanha Salarial 2026 e por valoriza\u00e7\u00e3o profissional.\",\"breadcrumb\":{\"@id\":\"https:\/\/www.sinpro-rio.org.br\/principal\/ato-greve-do-sinpro-rio-reune-professoras-e-professores-no-largo-do-machado\/#breadcrumb\"},\"inLanguage\":\"pt-BR\",\"potentialAction\":[{\"@type\":\"ReadAction\",\"target\":[\"https:\/\/www.sinpro-rio.org.br\/principal\/ato-greve-do-sinpro-rio-reune-professoras-e-professores-no-largo-do-machado\/\"]}]},{\"@type\":\"ImageObject\",\"inLanguage\":\"pt-BR\",\"@id\":\"https:\/\/www.sinpro-rio.org.br\/principal\/ato-greve-do-sinpro-rio-reune-professoras-e-professores-no-largo-do-machado\/#primaryimage\",\"url\":\"https:\/\/www.sinpro-rio.org.br\/principal\/wp-content\/uploads\/2026\/09\/Ato-greve-scaled.webp\",\"contentUrl\":\"https:\/\/www.sinpro-rio.org.br\/principal\/wp-content\/uploads\/2026\/09\/Ato-greve-scaled.webp\",\"width\":2560,\"height\":1444},{\"@type\":\"BreadcrumbList\",\"@id\":\"https:\/\/www.sinpro-rio.org.br\/principal\/ato-greve-do-sinpro-rio-reune-professoras-e-professores-no-largo-do-machado\/#breadcrumb\",\"itemListElement\":[{\"@type\":\"ListItem\",\"position\":1,\"name\":\"In\u00edcio\",\"item\":\"https:\/\/www.sinpro-rio.org.br\/principal\/\"},{\"@type\":\"ListItem\",\"position\":2,\"name\":\"Ato-greve do Sinpro-Rio re\u00fane professoras e professores no Largo do Machado\"}]},{\"@type\":\"WebSite\",\"@id\":\"https:\/\/www.sinpro-rio.org.br\/principal\/#website\",\"url\":\"https:\/\/www.sinpro-rio.org.br\/principal\/\",\"name\":\"Sinpro-Rio\",\"description\":\"Sindicato dos Professores do Munic\u00edpio do Rio de Janeiro e Regi\u00e3o\",\"potentialAction\":[{\"@type\":\"SearchAction\",\"target\":{\"@type\":\"EntryPoint\",\"urlTemplate\":\"https:\/\/www.sinpro-rio.org.br\/principal\/?s={search_term_string}\"},\"query-input\":{\"@type\":\"PropertyValueSpecification\",\"valueRequired\":true,\"valueName\":\"search_term_string\"}}],\"inLanguage\":\"pt-BR\"},{\"@type\":\"Person\",\"@id\":\"https:\/\/www.sinpro-rio.org.br\/principal\/#\/schema\/person\/ee17219e64d00d037e511ae59ce2227e\",\"name\":\"alessandra\",\"image\":{\"@type\":\"ImageObject\",\"inLanguage\":\"pt-BR\",\"@id\":\"https:\/\/www.sinpro-rio.org.br\/principal\/#\/schema\/person\/image\/\",\"url\":\"https:\/\/secure.gravatar.com\/avatar\/2b43fa8c0ad8e33b46a4732549f7fb20?s=96&d=mm&r=g\",\"contentUrl\":\"https:\/\/secure.gravatar.com\/avatar\/2b43fa8c0ad8e33b46a4732549f7fb20?s=96&d=mm&r=g\",\"caption\":\"alessandra\"},\"url\":\"https:\/\/www.sinpro-rio.org.br\/principal\/author\/alessandra\/\"}]}<\/script>\n<!-- \/ Yoast SEO plugin. -->","yoast_head_json":{"title":"Ato-greve do Sinpro-Rio re\u00fane professoras e professores no Largo do Machado - Sinpro-Rio","description":"Ato-greve Sinpro-Rio re\u00fane professores no Largo do Machado durante greve de 24 horas pela Campanha Salarial 2026 e por valoriza\u00e7\u00e3o profissional.","robots":{"index":"index","follow":"follow","max-snippet":"max-snippet:-1","max-image-preview":"max-image-preview:large","max-video-preview":"max-video-preview:-1"},"canonical":"https:\/\/www.sinpro-rio.org.br\/principal\/ato-greve-do-sinpro-rio-reune-professoras-e-professores-no-largo-do-machado\/","og_locale":"pt_BR","og_type":"article","og_title":"Ato-greve do Sinpro-Rio re\u00fane professoras e professores no Largo do Machado - Sinpro-Rio","og_description":"Ato-greve Sinpro-Rio re\u00fane professores no Largo do Machado durante greve de 24 horas pela Campanha Salarial 2026 e por valoriza\u00e7\u00e3o profissional.","og_url":"https:\/\/www.sinpro-rio.org.br\/principal\/ato-greve-do-sinpro-rio-reune-professoras-e-professores-no-largo-do-machado\/","og_site_name":"Sinpro-Rio","article_published_time":"2026-09-03T17:55:05+00:00","article_modified_time":"2026-09-03T19:34:36+00:00","og_image":[{"width":2560,"height":1444,"url":"https:\/\/www.sinpro-rio.org.br\/principal\/wp-content\/uploads\/2026\/09\/Ato-greve-scaled.webp","type":"image\/webp"}],"author":"alessandra","twitter_card":"summary_large_image","twitter_misc":{"Escrito por":"alessandra","Est. tempo de leitura":"4 minutos"},"schema":{"@context":"https:\/\/schema.org","@graph":[{"@type":"WebPage","@id":"https:\/\/www.sinpro-rio.org.br\/principal\/ato-greve-do-sinpro-rio-reune-professoras-e-professores-no-largo-do-machado\/","url":"https:\/\/www.sinpro-rio.org.br\/principal\/ato-greve-do-sinpro-rio-reune-professoras-e-professores-no-largo-do-machado\/","name":"Ato-greve do Sinpro-Rio re\u00fane professoras e professores no Largo do Machado - Sinpro-Rio","isPartOf":{"@id":"https:\/\/www.sinpro-rio.org.br\/principal\/#website"},"primaryImageOfPage":{"@id":"https:\/\/www.sinpro-rio.org.br\/principal\/ato-greve-do-sinpro-rio-reune-professoras-e-professores-no-largo-do-machado\/#primaryimage"},"image":{"@id":"https:\/\/www.sinpro-rio.org.br\/principal\/ato-greve-do-sinpro-rio-reune-professoras-e-professores-no-largo-do-machado\/#primaryimage"},"thumbnailUrl":"https:\/\/www.sinpro-rio.org.br\/principal\/wp-content\/uploads\/2026\/09\/Ato-greve-scaled.webp","datePublished":"2026-09-03T17:55:05+00:00","dateModified":"2026-09-03T19:34:36+00:00","author":{"@id":"https:\/\/www.sinpro-rio.org.br\/principal\/#\/schema\/person\/ee17219e64d00d037e511ae59ce2227e"},"description":"Ato-greve Sinpro-Rio re\u00fane professores no Largo do Machado durante greve de 24 horas pela Campanha Salarial 2026 e por valoriza\u00e7\u00e3o profissional.","breadcrumb":{"@id":"https:\/\/www.sinpro-rio.org.br\/principal\/ato-greve-do-sinpro-rio-reune-professoras-e-professores-no-largo-do-machado\/#breadcrumb"},"inLanguage":"pt-BR","potentialAction":[{"@type":"ReadAction","target":["https:\/\/www.sinpro-rio.org.br\/principal\/ato-greve-do-sinpro-rio-reune-professoras-e-professores-no-largo-do-machado\/"]}]},{"@type":"ImageObject","inLanguage":"pt-BR","@id":"https:\/\/www.sinpro-rio.org.br\/principal\/ato-greve-do-sinpro-rio-reune-professoras-e-professores-no-largo-do-machado\/#primaryimage","url":"https:\/\/www.sinpro-rio.org.br\/principal\/wp-content\/uploads\/2026\/09\/Ato-greve-scaled.webp","contentUrl":"https:\/\/www.sinpro-rio.org.br\/principal\/wp-content\/uploads\/2026\/09\/Ato-greve-scaled.webp","width":2560,"height":1444},{"@type":"BreadcrumbList","@id":"https:\/\/www.sinpro-rio.org.br\/principal\/ato-greve-do-sinpro-rio-reune-professoras-e-professores-no-largo-do-machado\/#breadcrumb","itemListElement":[{"@type":"ListItem","position":1,"name":"In\u00edcio","item":"https:\/\/www.sinpro-rio.org.br\/principal\/"},{"@type":"ListItem","position":2,"name":"Ato-greve do Sinpro-Rio re\u00fane professoras e professores no Largo do Machado"}]},{"@type":"WebSite","@id":"https:\/\/www.sinpro-rio.org.br\/principal\/#website","url":"https:\/\/www.sinpro-rio.org.br\/principal\/","name":"Sinpro-Rio","description":"Sindicato dos Professores do Munic\u00edpio do Rio de Janeiro e Regi\u00e3o","potentialAction":[{"@type":"SearchAction","target":{"@type":"EntryPoint","urlTemplate":"https:\/\/www.sinpro-rio.org.br\/principal\/?s={search_term_string}"},"query-input":{"@type":"PropertyValueSpecification","valueRequired":true,"valueName":"search_term_string"}}],"inLanguage":"pt-BR"},{"@type":"Person","@id":"https:\/\/www.sinpro-rio.org.br\/principal\/#\/schema\/person\/ee17219e64d00d037e511ae59ce2227e","name":"alessandra","image":{"@type":"ImageObject","inLanguage":"pt-BR","@id":"https:\/\/www.sinpro-rio.org.br\/principal\/#\/schema\/person\/image\/","url":"https:\/\/secure.gravatar.com\/avatar\/2b43fa8c0ad8e33b46a4732549f7fb20?s=96&d=mm&r=g","contentUrl":"https:\/\/secure.gravatar.com\/avatar\/2b43fa8c0ad8e33b46a4732549f7fb20?s=96&d=mm&r=g","caption":"alessandra"},"url":"https:\/\/www.sinpro-rio.org.br\/principal\/author\/alessandra\/"}]}},"_links":{"self":[{"href":"https:\/\/www.sinpro-rio.org.br\/principal\/wp-json\/wp\/v2\/posts\/42821","targetHints":{"allow":["GET"]}}],"collection":[{"href":"https:\/\/www.sinpro-rio.org.br\/principal\/wp-json\/wp\/v2\/posts"}],"about":[{"href":"https:\/\/www.sinpro-rio.org.br\/principal\/wp-json\/wp\/v2\/types\/post"}],"author":[{"embeddable":true,"href":"https:\/\/www.sinpro-rio.org.br\/principal\/wp-json\/wp\/v2\/users\/2"}],"replies":[{"embeddable":true,"href":"https:\/\/www.sinpro-rio.org.br\/principal\/wp-json\/wp\/v2\/comments?post=42821"}],"version-history":[{"count":5,"href":"https:\/\/www.sinpro-rio.org.br\/principal\/wp-json\/wp\/v2\/posts\/42821\/revisions"}],"predecessor-version":[{"id":42840,"href":"https:\/\/www.sinpro-rio.org.br\/principal\/wp-json\/wp\/v2\/posts\/42821\/revisions\/42840"}],"wp:featuredmedia":[{"embeddable":true,"href":"https:\/\/www.sinpro-rio.org.br\/principal\/wp-json\/wp\/v2\/media\/42825"}],"wp:attachment":[{"href":"https:\/\/www.sinpro-rio.org.br\/principal\/wp-json\/wp\/v2\/media?parent=42821"}],"wp:term":[{"taxonomy":"category","embeddable":true,"href":"https:\/\/www.sinpro-rio.org.br\/principal\/wp-json\/wp\/v2\/categories?post=42821"},{"taxonomy":"post_tag","embeddable":true,"href":"https:\/\/www.sinpro-rio.org.br\/principal\/wp-json\/wp\/v2\/tags?post=42821"}],"curies":[{"name":"wp","href":"https:\/\/api.w.org\/{rel}","templated":true}]}}