{"id":41839,"date":"2026-04-30T15:02:23","date_gmt":"2026-04-30T18:02:23","guid":{"rendered":"https:\/\/www.sinpro-rio.org.br\/principal\/?p=41839"},"modified":"2026-04-30T15:06:57","modified_gmt":"2026-04-30T18:06:57","slug":"camp-salarial-2026-sinpro-rio-realiza-ato-publico-em-botafogo","status":"publish","type":"post","link":"https:\/\/www.sinpro-rio.org.br\/principal\/camp-salarial-2026-sinpro-rio-realiza-ato-publico-em-botafogo\/","title":{"rendered":"Camp. Salarial 2026 &#8211; Sinpro-Rio realiza ato p\u00fablico em Botafogo"},"content":{"rendered":"<p>Na manh\u00e3 de hoje, 30\/4, o Sinpro-Rio foi \u00e0s ruas dialogar com a sociedade sobre as quest\u00f5es enfrentadas pela categoria dos\/das professores\/as. \u00c9 fundamental a sua participa\u00e7\u00e3o nos atos e assembleias, professor e professora! Juntos\/as somos mais fortes!<\/p>\n<p>&nbsp;<\/p>\n<p><a class=\"button button-3d button-large button-rounded button-blue\" href=\"https:\/\/www.facebook.com\/media\/set\/?vanity=sinprorio&amp;set=a.1390586119764837\"><strong>VEJA\u00a0 ALGUMAS FOTOS E V\u00cdDEOS PELO FACEBOOK!<\/strong><\/a><\/p>\n<p>(MAIS COMPLETO)<\/p>\n<p>&nbsp;<\/p>\n<p><a class=\"button button-3d button-large button-rounded button-red\" href=\"https:\/\/www.instagram.com\/p\/DXw8SOoEVv-\/?utm_source=ig_web_copy_link&amp;igsh=NTc4MTIwNjQ2YQ==\"><strong>VEJA ALGUMAS FOTOS E V\u00cdDEOS PELO INSTAGRAM!<\/strong><\/a><\/p>\n","protected":false},"excerpt":{"rendered":"<p>Na manh\u00e3 de hoje, 30\/4, o Sinpro-Rio foi \u00e0s ruas dialogar com a sociedade sobre as quest\u00f5es enfrentadas pela categoria dos\/das professores\/as. \u00c9 fundamental a sua participa\u00e7\u00e3o nos atos e assembleias, professor e professora! Juntos\/as somos mais fortes! &nbsp; VEJA\u00a0 ALGUMAS FOTOS E V\u00cdDEOS PELO FACEBOOK! (MAIS COMPLETO) &nbsp; VEJA ALGUMAS FOTOS E V\u00cdDEOS PELO [&hellip;]<\/p>\n","protected":false},"author":2,"featured_media":41841,"comment_status":"closed","ping_status":"open","sticky":false,"template":"","format":"standard","meta":{"footnotes":""},"categories":[638,1,25],"tags":[],"class_list":["post-41839","post","type-post","status-publish","format-standard","has-post-thumbnail","hentry","category-campanha-salarial-2026-noticias","category-noticias","category-destaque-primeira-pagina"],"yoast_head":"<!-- This site is optimized with the Yoast SEO plugin v25.7 - https:\/\/yoast.com\/wordpress\/plugins\/seo\/ -->\n<title>Camp. Salarial 2026 - Sinpro-Rio realiza ato p\u00fablico em Botafogo - Sinpro-Rio<\/title>\n<meta name=\"robots\" content=\"index, follow, max-snippet:-1, max-image-preview:large, max-video-preview:-1\" \/>\n<link rel=\"canonical\" href=\"https:\/\/www.sinpro-rio.org.br\/principal\/camp-salarial-2026-sinpro-rio-realiza-ato-publico-em-botafogo\/\" \/>\n<meta property=\"og:locale\" content=\"pt_BR\" \/>\n<meta property=\"og:type\" content=\"article\" \/>\n<meta property=\"og:title\" content=\"Camp. Salarial 2026 - Sinpro-Rio realiza ato p\u00fablico em Botafogo - Sinpro-Rio\" \/>\n<meta property=\"og:description\" content=\"Na manh\u00e3 de hoje, 30\/4, o Sinpro-Rio foi \u00e0s ruas dialogar com a sociedade sobre as quest\u00f5es enfrentadas pela categoria dos\/das professores\/as. \u00c9 fundamental a sua participa\u00e7\u00e3o nos atos e assembleias, professor e professora! Juntos\/as somos mais fortes! &nbsp; VEJA\u00a0 ALGUMAS FOTOS E V\u00cdDEOS PELO FACEBOOK! (MAIS COMPLETO) &nbsp; VEJA ALGUMAS FOTOS E V\u00cdDEOS PELO [&hellip;]\" \/>\n<meta property=\"og:url\" content=\"https:\/\/www.sinpro-rio.org.br\/principal\/camp-salarial-2026-sinpro-rio-realiza-ato-publico-em-botafogo\/\" \/>\n<meta property=\"og:site_name\" content=\"Sinpro-Rio\" \/>\n<meta property=\"article:published_time\" content=\"2026-04-30T18:02:23+00:00\" \/>\n<meta property=\"article:modified_time\" content=\"2026-04-30T18:06:57+00:00\" \/>\n<meta property=\"og:image\" content=\"https:\/\/www.sinpro-rio.org.br\/principal\/wp-content\/uploads\/2026\/04\/MODELO-CAPAS-PARA-SITE-QUADRADO.jpg\" \/>\n\t<meta property=\"og:image:width\" content=\"2000\" \/>\n\t<meta property=\"og:image:height\" content=\"2000\" \/>\n\t<meta property=\"og:image:type\" content=\"image\/jpeg\" \/>\n<meta name=\"author\" content=\"alessandra\" \/>\n<meta name=\"twitter:card\" content=\"summary_large_image\" \/>\n<meta name=\"twitter:label1\" content=\"Escrito por\" \/>\n\t<meta name=\"twitter:data1\" content=\"alessandra\" \/>\n\t<meta name=\"twitter:label2\" content=\"Est. tempo de leitura\" \/>\n\t<meta name=\"twitter:data2\" content=\"1 minuto\" \/>\n<script type=\"application\/ld+json\" class=\"yoast-schema-graph\">{\"@context\":\"https:\/\/schema.org\",\"@graph\":[{\"@type\":\"WebPage\",\"@id\":\"https:\/\/www.sinpro-rio.org.br\/principal\/camp-salarial-2026-sinpro-rio-realiza-ato-publico-em-botafogo\/\",\"url\":\"https:\/\/www.sinpro-rio.org.br\/principal\/camp-salarial-2026-sinpro-rio-realiza-ato-publico-em-botafogo\/\",\"name\":\"Camp. Salarial 2026 - Sinpro-Rio realiza ato p\u00fablico em Botafogo - Sinpro-Rio\",\"isPartOf\":{\"@id\":\"https:\/\/www.sinpro-rio.org.br\/principal\/#website\"},\"primaryImageOfPage\":{\"@id\":\"https:\/\/www.sinpro-rio.org.br\/principal\/camp-salarial-2026-sinpro-rio-realiza-ato-publico-em-botafogo\/#primaryimage\"},\"image\":{\"@id\":\"https:\/\/www.sinpro-rio.org.br\/principal\/camp-salarial-2026-sinpro-rio-realiza-ato-publico-em-botafogo\/#primaryimage\"},\"thumbnailUrl\":\"https:\/\/www.sinpro-rio.org.br\/principal\/wp-content\/uploads\/2026\/04\/MODELO-CAPAS-PARA-SITE-QUADRADO.jpg\",\"datePublished\":\"2026-04-30T18:02:23+00:00\",\"dateModified\":\"2026-04-30T18:06:57+00:00\",\"author\":{\"@id\":\"https:\/\/www.sinpro-rio.org.br\/principal\/#\/schema\/person\/ee17219e64d00d037e511ae59ce2227e\"},\"breadcrumb\":{\"@id\":\"https:\/\/www.sinpro-rio.org.br\/principal\/camp-salarial-2026-sinpro-rio-realiza-ato-publico-em-botafogo\/#breadcrumb\"},\"inLanguage\":\"pt-BR\",\"potentialAction\":[{\"@type\":\"ReadAction\",\"target\":[\"https:\/\/www.sinpro-rio.org.br\/principal\/camp-salarial-2026-sinpro-rio-realiza-ato-publico-em-botafogo\/\"]}]},{\"@type\":\"ImageObject\",\"inLanguage\":\"pt-BR\",\"@id\":\"https:\/\/www.sinpro-rio.org.br\/principal\/camp-salarial-2026-sinpro-rio-realiza-ato-publico-em-botafogo\/#primaryimage\",\"url\":\"https:\/\/www.sinpro-rio.org.br\/principal\/wp-content\/uploads\/2026\/04\/MODELO-CAPAS-PARA-SITE-QUADRADO.jpg\",\"contentUrl\":\"https:\/\/www.sinpro-rio.org.br\/principal\/wp-content\/uploads\/2026\/04\/MODELO-CAPAS-PARA-SITE-QUADRADO.jpg\",\"width\":2000,\"height\":2000},{\"@type\":\"BreadcrumbList\",\"@id\":\"https:\/\/www.sinpro-rio.org.br\/principal\/camp-salarial-2026-sinpro-rio-realiza-ato-publico-em-botafogo\/#breadcrumb\",\"itemListElement\":[{\"@type\":\"ListItem\",\"position\":1,\"name\":\"In\u00edcio\",\"item\":\"https:\/\/www.sinpro-rio.org.br\/principal\/\"},{\"@type\":\"ListItem\",\"position\":2,\"name\":\"Camp. Salarial 2026 &#8211; Sinpro-Rio realiza ato p\u00fablico em Botafogo\"}]},{\"@type\":\"WebSite\",\"@id\":\"https:\/\/www.sinpro-rio.org.br\/principal\/#website\",\"url\":\"https:\/\/www.sinpro-rio.org.br\/principal\/\",\"name\":\"Sinpro-Rio\",\"description\":\"Sindicato dos Professores do Munic\u00edpio do Rio de Janeiro e Regi\u00e3o\",\"potentialAction\":[{\"@type\":\"SearchAction\",\"target\":{\"@type\":\"EntryPoint\",\"urlTemplate\":\"https:\/\/www.sinpro-rio.org.br\/principal\/?s={search_term_string}\"},\"query-input\":{\"@type\":\"PropertyValueSpecification\",\"valueRequired\":true,\"valueName\":\"search_term_string\"}}],\"inLanguage\":\"pt-BR\"},{\"@type\":\"Person\",\"@id\":\"https:\/\/www.sinpro-rio.org.br\/principal\/#\/schema\/person\/ee17219e64d00d037e511ae59ce2227e\",\"name\":\"alessandra\",\"image\":{\"@type\":\"ImageObject\",\"inLanguage\":\"pt-BR\",\"@id\":\"https:\/\/www.sinpro-rio.org.br\/principal\/#\/schema\/person\/image\/\",\"url\":\"https:\/\/secure.gravatar.com\/avatar\/2b43fa8c0ad8e33b46a4732549f7fb20?s=96&d=mm&r=g\",\"contentUrl\":\"https:\/\/secure.gravatar.com\/avatar\/2b43fa8c0ad8e33b46a4732549f7fb20?s=96&d=mm&r=g\",\"caption\":\"alessandra\"},\"url\":\"https:\/\/www.sinpro-rio.org.br\/principal\/author\/alessandra\/\"}]}<\/script>\n<!-- \/ Yoast SEO plugin. -->","yoast_head_json":{"title":"Camp. Salarial 2026 - Sinpro-Rio realiza ato p\u00fablico em Botafogo - Sinpro-Rio","robots":{"index":"index","follow":"follow","max-snippet":"max-snippet:-1","max-image-preview":"max-image-preview:large","max-video-preview":"max-video-preview:-1"},"canonical":"https:\/\/www.sinpro-rio.org.br\/principal\/camp-salarial-2026-sinpro-rio-realiza-ato-publico-em-botafogo\/","og_locale":"pt_BR","og_type":"article","og_title":"Camp. Salarial 2026 - Sinpro-Rio realiza ato p\u00fablico em Botafogo - Sinpro-Rio","og_description":"Na manh\u00e3 de hoje, 30\/4, o Sinpro-Rio foi \u00e0s ruas dialogar com a sociedade sobre as quest\u00f5es enfrentadas pela categoria dos\/das professores\/as. \u00c9 fundamental a sua participa\u00e7\u00e3o nos atos e assembleias, professor e professora! Juntos\/as somos mais fortes! &nbsp; VEJA\u00a0 ALGUMAS FOTOS E V\u00cdDEOS PELO FACEBOOK! (MAIS COMPLETO) &nbsp; VEJA ALGUMAS FOTOS E V\u00cdDEOS PELO [&hellip;]","og_url":"https:\/\/www.sinpro-rio.org.br\/principal\/camp-salarial-2026-sinpro-rio-realiza-ato-publico-em-botafogo\/","og_site_name":"Sinpro-Rio","article_published_time":"2026-04-30T18:02:23+00:00","article_modified_time":"2026-04-30T18:06:57+00:00","og_image":[{"width":2000,"height":2000,"url":"https:\/\/www.sinpro-rio.org.br\/principal\/wp-content\/uploads\/2026\/04\/MODELO-CAPAS-PARA-SITE-QUADRADO.jpg","type":"image\/jpeg"}],"author":"alessandra","twitter_card":"summary_large_image","twitter_misc":{"Escrito por":"alessandra","Est. tempo de leitura":"1 minuto"},"schema":{"@context":"https:\/\/schema.org","@graph":[{"@type":"WebPage","@id":"https:\/\/www.sinpro-rio.org.br\/principal\/camp-salarial-2026-sinpro-rio-realiza-ato-publico-em-botafogo\/","url":"https:\/\/www.sinpro-rio.org.br\/principal\/camp-salarial-2026-sinpro-rio-realiza-ato-publico-em-botafogo\/","name":"Camp. Salarial 2026 - Sinpro-Rio realiza ato p\u00fablico em Botafogo - Sinpro-Rio","isPartOf":{"@id":"https:\/\/www.sinpro-rio.org.br\/principal\/#website"},"primaryImageOfPage":{"@id":"https:\/\/www.sinpro-rio.org.br\/principal\/camp-salarial-2026-sinpro-rio-realiza-ato-publico-em-botafogo\/#primaryimage"},"image":{"@id":"https:\/\/www.sinpro-rio.org.br\/principal\/camp-salarial-2026-sinpro-rio-realiza-ato-publico-em-botafogo\/#primaryimage"},"thumbnailUrl":"https:\/\/www.sinpro-rio.org.br\/principal\/wp-content\/uploads\/2026\/04\/MODELO-CAPAS-PARA-SITE-QUADRADO.jpg","datePublished":"2026-04-30T18:02:23+00:00","dateModified":"2026-04-30T18:06:57+00:00","author":{"@id":"https:\/\/www.sinpro-rio.org.br\/principal\/#\/schema\/person\/ee17219e64d00d037e511ae59ce2227e"},"breadcrumb":{"@id":"https:\/\/www.sinpro-rio.org.br\/principal\/camp-salarial-2026-sinpro-rio-realiza-ato-publico-em-botafogo\/#breadcrumb"},"inLanguage":"pt-BR","potentialAction":[{"@type":"ReadAction","target":["https:\/\/www.sinpro-rio.org.br\/principal\/camp-salarial-2026-sinpro-rio-realiza-ato-publico-em-botafogo\/"]}]},{"@type":"ImageObject","inLanguage":"pt-BR","@id":"https:\/\/www.sinpro-rio.org.br\/principal\/camp-salarial-2026-sinpro-rio-realiza-ato-publico-em-botafogo\/#primaryimage","url":"https:\/\/www.sinpro-rio.org.br\/principal\/wp-content\/uploads\/2026\/04\/MODELO-CAPAS-PARA-SITE-QUADRADO.jpg","contentUrl":"https:\/\/www.sinpro-rio.org.br\/principal\/wp-content\/uploads\/2026\/04\/MODELO-CAPAS-PARA-SITE-QUADRADO.jpg","width":2000,"height":2000},{"@type":"BreadcrumbList","@id":"https:\/\/www.sinpro-rio.org.br\/principal\/camp-salarial-2026-sinpro-rio-realiza-ato-publico-em-botafogo\/#breadcrumb","itemListElement":[{"@type":"ListItem","position":1,"name":"In\u00edcio","item":"https:\/\/www.sinpro-rio.org.br\/principal\/"},{"@type":"ListItem","position":2,"name":"Camp. Salarial 2026 &#8211; Sinpro-Rio realiza ato p\u00fablico em Botafogo"}]},{"@type":"WebSite","@id":"https:\/\/www.sinpro-rio.org.br\/principal\/#website","url":"https:\/\/www.sinpro-rio.org.br\/principal\/","name":"Sinpro-Rio","description":"Sindicato dos Professores do Munic\u00edpio do Rio de Janeiro e Regi\u00e3o","potentialAction":[{"@type":"SearchAction","target":{"@type":"EntryPoint","urlTemplate":"https:\/\/www.sinpro-rio.org.br\/principal\/?s={search_term_string}"},"query-input":{"@type":"PropertyValueSpecification","valueRequired":true,"valueName":"search_term_string"}}],"inLanguage":"pt-BR"},{"@type":"Person","@id":"https:\/\/www.sinpro-rio.org.br\/principal\/#\/schema\/person\/ee17219e64d00d037e511ae59ce2227e","name":"alessandra","image":{"@type":"ImageObject","inLanguage":"pt-BR","@id":"https:\/\/www.sinpro-rio.org.br\/principal\/#\/schema\/person\/image\/","url":"https:\/\/secure.gravatar.com\/avatar\/2b43fa8c0ad8e33b46a4732549f7fb20?s=96&d=mm&r=g","contentUrl":"https:\/\/secure.gravatar.com\/avatar\/2b43fa8c0ad8e33b46a4732549f7fb20?s=96&d=mm&r=g","caption":"alessandra"},"url":"https:\/\/www.sinpro-rio.org.br\/principal\/author\/alessandra\/"}]}},"_links":{"self":[{"href":"https:\/\/www.sinpro-rio.org.br\/principal\/wp-json\/wp\/v2\/posts\/41839","targetHints":{"allow":["GET"]}}],"collection":[{"href":"https:\/\/www.sinpro-rio.org.br\/principal\/wp-json\/wp\/v2\/posts"}],"about":[{"href":"https:\/\/www.sinpro-rio.org.br\/principal\/wp-json\/wp\/v2\/types\/post"}],"author":[{"embeddable":true,"href":"https:\/\/www.sinpro-rio.org.br\/principal\/wp-json\/wp\/v2\/users\/2"}],"replies":[{"embeddable":true,"href":"https:\/\/www.sinpro-rio.org.br\/principal\/wp-json\/wp\/v2\/comments?post=41839"}],"version-history":[{"count":1,"href":"https:\/\/www.sinpro-rio.org.br\/principal\/wp-json\/wp\/v2\/posts\/41839\/revisions"}],"predecessor-version":[{"id":41840,"href":"https:\/\/www.sinpro-rio.org.br\/principal\/wp-json\/wp\/v2\/posts\/41839\/revisions\/41840"}],"wp:featuredmedia":[{"embeddable":true,"href":"https:\/\/www.sinpro-rio.org.br\/principal\/wp-json\/wp\/v2\/media\/41841"}],"wp:attachment":[{"href":"https:\/\/www.sinpro-rio.org.br\/principal\/wp-json\/wp\/v2\/media?parent=41839"}],"wp:term":[{"taxonomy":"category","embeddable":true,"href":"https:\/\/www.sinpro-rio.org.br\/principal\/wp-json\/wp\/v2\/categories?post=41839"},{"taxonomy":"post_tag","embeddable":true,"href":"https:\/\/www.sinpro-rio.org.br\/principal\/wp-json\/wp\/v2\/tags?post=41839"}],"curies":[{"name":"wp","href":"https:\/\/api.w.org\/{rel}","templated":true}]}}