{"id":41826,"date":"2026-04-29T13:32:41","date_gmt":"2026-04-29T16:32:41","guid":{"rendered":"https:\/\/www.sinpro-rio.org.br\/principal\/?p=41826"},"modified":"2026-04-29T13:35:01","modified_gmt":"2026-04-29T16:35:01","slug":"edital-de-convocacao-5","status":"publish","type":"post","link":"https:\/\/www.sinpro-rio.org.br\/principal\/edital-de-convocacao-5\/","title":{"rendered":"Faculdade Silva e Souza: assembleia de profs. listados\/as: 14\/5, \u00e0s 11h, no Sinpro-Rio!"},"content":{"rendered":"<p><img fetchpriority=\"high\" decoding=\"async\" class=\"alignnone size-medium wp-image-41831\" src=\"https:\/\/www.sinpro-rio.org.br\/principal\/wp-content\/uploads\/2026\/04\/1-3-600x208.png\" alt=\"\" width=\"600\" height=\"208\" srcset=\"https:\/\/www.sinpro-rio.org.br\/principal\/wp-content\/uploads\/2026\/04\/1-3-600x208.png 600w, https:\/\/www.sinpro-rio.org.br\/principal\/wp-content\/uploads\/2026\/04\/1-3-1024x355.png 1024w, https:\/\/www.sinpro-rio.org.br\/principal\/wp-content\/uploads\/2026\/04\/1-3-200x69.png 200w, https:\/\/www.sinpro-rio.org.br\/principal\/wp-content\/uploads\/2026\/04\/1-3-768x266.png 768w, https:\/\/www.sinpro-rio.org.br\/principal\/wp-content\/uploads\/2026\/04\/1-3.png 1032w\" sizes=\"(max-width: 600px) 100vw, 600px\" \/><\/p>\n<p>EDITAL DE CONVOCA\u00c7\u00c3O<\/p>\n<p>O SINDICATO DOS PROFESSORES DO MUNIC\u00cdPIO DO RIO DE JANEIRO E REGI\u00c3O (Sinpro-Rio), com CNPJ sob o n\u00ba n\u00b033.654.237\/0001-45, situado na Rua Pedro Lessa, n\u00b0 35, 2\u00b0 andar, Centro, Rio de Janeiro, por seu Presidente abaixo assinado, CONVOCA os professores\/as abaixo listados da Faculdade Silva e Souza a participarem da Assembleia, a ser realizada no dia 14 de maio de 2026, \u202a\u00e0s 10h30, em primeira convoca\u00e7\u00e3o, e \u00e0s 11h em segunda e \u00faltima convoca\u00e7\u00e3o, com qualquer qu\u00f3rum, a ser realizada na sede Centro do Sinpro-Rio, no endere\u00e7o acima descrito,\u201d, para discutirem e deliberarem a seguinte ORDEM DO DIA:\u202c\u202c\u202c\u202c\u202c\u202c\u202c\u202c\u202c\u202c\u202c\u202c\u202c\u202c\u202c\u202c\u202c\u202c\u202c\u202c\u202c\u202c\u202c\u202c\u202c\u202c\u202c\u202c\u202c\u202c\u202c\u202c\u202c\u202c\u202c\u202c\u202c\u202c\u202c\u202c\u202c\u202c\u202c\u202c\u202c\u202c\u202c\u202c\u202c\u202c\u202c\u202c\u202c\u202c\u202c\u202c\u202c\u202c\u202c\u202c\u202c\u202c<br \/>\n&#8211; Debater e deliberar sobre andamento de processo trabalhista.<br \/>\nEst\u00e3o convocados os seguintes professores:<br \/>\n1. Alessandra Tavares de Souza Pessanha Barbosa<br \/>\n2. Alessandro Lucas Povoa<br \/>\n3. Alice Cristina Evangelho da Costa<br \/>\n4. Aluizio Soares<br \/>\n5. Ana Paula Alcantara Cassiano Alves<br \/>\n6. Antonio Augusto Vasco Martins Diogo<br \/>\n7. Carlos Roberto Laranja do Nascimento Silva<br \/>\n8. Cristina Maria Bittencourt Pinto Chaves<br \/>\n9. Dinalva Silva de Amorim<br \/>\n10. Guaraci de Figueiredo Nunes<br \/>\n11. Keila Coelho Neto Vieira Gloria<br \/>\n12. Leonardo Fernandes Castro<br \/>\n13. Luiz Bartholomeu Sant Anna de Souza<br \/>\n14. Luiz Carlos Simarelli Winter<br \/>\n15. Luiz Introcaso Bandeira de Mello<br \/>\n16. Marcos da Costa Braga<br \/>\n17. Mariana de Souza Martins<br \/>\n18. Mauricio Monteiro Campbell<br \/>\n19. Nancy Moreira de Mesquita<br \/>\n20. Rejane Garcia de Souza<br \/>\n21. Renata Reis da Silva<br \/>\n22. Roselane Nogueira Costa Siqueira<br \/>\n23. Vera Lucia Dias Oliveira<\/p>\n<p>Esta convoca\u00e7\u00e3o \u00e9 feita nos termos do Estatuto do Sindicato.<\/p>\n<p>Rio de Janeiro, 29 de abril de 2026.<br \/>\nElson Paiva &#8211; Presidente<\/p>\n","protected":false},"excerpt":{"rendered":"<p>EDITAL DE CONVOCA\u00c7\u00c3O O SINDICATO DOS PROFESSORES DO MUNIC\u00cdPIO DO RIO DE JANEIRO E REGI\u00c3O (Sinpro-Rio), com CNPJ sob o n\u00ba n\u00b033.654.237\/0001-45, situado na Rua Pedro Lessa, n\u00b0 35, 2\u00b0 andar, Centro, Rio de Janeiro, por seu Presidente abaixo assinado, CONVOCA os professores\/as abaixo listados da Faculdade Silva e Souza a participarem da Assembleia, a [&hellip;]<\/p>\n","protected":false},"author":2,"featured_media":41828,"comment_status":"closed","ping_status":"open","sticky":false,"template":"","format":"standard","meta":{"footnotes":""},"categories":[1,25],"tags":[],"class_list":["post-41826","post","type-post","status-publish","format-standard","has-post-thumbnail","hentry","category-noticias","category-destaque-primeira-pagina"],"yoast_head":"<!-- This site is optimized with the Yoast SEO plugin v25.7 - https:\/\/yoast.com\/wordpress\/plugins\/seo\/ -->\n<title>Faculdade Silva e Souza: assembleia de profs. listados\/as: 14\/5, \u00e0s 11h, no Sinpro-Rio! - Sinpro-Rio<\/title>\n<meta name=\"robots\" content=\"index, follow, max-snippet:-1, max-image-preview:large, max-video-preview:-1\" \/>\n<link rel=\"canonical\" href=\"https:\/\/www.sinpro-rio.org.br\/principal\/edital-de-convocacao-5\/\" \/>\n<meta property=\"og:locale\" content=\"pt_BR\" \/>\n<meta property=\"og:type\" content=\"article\" \/>\n<meta property=\"og:title\" content=\"Faculdade Silva e Souza: assembleia de profs. listados\/as: 14\/5, \u00e0s 11h, no Sinpro-Rio! - Sinpro-Rio\" \/>\n<meta property=\"og:description\" content=\"EDITAL DE CONVOCA\u00c7\u00c3O O SINDICATO DOS PROFESSORES DO MUNIC\u00cdPIO DO RIO DE JANEIRO E REGI\u00c3O (Sinpro-Rio), com CNPJ sob o n\u00ba n\u00b033.654.237\/0001-45, situado na Rua Pedro Lessa, n\u00b0 35, 2\u00b0 andar, Centro, Rio de Janeiro, por seu Presidente abaixo assinado, CONVOCA os professores\/as abaixo listados da Faculdade Silva e Souza a participarem da Assembleia, a [&hellip;]\" \/>\n<meta property=\"og:url\" content=\"https:\/\/www.sinpro-rio.org.br\/principal\/edital-de-convocacao-5\/\" \/>\n<meta property=\"og:site_name\" content=\"Sinpro-Rio\" \/>\n<meta property=\"article:published_time\" content=\"2026-04-29T16:32:41+00:00\" \/>\n<meta property=\"article:modified_time\" content=\"2026-04-29T16:35:01+00:00\" \/>\n<meta property=\"og:image\" content=\"https:\/\/www.sinpro-rio.org.br\/principal\/wp-content\/uploads\/2026\/04\/WhatsApp-Image-2026-04-29-at-13.24.20.jpeg\" \/>\n\t<meta property=\"og:image:width\" content=\"1080\" \/>\n\t<meta property=\"og:image:height\" content=\"1080\" \/>\n\t<meta property=\"og:image:type\" content=\"image\/jpeg\" \/>\n<meta name=\"author\" content=\"alessandra\" \/>\n<meta name=\"twitter:card\" content=\"summary_large_image\" \/>\n<meta name=\"twitter:label1\" content=\"Escrito por\" \/>\n\t<meta name=\"twitter:data1\" content=\"alessandra\" \/>\n\t<meta name=\"twitter:label2\" content=\"Est. tempo de leitura\" \/>\n\t<meta name=\"twitter:data2\" content=\"2 minutos\" \/>\n<script type=\"application\/ld+json\" class=\"yoast-schema-graph\">{\"@context\":\"https:\/\/schema.org\",\"@graph\":[{\"@type\":\"WebPage\",\"@id\":\"https:\/\/www.sinpro-rio.org.br\/principal\/edital-de-convocacao-5\/\",\"url\":\"https:\/\/www.sinpro-rio.org.br\/principal\/edital-de-convocacao-5\/\",\"name\":\"Faculdade Silva e Souza: assembleia de profs. listados\/as: 14\/5, \u00e0s 11h, no Sinpro-Rio! - Sinpro-Rio\",\"isPartOf\":{\"@id\":\"https:\/\/www.sinpro-rio.org.br\/principal\/#website\"},\"primaryImageOfPage\":{\"@id\":\"https:\/\/www.sinpro-rio.org.br\/principal\/edital-de-convocacao-5\/#primaryimage\"},\"image\":{\"@id\":\"https:\/\/www.sinpro-rio.org.br\/principal\/edital-de-convocacao-5\/#primaryimage\"},\"thumbnailUrl\":\"https:\/\/www.sinpro-rio.org.br\/principal\/wp-content\/uploads\/2026\/04\/WhatsApp-Image-2026-04-29-at-13.24.20.jpeg\",\"datePublished\":\"2026-04-29T16:32:41+00:00\",\"dateModified\":\"2026-04-29T16:35:01+00:00\",\"author\":{\"@id\":\"https:\/\/www.sinpro-rio.org.br\/principal\/#\/schema\/person\/ee17219e64d00d037e511ae59ce2227e\"},\"breadcrumb\":{\"@id\":\"https:\/\/www.sinpro-rio.org.br\/principal\/edital-de-convocacao-5\/#breadcrumb\"},\"inLanguage\":\"pt-BR\",\"potentialAction\":[{\"@type\":\"ReadAction\",\"target\":[\"https:\/\/www.sinpro-rio.org.br\/principal\/edital-de-convocacao-5\/\"]}]},{\"@type\":\"ImageObject\",\"inLanguage\":\"pt-BR\",\"@id\":\"https:\/\/www.sinpro-rio.org.br\/principal\/edital-de-convocacao-5\/#primaryimage\",\"url\":\"https:\/\/www.sinpro-rio.org.br\/principal\/wp-content\/uploads\/2026\/04\/WhatsApp-Image-2026-04-29-at-13.24.20.jpeg\",\"contentUrl\":\"https:\/\/www.sinpro-rio.org.br\/principal\/wp-content\/uploads\/2026\/04\/WhatsApp-Image-2026-04-29-at-13.24.20.jpeg\",\"width\":1080,\"height\":1080},{\"@type\":\"BreadcrumbList\",\"@id\":\"https:\/\/www.sinpro-rio.org.br\/principal\/edital-de-convocacao-5\/#breadcrumb\",\"itemListElement\":[{\"@type\":\"ListItem\",\"position\":1,\"name\":\"In\u00edcio\",\"item\":\"https:\/\/www.sinpro-rio.org.br\/principal\/\"},{\"@type\":\"ListItem\",\"position\":2,\"name\":\"Faculdade Silva e Souza: assembleia de profs. listados\/as: 14\/5, \u00e0s 11h, no Sinpro-Rio!\"}]},{\"@type\":\"WebSite\",\"@id\":\"https:\/\/www.sinpro-rio.org.br\/principal\/#website\",\"url\":\"https:\/\/www.sinpro-rio.org.br\/principal\/\",\"name\":\"Sinpro-Rio\",\"description\":\"Sindicato dos Professores do Munic\u00edpio do Rio de Janeiro e Regi\u00e3o\",\"potentialAction\":[{\"@type\":\"SearchAction\",\"target\":{\"@type\":\"EntryPoint\",\"urlTemplate\":\"https:\/\/www.sinpro-rio.org.br\/principal\/?s={search_term_string}\"},\"query-input\":{\"@type\":\"PropertyValueSpecification\",\"valueRequired\":true,\"valueName\":\"search_term_string\"}}],\"inLanguage\":\"pt-BR\"},{\"@type\":\"Person\",\"@id\":\"https:\/\/www.sinpro-rio.org.br\/principal\/#\/schema\/person\/ee17219e64d00d037e511ae59ce2227e\",\"name\":\"alessandra\",\"image\":{\"@type\":\"ImageObject\",\"inLanguage\":\"pt-BR\",\"@id\":\"https:\/\/www.sinpro-rio.org.br\/principal\/#\/schema\/person\/image\/\",\"url\":\"https:\/\/secure.gravatar.com\/avatar\/2b43fa8c0ad8e33b46a4732549f7fb20?s=96&d=mm&r=g\",\"contentUrl\":\"https:\/\/secure.gravatar.com\/avatar\/2b43fa8c0ad8e33b46a4732549f7fb20?s=96&d=mm&r=g\",\"caption\":\"alessandra\"},\"url\":\"https:\/\/www.sinpro-rio.org.br\/principal\/author\/alessandra\/\"}]}<\/script>\n<!-- \/ Yoast SEO plugin. -->","yoast_head_json":{"title":"Faculdade Silva e Souza: assembleia de profs. listados\/as: 14\/5, \u00e0s 11h, no Sinpro-Rio! - Sinpro-Rio","robots":{"index":"index","follow":"follow","max-snippet":"max-snippet:-1","max-image-preview":"max-image-preview:large","max-video-preview":"max-video-preview:-1"},"canonical":"https:\/\/www.sinpro-rio.org.br\/principal\/edital-de-convocacao-5\/","og_locale":"pt_BR","og_type":"article","og_title":"Faculdade Silva e Souza: assembleia de profs. listados\/as: 14\/5, \u00e0s 11h, no Sinpro-Rio! - Sinpro-Rio","og_description":"EDITAL DE CONVOCA\u00c7\u00c3O O SINDICATO DOS PROFESSORES DO MUNIC\u00cdPIO DO RIO DE JANEIRO E REGI\u00c3O (Sinpro-Rio), com CNPJ sob o n\u00ba n\u00b033.654.237\/0001-45, situado na Rua Pedro Lessa, n\u00b0 35, 2\u00b0 andar, Centro, Rio de Janeiro, por seu Presidente abaixo assinado, CONVOCA os professores\/as abaixo listados da Faculdade Silva e Souza a participarem da Assembleia, a [&hellip;]","og_url":"https:\/\/www.sinpro-rio.org.br\/principal\/edital-de-convocacao-5\/","og_site_name":"Sinpro-Rio","article_published_time":"2026-04-29T16:32:41+00:00","article_modified_time":"2026-04-29T16:35:01+00:00","og_image":[{"width":1080,"height":1080,"url":"https:\/\/www.sinpro-rio.org.br\/principal\/wp-content\/uploads\/2026\/04\/WhatsApp-Image-2026-04-29-at-13.24.20.jpeg","type":"image\/jpeg"}],"author":"alessandra","twitter_card":"summary_large_image","twitter_misc":{"Escrito por":"alessandra","Est. tempo de leitura":"2 minutos"},"schema":{"@context":"https:\/\/schema.org","@graph":[{"@type":"WebPage","@id":"https:\/\/www.sinpro-rio.org.br\/principal\/edital-de-convocacao-5\/","url":"https:\/\/www.sinpro-rio.org.br\/principal\/edital-de-convocacao-5\/","name":"Faculdade Silva e Souza: assembleia de profs. listados\/as: 14\/5, \u00e0s 11h, no Sinpro-Rio! - Sinpro-Rio","isPartOf":{"@id":"https:\/\/www.sinpro-rio.org.br\/principal\/#website"},"primaryImageOfPage":{"@id":"https:\/\/www.sinpro-rio.org.br\/principal\/edital-de-convocacao-5\/#primaryimage"},"image":{"@id":"https:\/\/www.sinpro-rio.org.br\/principal\/edital-de-convocacao-5\/#primaryimage"},"thumbnailUrl":"https:\/\/www.sinpro-rio.org.br\/principal\/wp-content\/uploads\/2026\/04\/WhatsApp-Image-2026-04-29-at-13.24.20.jpeg","datePublished":"2026-04-29T16:32:41+00:00","dateModified":"2026-04-29T16:35:01+00:00","author":{"@id":"https:\/\/www.sinpro-rio.org.br\/principal\/#\/schema\/person\/ee17219e64d00d037e511ae59ce2227e"},"breadcrumb":{"@id":"https:\/\/www.sinpro-rio.org.br\/principal\/edital-de-convocacao-5\/#breadcrumb"},"inLanguage":"pt-BR","potentialAction":[{"@type":"ReadAction","target":["https:\/\/www.sinpro-rio.org.br\/principal\/edital-de-convocacao-5\/"]}]},{"@type":"ImageObject","inLanguage":"pt-BR","@id":"https:\/\/www.sinpro-rio.org.br\/principal\/edital-de-convocacao-5\/#primaryimage","url":"https:\/\/www.sinpro-rio.org.br\/principal\/wp-content\/uploads\/2026\/04\/WhatsApp-Image-2026-04-29-at-13.24.20.jpeg","contentUrl":"https:\/\/www.sinpro-rio.org.br\/principal\/wp-content\/uploads\/2026\/04\/WhatsApp-Image-2026-04-29-at-13.24.20.jpeg","width":1080,"height":1080},{"@type":"BreadcrumbList","@id":"https:\/\/www.sinpro-rio.org.br\/principal\/edital-de-convocacao-5\/#breadcrumb","itemListElement":[{"@type":"ListItem","position":1,"name":"In\u00edcio","item":"https:\/\/www.sinpro-rio.org.br\/principal\/"},{"@type":"ListItem","position":2,"name":"Faculdade Silva e Souza: assembleia de profs. listados\/as: 14\/5, \u00e0s 11h, no Sinpro-Rio!"}]},{"@type":"WebSite","@id":"https:\/\/www.sinpro-rio.org.br\/principal\/#website","url":"https:\/\/www.sinpro-rio.org.br\/principal\/","name":"Sinpro-Rio","description":"Sindicato dos Professores do Munic\u00edpio do Rio de Janeiro e Regi\u00e3o","potentialAction":[{"@type":"SearchAction","target":{"@type":"EntryPoint","urlTemplate":"https:\/\/www.sinpro-rio.org.br\/principal\/?s={search_term_string}"},"query-input":{"@type":"PropertyValueSpecification","valueRequired":true,"valueName":"search_term_string"}}],"inLanguage":"pt-BR"},{"@type":"Person","@id":"https:\/\/www.sinpro-rio.org.br\/principal\/#\/schema\/person\/ee17219e64d00d037e511ae59ce2227e","name":"alessandra","image":{"@type":"ImageObject","inLanguage":"pt-BR","@id":"https:\/\/www.sinpro-rio.org.br\/principal\/#\/schema\/person\/image\/","url":"https:\/\/secure.gravatar.com\/avatar\/2b43fa8c0ad8e33b46a4732549f7fb20?s=96&d=mm&r=g","contentUrl":"https:\/\/secure.gravatar.com\/avatar\/2b43fa8c0ad8e33b46a4732549f7fb20?s=96&d=mm&r=g","caption":"alessandra"},"url":"https:\/\/www.sinpro-rio.org.br\/principal\/author\/alessandra\/"}]}},"_links":{"self":[{"href":"https:\/\/www.sinpro-rio.org.br\/principal\/wp-json\/wp\/v2\/posts\/41826","targetHints":{"allow":["GET"]}}],"collection":[{"href":"https:\/\/www.sinpro-rio.org.br\/principal\/wp-json\/wp\/v2\/posts"}],"about":[{"href":"https:\/\/www.sinpro-rio.org.br\/principal\/wp-json\/wp\/v2\/types\/post"}],"author":[{"embeddable":true,"href":"https:\/\/www.sinpro-rio.org.br\/principal\/wp-json\/wp\/v2\/users\/2"}],"replies":[{"embeddable":true,"href":"https:\/\/www.sinpro-rio.org.br\/principal\/wp-json\/wp\/v2\/comments?post=41826"}],"version-history":[{"count":4,"href":"https:\/\/www.sinpro-rio.org.br\/principal\/wp-json\/wp\/v2\/posts\/41826\/revisions"}],"predecessor-version":[{"id":41834,"href":"https:\/\/www.sinpro-rio.org.br\/principal\/wp-json\/wp\/v2\/posts\/41826\/revisions\/41834"}],"wp:featuredmedia":[{"embeddable":true,"href":"https:\/\/www.sinpro-rio.org.br\/principal\/wp-json\/wp\/v2\/media\/41828"}],"wp:attachment":[{"href":"https:\/\/www.sinpro-rio.org.br\/principal\/wp-json\/wp\/v2\/media?parent=41826"}],"wp:term":[{"taxonomy":"category","embeddable":true,"href":"https:\/\/www.sinpro-rio.org.br\/principal\/wp-json\/wp\/v2\/categories?post=41826"},{"taxonomy":"post_tag","embeddable":true,"href":"https:\/\/www.sinpro-rio.org.br\/principal\/wp-json\/wp\/v2\/tags?post=41826"}],"curies":[{"name":"wp","href":"https:\/\/api.w.org\/{rel}","templated":true}]}}