{"id":41803,"date":"2026-04-27T11:24:16","date_gmt":"2026-04-27T14:24:16","guid":{"rendered":"https:\/\/www.sinpro-rio.org.br\/principal\/?p=41803"},"modified":"2026-04-28T11:25:16","modified_gmt":"2026-04-28T14:25:16","slug":"nota-de-pesar-jose-frejat","status":"publish","type":"post","link":"https:\/\/www.sinpro-rio.org.br\/principal\/nota-de-pesar-jose-frejat\/","title":{"rendered":"Nota de pesar: Jos\u00e9 Frejat"},"content":{"rendered":"<p>O Sinpro-Rio lamenta a morte do ex-vereador Jos\u00e9 Frejat, aos 102 anos.<br \/>\nEleito vereador do Rio de Janeiro em 1976, Frejat deu grande apoio ao Sinpro-Rio, na \u00e9poca da Ditadura Militar. Ele teve uma longa trajet\u00f3ria pol\u00edtica, incluindo passagens como deputado federal pelo PDT (eleito em 1978 e reeleito em 1982) e destacou-se por sua atua\u00e7\u00e3o na redemocratiza\u00e7\u00e3o e movimentos estudantis, sendo tamb\u00e9m ex-presidente da UNE.<br \/>\nO Sinpro-Rio presta sua solidariedade a toda a fam\u00edlia neste momento dif\u00edcil.<\/p>\n","protected":false},"excerpt":{"rendered":"<p>O Sinpro-Rio lamenta a morte do ex-vereador Jos\u00e9 Frejat, aos 102 anos. Eleito vereador do Rio de Janeiro em 1976, Frejat deu grande apoio ao Sinpro-Rio, na \u00e9poca da Ditadura Militar. Ele teve uma longa trajet\u00f3ria pol\u00edtica, incluindo passagens como deputado federal pelo PDT (eleito em 1978 e reeleito em 1982) e destacou-se por sua [&hellip;]<\/p>\n","protected":false},"author":2,"featured_media":41804,"comment_status":"closed","ping_status":"open","sticky":false,"template":"","format":"standard","meta":{"footnotes":""},"categories":[1,25],"tags":[],"class_list":["post-41803","post","type-post","status-publish","format-standard","has-post-thumbnail","hentry","category-noticias","category-destaque-primeira-pagina"],"yoast_head":"<!-- This site is optimized with the Yoast SEO plugin v25.7 - https:\/\/yoast.com\/wordpress\/plugins\/seo\/ -->\n<title>Nota de pesar: Jos\u00e9 Frejat - Sinpro-Rio<\/title>\n<meta name=\"robots\" content=\"index, follow, max-snippet:-1, max-image-preview:large, max-video-preview:-1\" \/>\n<link rel=\"canonical\" href=\"https:\/\/www.sinpro-rio.org.br\/principal\/nota-de-pesar-jose-frejat\/\" \/>\n<meta property=\"og:locale\" content=\"pt_BR\" \/>\n<meta property=\"og:type\" content=\"article\" \/>\n<meta property=\"og:title\" content=\"Nota de pesar: Jos\u00e9 Frejat - Sinpro-Rio\" \/>\n<meta property=\"og:description\" content=\"O Sinpro-Rio lamenta a morte do ex-vereador Jos\u00e9 Frejat, aos 102 anos. Eleito vereador do Rio de Janeiro em 1976, Frejat deu grande apoio ao Sinpro-Rio, na \u00e9poca da Ditadura Militar. Ele teve uma longa trajet\u00f3ria pol\u00edtica, incluindo passagens como deputado federal pelo PDT (eleito em 1978 e reeleito em 1982) e destacou-se por sua [&hellip;]\" \/>\n<meta property=\"og:url\" content=\"https:\/\/www.sinpro-rio.org.br\/principal\/nota-de-pesar-jose-frejat\/\" \/>\n<meta property=\"og:site_name\" content=\"Sinpro-Rio\" \/>\n<meta property=\"article:published_time\" content=\"2026-04-27T14:24:16+00:00\" \/>\n<meta property=\"article:modified_time\" content=\"2026-04-28T14:25:16+00:00\" \/>\n<meta property=\"og:image\" content=\"https:\/\/www.sinpro-rio.org.br\/principal\/wp-content\/uploads\/2026\/04\/NOTA-DE-PESAR-diretora-profa.-Solange-Jose-Dias1.jpg\" \/>\n\t<meta property=\"og:image:width\" content=\"1080\" \/>\n\t<meta property=\"og:image:height\" content=\"1080\" \/>\n\t<meta property=\"og:image:type\" content=\"image\/jpeg\" \/>\n<meta name=\"author\" content=\"alessandra\" \/>\n<meta name=\"twitter:card\" content=\"summary_large_image\" \/>\n<meta name=\"twitter:label1\" content=\"Escrito por\" \/>\n\t<meta name=\"twitter:data1\" content=\"alessandra\" \/>\n\t<meta name=\"twitter:label2\" content=\"Est. tempo de leitura\" \/>\n\t<meta name=\"twitter:data2\" content=\"1 minuto\" \/>\n<script type=\"application\/ld+json\" class=\"yoast-schema-graph\">{\"@context\":\"https:\/\/schema.org\",\"@graph\":[{\"@type\":\"WebPage\",\"@id\":\"https:\/\/www.sinpro-rio.org.br\/principal\/nota-de-pesar-jose-frejat\/\",\"url\":\"https:\/\/www.sinpro-rio.org.br\/principal\/nota-de-pesar-jose-frejat\/\",\"name\":\"Nota de pesar: Jos\u00e9 Frejat - Sinpro-Rio\",\"isPartOf\":{\"@id\":\"https:\/\/www.sinpro-rio.org.br\/principal\/#website\"},\"primaryImageOfPage\":{\"@id\":\"https:\/\/www.sinpro-rio.org.br\/principal\/nota-de-pesar-jose-frejat\/#primaryimage\"},\"image\":{\"@id\":\"https:\/\/www.sinpro-rio.org.br\/principal\/nota-de-pesar-jose-frejat\/#primaryimage\"},\"thumbnailUrl\":\"https:\/\/www.sinpro-rio.org.br\/principal\/wp-content\/uploads\/2026\/04\/NOTA-DE-PESAR-diretora-profa.-Solange-Jose-Dias1.jpg\",\"datePublished\":\"2026-04-27T14:24:16+00:00\",\"dateModified\":\"2026-04-28T14:25:16+00:00\",\"author\":{\"@id\":\"https:\/\/www.sinpro-rio.org.br\/principal\/#\/schema\/person\/ee17219e64d00d037e511ae59ce2227e\"},\"breadcrumb\":{\"@id\":\"https:\/\/www.sinpro-rio.org.br\/principal\/nota-de-pesar-jose-frejat\/#breadcrumb\"},\"inLanguage\":\"pt-BR\",\"potentialAction\":[{\"@type\":\"ReadAction\",\"target\":[\"https:\/\/www.sinpro-rio.org.br\/principal\/nota-de-pesar-jose-frejat\/\"]}]},{\"@type\":\"ImageObject\",\"inLanguage\":\"pt-BR\",\"@id\":\"https:\/\/www.sinpro-rio.org.br\/principal\/nota-de-pesar-jose-frejat\/#primaryimage\",\"url\":\"https:\/\/www.sinpro-rio.org.br\/principal\/wp-content\/uploads\/2026\/04\/NOTA-DE-PESAR-diretora-profa.-Solange-Jose-Dias1.jpg\",\"contentUrl\":\"https:\/\/www.sinpro-rio.org.br\/principal\/wp-content\/uploads\/2026\/04\/NOTA-DE-PESAR-diretora-profa.-Solange-Jose-Dias1.jpg\",\"width\":1080,\"height\":1080},{\"@type\":\"BreadcrumbList\",\"@id\":\"https:\/\/www.sinpro-rio.org.br\/principal\/nota-de-pesar-jose-frejat\/#breadcrumb\",\"itemListElement\":[{\"@type\":\"ListItem\",\"position\":1,\"name\":\"In\u00edcio\",\"item\":\"https:\/\/www.sinpro-rio.org.br\/principal\/\"},{\"@type\":\"ListItem\",\"position\":2,\"name\":\"Nota de pesar: Jos\u00e9 Frejat\"}]},{\"@type\":\"WebSite\",\"@id\":\"https:\/\/www.sinpro-rio.org.br\/principal\/#website\",\"url\":\"https:\/\/www.sinpro-rio.org.br\/principal\/\",\"name\":\"Sinpro-Rio\",\"description\":\"Sindicato dos Professores do Munic\u00edpio do Rio de Janeiro e Regi\u00e3o\",\"potentialAction\":[{\"@type\":\"SearchAction\",\"target\":{\"@type\":\"EntryPoint\",\"urlTemplate\":\"https:\/\/www.sinpro-rio.org.br\/principal\/?s={search_term_string}\"},\"query-input\":{\"@type\":\"PropertyValueSpecification\",\"valueRequired\":true,\"valueName\":\"search_term_string\"}}],\"inLanguage\":\"pt-BR\"},{\"@type\":\"Person\",\"@id\":\"https:\/\/www.sinpro-rio.org.br\/principal\/#\/schema\/person\/ee17219e64d00d037e511ae59ce2227e\",\"name\":\"alessandra\",\"image\":{\"@type\":\"ImageObject\",\"inLanguage\":\"pt-BR\",\"@id\":\"https:\/\/www.sinpro-rio.org.br\/principal\/#\/schema\/person\/image\/\",\"url\":\"https:\/\/secure.gravatar.com\/avatar\/2b43fa8c0ad8e33b46a4732549f7fb20?s=96&d=mm&r=g\",\"contentUrl\":\"https:\/\/secure.gravatar.com\/avatar\/2b43fa8c0ad8e33b46a4732549f7fb20?s=96&d=mm&r=g\",\"caption\":\"alessandra\"},\"url\":\"https:\/\/www.sinpro-rio.org.br\/principal\/author\/alessandra\/\"}]}<\/script>\n<!-- \/ Yoast SEO plugin. -->","yoast_head_json":{"title":"Nota de pesar: Jos\u00e9 Frejat - Sinpro-Rio","robots":{"index":"index","follow":"follow","max-snippet":"max-snippet:-1","max-image-preview":"max-image-preview:large","max-video-preview":"max-video-preview:-1"},"canonical":"https:\/\/www.sinpro-rio.org.br\/principal\/nota-de-pesar-jose-frejat\/","og_locale":"pt_BR","og_type":"article","og_title":"Nota de pesar: Jos\u00e9 Frejat - Sinpro-Rio","og_description":"O Sinpro-Rio lamenta a morte do ex-vereador Jos\u00e9 Frejat, aos 102 anos. Eleito vereador do Rio de Janeiro em 1976, Frejat deu grande apoio ao Sinpro-Rio, na \u00e9poca da Ditadura Militar. Ele teve uma longa trajet\u00f3ria pol\u00edtica, incluindo passagens como deputado federal pelo PDT (eleito em 1978 e reeleito em 1982) e destacou-se por sua [&hellip;]","og_url":"https:\/\/www.sinpro-rio.org.br\/principal\/nota-de-pesar-jose-frejat\/","og_site_name":"Sinpro-Rio","article_published_time":"2026-04-27T14:24:16+00:00","article_modified_time":"2026-04-28T14:25:16+00:00","og_image":[{"width":1080,"height":1080,"url":"https:\/\/www.sinpro-rio.org.br\/principal\/wp-content\/uploads\/2026\/04\/NOTA-DE-PESAR-diretora-profa.-Solange-Jose-Dias1.jpg","type":"image\/jpeg"}],"author":"alessandra","twitter_card":"summary_large_image","twitter_misc":{"Escrito por":"alessandra","Est. tempo de leitura":"1 minuto"},"schema":{"@context":"https:\/\/schema.org","@graph":[{"@type":"WebPage","@id":"https:\/\/www.sinpro-rio.org.br\/principal\/nota-de-pesar-jose-frejat\/","url":"https:\/\/www.sinpro-rio.org.br\/principal\/nota-de-pesar-jose-frejat\/","name":"Nota de pesar: Jos\u00e9 Frejat - Sinpro-Rio","isPartOf":{"@id":"https:\/\/www.sinpro-rio.org.br\/principal\/#website"},"primaryImageOfPage":{"@id":"https:\/\/www.sinpro-rio.org.br\/principal\/nota-de-pesar-jose-frejat\/#primaryimage"},"image":{"@id":"https:\/\/www.sinpro-rio.org.br\/principal\/nota-de-pesar-jose-frejat\/#primaryimage"},"thumbnailUrl":"https:\/\/www.sinpro-rio.org.br\/principal\/wp-content\/uploads\/2026\/04\/NOTA-DE-PESAR-diretora-profa.-Solange-Jose-Dias1.jpg","datePublished":"2026-04-27T14:24:16+00:00","dateModified":"2026-04-28T14:25:16+00:00","author":{"@id":"https:\/\/www.sinpro-rio.org.br\/principal\/#\/schema\/person\/ee17219e64d00d037e511ae59ce2227e"},"breadcrumb":{"@id":"https:\/\/www.sinpro-rio.org.br\/principal\/nota-de-pesar-jose-frejat\/#breadcrumb"},"inLanguage":"pt-BR","potentialAction":[{"@type":"ReadAction","target":["https:\/\/www.sinpro-rio.org.br\/principal\/nota-de-pesar-jose-frejat\/"]}]},{"@type":"ImageObject","inLanguage":"pt-BR","@id":"https:\/\/www.sinpro-rio.org.br\/principal\/nota-de-pesar-jose-frejat\/#primaryimage","url":"https:\/\/www.sinpro-rio.org.br\/principal\/wp-content\/uploads\/2026\/04\/NOTA-DE-PESAR-diretora-profa.-Solange-Jose-Dias1.jpg","contentUrl":"https:\/\/www.sinpro-rio.org.br\/principal\/wp-content\/uploads\/2026\/04\/NOTA-DE-PESAR-diretora-profa.-Solange-Jose-Dias1.jpg","width":1080,"height":1080},{"@type":"BreadcrumbList","@id":"https:\/\/www.sinpro-rio.org.br\/principal\/nota-de-pesar-jose-frejat\/#breadcrumb","itemListElement":[{"@type":"ListItem","position":1,"name":"In\u00edcio","item":"https:\/\/www.sinpro-rio.org.br\/principal\/"},{"@type":"ListItem","position":2,"name":"Nota de pesar: Jos\u00e9 Frejat"}]},{"@type":"WebSite","@id":"https:\/\/www.sinpro-rio.org.br\/principal\/#website","url":"https:\/\/www.sinpro-rio.org.br\/principal\/","name":"Sinpro-Rio","description":"Sindicato dos Professores do Munic\u00edpio do Rio de Janeiro e Regi\u00e3o","potentialAction":[{"@type":"SearchAction","target":{"@type":"EntryPoint","urlTemplate":"https:\/\/www.sinpro-rio.org.br\/principal\/?s={search_term_string}"},"query-input":{"@type":"PropertyValueSpecification","valueRequired":true,"valueName":"search_term_string"}}],"inLanguage":"pt-BR"},{"@type":"Person","@id":"https:\/\/www.sinpro-rio.org.br\/principal\/#\/schema\/person\/ee17219e64d00d037e511ae59ce2227e","name":"alessandra","image":{"@type":"ImageObject","inLanguage":"pt-BR","@id":"https:\/\/www.sinpro-rio.org.br\/principal\/#\/schema\/person\/image\/","url":"https:\/\/secure.gravatar.com\/avatar\/2b43fa8c0ad8e33b46a4732549f7fb20?s=96&d=mm&r=g","contentUrl":"https:\/\/secure.gravatar.com\/avatar\/2b43fa8c0ad8e33b46a4732549f7fb20?s=96&d=mm&r=g","caption":"alessandra"},"url":"https:\/\/www.sinpro-rio.org.br\/principal\/author\/alessandra\/"}]}},"_links":{"self":[{"href":"https:\/\/www.sinpro-rio.org.br\/principal\/wp-json\/wp\/v2\/posts\/41803","targetHints":{"allow":["GET"]}}],"collection":[{"href":"https:\/\/www.sinpro-rio.org.br\/principal\/wp-json\/wp\/v2\/posts"}],"about":[{"href":"https:\/\/www.sinpro-rio.org.br\/principal\/wp-json\/wp\/v2\/types\/post"}],"author":[{"embeddable":true,"href":"https:\/\/www.sinpro-rio.org.br\/principal\/wp-json\/wp\/v2\/users\/2"}],"replies":[{"embeddable":true,"href":"https:\/\/www.sinpro-rio.org.br\/principal\/wp-json\/wp\/v2\/comments?post=41803"}],"version-history":[{"count":1,"href":"https:\/\/www.sinpro-rio.org.br\/principal\/wp-json\/wp\/v2\/posts\/41803\/revisions"}],"predecessor-version":[{"id":41805,"href":"https:\/\/www.sinpro-rio.org.br\/principal\/wp-json\/wp\/v2\/posts\/41803\/revisions\/41805"}],"wp:featuredmedia":[{"embeddable":true,"href":"https:\/\/www.sinpro-rio.org.br\/principal\/wp-json\/wp\/v2\/media\/41804"}],"wp:attachment":[{"href":"https:\/\/www.sinpro-rio.org.br\/principal\/wp-json\/wp\/v2\/media?parent=41803"}],"wp:term":[{"taxonomy":"category","embeddable":true,"href":"https:\/\/www.sinpro-rio.org.br\/principal\/wp-json\/wp\/v2\/categories?post=41803"},{"taxonomy":"post_tag","embeddable":true,"href":"https:\/\/www.sinpro-rio.org.br\/principal\/wp-json\/wp\/v2\/tags?post=41803"}],"curies":[{"name":"wp","href":"https:\/\/api.w.org\/{rel}","templated":true}]}}