{"id":40935,"date":"2025-10-06T16:45:40","date_gmt":"2025-10-06T19:45:40","guid":{"rendered":"https:\/\/www.sinpro-rio.org.br\/principal\/?p=40935"},"modified":"2025-10-06T16:45:40","modified_gmt":"2025-10-06T19:45:40","slug":"justica-reconhece-vinculo-de-professor-de-mba-com-a-estacio-apos-10-anos-sem-registro","status":"publish","type":"post","link":"https:\/\/www.sinpro-rio.org.br\/principal\/justica-reconhece-vinculo-de-professor-de-mba-com-a-estacio-apos-10-anos-sem-registro\/","title":{"rendered":"Justi\u00e7a reconhece v\u00ednculo de professor de MBA com a Est\u00e1cio ap\u00f3s 10 anos sem registro"},"content":{"rendered":"<p>A Justi\u00e7a do Trabalho reconheceu o v\u00ednculo empregat\u00edcio de um professor que lecionou por 10 anos em cursos de MBA da Universidade Est\u00e1cio sem registro em carteira e sem receber os benef\u00edcios previstos na Conven\u00e7\u00e3o Coletiva.<\/p>\n<p>Na defesa, a Est\u00e1cio alegou manter uma coopera\u00e7\u00e3o t\u00e9cnico-cient\u00edfica com o Instituto Phorte de Educa\u00e7\u00e3o e afirmou que n\u00e3o poderia ser responsabilizada pelas obriga\u00e7\u00f5es trabalhistas do instituto.<\/p>\n<p>O juiz negou a argumenta\u00e7\u00e3o da Est\u00e1cio e reconheceu o v\u00ednculo empregat\u00edcio, bem como determinou o pagamento das diferen\u00e7as salariais em raz\u00e3o do descumprimento da legisla\u00e7\u00e3o e da conven\u00e7\u00e3o coletiva.<\/p>\n<p>A precariza\u00e7\u00e3o das condi\u00e7\u00f5es de trabalho est\u00e1 bem evidenciada, visto que o Instituto Phorte, empresa parceira da Est\u00e1cio, n\u00e3o cumpria com a legisla\u00e7\u00e3o trabalhista.<\/p>\n<p>Professores que atuam em cursos de p\u00f3s-gradua\u00e7\u00e3o ou mestrado e n\u00e3o possuem registro em carteira podem denunciar a irregularidade ao Sinpro-Rio.<\/p>\n<p>A den\u00fancia \u00e9 an\u00f4nima e servir\u00e1 para a apura\u00e7\u00e3o das irregularidades no ensino superior.<\/p>\n","protected":false},"excerpt":{"rendered":"<p>A Justi\u00e7a do Trabalho reconheceu o v\u00ednculo empregat\u00edcio de um professor que lecionou por 10 anos em cursos de MBA da Universidade Est\u00e1cio sem registro em carteira e sem receber os benef\u00edcios previstos na Conven\u00e7\u00e3o Coletiva. Na defesa, a Est\u00e1cio alegou manter uma coopera\u00e7\u00e3o t\u00e9cnico-cient\u00edfica com o Instituto Phorte de Educa\u00e7\u00e3o e afirmou que n\u00e3o [&hellip;]<\/p>\n","protected":false},"author":2,"featured_media":40936,"comment_status":"closed","ping_status":"open","sticky":false,"template":"","format":"standard","meta":{"footnotes":""},"categories":[1],"tags":[],"class_list":["post-40935","post","type-post","status-publish","format-standard","has-post-thumbnail","hentry","category-noticias"],"yoast_head":"<!-- This site is optimized with the Yoast SEO plugin v25.7 - https:\/\/yoast.com\/wordpress\/plugins\/seo\/ -->\n<title>Justi\u00e7a reconhece v\u00ednculo de professor de MBA com a Est\u00e1cio ap\u00f3s 10 anos sem registro - Sinpro-Rio<\/title>\n<meta name=\"robots\" content=\"index, follow, max-snippet:-1, max-image-preview:large, max-video-preview:-1\" \/>\n<link rel=\"canonical\" href=\"https:\/\/www.sinpro-rio.org.br\/principal\/justica-reconhece-vinculo-de-professor-de-mba-com-a-estacio-apos-10-anos-sem-registro\/\" \/>\n<meta property=\"og:locale\" content=\"pt_BR\" \/>\n<meta property=\"og:type\" content=\"article\" \/>\n<meta property=\"og:title\" content=\"Justi\u00e7a reconhece v\u00ednculo de professor de MBA com a Est\u00e1cio ap\u00f3s 10 anos sem registro - Sinpro-Rio\" \/>\n<meta property=\"og:description\" content=\"A Justi\u00e7a do Trabalho reconheceu o v\u00ednculo empregat\u00edcio de um professor que lecionou por 10 anos em cursos de MBA da Universidade Est\u00e1cio sem registro em carteira e sem receber os benef\u00edcios previstos na Conven\u00e7\u00e3o Coletiva. Na defesa, a Est\u00e1cio alegou manter uma coopera\u00e7\u00e3o t\u00e9cnico-cient\u00edfica com o Instituto Phorte de Educa\u00e7\u00e3o e afirmou que n\u00e3o [&hellip;]\" \/>\n<meta property=\"og:url\" content=\"https:\/\/www.sinpro-rio.org.br\/principal\/justica-reconhece-vinculo-de-professor-de-mba-com-a-estacio-apos-10-anos-sem-registro\/\" \/>\n<meta property=\"og:site_name\" content=\"Sinpro-Rio\" \/>\n<meta property=\"article:published_time\" content=\"2025-10-06T19:45:40+00:00\" \/>\n<meta property=\"og:image\" content=\"https:\/\/www.sinpro-rio.org.br\/principal\/wp-content\/uploads\/2025\/10\/Design-sem-nome-2025-10-06T164442.282.png\" \/>\n\t<meta property=\"og:image:width\" content=\"940\" \/>\n\t<meta property=\"og:image:height\" content=\"788\" \/>\n\t<meta property=\"og:image:type\" content=\"image\/png\" \/>\n<meta name=\"author\" content=\"alessandra\" \/>\n<meta name=\"twitter:card\" content=\"summary_large_image\" \/>\n<meta name=\"twitter:label1\" content=\"Escrito por\" \/>\n\t<meta name=\"twitter:data1\" content=\"alessandra\" \/>\n\t<meta name=\"twitter:label2\" content=\"Est. tempo de leitura\" \/>\n\t<meta name=\"twitter:data2\" content=\"2 minutos\" \/>\n<script type=\"application\/ld+json\" class=\"yoast-schema-graph\">{\"@context\":\"https:\/\/schema.org\",\"@graph\":[{\"@type\":\"WebPage\",\"@id\":\"https:\/\/www.sinpro-rio.org.br\/principal\/justica-reconhece-vinculo-de-professor-de-mba-com-a-estacio-apos-10-anos-sem-registro\/\",\"url\":\"https:\/\/www.sinpro-rio.org.br\/principal\/justica-reconhece-vinculo-de-professor-de-mba-com-a-estacio-apos-10-anos-sem-registro\/\",\"name\":\"Justi\u00e7a reconhece v\u00ednculo de professor de MBA com a Est\u00e1cio ap\u00f3s 10 anos sem registro - Sinpro-Rio\",\"isPartOf\":{\"@id\":\"https:\/\/www.sinpro-rio.org.br\/principal\/#website\"},\"primaryImageOfPage\":{\"@id\":\"https:\/\/www.sinpro-rio.org.br\/principal\/justica-reconhece-vinculo-de-professor-de-mba-com-a-estacio-apos-10-anos-sem-registro\/#primaryimage\"},\"image\":{\"@id\":\"https:\/\/www.sinpro-rio.org.br\/principal\/justica-reconhece-vinculo-de-professor-de-mba-com-a-estacio-apos-10-anos-sem-registro\/#primaryimage\"},\"thumbnailUrl\":\"https:\/\/www.sinpro-rio.org.br\/principal\/wp-content\/uploads\/2025\/10\/Design-sem-nome-2025-10-06T164442.282.png\",\"datePublished\":\"2025-10-06T19:45:40+00:00\",\"author\":{\"@id\":\"https:\/\/www.sinpro-rio.org.br\/principal\/#\/schema\/person\/ee17219e64d00d037e511ae59ce2227e\"},\"breadcrumb\":{\"@id\":\"https:\/\/www.sinpro-rio.org.br\/principal\/justica-reconhece-vinculo-de-professor-de-mba-com-a-estacio-apos-10-anos-sem-registro\/#breadcrumb\"},\"inLanguage\":\"pt-BR\",\"potentialAction\":[{\"@type\":\"ReadAction\",\"target\":[\"https:\/\/www.sinpro-rio.org.br\/principal\/justica-reconhece-vinculo-de-professor-de-mba-com-a-estacio-apos-10-anos-sem-registro\/\"]}]},{\"@type\":\"ImageObject\",\"inLanguage\":\"pt-BR\",\"@id\":\"https:\/\/www.sinpro-rio.org.br\/principal\/justica-reconhece-vinculo-de-professor-de-mba-com-a-estacio-apos-10-anos-sem-registro\/#primaryimage\",\"url\":\"https:\/\/www.sinpro-rio.org.br\/principal\/wp-content\/uploads\/2025\/10\/Design-sem-nome-2025-10-06T164442.282.png\",\"contentUrl\":\"https:\/\/www.sinpro-rio.org.br\/principal\/wp-content\/uploads\/2025\/10\/Design-sem-nome-2025-10-06T164442.282.png\",\"width\":940,\"height\":788},{\"@type\":\"BreadcrumbList\",\"@id\":\"https:\/\/www.sinpro-rio.org.br\/principal\/justica-reconhece-vinculo-de-professor-de-mba-com-a-estacio-apos-10-anos-sem-registro\/#breadcrumb\",\"itemListElement\":[{\"@type\":\"ListItem\",\"position\":1,\"name\":\"In\u00edcio\",\"item\":\"https:\/\/www.sinpro-rio.org.br\/principal\/\"},{\"@type\":\"ListItem\",\"position\":2,\"name\":\"Justi\u00e7a reconhece v\u00ednculo de professor de MBA com a Est\u00e1cio ap\u00f3s 10 anos sem registro\"}]},{\"@type\":\"WebSite\",\"@id\":\"https:\/\/www.sinpro-rio.org.br\/principal\/#website\",\"url\":\"https:\/\/www.sinpro-rio.org.br\/principal\/\",\"name\":\"Sinpro-Rio\",\"description\":\"Sindicato dos Professores do Munic\u00edpio do Rio de Janeiro e Regi\u00e3o\",\"potentialAction\":[{\"@type\":\"SearchAction\",\"target\":{\"@type\":\"EntryPoint\",\"urlTemplate\":\"https:\/\/www.sinpro-rio.org.br\/principal\/?s={search_term_string}\"},\"query-input\":{\"@type\":\"PropertyValueSpecification\",\"valueRequired\":true,\"valueName\":\"search_term_string\"}}],\"inLanguage\":\"pt-BR\"},{\"@type\":\"Person\",\"@id\":\"https:\/\/www.sinpro-rio.org.br\/principal\/#\/schema\/person\/ee17219e64d00d037e511ae59ce2227e\",\"name\":\"alessandra\",\"image\":{\"@type\":\"ImageObject\",\"inLanguage\":\"pt-BR\",\"@id\":\"https:\/\/www.sinpro-rio.org.br\/principal\/#\/schema\/person\/image\/\",\"url\":\"https:\/\/secure.gravatar.com\/avatar\/2b43fa8c0ad8e33b46a4732549f7fb20?s=96&d=mm&r=g\",\"contentUrl\":\"https:\/\/secure.gravatar.com\/avatar\/2b43fa8c0ad8e33b46a4732549f7fb20?s=96&d=mm&r=g\",\"caption\":\"alessandra\"},\"url\":\"https:\/\/www.sinpro-rio.org.br\/principal\/author\/alessandra\/\"}]}<\/script>\n<!-- \/ Yoast SEO plugin. -->","yoast_head_json":{"title":"Justi\u00e7a reconhece v\u00ednculo de professor de MBA com a Est\u00e1cio ap\u00f3s 10 anos sem registro - Sinpro-Rio","robots":{"index":"index","follow":"follow","max-snippet":"max-snippet:-1","max-image-preview":"max-image-preview:large","max-video-preview":"max-video-preview:-1"},"canonical":"https:\/\/www.sinpro-rio.org.br\/principal\/justica-reconhece-vinculo-de-professor-de-mba-com-a-estacio-apos-10-anos-sem-registro\/","og_locale":"pt_BR","og_type":"article","og_title":"Justi\u00e7a reconhece v\u00ednculo de professor de MBA com a Est\u00e1cio ap\u00f3s 10 anos sem registro - Sinpro-Rio","og_description":"A Justi\u00e7a do Trabalho reconheceu o v\u00ednculo empregat\u00edcio de um professor que lecionou por 10 anos em cursos de MBA da Universidade Est\u00e1cio sem registro em carteira e sem receber os benef\u00edcios previstos na Conven\u00e7\u00e3o Coletiva. Na defesa, a Est\u00e1cio alegou manter uma coopera\u00e7\u00e3o t\u00e9cnico-cient\u00edfica com o Instituto Phorte de Educa\u00e7\u00e3o e afirmou que n\u00e3o [&hellip;]","og_url":"https:\/\/www.sinpro-rio.org.br\/principal\/justica-reconhece-vinculo-de-professor-de-mba-com-a-estacio-apos-10-anos-sem-registro\/","og_site_name":"Sinpro-Rio","article_published_time":"2025-10-06T19:45:40+00:00","og_image":[{"width":940,"height":788,"url":"https:\/\/www.sinpro-rio.org.br\/principal\/wp-content\/uploads\/2025\/10\/Design-sem-nome-2025-10-06T164442.282.png","type":"image\/png"}],"author":"alessandra","twitter_card":"summary_large_image","twitter_misc":{"Escrito por":"alessandra","Est. tempo de leitura":"2 minutos"},"schema":{"@context":"https:\/\/schema.org","@graph":[{"@type":"WebPage","@id":"https:\/\/www.sinpro-rio.org.br\/principal\/justica-reconhece-vinculo-de-professor-de-mba-com-a-estacio-apos-10-anos-sem-registro\/","url":"https:\/\/www.sinpro-rio.org.br\/principal\/justica-reconhece-vinculo-de-professor-de-mba-com-a-estacio-apos-10-anos-sem-registro\/","name":"Justi\u00e7a reconhece v\u00ednculo de professor de MBA com a Est\u00e1cio ap\u00f3s 10 anos sem registro - Sinpro-Rio","isPartOf":{"@id":"https:\/\/www.sinpro-rio.org.br\/principal\/#website"},"primaryImageOfPage":{"@id":"https:\/\/www.sinpro-rio.org.br\/principal\/justica-reconhece-vinculo-de-professor-de-mba-com-a-estacio-apos-10-anos-sem-registro\/#primaryimage"},"image":{"@id":"https:\/\/www.sinpro-rio.org.br\/principal\/justica-reconhece-vinculo-de-professor-de-mba-com-a-estacio-apos-10-anos-sem-registro\/#primaryimage"},"thumbnailUrl":"https:\/\/www.sinpro-rio.org.br\/principal\/wp-content\/uploads\/2025\/10\/Design-sem-nome-2025-10-06T164442.282.png","datePublished":"2025-10-06T19:45:40+00:00","author":{"@id":"https:\/\/www.sinpro-rio.org.br\/principal\/#\/schema\/person\/ee17219e64d00d037e511ae59ce2227e"},"breadcrumb":{"@id":"https:\/\/www.sinpro-rio.org.br\/principal\/justica-reconhece-vinculo-de-professor-de-mba-com-a-estacio-apos-10-anos-sem-registro\/#breadcrumb"},"inLanguage":"pt-BR","potentialAction":[{"@type":"ReadAction","target":["https:\/\/www.sinpro-rio.org.br\/principal\/justica-reconhece-vinculo-de-professor-de-mba-com-a-estacio-apos-10-anos-sem-registro\/"]}]},{"@type":"ImageObject","inLanguage":"pt-BR","@id":"https:\/\/www.sinpro-rio.org.br\/principal\/justica-reconhece-vinculo-de-professor-de-mba-com-a-estacio-apos-10-anos-sem-registro\/#primaryimage","url":"https:\/\/www.sinpro-rio.org.br\/principal\/wp-content\/uploads\/2025\/10\/Design-sem-nome-2025-10-06T164442.282.png","contentUrl":"https:\/\/www.sinpro-rio.org.br\/principal\/wp-content\/uploads\/2025\/10\/Design-sem-nome-2025-10-06T164442.282.png","width":940,"height":788},{"@type":"BreadcrumbList","@id":"https:\/\/www.sinpro-rio.org.br\/principal\/justica-reconhece-vinculo-de-professor-de-mba-com-a-estacio-apos-10-anos-sem-registro\/#breadcrumb","itemListElement":[{"@type":"ListItem","position":1,"name":"In\u00edcio","item":"https:\/\/www.sinpro-rio.org.br\/principal\/"},{"@type":"ListItem","position":2,"name":"Justi\u00e7a reconhece v\u00ednculo de professor de MBA com a Est\u00e1cio ap\u00f3s 10 anos sem registro"}]},{"@type":"WebSite","@id":"https:\/\/www.sinpro-rio.org.br\/principal\/#website","url":"https:\/\/www.sinpro-rio.org.br\/principal\/","name":"Sinpro-Rio","description":"Sindicato dos Professores do Munic\u00edpio do Rio de Janeiro e Regi\u00e3o","potentialAction":[{"@type":"SearchAction","target":{"@type":"EntryPoint","urlTemplate":"https:\/\/www.sinpro-rio.org.br\/principal\/?s={search_term_string}"},"query-input":{"@type":"PropertyValueSpecification","valueRequired":true,"valueName":"search_term_string"}}],"inLanguage":"pt-BR"},{"@type":"Person","@id":"https:\/\/www.sinpro-rio.org.br\/principal\/#\/schema\/person\/ee17219e64d00d037e511ae59ce2227e","name":"alessandra","image":{"@type":"ImageObject","inLanguage":"pt-BR","@id":"https:\/\/www.sinpro-rio.org.br\/principal\/#\/schema\/person\/image\/","url":"https:\/\/secure.gravatar.com\/avatar\/2b43fa8c0ad8e33b46a4732549f7fb20?s=96&d=mm&r=g","contentUrl":"https:\/\/secure.gravatar.com\/avatar\/2b43fa8c0ad8e33b46a4732549f7fb20?s=96&d=mm&r=g","caption":"alessandra"},"url":"https:\/\/www.sinpro-rio.org.br\/principal\/author\/alessandra\/"}]}},"_links":{"self":[{"href":"https:\/\/www.sinpro-rio.org.br\/principal\/wp-json\/wp\/v2\/posts\/40935","targetHints":{"allow":["GET"]}}],"collection":[{"href":"https:\/\/www.sinpro-rio.org.br\/principal\/wp-json\/wp\/v2\/posts"}],"about":[{"href":"https:\/\/www.sinpro-rio.org.br\/principal\/wp-json\/wp\/v2\/types\/post"}],"author":[{"embeddable":true,"href":"https:\/\/www.sinpro-rio.org.br\/principal\/wp-json\/wp\/v2\/users\/2"}],"replies":[{"embeddable":true,"href":"https:\/\/www.sinpro-rio.org.br\/principal\/wp-json\/wp\/v2\/comments?post=40935"}],"version-history":[{"count":1,"href":"https:\/\/www.sinpro-rio.org.br\/principal\/wp-json\/wp\/v2\/posts\/40935\/revisions"}],"predecessor-version":[{"id":40937,"href":"https:\/\/www.sinpro-rio.org.br\/principal\/wp-json\/wp\/v2\/posts\/40935\/revisions\/40937"}],"wp:featuredmedia":[{"embeddable":true,"href":"https:\/\/www.sinpro-rio.org.br\/principal\/wp-json\/wp\/v2\/media\/40936"}],"wp:attachment":[{"href":"https:\/\/www.sinpro-rio.org.br\/principal\/wp-json\/wp\/v2\/media?parent=40935"}],"wp:term":[{"taxonomy":"category","embeddable":true,"href":"https:\/\/www.sinpro-rio.org.br\/principal\/wp-json\/wp\/v2\/categories?post=40935"},{"taxonomy":"post_tag","embeddable":true,"href":"https:\/\/www.sinpro-rio.org.br\/principal\/wp-json\/wp\/v2\/tags?post=40935"}],"curies":[{"name":"wp","href":"https:\/\/api.w.org\/{rel}","templated":true}]}}