{"id":40569,"date":"2025-08-07T14:33:14","date_gmt":"2025-08-07T17:33:14","guid":{"rendered":"https:\/\/www.sinpro-rio.org.br\/principal\/?p=40569"},"modified":"2026-02-23T13:20:52","modified_gmt":"2026-02-23T16:20:52","slug":"2025-2-a-arte-de-focar-estrategias-neurocognitivas-para-engajamento-e-atencao-em-sala-de-aula","status":"publish","type":"post","link":"https:\/\/www.sinpro-rio.org.br\/principal\/2025-2-a-arte-de-focar-estrategias-neurocognitivas-para-engajamento-e-atencao-em-sala-de-aula\/","title":{"rendered":"[2025\/2] A arte de focar &#8211; estrat\u00e9gias neurocognitivas para engajamento e aten\u00e7\u00e3o em sala de aula"},"content":{"rendered":"\n<p><strong>Local:<\/strong> Rua Pedro Lessa, 35 \u2013 3\u00ba andar &#8211; Centro&nbsp;<\/p>\n\n\n\n<p><strong>Vagas:<\/strong> 20&nbsp;<\/p>\n\n\n\n<p><strong>Carga hor\u00e1ria:<\/strong> 4 horas<br>S\u00e1bado, 8 de novembro, das 9h \u00e0s 13h<\/p>\n\n\n\n<p><strong>Valor:<\/strong> sindicalizado(a), dependente, estudante e associado(a) de outra entidade de professor: R$20,00. N\u00e3o Sindicalizado(a): R$ 30,00<\/p>\n\n\n\n<p><strong>Objetivo:<\/strong><br>1.Compreender os mecanismos neurocognitivos da aten\u00e7\u00e3o e do engajamento, e os fatores que os influenciam. 2. Identificar os desafios de foco e distra\u00e7\u00e3o enfrentados pelos alunos na era digital. 3. Aplicar t\u00e9cnicas e exerc\u00edcios neurocognitivos para estimular a aten\u00e7\u00e3o sustentada e a mem\u00f3ria de trabalho dos estudantes. 4. Desenvolver estrat\u00e9gias pedag\u00f3gicas que promovam o engajamento ativo e a participa\u00e7\u00e3o significativa dos alunos. 5.Criar um ambiente de aprendizagem que minimize distra\u00e7\u00f5es e maximize a concentra\u00e7\u00e3o.<\/p>\n\n\n\n<p><strong>Conte\u00fados:&nbsp;<\/strong><\/p>\n\n\n\n<p>T\u00e9cnicas Neurocognitivas para Estimular o Foco (1,5 horas) 1. Exerc\u00edcios de aten\u00e7\u00e3o sustentada: din\u00e2micas e atividades que \u201ctreinam\u201d o c\u00e9rebro para manter o foco. 2. Mem\u00f3ria de trabalho e aprendizado: Estrat\u00e9gias para otimizar a capacidade de reter e manipular informa\u00e7\u00f5es, essencial para a compreens\u00e3o. 3. Controle da Impulsividade: abordagens para ajudar os alunos a regularem suas respostas e tomarem decis\u00f5es mais conscientes. 4. Pausas ativas e gest\u00e3o da energia cerebral: A import\u00e2ncia do descanso e do movimento para a otimiza\u00e7\u00e3o da aten\u00e7\u00e3o. Criando um ambiente de aprendizagem engajador (1 hora) 1. Metodologias Ativas e Engajamento: Como a personaliza\u00e7\u00e3o, a gamifica\u00e7\u00e3o e a aprendizagem baseada em problemas podem aumentar o envolvimento. 2. Narrativas e Emo\u00e7\u00e3o: O poder das hist\u00f3rias e da conex\u00e3o emocional para capturar e manter a aten\u00e7\u00e3o. 3. Feedback Imediato e Construtivo: Como a resposta r\u00e1pida e orientada ao aprendizado refor\u00e7a o engajamento. 4. Design do Espa\u00e7o e do Tempo: Organiza\u00e7\u00e3o da sala de aula e do cronograma para favorecer a concentra\u00e7\u00e3o e o fluxo. Desafios e Aplica\u00e7\u00f5es Futuras (0,5 hora) 1. Estudos de Caso: Exemplos pr\u00e1ticos de sucesso na promo\u00e7\u00e3o do foco e engajamento em diferentes contextos escolares. 2. Troca de Experi\u00eancias: Compartilhamento de pr\u00e1ticas bem-sucedidas e desafios enfrentados pelos participantes. 3. Recursos e Ferramentas: Indica\u00e7\u00e3o de materiais adicionais e tecnologias para apoio cont\u00ednuo.<\/p>\n\n\n\n<p><strong>Com<\/strong><\/p>\n\n\n\n<p><strong>Elmir Chaia &#8211; <\/strong>Especialista em desenvolvimento humano com foco em neuroci\u00eancia comportamental e Soft Skiills.&nbsp;<\/p>\n\n\n\n<p><strong>Sandro Marques \u2013 <\/strong>Especialista em Neuroci\u00eancia, mestre em Ci\u00eancias da Educa\u00e7\u00e3o.<\/p>\n\n\n\n<p>Realize sua inscri\u00e7\u00e3o <a href=\"https:\/\/sis.sinpro-rio.org.br\/ep\/form_inscricoesep\/form_inscricoesep.php?variavel_chavec=gzApzlsaK9\" data-type=\"link\" data-id=\"https:\/\/sis.sinpro-rio.org.br\/ep\/form_inscricoesep\/form_inscricoesep.php?variavel_chavec=gzApzlsaK9\" class=\"button button-3d button-large button-rounded button-red\">CLICANDO AQUI!<\/a><\/p>\n","protected":false},"excerpt":{"rendered":"<p>Local: Rua Pedro Lessa, 35 \u2013 3\u00ba andar &#8211; Centro&nbsp; Vagas: 20&nbsp; Carga hor\u00e1ria: 4 horasS\u00e1bado, 8 de novembro, das 9h \u00e0s 13h Valor: sindicalizado(a), dependente, estudante e associado(a) de outra entidade de professor: R$20,00. N\u00e3o Sindicalizado(a): R$ 30,00 Objetivo:1.Compreender os mecanismos neurocognitivos da aten\u00e7\u00e3o e do engajamento, e os fatores que os influenciam. 2. [&hellip;]<\/p>\n","protected":false},"author":2,"featured_media":40570,"comment_status":"closed","ping_status":"open","sticky":false,"template":"","format":"standard","meta":{"footnotes":""},"categories":[34],"tags":[],"class_list":["post-40569","post","type-post","status-publish","format-standard","has-post-thumbnail","hentry","category-escola-do-professor"],"yoast_head":"<!-- This site is optimized with the Yoast SEO plugin v25.7 - https:\/\/yoast.com\/wordpress\/plugins\/seo\/ -->\n<title>[2025\/2] A arte de focar - estrat\u00e9gias neurocognitivas para engajamento e aten\u00e7\u00e3o em sala de aula - Sinpro-Rio<\/title>\n<meta name=\"robots\" content=\"index, follow, max-snippet:-1, max-image-preview:large, max-video-preview:-1\" \/>\n<link rel=\"canonical\" href=\"https:\/\/www.sinpro-rio.org.br\/principal\/2025-2-a-arte-de-focar-estrategias-neurocognitivas-para-engajamento-e-atencao-em-sala-de-aula\/\" \/>\n<meta property=\"og:locale\" content=\"pt_BR\" \/>\n<meta property=\"og:type\" content=\"article\" \/>\n<meta property=\"og:title\" content=\"[2025\/2] A arte de focar - estrat\u00e9gias neurocognitivas para engajamento e aten\u00e7\u00e3o em sala de aula - Sinpro-Rio\" \/>\n<meta property=\"og:description\" content=\"Local: Rua Pedro Lessa, 35 \u2013 3\u00ba andar &#8211; Centro&nbsp; Vagas: 20&nbsp; Carga hor\u00e1ria: 4 horasS\u00e1bado, 8 de novembro, das 9h \u00e0s 13h Valor: sindicalizado(a), dependente, estudante e associado(a) de outra entidade de professor: R$20,00. N\u00e3o Sindicalizado(a): R$ 30,00 Objetivo:1.Compreender os mecanismos neurocognitivos da aten\u00e7\u00e3o e do engajamento, e os fatores que os influenciam. 2. [&hellip;]\" \/>\n<meta property=\"og:url\" content=\"https:\/\/www.sinpro-rio.org.br\/principal\/2025-2-a-arte-de-focar-estrategias-neurocognitivas-para-engajamento-e-atencao-em-sala-de-aula\/\" \/>\n<meta property=\"og:site_name\" content=\"Sinpro-Rio\" \/>\n<meta property=\"article:published_time\" content=\"2025-08-07T17:33:14+00:00\" \/>\n<meta property=\"article:modified_time\" content=\"2026-02-23T16:20:52+00:00\" \/>\n<meta property=\"og:image\" content=\"https:\/\/www.sinpro-rio.org.br\/principal\/wp-content\/uploads\/2025\/08\/2806-31.png\" \/>\n\t<meta property=\"og:image:width\" content=\"1080\" \/>\n\t<meta property=\"og:image:height\" content=\"1080\" \/>\n\t<meta property=\"og:image:type\" content=\"image\/png\" \/>\n<meta name=\"author\" content=\"alessandra\" \/>\n<meta name=\"twitter:card\" content=\"summary_large_image\" \/>\n<meta name=\"twitter:label1\" content=\"Escrito por\" \/>\n\t<meta name=\"twitter:data1\" content=\"alessandra\" \/>\n\t<meta name=\"twitter:label2\" content=\"Est. tempo de leitura\" \/>\n\t<meta name=\"twitter:data2\" content=\"2 minutos\" \/>\n<script type=\"application\/ld+json\" class=\"yoast-schema-graph\">{\"@context\":\"https:\/\/schema.org\",\"@graph\":[{\"@type\":\"WebPage\",\"@id\":\"https:\/\/www.sinpro-rio.org.br\/principal\/2025-2-a-arte-de-focar-estrategias-neurocognitivas-para-engajamento-e-atencao-em-sala-de-aula\/\",\"url\":\"https:\/\/www.sinpro-rio.org.br\/principal\/2025-2-a-arte-de-focar-estrategias-neurocognitivas-para-engajamento-e-atencao-em-sala-de-aula\/\",\"name\":\"[2025\/2] A arte de focar - estrat\u00e9gias neurocognitivas para engajamento e aten\u00e7\u00e3o em sala de aula - Sinpro-Rio\",\"isPartOf\":{\"@id\":\"https:\/\/www.sinpro-rio.org.br\/principal\/#website\"},\"primaryImageOfPage\":{\"@id\":\"https:\/\/www.sinpro-rio.org.br\/principal\/2025-2-a-arte-de-focar-estrategias-neurocognitivas-para-engajamento-e-atencao-em-sala-de-aula\/#primaryimage\"},\"image\":{\"@id\":\"https:\/\/www.sinpro-rio.org.br\/principal\/2025-2-a-arte-de-focar-estrategias-neurocognitivas-para-engajamento-e-atencao-em-sala-de-aula\/#primaryimage\"},\"thumbnailUrl\":\"https:\/\/www.sinpro-rio.org.br\/principal\/wp-content\/uploads\/2025\/08\/2806-31.png\",\"datePublished\":\"2025-08-07T17:33:14+00:00\",\"dateModified\":\"2026-02-23T16:20:52+00:00\",\"author\":{\"@id\":\"https:\/\/www.sinpro-rio.org.br\/principal\/#\/schema\/person\/ee17219e64d00d037e511ae59ce2227e\"},\"breadcrumb\":{\"@id\":\"https:\/\/www.sinpro-rio.org.br\/principal\/2025-2-a-arte-de-focar-estrategias-neurocognitivas-para-engajamento-e-atencao-em-sala-de-aula\/#breadcrumb\"},\"inLanguage\":\"pt-BR\",\"potentialAction\":[{\"@type\":\"ReadAction\",\"target\":[\"https:\/\/www.sinpro-rio.org.br\/principal\/2025-2-a-arte-de-focar-estrategias-neurocognitivas-para-engajamento-e-atencao-em-sala-de-aula\/\"]}]},{\"@type\":\"ImageObject\",\"inLanguage\":\"pt-BR\",\"@id\":\"https:\/\/www.sinpro-rio.org.br\/principal\/2025-2-a-arte-de-focar-estrategias-neurocognitivas-para-engajamento-e-atencao-em-sala-de-aula\/#primaryimage\",\"url\":\"https:\/\/www.sinpro-rio.org.br\/principal\/wp-content\/uploads\/2025\/08\/2806-31.png\",\"contentUrl\":\"https:\/\/www.sinpro-rio.org.br\/principal\/wp-content\/uploads\/2025\/08\/2806-31.png\",\"width\":1080,\"height\":1080},{\"@type\":\"BreadcrumbList\",\"@id\":\"https:\/\/www.sinpro-rio.org.br\/principal\/2025-2-a-arte-de-focar-estrategias-neurocognitivas-para-engajamento-e-atencao-em-sala-de-aula\/#breadcrumb\",\"itemListElement\":[{\"@type\":\"ListItem\",\"position\":1,\"name\":\"In\u00edcio\",\"item\":\"https:\/\/www.sinpro-rio.org.br\/principal\/\"},{\"@type\":\"ListItem\",\"position\":2,\"name\":\"[2025\/2] A arte de focar &#8211; estrat\u00e9gias neurocognitivas para engajamento e aten\u00e7\u00e3o em sala de aula\"}]},{\"@type\":\"WebSite\",\"@id\":\"https:\/\/www.sinpro-rio.org.br\/principal\/#website\",\"url\":\"https:\/\/www.sinpro-rio.org.br\/principal\/\",\"name\":\"Sinpro-Rio\",\"description\":\"Sindicato dos Professores do Munic\u00edpio do Rio de Janeiro e Regi\u00e3o\",\"potentialAction\":[{\"@type\":\"SearchAction\",\"target\":{\"@type\":\"EntryPoint\",\"urlTemplate\":\"https:\/\/www.sinpro-rio.org.br\/principal\/?s={search_term_string}\"},\"query-input\":{\"@type\":\"PropertyValueSpecification\",\"valueRequired\":true,\"valueName\":\"search_term_string\"}}],\"inLanguage\":\"pt-BR\"},{\"@type\":\"Person\",\"@id\":\"https:\/\/www.sinpro-rio.org.br\/principal\/#\/schema\/person\/ee17219e64d00d037e511ae59ce2227e\",\"name\":\"alessandra\",\"image\":{\"@type\":\"ImageObject\",\"inLanguage\":\"pt-BR\",\"@id\":\"https:\/\/www.sinpro-rio.org.br\/principal\/#\/schema\/person\/image\/\",\"url\":\"https:\/\/secure.gravatar.com\/avatar\/2b43fa8c0ad8e33b46a4732549f7fb20?s=96&d=mm&r=g\",\"contentUrl\":\"https:\/\/secure.gravatar.com\/avatar\/2b43fa8c0ad8e33b46a4732549f7fb20?s=96&d=mm&r=g\",\"caption\":\"alessandra\"},\"url\":\"https:\/\/www.sinpro-rio.org.br\/principal\/author\/alessandra\/\"}]}<\/script>\n<!-- \/ Yoast SEO plugin. -->","yoast_head_json":{"title":"[2025\/2] A arte de focar - estrat\u00e9gias neurocognitivas para engajamento e aten\u00e7\u00e3o em sala de aula - Sinpro-Rio","robots":{"index":"index","follow":"follow","max-snippet":"max-snippet:-1","max-image-preview":"max-image-preview:large","max-video-preview":"max-video-preview:-1"},"canonical":"https:\/\/www.sinpro-rio.org.br\/principal\/2025-2-a-arte-de-focar-estrategias-neurocognitivas-para-engajamento-e-atencao-em-sala-de-aula\/","og_locale":"pt_BR","og_type":"article","og_title":"[2025\/2] A arte de focar - estrat\u00e9gias neurocognitivas para engajamento e aten\u00e7\u00e3o em sala de aula - Sinpro-Rio","og_description":"Local: Rua Pedro Lessa, 35 \u2013 3\u00ba andar &#8211; Centro&nbsp; Vagas: 20&nbsp; Carga hor\u00e1ria: 4 horasS\u00e1bado, 8 de novembro, das 9h \u00e0s 13h Valor: sindicalizado(a), dependente, estudante e associado(a) de outra entidade de professor: R$20,00. N\u00e3o Sindicalizado(a): R$ 30,00 Objetivo:1.Compreender os mecanismos neurocognitivos da aten\u00e7\u00e3o e do engajamento, e os fatores que os influenciam. 2. [&hellip;]","og_url":"https:\/\/www.sinpro-rio.org.br\/principal\/2025-2-a-arte-de-focar-estrategias-neurocognitivas-para-engajamento-e-atencao-em-sala-de-aula\/","og_site_name":"Sinpro-Rio","article_published_time":"2025-08-07T17:33:14+00:00","article_modified_time":"2026-02-23T16:20:52+00:00","og_image":[{"width":1080,"height":1080,"url":"https:\/\/www.sinpro-rio.org.br\/principal\/wp-content\/uploads\/2025\/08\/2806-31.png","type":"image\/png"}],"author":"alessandra","twitter_card":"summary_large_image","twitter_misc":{"Escrito por":"alessandra","Est. tempo de leitura":"2 minutos"},"schema":{"@context":"https:\/\/schema.org","@graph":[{"@type":"WebPage","@id":"https:\/\/www.sinpro-rio.org.br\/principal\/2025-2-a-arte-de-focar-estrategias-neurocognitivas-para-engajamento-e-atencao-em-sala-de-aula\/","url":"https:\/\/www.sinpro-rio.org.br\/principal\/2025-2-a-arte-de-focar-estrategias-neurocognitivas-para-engajamento-e-atencao-em-sala-de-aula\/","name":"[2025\/2] A arte de focar - estrat\u00e9gias neurocognitivas para engajamento e aten\u00e7\u00e3o em sala de aula - Sinpro-Rio","isPartOf":{"@id":"https:\/\/www.sinpro-rio.org.br\/principal\/#website"},"primaryImageOfPage":{"@id":"https:\/\/www.sinpro-rio.org.br\/principal\/2025-2-a-arte-de-focar-estrategias-neurocognitivas-para-engajamento-e-atencao-em-sala-de-aula\/#primaryimage"},"image":{"@id":"https:\/\/www.sinpro-rio.org.br\/principal\/2025-2-a-arte-de-focar-estrategias-neurocognitivas-para-engajamento-e-atencao-em-sala-de-aula\/#primaryimage"},"thumbnailUrl":"https:\/\/www.sinpro-rio.org.br\/principal\/wp-content\/uploads\/2025\/08\/2806-31.png","datePublished":"2025-08-07T17:33:14+00:00","dateModified":"2026-02-23T16:20:52+00:00","author":{"@id":"https:\/\/www.sinpro-rio.org.br\/principal\/#\/schema\/person\/ee17219e64d00d037e511ae59ce2227e"},"breadcrumb":{"@id":"https:\/\/www.sinpro-rio.org.br\/principal\/2025-2-a-arte-de-focar-estrategias-neurocognitivas-para-engajamento-e-atencao-em-sala-de-aula\/#breadcrumb"},"inLanguage":"pt-BR","potentialAction":[{"@type":"ReadAction","target":["https:\/\/www.sinpro-rio.org.br\/principal\/2025-2-a-arte-de-focar-estrategias-neurocognitivas-para-engajamento-e-atencao-em-sala-de-aula\/"]}]},{"@type":"ImageObject","inLanguage":"pt-BR","@id":"https:\/\/www.sinpro-rio.org.br\/principal\/2025-2-a-arte-de-focar-estrategias-neurocognitivas-para-engajamento-e-atencao-em-sala-de-aula\/#primaryimage","url":"https:\/\/www.sinpro-rio.org.br\/principal\/wp-content\/uploads\/2025\/08\/2806-31.png","contentUrl":"https:\/\/www.sinpro-rio.org.br\/principal\/wp-content\/uploads\/2025\/08\/2806-31.png","width":1080,"height":1080},{"@type":"BreadcrumbList","@id":"https:\/\/www.sinpro-rio.org.br\/principal\/2025-2-a-arte-de-focar-estrategias-neurocognitivas-para-engajamento-e-atencao-em-sala-de-aula\/#breadcrumb","itemListElement":[{"@type":"ListItem","position":1,"name":"In\u00edcio","item":"https:\/\/www.sinpro-rio.org.br\/principal\/"},{"@type":"ListItem","position":2,"name":"[2025\/2] A arte de focar &#8211; estrat\u00e9gias neurocognitivas para engajamento e aten\u00e7\u00e3o em sala de aula"}]},{"@type":"WebSite","@id":"https:\/\/www.sinpro-rio.org.br\/principal\/#website","url":"https:\/\/www.sinpro-rio.org.br\/principal\/","name":"Sinpro-Rio","description":"Sindicato dos Professores do Munic\u00edpio do Rio de Janeiro e Regi\u00e3o","potentialAction":[{"@type":"SearchAction","target":{"@type":"EntryPoint","urlTemplate":"https:\/\/www.sinpro-rio.org.br\/principal\/?s={search_term_string}"},"query-input":{"@type":"PropertyValueSpecification","valueRequired":true,"valueName":"search_term_string"}}],"inLanguage":"pt-BR"},{"@type":"Person","@id":"https:\/\/www.sinpro-rio.org.br\/principal\/#\/schema\/person\/ee17219e64d00d037e511ae59ce2227e","name":"alessandra","image":{"@type":"ImageObject","inLanguage":"pt-BR","@id":"https:\/\/www.sinpro-rio.org.br\/principal\/#\/schema\/person\/image\/","url":"https:\/\/secure.gravatar.com\/avatar\/2b43fa8c0ad8e33b46a4732549f7fb20?s=96&d=mm&r=g","contentUrl":"https:\/\/secure.gravatar.com\/avatar\/2b43fa8c0ad8e33b46a4732549f7fb20?s=96&d=mm&r=g","caption":"alessandra"},"url":"https:\/\/www.sinpro-rio.org.br\/principal\/author\/alessandra\/"}]}},"_links":{"self":[{"href":"https:\/\/www.sinpro-rio.org.br\/principal\/wp-json\/wp\/v2\/posts\/40569","targetHints":{"allow":["GET"]}}],"collection":[{"href":"https:\/\/www.sinpro-rio.org.br\/principal\/wp-json\/wp\/v2\/posts"}],"about":[{"href":"https:\/\/www.sinpro-rio.org.br\/principal\/wp-json\/wp\/v2\/types\/post"}],"author":[{"embeddable":true,"href":"https:\/\/www.sinpro-rio.org.br\/principal\/wp-json\/wp\/v2\/users\/2"}],"replies":[{"embeddable":true,"href":"https:\/\/www.sinpro-rio.org.br\/principal\/wp-json\/wp\/v2\/comments?post=40569"}],"version-history":[{"count":2,"href":"https:\/\/www.sinpro-rio.org.br\/principal\/wp-json\/wp\/v2\/posts\/40569\/revisions"}],"predecessor-version":[{"id":40590,"href":"https:\/\/www.sinpro-rio.org.br\/principal\/wp-json\/wp\/v2\/posts\/40569\/revisions\/40590"}],"wp:featuredmedia":[{"embeddable":true,"href":"https:\/\/www.sinpro-rio.org.br\/principal\/wp-json\/wp\/v2\/media\/40570"}],"wp:attachment":[{"href":"https:\/\/www.sinpro-rio.org.br\/principal\/wp-json\/wp\/v2\/media?parent=40569"}],"wp:term":[{"taxonomy":"category","embeddable":true,"href":"https:\/\/www.sinpro-rio.org.br\/principal\/wp-json\/wp\/v2\/categories?post=40569"},{"taxonomy":"post_tag","embeddable":true,"href":"https:\/\/www.sinpro-rio.org.br\/principal\/wp-json\/wp\/v2\/tags?post=40569"}],"curies":[{"name":"wp","href":"https:\/\/api.w.org\/{rel}","templated":true}]}}