{"id":40566,"date":"2025-08-07T14:32:25","date_gmt":"2025-08-07T17:32:25","guid":{"rendered":"https:\/\/www.sinpro-rio.org.br\/principal\/?p=40566"},"modified":"2026-02-23T13:21:14","modified_gmt":"2026-02-23T16:21:14","slug":"2025-2-ead-e-educacao-superior-navegando-pelo-novo-marco-regulatorio-o-impacto-do-novo-marco-regulatorio-da-educacao-superior-sobre-a-educacao-a-distancia-ead","status":"publish","type":"post","link":"https:\/\/www.sinpro-rio.org.br\/principal\/2025-2-ead-e-educacao-superior-navegando-pelo-novo-marco-regulatorio-o-impacto-do-novo-marco-regulatorio-da-educacao-superior-sobre-a-educacao-a-distancia-ead\/","title":{"rendered":"[2025\/2] EAD e Educa\u00e7\u00e3o Superior: Navegando pelo Novo Marco Regulat\u00f3rio &#8211; O impacto do Novo Marco Regulat\u00f3rio da Educa\u00e7\u00e3o Superior sobre a educa\u00e7\u00e3o a dist\u00e2ncia (EAD)"},"content":{"rendered":"\n<p><strong>Local:<\/strong> Espa\u00e7o Cultural Paulo Freire\/Sinpro &#8211; Rua Pedro Lessa, 35 \u2013 2\u00ba andar &#8211; Centro&nbsp;<\/p>\n\n\n\n<p><br>S\u00e1bado, 27 de outubro, \u00e0s 18h<\/p>\n\n\n\n<p><strong>Valor:<\/strong> ENTRADA FRANCA!<\/p>\n\n\n\n<p><strong>Conte\u00fados:&nbsp;<\/strong><\/p>\n\n\n\n<p>1. Fundamentos da Educa\u00e7\u00e3o a Dist\u00e2ncia (EAD) e o Novo Marco Regulat\u00f3rio&nbsp;<\/p>\n\n\n\n<p>2. Defini\u00e7\u00e3o da EAD e sua evolu\u00e7\u00e3o no Brasil.&nbsp;<\/p>\n\n\n\n<p>3. Contextualiza\u00e7\u00e3o do Novo Marco Regulat\u00f3rio da Educa\u00e7\u00e3o Superior e suas principais mudan\u00e7as para os cursos a dist\u00e2ncia.&nbsp;<\/p>\n\n\n\n<p>4. Impactos e Desafios do Novo Marco Regulat\u00f3rio na EAD.&nbsp;<\/p>\n\n\n\n<p>5. An\u00e1lise dos efeitos das novas regulamenta\u00e7\u00f5es nas pr\u00e1ticas pedag\u00f3gicas, administrativas e de avalia\u00e7\u00e3o dos cursos EAD.&nbsp;<\/p>\n\n\n\n<p>6. Desafios enfrentados pelas institui\u00e7\u00f5es de ensino superior para se adaptar \u00e0s novas exig\u00eancias e garantir qualidade no ensino.&nbsp;<\/p>\n\n\n\n<p>7. Estrat\u00e9gias de Adapta\u00e7\u00e3o para Institui\u00e7\u00f5es de Ensino Superior.&nbsp;<\/p>\n\n\n\n<p>8. Propostas de estrat\u00e9gias e boas pr\u00e1ticas para adaptar os cursos EAD \u00e0s novas normas, visando melhorar a qualidade do ensino e a gest\u00e3o institucional.<\/p>\n\n\n\n<p><strong>Participa\u00e7\u00e3o&nbsp;<\/strong><\/p>\n\n\n\n<p>Comiss\u00e3o de Educa\u00e7\u00e3o Superior SINPRO-RIO<\/p>\n\n\n\n<p>Convidados a confirmar<\/p>\n\n\n\n<p>Realize sua inscri\u00e7\u00e3o <a href=\"https:\/\/sis.sinpro-rio.org.br\/ep\/form_inscricoesep\/form_inscricoesep.php?variavel_chavec=3lqraFkmXg\" data-type=\"link\" data-id=\"https:\/\/sis.sinpro-rio.org.br\/ep\/form_inscricoesep\/form_inscricoesep.php?variavel_chavec=3lqraFkmXg\" class=\"button button-3d button-large button-rounded button-red\">CLICANDO AQUI!<\/a><\/p>\n","protected":false},"excerpt":{"rendered":"<p>Local: Espa\u00e7o Cultural Paulo Freire\/Sinpro &#8211; Rua Pedro Lessa, 35 \u2013 2\u00ba andar &#8211; Centro&nbsp; S\u00e1bado, 27 de outubro, \u00e0s 18h Valor: ENTRADA FRANCA! Conte\u00fados:&nbsp; 1. Fundamentos da Educa\u00e7\u00e3o a Dist\u00e2ncia (EAD) e o Novo Marco Regulat\u00f3rio&nbsp; 2. Defini\u00e7\u00e3o da EAD e sua evolu\u00e7\u00e3o no Brasil.&nbsp; 3. Contextualiza\u00e7\u00e3o do Novo Marco Regulat\u00f3rio da Educa\u00e7\u00e3o Superior [&hellip;]<\/p>\n","protected":false},"author":2,"featured_media":40567,"comment_status":"closed","ping_status":"open","sticky":false,"template":"","format":"standard","meta":{"footnotes":""},"categories":[34],"tags":[],"class_list":["post-40566","post","type-post","status-publish","format-standard","has-post-thumbnail","hentry","category-escola-do-professor"],"yoast_head":"<!-- This site is optimized with the Yoast SEO plugin v25.7 - https:\/\/yoast.com\/wordpress\/plugins\/seo\/ -->\n<title>[2025\/2] EAD e Educa\u00e7\u00e3o Superior: Navegando pelo Novo Marco Regulat\u00f3rio - O impacto do Novo Marco Regulat\u00f3rio da Educa\u00e7\u00e3o Superior sobre a educa\u00e7\u00e3o a dist\u00e2ncia (EAD) - Sinpro-Rio<\/title>\n<meta name=\"robots\" content=\"index, follow, max-snippet:-1, max-image-preview:large, max-video-preview:-1\" \/>\n<link rel=\"canonical\" href=\"https:\/\/www.sinpro-rio.org.br\/principal\/2025-2-ead-e-educacao-superior-navegando-pelo-novo-marco-regulatorio-o-impacto-do-novo-marco-regulatorio-da-educacao-superior-sobre-a-educacao-a-distancia-ead\/\" \/>\n<meta property=\"og:locale\" content=\"pt_BR\" \/>\n<meta property=\"og:type\" content=\"article\" \/>\n<meta property=\"og:title\" content=\"[2025\/2] EAD e Educa\u00e7\u00e3o Superior: Navegando pelo Novo Marco Regulat\u00f3rio - O impacto do Novo Marco Regulat\u00f3rio da Educa\u00e7\u00e3o Superior sobre a educa\u00e7\u00e3o a dist\u00e2ncia (EAD) - Sinpro-Rio\" \/>\n<meta property=\"og:description\" content=\"Local: Espa\u00e7o Cultural Paulo Freire\/Sinpro &#8211; Rua Pedro Lessa, 35 \u2013 2\u00ba andar &#8211; Centro&nbsp; S\u00e1bado, 27 de outubro, \u00e0s 18h Valor: ENTRADA FRANCA! Conte\u00fados:&nbsp; 1. Fundamentos da Educa\u00e7\u00e3o a Dist\u00e2ncia (EAD) e o Novo Marco Regulat\u00f3rio&nbsp; 2. Defini\u00e7\u00e3o da EAD e sua evolu\u00e7\u00e3o no Brasil.&nbsp; 3. Contextualiza\u00e7\u00e3o do Novo Marco Regulat\u00f3rio da Educa\u00e7\u00e3o Superior [&hellip;]\" \/>\n<meta property=\"og:url\" content=\"https:\/\/www.sinpro-rio.org.br\/principal\/2025-2-ead-e-educacao-superior-navegando-pelo-novo-marco-regulatorio-o-impacto-do-novo-marco-regulatorio-da-educacao-superior-sobre-a-educacao-a-distancia-ead\/\" \/>\n<meta property=\"og:site_name\" content=\"Sinpro-Rio\" \/>\n<meta property=\"article:published_time\" content=\"2025-08-07T17:32:25+00:00\" \/>\n<meta property=\"article:modified_time\" content=\"2026-02-23T16:21:14+00:00\" \/>\n<meta property=\"og:image\" content=\"https:\/\/www.sinpro-rio.org.br\/principal\/wp-content\/uploads\/2025\/08\/2806-30.png\" \/>\n\t<meta property=\"og:image:width\" content=\"1080\" \/>\n\t<meta property=\"og:image:height\" content=\"1080\" \/>\n\t<meta property=\"og:image:type\" content=\"image\/png\" \/>\n<meta name=\"author\" content=\"alessandra\" \/>\n<meta name=\"twitter:card\" content=\"summary_large_image\" \/>\n<meta name=\"twitter:label1\" content=\"Escrito por\" \/>\n\t<meta name=\"twitter:data1\" content=\"alessandra\" \/>\n\t<meta name=\"twitter:label2\" content=\"Est. tempo de leitura\" \/>\n\t<meta name=\"twitter:data2\" content=\"1 minuto\" \/>\n<script type=\"application\/ld+json\" class=\"yoast-schema-graph\">{\"@context\":\"https:\/\/schema.org\",\"@graph\":[{\"@type\":\"WebPage\",\"@id\":\"https:\/\/www.sinpro-rio.org.br\/principal\/2025-2-ead-e-educacao-superior-navegando-pelo-novo-marco-regulatorio-o-impacto-do-novo-marco-regulatorio-da-educacao-superior-sobre-a-educacao-a-distancia-ead\/\",\"url\":\"https:\/\/www.sinpro-rio.org.br\/principal\/2025-2-ead-e-educacao-superior-navegando-pelo-novo-marco-regulatorio-o-impacto-do-novo-marco-regulatorio-da-educacao-superior-sobre-a-educacao-a-distancia-ead\/\",\"name\":\"[2025\/2] EAD e Educa\u00e7\u00e3o Superior: Navegando pelo Novo Marco Regulat\u00f3rio - O impacto do Novo Marco Regulat\u00f3rio da Educa\u00e7\u00e3o Superior sobre a educa\u00e7\u00e3o a dist\u00e2ncia (EAD) - Sinpro-Rio\",\"isPartOf\":{\"@id\":\"https:\/\/www.sinpro-rio.org.br\/principal\/#website\"},\"primaryImageOfPage\":{\"@id\":\"https:\/\/www.sinpro-rio.org.br\/principal\/2025-2-ead-e-educacao-superior-navegando-pelo-novo-marco-regulatorio-o-impacto-do-novo-marco-regulatorio-da-educacao-superior-sobre-a-educacao-a-distancia-ead\/#primaryimage\"},\"image\":{\"@id\":\"https:\/\/www.sinpro-rio.org.br\/principal\/2025-2-ead-e-educacao-superior-navegando-pelo-novo-marco-regulatorio-o-impacto-do-novo-marco-regulatorio-da-educacao-superior-sobre-a-educacao-a-distancia-ead\/#primaryimage\"},\"thumbnailUrl\":\"https:\/\/www.sinpro-rio.org.br\/principal\/wp-content\/uploads\/2025\/08\/2806-30.png\",\"datePublished\":\"2025-08-07T17:32:25+00:00\",\"dateModified\":\"2026-02-23T16:21:14+00:00\",\"author\":{\"@id\":\"https:\/\/www.sinpro-rio.org.br\/principal\/#\/schema\/person\/ee17219e64d00d037e511ae59ce2227e\"},\"breadcrumb\":{\"@id\":\"https:\/\/www.sinpro-rio.org.br\/principal\/2025-2-ead-e-educacao-superior-navegando-pelo-novo-marco-regulatorio-o-impacto-do-novo-marco-regulatorio-da-educacao-superior-sobre-a-educacao-a-distancia-ead\/#breadcrumb\"},\"inLanguage\":\"pt-BR\",\"potentialAction\":[{\"@type\":\"ReadAction\",\"target\":[\"https:\/\/www.sinpro-rio.org.br\/principal\/2025-2-ead-e-educacao-superior-navegando-pelo-novo-marco-regulatorio-o-impacto-do-novo-marco-regulatorio-da-educacao-superior-sobre-a-educacao-a-distancia-ead\/\"]}]},{\"@type\":\"ImageObject\",\"inLanguage\":\"pt-BR\",\"@id\":\"https:\/\/www.sinpro-rio.org.br\/principal\/2025-2-ead-e-educacao-superior-navegando-pelo-novo-marco-regulatorio-o-impacto-do-novo-marco-regulatorio-da-educacao-superior-sobre-a-educacao-a-distancia-ead\/#primaryimage\",\"url\":\"https:\/\/www.sinpro-rio.org.br\/principal\/wp-content\/uploads\/2025\/08\/2806-30.png\",\"contentUrl\":\"https:\/\/www.sinpro-rio.org.br\/principal\/wp-content\/uploads\/2025\/08\/2806-30.png\",\"width\":1080,\"height\":1080},{\"@type\":\"BreadcrumbList\",\"@id\":\"https:\/\/www.sinpro-rio.org.br\/principal\/2025-2-ead-e-educacao-superior-navegando-pelo-novo-marco-regulatorio-o-impacto-do-novo-marco-regulatorio-da-educacao-superior-sobre-a-educacao-a-distancia-ead\/#breadcrumb\",\"itemListElement\":[{\"@type\":\"ListItem\",\"position\":1,\"name\":\"In\u00edcio\",\"item\":\"https:\/\/www.sinpro-rio.org.br\/principal\/\"},{\"@type\":\"ListItem\",\"position\":2,\"name\":\"[2025\/2] EAD e Educa\u00e7\u00e3o Superior: Navegando pelo Novo Marco Regulat\u00f3rio &#8211; O impacto do Novo Marco Regulat\u00f3rio da Educa\u00e7\u00e3o Superior sobre a educa\u00e7\u00e3o a dist\u00e2ncia (EAD)\"}]},{\"@type\":\"WebSite\",\"@id\":\"https:\/\/www.sinpro-rio.org.br\/principal\/#website\",\"url\":\"https:\/\/www.sinpro-rio.org.br\/principal\/\",\"name\":\"Sinpro-Rio\",\"description\":\"Sindicato dos Professores do Munic\u00edpio do Rio de Janeiro e Regi\u00e3o\",\"potentialAction\":[{\"@type\":\"SearchAction\",\"target\":{\"@type\":\"EntryPoint\",\"urlTemplate\":\"https:\/\/www.sinpro-rio.org.br\/principal\/?s={search_term_string}\"},\"query-input\":{\"@type\":\"PropertyValueSpecification\",\"valueRequired\":true,\"valueName\":\"search_term_string\"}}],\"inLanguage\":\"pt-BR\"},{\"@type\":\"Person\",\"@id\":\"https:\/\/www.sinpro-rio.org.br\/principal\/#\/schema\/person\/ee17219e64d00d037e511ae59ce2227e\",\"name\":\"alessandra\",\"image\":{\"@type\":\"ImageObject\",\"inLanguage\":\"pt-BR\",\"@id\":\"https:\/\/www.sinpro-rio.org.br\/principal\/#\/schema\/person\/image\/\",\"url\":\"https:\/\/secure.gravatar.com\/avatar\/2b43fa8c0ad8e33b46a4732549f7fb20?s=96&d=mm&r=g\",\"contentUrl\":\"https:\/\/secure.gravatar.com\/avatar\/2b43fa8c0ad8e33b46a4732549f7fb20?s=96&d=mm&r=g\",\"caption\":\"alessandra\"},\"url\":\"https:\/\/www.sinpro-rio.org.br\/principal\/author\/alessandra\/\"}]}<\/script>\n<!-- \/ Yoast SEO plugin. -->","yoast_head_json":{"title":"[2025\/2] EAD e Educa\u00e7\u00e3o Superior: Navegando pelo Novo Marco Regulat\u00f3rio - O impacto do Novo Marco Regulat\u00f3rio da Educa\u00e7\u00e3o Superior sobre a educa\u00e7\u00e3o a dist\u00e2ncia (EAD) - Sinpro-Rio","robots":{"index":"index","follow":"follow","max-snippet":"max-snippet:-1","max-image-preview":"max-image-preview:large","max-video-preview":"max-video-preview:-1"},"canonical":"https:\/\/www.sinpro-rio.org.br\/principal\/2025-2-ead-e-educacao-superior-navegando-pelo-novo-marco-regulatorio-o-impacto-do-novo-marco-regulatorio-da-educacao-superior-sobre-a-educacao-a-distancia-ead\/","og_locale":"pt_BR","og_type":"article","og_title":"[2025\/2] EAD e Educa\u00e7\u00e3o Superior: Navegando pelo Novo Marco Regulat\u00f3rio - O impacto do Novo Marco Regulat\u00f3rio da Educa\u00e7\u00e3o Superior sobre a educa\u00e7\u00e3o a dist\u00e2ncia (EAD) - Sinpro-Rio","og_description":"Local: Espa\u00e7o Cultural Paulo Freire\/Sinpro &#8211; Rua Pedro Lessa, 35 \u2013 2\u00ba andar &#8211; Centro&nbsp; S\u00e1bado, 27 de outubro, \u00e0s 18h Valor: ENTRADA FRANCA! Conte\u00fados:&nbsp; 1. Fundamentos da Educa\u00e7\u00e3o a Dist\u00e2ncia (EAD) e o Novo Marco Regulat\u00f3rio&nbsp; 2. Defini\u00e7\u00e3o da EAD e sua evolu\u00e7\u00e3o no Brasil.&nbsp; 3. Contextualiza\u00e7\u00e3o do Novo Marco Regulat\u00f3rio da Educa\u00e7\u00e3o Superior [&hellip;]","og_url":"https:\/\/www.sinpro-rio.org.br\/principal\/2025-2-ead-e-educacao-superior-navegando-pelo-novo-marco-regulatorio-o-impacto-do-novo-marco-regulatorio-da-educacao-superior-sobre-a-educacao-a-distancia-ead\/","og_site_name":"Sinpro-Rio","article_published_time":"2025-08-07T17:32:25+00:00","article_modified_time":"2026-02-23T16:21:14+00:00","og_image":[{"width":1080,"height":1080,"url":"https:\/\/www.sinpro-rio.org.br\/principal\/wp-content\/uploads\/2025\/08\/2806-30.png","type":"image\/png"}],"author":"alessandra","twitter_card":"summary_large_image","twitter_misc":{"Escrito por":"alessandra","Est. tempo de leitura":"1 minuto"},"schema":{"@context":"https:\/\/schema.org","@graph":[{"@type":"WebPage","@id":"https:\/\/www.sinpro-rio.org.br\/principal\/2025-2-ead-e-educacao-superior-navegando-pelo-novo-marco-regulatorio-o-impacto-do-novo-marco-regulatorio-da-educacao-superior-sobre-a-educacao-a-distancia-ead\/","url":"https:\/\/www.sinpro-rio.org.br\/principal\/2025-2-ead-e-educacao-superior-navegando-pelo-novo-marco-regulatorio-o-impacto-do-novo-marco-regulatorio-da-educacao-superior-sobre-a-educacao-a-distancia-ead\/","name":"[2025\/2] EAD e Educa\u00e7\u00e3o Superior: Navegando pelo Novo Marco Regulat\u00f3rio - O impacto do Novo Marco Regulat\u00f3rio da Educa\u00e7\u00e3o Superior sobre a educa\u00e7\u00e3o a dist\u00e2ncia (EAD) - Sinpro-Rio","isPartOf":{"@id":"https:\/\/www.sinpro-rio.org.br\/principal\/#website"},"primaryImageOfPage":{"@id":"https:\/\/www.sinpro-rio.org.br\/principal\/2025-2-ead-e-educacao-superior-navegando-pelo-novo-marco-regulatorio-o-impacto-do-novo-marco-regulatorio-da-educacao-superior-sobre-a-educacao-a-distancia-ead\/#primaryimage"},"image":{"@id":"https:\/\/www.sinpro-rio.org.br\/principal\/2025-2-ead-e-educacao-superior-navegando-pelo-novo-marco-regulatorio-o-impacto-do-novo-marco-regulatorio-da-educacao-superior-sobre-a-educacao-a-distancia-ead\/#primaryimage"},"thumbnailUrl":"https:\/\/www.sinpro-rio.org.br\/principal\/wp-content\/uploads\/2025\/08\/2806-30.png","datePublished":"2025-08-07T17:32:25+00:00","dateModified":"2026-02-23T16:21:14+00:00","author":{"@id":"https:\/\/www.sinpro-rio.org.br\/principal\/#\/schema\/person\/ee17219e64d00d037e511ae59ce2227e"},"breadcrumb":{"@id":"https:\/\/www.sinpro-rio.org.br\/principal\/2025-2-ead-e-educacao-superior-navegando-pelo-novo-marco-regulatorio-o-impacto-do-novo-marco-regulatorio-da-educacao-superior-sobre-a-educacao-a-distancia-ead\/#breadcrumb"},"inLanguage":"pt-BR","potentialAction":[{"@type":"ReadAction","target":["https:\/\/www.sinpro-rio.org.br\/principal\/2025-2-ead-e-educacao-superior-navegando-pelo-novo-marco-regulatorio-o-impacto-do-novo-marco-regulatorio-da-educacao-superior-sobre-a-educacao-a-distancia-ead\/"]}]},{"@type":"ImageObject","inLanguage":"pt-BR","@id":"https:\/\/www.sinpro-rio.org.br\/principal\/2025-2-ead-e-educacao-superior-navegando-pelo-novo-marco-regulatorio-o-impacto-do-novo-marco-regulatorio-da-educacao-superior-sobre-a-educacao-a-distancia-ead\/#primaryimage","url":"https:\/\/www.sinpro-rio.org.br\/principal\/wp-content\/uploads\/2025\/08\/2806-30.png","contentUrl":"https:\/\/www.sinpro-rio.org.br\/principal\/wp-content\/uploads\/2025\/08\/2806-30.png","width":1080,"height":1080},{"@type":"BreadcrumbList","@id":"https:\/\/www.sinpro-rio.org.br\/principal\/2025-2-ead-e-educacao-superior-navegando-pelo-novo-marco-regulatorio-o-impacto-do-novo-marco-regulatorio-da-educacao-superior-sobre-a-educacao-a-distancia-ead\/#breadcrumb","itemListElement":[{"@type":"ListItem","position":1,"name":"In\u00edcio","item":"https:\/\/www.sinpro-rio.org.br\/principal\/"},{"@type":"ListItem","position":2,"name":"[2025\/2] EAD e Educa\u00e7\u00e3o Superior: Navegando pelo Novo Marco Regulat\u00f3rio &#8211; O impacto do Novo Marco Regulat\u00f3rio da Educa\u00e7\u00e3o Superior sobre a educa\u00e7\u00e3o a dist\u00e2ncia (EAD)"}]},{"@type":"WebSite","@id":"https:\/\/www.sinpro-rio.org.br\/principal\/#website","url":"https:\/\/www.sinpro-rio.org.br\/principal\/","name":"Sinpro-Rio","description":"Sindicato dos Professores do Munic\u00edpio do Rio de Janeiro e Regi\u00e3o","potentialAction":[{"@type":"SearchAction","target":{"@type":"EntryPoint","urlTemplate":"https:\/\/www.sinpro-rio.org.br\/principal\/?s={search_term_string}"},"query-input":{"@type":"PropertyValueSpecification","valueRequired":true,"valueName":"search_term_string"}}],"inLanguage":"pt-BR"},{"@type":"Person","@id":"https:\/\/www.sinpro-rio.org.br\/principal\/#\/schema\/person\/ee17219e64d00d037e511ae59ce2227e","name":"alessandra","image":{"@type":"ImageObject","inLanguage":"pt-BR","@id":"https:\/\/www.sinpro-rio.org.br\/principal\/#\/schema\/person\/image\/","url":"https:\/\/secure.gravatar.com\/avatar\/2b43fa8c0ad8e33b46a4732549f7fb20?s=96&d=mm&r=g","contentUrl":"https:\/\/secure.gravatar.com\/avatar\/2b43fa8c0ad8e33b46a4732549f7fb20?s=96&d=mm&r=g","caption":"alessandra"},"url":"https:\/\/www.sinpro-rio.org.br\/principal\/author\/alessandra\/"}]}},"_links":{"self":[{"href":"https:\/\/www.sinpro-rio.org.br\/principal\/wp-json\/wp\/v2\/posts\/40566","targetHints":{"allow":["GET"]}}],"collection":[{"href":"https:\/\/www.sinpro-rio.org.br\/principal\/wp-json\/wp\/v2\/posts"}],"about":[{"href":"https:\/\/www.sinpro-rio.org.br\/principal\/wp-json\/wp\/v2\/types\/post"}],"author":[{"embeddable":true,"href":"https:\/\/www.sinpro-rio.org.br\/principal\/wp-json\/wp\/v2\/users\/2"}],"replies":[{"embeddable":true,"href":"https:\/\/www.sinpro-rio.org.br\/principal\/wp-json\/wp\/v2\/comments?post=40566"}],"version-history":[{"count":2,"href":"https:\/\/www.sinpro-rio.org.br\/principal\/wp-json\/wp\/v2\/posts\/40566\/revisions"}],"predecessor-version":[{"id":40589,"href":"https:\/\/www.sinpro-rio.org.br\/principal\/wp-json\/wp\/v2\/posts\/40566\/revisions\/40589"}],"wp:featuredmedia":[{"embeddable":true,"href":"https:\/\/www.sinpro-rio.org.br\/principal\/wp-json\/wp\/v2\/media\/40567"}],"wp:attachment":[{"href":"https:\/\/www.sinpro-rio.org.br\/principal\/wp-json\/wp\/v2\/media?parent=40566"}],"wp:term":[{"taxonomy":"category","embeddable":true,"href":"https:\/\/www.sinpro-rio.org.br\/principal\/wp-json\/wp\/v2\/categories?post=40566"},{"taxonomy":"post_tag","embeddable":true,"href":"https:\/\/www.sinpro-rio.org.br\/principal\/wp-json\/wp\/v2\/tags?post=40566"}],"curies":[{"name":"wp","href":"https:\/\/api.w.org\/{rel}","templated":true}]}}