{"id":40559,"date":"2025-08-07T14:30:05","date_gmt":"2025-08-07T17:30:05","guid":{"rendered":"https:\/\/www.sinpro-rio.org.br\/principal\/?p=40559"},"modified":"2026-02-23T13:21:29","modified_gmt":"2026-02-23T16:21:29","slug":"2025-2-construindo-o-pei-da-teoria-a-pratica-plano-educacional-individualizado-para-professores-da-educacao-infantil-ao-ensino-medio","status":"publish","type":"post","link":"https:\/\/www.sinpro-rio.org.br\/principal\/2025-2-construindo-o-pei-da-teoria-a-pratica-plano-educacional-individualizado-para-professores-da-educacao-infantil-ao-ensino-medio\/","title":{"rendered":"[2025\/2] Construindo o PEI: da teoria \u00e0 pr\u00e1tica- Plano Educacional Individualizado para professores da Educa\u00e7\u00e3o Infantil ao Ensino M\u00e9dio"},"content":{"rendered":"\n<p><strong>Local:<\/strong> Rua Pedro Lessa, 35 \u2013 3\u00ba andar &#8211; Centro&nbsp;<\/p>\n\n\n\n<p><strong>Vagas:<\/strong> 30&nbsp;<\/p>\n\n\n\n<p><strong>Carga hor\u00e1ria:<\/strong> 4 horas<br>S\u00e1bado, 25 de outubro, das 9h \u00e0s 13h<\/p>\n\n\n\n<p><strong>Valor:<\/strong> sindicalizado(a), dependente, estudante e associado(a) de outra entidade de professor: R$20,00. N\u00e3o Sindicalizado(a): R$ 30,00<\/p>\n\n\n\n<p><strong>Objetivo:<\/strong><br>Ensinar os professores a elaborar o Plano de Ensino Individualizado (PEI), documento fundamental para a promo\u00e7\u00e3o da real inclus\u00e3o escolar.&nbsp;<\/p>\n\n\n\n<p><strong>Conte\u00fados:&nbsp;<\/strong><\/p>\n\n\n\n<p>Leis que embasam o PEI; eixos principais; avalia\u00e7\u00e3o de habilidades dos alunos de inclus\u00e3o e como preencher cada t\u00f3pico; preenchimento de PEI na pr\u00e1tica, import\u00e2ncia desse documento para o desenvolvimento da aprendizagem. O PEI tamb\u00e9m ajuda a saber o funcionamento do trabalho colaborativo entre fam\u00edlia, escola e terapeutas e quais adapta\u00e7\u00f5es s\u00e3o necess\u00e1rias.<\/p>\n\n\n\n<p><strong>Com<\/strong><\/p>\n\n\n\n<p><strong>Dra. Gizelly Soares &#8211; <\/strong>Doutorado em Letras Vern\u00e1culas, Psicopedagoga cl\u00ednica e institucional respons\u00e1vel pelo atendimento CREScER.<\/p>\n\n\n\n<p>Realize sua inscri\u00e7\u00e3o <a href=\"https:\/\/sis.sinpro-rio.org.br\/ep\/form_inscricoesep\/form_inscricoesep.php?variavel_chavec=KlWxo3VC8m\" data-type=\"link\" data-id=\"https:\/\/sis.sinpro-rio.org.br\/ep\/form_inscricoesep\/form_inscricoesep.php?variavel_chavec=KlWxo3VC8m\" class=\"button button-3d button-large button-rounded button-red\">CLICANDO AQUI!<\/a><\/p>\n","protected":false},"excerpt":{"rendered":"<p>Local: Rua Pedro Lessa, 35 \u2013 3\u00ba andar &#8211; Centro&nbsp; Vagas: 30&nbsp; Carga hor\u00e1ria: 4 horasS\u00e1bado, 25 de outubro, das 9h \u00e0s 13h Valor: sindicalizado(a), dependente, estudante e associado(a) de outra entidade de professor: R$20,00. N\u00e3o Sindicalizado(a): R$ 30,00 Objetivo:Ensinar os professores a elaborar o Plano de Ensino Individualizado (PEI), documento fundamental para a promo\u00e7\u00e3o [&hellip;]<\/p>\n","protected":false},"author":2,"featured_media":40560,"comment_status":"closed","ping_status":"open","sticky":false,"template":"","format":"standard","meta":{"footnotes":""},"categories":[34],"tags":[],"class_list":["post-40559","post","type-post","status-publish","format-standard","has-post-thumbnail","hentry","category-escola-do-professor"],"yoast_head":"<!-- This site is optimized with the Yoast SEO plugin v25.7 - https:\/\/yoast.com\/wordpress\/plugins\/seo\/ -->\n<title>[2025\/2] Construindo o PEI: da teoria \u00e0 pr\u00e1tica- Plano Educacional Individualizado para professores da Educa\u00e7\u00e3o Infantil ao Ensino M\u00e9dio - Sinpro-Rio<\/title>\n<meta name=\"robots\" content=\"index, follow, max-snippet:-1, max-image-preview:large, max-video-preview:-1\" \/>\n<link rel=\"canonical\" href=\"https:\/\/www.sinpro-rio.org.br\/principal\/2025-2-construindo-o-pei-da-teoria-a-pratica-plano-educacional-individualizado-para-professores-da-educacao-infantil-ao-ensino-medio\/\" \/>\n<meta property=\"og:locale\" content=\"pt_BR\" \/>\n<meta property=\"og:type\" content=\"article\" \/>\n<meta property=\"og:title\" content=\"[2025\/2] Construindo o PEI: da teoria \u00e0 pr\u00e1tica- Plano Educacional Individualizado para professores da Educa\u00e7\u00e3o Infantil ao Ensino M\u00e9dio - Sinpro-Rio\" \/>\n<meta property=\"og:description\" content=\"Local: Rua Pedro Lessa, 35 \u2013 3\u00ba andar &#8211; Centro&nbsp; Vagas: 30&nbsp; Carga hor\u00e1ria: 4 horasS\u00e1bado, 25 de outubro, das 9h \u00e0s 13h Valor: sindicalizado(a), dependente, estudante e associado(a) de outra entidade de professor: R$20,00. N\u00e3o Sindicalizado(a): R$ 30,00 Objetivo:Ensinar os professores a elaborar o Plano de Ensino Individualizado (PEI), documento fundamental para a promo\u00e7\u00e3o [&hellip;]\" \/>\n<meta property=\"og:url\" content=\"https:\/\/www.sinpro-rio.org.br\/principal\/2025-2-construindo-o-pei-da-teoria-a-pratica-plano-educacional-individualizado-para-professores-da-educacao-infantil-ao-ensino-medio\/\" \/>\n<meta property=\"og:site_name\" content=\"Sinpro-Rio\" \/>\n<meta property=\"article:published_time\" content=\"2025-08-07T17:30:05+00:00\" \/>\n<meta property=\"article:modified_time\" content=\"2026-02-23T16:21:29+00:00\" \/>\n<meta property=\"og:image\" content=\"https:\/\/www.sinpro-rio.org.br\/principal\/wp-content\/uploads\/2025\/08\/2806-28.png\" \/>\n\t<meta property=\"og:image:width\" content=\"1080\" \/>\n\t<meta property=\"og:image:height\" content=\"1080\" \/>\n\t<meta property=\"og:image:type\" content=\"image\/png\" \/>\n<meta name=\"author\" content=\"alessandra\" \/>\n<meta name=\"twitter:card\" content=\"summary_large_image\" \/>\n<meta name=\"twitter:label1\" content=\"Escrito por\" \/>\n\t<meta name=\"twitter:data1\" content=\"alessandra\" \/>\n\t<meta name=\"twitter:label2\" content=\"Est. tempo de leitura\" \/>\n\t<meta name=\"twitter:data2\" content=\"1 minuto\" \/>\n<script type=\"application\/ld+json\" class=\"yoast-schema-graph\">{\"@context\":\"https:\/\/schema.org\",\"@graph\":[{\"@type\":\"WebPage\",\"@id\":\"https:\/\/www.sinpro-rio.org.br\/principal\/2025-2-construindo-o-pei-da-teoria-a-pratica-plano-educacional-individualizado-para-professores-da-educacao-infantil-ao-ensino-medio\/\",\"url\":\"https:\/\/www.sinpro-rio.org.br\/principal\/2025-2-construindo-o-pei-da-teoria-a-pratica-plano-educacional-individualizado-para-professores-da-educacao-infantil-ao-ensino-medio\/\",\"name\":\"[2025\/2] Construindo o PEI: da teoria \u00e0 pr\u00e1tica- Plano Educacional Individualizado para professores da Educa\u00e7\u00e3o Infantil ao Ensino M\u00e9dio - Sinpro-Rio\",\"isPartOf\":{\"@id\":\"https:\/\/www.sinpro-rio.org.br\/principal\/#website\"},\"primaryImageOfPage\":{\"@id\":\"https:\/\/www.sinpro-rio.org.br\/principal\/2025-2-construindo-o-pei-da-teoria-a-pratica-plano-educacional-individualizado-para-professores-da-educacao-infantil-ao-ensino-medio\/#primaryimage\"},\"image\":{\"@id\":\"https:\/\/www.sinpro-rio.org.br\/principal\/2025-2-construindo-o-pei-da-teoria-a-pratica-plano-educacional-individualizado-para-professores-da-educacao-infantil-ao-ensino-medio\/#primaryimage\"},\"thumbnailUrl\":\"https:\/\/www.sinpro-rio.org.br\/principal\/wp-content\/uploads\/2025\/08\/2806-28.png\",\"datePublished\":\"2025-08-07T17:30:05+00:00\",\"dateModified\":\"2026-02-23T16:21:29+00:00\",\"author\":{\"@id\":\"https:\/\/www.sinpro-rio.org.br\/principal\/#\/schema\/person\/ee17219e64d00d037e511ae59ce2227e\"},\"breadcrumb\":{\"@id\":\"https:\/\/www.sinpro-rio.org.br\/principal\/2025-2-construindo-o-pei-da-teoria-a-pratica-plano-educacional-individualizado-para-professores-da-educacao-infantil-ao-ensino-medio\/#breadcrumb\"},\"inLanguage\":\"pt-BR\",\"potentialAction\":[{\"@type\":\"ReadAction\",\"target\":[\"https:\/\/www.sinpro-rio.org.br\/principal\/2025-2-construindo-o-pei-da-teoria-a-pratica-plano-educacional-individualizado-para-professores-da-educacao-infantil-ao-ensino-medio\/\"]}]},{\"@type\":\"ImageObject\",\"inLanguage\":\"pt-BR\",\"@id\":\"https:\/\/www.sinpro-rio.org.br\/principal\/2025-2-construindo-o-pei-da-teoria-a-pratica-plano-educacional-individualizado-para-professores-da-educacao-infantil-ao-ensino-medio\/#primaryimage\",\"url\":\"https:\/\/www.sinpro-rio.org.br\/principal\/wp-content\/uploads\/2025\/08\/2806-28.png\",\"contentUrl\":\"https:\/\/www.sinpro-rio.org.br\/principal\/wp-content\/uploads\/2025\/08\/2806-28.png\",\"width\":1080,\"height\":1080},{\"@type\":\"BreadcrumbList\",\"@id\":\"https:\/\/www.sinpro-rio.org.br\/principal\/2025-2-construindo-o-pei-da-teoria-a-pratica-plano-educacional-individualizado-para-professores-da-educacao-infantil-ao-ensino-medio\/#breadcrumb\",\"itemListElement\":[{\"@type\":\"ListItem\",\"position\":1,\"name\":\"In\u00edcio\",\"item\":\"https:\/\/www.sinpro-rio.org.br\/principal\/\"},{\"@type\":\"ListItem\",\"position\":2,\"name\":\"[2025\/2] Construindo o PEI: da teoria \u00e0 pr\u00e1tica- Plano Educacional Individualizado para professores da Educa\u00e7\u00e3o Infantil ao Ensino M\u00e9dio\"}]},{\"@type\":\"WebSite\",\"@id\":\"https:\/\/www.sinpro-rio.org.br\/principal\/#website\",\"url\":\"https:\/\/www.sinpro-rio.org.br\/principal\/\",\"name\":\"Sinpro-Rio\",\"description\":\"Sindicato dos Professores do Munic\u00edpio do Rio de Janeiro e Regi\u00e3o\",\"potentialAction\":[{\"@type\":\"SearchAction\",\"target\":{\"@type\":\"EntryPoint\",\"urlTemplate\":\"https:\/\/www.sinpro-rio.org.br\/principal\/?s={search_term_string}\"},\"query-input\":{\"@type\":\"PropertyValueSpecification\",\"valueRequired\":true,\"valueName\":\"search_term_string\"}}],\"inLanguage\":\"pt-BR\"},{\"@type\":\"Person\",\"@id\":\"https:\/\/www.sinpro-rio.org.br\/principal\/#\/schema\/person\/ee17219e64d00d037e511ae59ce2227e\",\"name\":\"alessandra\",\"image\":{\"@type\":\"ImageObject\",\"inLanguage\":\"pt-BR\",\"@id\":\"https:\/\/www.sinpro-rio.org.br\/principal\/#\/schema\/person\/image\/\",\"url\":\"https:\/\/secure.gravatar.com\/avatar\/2b43fa8c0ad8e33b46a4732549f7fb20?s=96&d=mm&r=g\",\"contentUrl\":\"https:\/\/secure.gravatar.com\/avatar\/2b43fa8c0ad8e33b46a4732549f7fb20?s=96&d=mm&r=g\",\"caption\":\"alessandra\"},\"url\":\"https:\/\/www.sinpro-rio.org.br\/principal\/author\/alessandra\/\"}]}<\/script>\n<!-- \/ Yoast SEO plugin. -->","yoast_head_json":{"title":"[2025\/2] Construindo o PEI: da teoria \u00e0 pr\u00e1tica- Plano Educacional Individualizado para professores da Educa\u00e7\u00e3o Infantil ao Ensino M\u00e9dio - Sinpro-Rio","robots":{"index":"index","follow":"follow","max-snippet":"max-snippet:-1","max-image-preview":"max-image-preview:large","max-video-preview":"max-video-preview:-1"},"canonical":"https:\/\/www.sinpro-rio.org.br\/principal\/2025-2-construindo-o-pei-da-teoria-a-pratica-plano-educacional-individualizado-para-professores-da-educacao-infantil-ao-ensino-medio\/","og_locale":"pt_BR","og_type":"article","og_title":"[2025\/2] Construindo o PEI: da teoria \u00e0 pr\u00e1tica- Plano Educacional Individualizado para professores da Educa\u00e7\u00e3o Infantil ao Ensino M\u00e9dio - Sinpro-Rio","og_description":"Local: Rua Pedro Lessa, 35 \u2013 3\u00ba andar &#8211; Centro&nbsp; Vagas: 30&nbsp; Carga hor\u00e1ria: 4 horasS\u00e1bado, 25 de outubro, das 9h \u00e0s 13h Valor: sindicalizado(a), dependente, estudante e associado(a) de outra entidade de professor: R$20,00. N\u00e3o Sindicalizado(a): R$ 30,00 Objetivo:Ensinar os professores a elaborar o Plano de Ensino Individualizado (PEI), documento fundamental para a promo\u00e7\u00e3o [&hellip;]","og_url":"https:\/\/www.sinpro-rio.org.br\/principal\/2025-2-construindo-o-pei-da-teoria-a-pratica-plano-educacional-individualizado-para-professores-da-educacao-infantil-ao-ensino-medio\/","og_site_name":"Sinpro-Rio","article_published_time":"2025-08-07T17:30:05+00:00","article_modified_time":"2026-02-23T16:21:29+00:00","og_image":[{"width":1080,"height":1080,"url":"https:\/\/www.sinpro-rio.org.br\/principal\/wp-content\/uploads\/2025\/08\/2806-28.png","type":"image\/png"}],"author":"alessandra","twitter_card":"summary_large_image","twitter_misc":{"Escrito por":"alessandra","Est. tempo de leitura":"1 minuto"},"schema":{"@context":"https:\/\/schema.org","@graph":[{"@type":"WebPage","@id":"https:\/\/www.sinpro-rio.org.br\/principal\/2025-2-construindo-o-pei-da-teoria-a-pratica-plano-educacional-individualizado-para-professores-da-educacao-infantil-ao-ensino-medio\/","url":"https:\/\/www.sinpro-rio.org.br\/principal\/2025-2-construindo-o-pei-da-teoria-a-pratica-plano-educacional-individualizado-para-professores-da-educacao-infantil-ao-ensino-medio\/","name":"[2025\/2] Construindo o PEI: da teoria \u00e0 pr\u00e1tica- Plano Educacional Individualizado para professores da Educa\u00e7\u00e3o Infantil ao Ensino M\u00e9dio - Sinpro-Rio","isPartOf":{"@id":"https:\/\/www.sinpro-rio.org.br\/principal\/#website"},"primaryImageOfPage":{"@id":"https:\/\/www.sinpro-rio.org.br\/principal\/2025-2-construindo-o-pei-da-teoria-a-pratica-plano-educacional-individualizado-para-professores-da-educacao-infantil-ao-ensino-medio\/#primaryimage"},"image":{"@id":"https:\/\/www.sinpro-rio.org.br\/principal\/2025-2-construindo-o-pei-da-teoria-a-pratica-plano-educacional-individualizado-para-professores-da-educacao-infantil-ao-ensino-medio\/#primaryimage"},"thumbnailUrl":"https:\/\/www.sinpro-rio.org.br\/principal\/wp-content\/uploads\/2025\/08\/2806-28.png","datePublished":"2025-08-07T17:30:05+00:00","dateModified":"2026-02-23T16:21:29+00:00","author":{"@id":"https:\/\/www.sinpro-rio.org.br\/principal\/#\/schema\/person\/ee17219e64d00d037e511ae59ce2227e"},"breadcrumb":{"@id":"https:\/\/www.sinpro-rio.org.br\/principal\/2025-2-construindo-o-pei-da-teoria-a-pratica-plano-educacional-individualizado-para-professores-da-educacao-infantil-ao-ensino-medio\/#breadcrumb"},"inLanguage":"pt-BR","potentialAction":[{"@type":"ReadAction","target":["https:\/\/www.sinpro-rio.org.br\/principal\/2025-2-construindo-o-pei-da-teoria-a-pratica-plano-educacional-individualizado-para-professores-da-educacao-infantil-ao-ensino-medio\/"]}]},{"@type":"ImageObject","inLanguage":"pt-BR","@id":"https:\/\/www.sinpro-rio.org.br\/principal\/2025-2-construindo-o-pei-da-teoria-a-pratica-plano-educacional-individualizado-para-professores-da-educacao-infantil-ao-ensino-medio\/#primaryimage","url":"https:\/\/www.sinpro-rio.org.br\/principal\/wp-content\/uploads\/2025\/08\/2806-28.png","contentUrl":"https:\/\/www.sinpro-rio.org.br\/principal\/wp-content\/uploads\/2025\/08\/2806-28.png","width":1080,"height":1080},{"@type":"BreadcrumbList","@id":"https:\/\/www.sinpro-rio.org.br\/principal\/2025-2-construindo-o-pei-da-teoria-a-pratica-plano-educacional-individualizado-para-professores-da-educacao-infantil-ao-ensino-medio\/#breadcrumb","itemListElement":[{"@type":"ListItem","position":1,"name":"In\u00edcio","item":"https:\/\/www.sinpro-rio.org.br\/principal\/"},{"@type":"ListItem","position":2,"name":"[2025\/2] Construindo o PEI: da teoria \u00e0 pr\u00e1tica- Plano Educacional Individualizado para professores da Educa\u00e7\u00e3o Infantil ao Ensino M\u00e9dio"}]},{"@type":"WebSite","@id":"https:\/\/www.sinpro-rio.org.br\/principal\/#website","url":"https:\/\/www.sinpro-rio.org.br\/principal\/","name":"Sinpro-Rio","description":"Sindicato dos Professores do Munic\u00edpio do Rio de Janeiro e Regi\u00e3o","potentialAction":[{"@type":"SearchAction","target":{"@type":"EntryPoint","urlTemplate":"https:\/\/www.sinpro-rio.org.br\/principal\/?s={search_term_string}"},"query-input":{"@type":"PropertyValueSpecification","valueRequired":true,"valueName":"search_term_string"}}],"inLanguage":"pt-BR"},{"@type":"Person","@id":"https:\/\/www.sinpro-rio.org.br\/principal\/#\/schema\/person\/ee17219e64d00d037e511ae59ce2227e","name":"alessandra","image":{"@type":"ImageObject","inLanguage":"pt-BR","@id":"https:\/\/www.sinpro-rio.org.br\/principal\/#\/schema\/person\/image\/","url":"https:\/\/secure.gravatar.com\/avatar\/2b43fa8c0ad8e33b46a4732549f7fb20?s=96&d=mm&r=g","contentUrl":"https:\/\/secure.gravatar.com\/avatar\/2b43fa8c0ad8e33b46a4732549f7fb20?s=96&d=mm&r=g","caption":"alessandra"},"url":"https:\/\/www.sinpro-rio.org.br\/principal\/author\/alessandra\/"}]}},"_links":{"self":[{"href":"https:\/\/www.sinpro-rio.org.br\/principal\/wp-json\/wp\/v2\/posts\/40559","targetHints":{"allow":["GET"]}}],"collection":[{"href":"https:\/\/www.sinpro-rio.org.br\/principal\/wp-json\/wp\/v2\/posts"}],"about":[{"href":"https:\/\/www.sinpro-rio.org.br\/principal\/wp-json\/wp\/v2\/types\/post"}],"author":[{"embeddable":true,"href":"https:\/\/www.sinpro-rio.org.br\/principal\/wp-json\/wp\/v2\/users\/2"}],"replies":[{"embeddable":true,"href":"https:\/\/www.sinpro-rio.org.br\/principal\/wp-json\/wp\/v2\/comments?post=40559"}],"version-history":[{"count":2,"href":"https:\/\/www.sinpro-rio.org.br\/principal\/wp-json\/wp\/v2\/posts\/40559\/revisions"}],"predecessor-version":[{"id":40587,"href":"https:\/\/www.sinpro-rio.org.br\/principal\/wp-json\/wp\/v2\/posts\/40559\/revisions\/40587"}],"wp:featuredmedia":[{"embeddable":true,"href":"https:\/\/www.sinpro-rio.org.br\/principal\/wp-json\/wp\/v2\/media\/40560"}],"wp:attachment":[{"href":"https:\/\/www.sinpro-rio.org.br\/principal\/wp-json\/wp\/v2\/media?parent=40559"}],"wp:term":[{"taxonomy":"category","embeddable":true,"href":"https:\/\/www.sinpro-rio.org.br\/principal\/wp-json\/wp\/v2\/categories?post=40559"},{"taxonomy":"post_tag","embeddable":true,"href":"https:\/\/www.sinpro-rio.org.br\/principal\/wp-json\/wp\/v2\/tags?post=40559"}],"curies":[{"name":"wp","href":"https:\/\/api.w.org\/{rel}","templated":true}]}}