{"id":40547,"date":"2025-08-07T14:26:50","date_gmt":"2025-08-07T17:26:50","guid":{"rendered":"https:\/\/www.sinpro-rio.org.br\/principal\/?p=40547"},"modified":"2026-02-23T13:21:50","modified_gmt":"2026-02-23T16:21:50","slug":"2025-2-interpretacao-de-temas-da-redacao-no-enem-como-dominar-a-interpretacao-de-temas-na-redacao-do-enem","status":"publish","type":"post","link":"https:\/\/www.sinpro-rio.org.br\/principal\/2025-2-interpretacao-de-temas-da-redacao-no-enem-como-dominar-a-interpretacao-de-temas-na-redacao-do-enem\/","title":{"rendered":"[2025\/2] Interpreta\u00e7\u00e3o de temas da reda\u00e7\u00e3o no ENEM &#8211; Como dominar a interpreta\u00e7\u00e3o de temas na Reda\u00e7\u00e3o do Enem"},"content":{"rendered":"\r\n<p><strong>Local:<\/strong> Rua Pedro Lessa, 35 \u2013 3\u00ba andar &#8211; Centro\u00a0<\/p>\r\n\r\n\r\n\r\n<p><strong>Vagas:<\/strong> 25\u00a0<\/p>\r\n\r\n\r\n\r\n<p><strong>Carga hor\u00e1ria:<\/strong> 4 horas<br \/>S\u00e1bado, 27 de setembro, das 9h \u00e0s 13h<\/p>\r\n\r\n\r\n\r\n<p><strong>Valor:<\/strong> sindicalizado(a), dependente, estudante e associado(a) de outra entidade de professor: R$20,00. N\u00e3o Sindicalizado(a): R$ 30,00<\/p>\r\n\r\n\r\n\r\n<p><strong>Objetivo:<\/strong><br \/>Desenvolver a capacidade de interpretar qualquer tema de Reda\u00e7\u00e3o no Enem diante das recentes modifica\u00e7\u00f5es, que t\u00eam tornado as frases-tema cada dia mais complexas.<\/p>\r\n\r\n\r\n\r\n<p><strong>Conte\u00fados:\u00a0<\/strong><\/p>\r\n\r\n\r\n\r\n<p>1) Fuga parcial do tema; 2) Fuga total do tema; 3) An\u00e1lise da frase-tema; 4) An\u00e1lise dos termos-chave; 5) An\u00e1lise dos elementos tem\u00e1ticos; 6) An\u00e1lise dos localizadores de tempo e espa\u00e7o; 7) An\u00e1lise de termos restritores; 8) An\u00e1lise de termos de recorr\u00eancia; 9) An\u00e1lise de termos diretivos de abordagem; 10) An\u00e1lise de termos que exigem solu\u00e7\u00f5es; 11) S\u00edntese dos termos da frase-tema e suas estruturas; 12) A t\u00e9cnica dos m\u00faltiplos n\u00facleos tem\u00e1ticos; 13) A t\u00e9cnica do afunilamento; 14) Rela\u00e7\u00f5es conjuntivas e a t\u00e9cnica dos conjuntos; 15) Estruturas restritivas com dois pontos e a t\u00e9cnica dos conjuntos; 16) Interpreta\u00e7\u00e3o do problema nos temas; 17) Possibilidades de abordagem de um tema; 18) A Tese Impl\u00edcita nas frases-tema.<\/p>\r\n\r\n\r\n\r\n<p><strong>Com<\/strong><\/p>\r\n\r\n\r\n\r\n<p><strong>Marcus Vin\u00edcius Domingos dos Santos &#8211;<\/strong> Bacharel e Licenciado em Letras\/ Portugu\u00eas\/Grego e Mestrando em Lingu\u00edstica e L\u00edngua Portuguesa pela UERJ.<\/p>\r\n\r\n\r\n\r\n<p>Realize sua inscri\u00e7\u00e3o <a class=\"button button-3d button-large button-rounded button-red\" href=\"https:\/\/sis.sinpro-rio.org.br\/ep\/form_inscricoesep\/form_inscricoesep.php?variavel_chavec=zAH4VWuSFb\" data-type=\"link\" data-id=\"https:\/\/sis.sinpro-rio.org.br\/ep\/form_inscricoesep\/form_inscricoesep.php?variavel_chavec=zAH4VWuSFb\">CLICANDO AQUI!<\/a><\/p>\r\n","protected":false},"excerpt":{"rendered":"<p>Local: Rua Pedro Lessa, 35 \u2013 3\u00ba andar &#8211; Centro\u00a0 Vagas: 25\u00a0 Carga hor\u00e1ria: 4 horasS\u00e1bado, 27 de setembro, das 9h \u00e0s 13h Valor: sindicalizado(a), dependente, estudante e associado(a) de outra entidade de professor: R$20,00. N\u00e3o Sindicalizado(a): R$ 30,00 Objetivo:Desenvolver a capacidade de interpretar qualquer tema de Reda\u00e7\u00e3o no Enem diante das recentes modifica\u00e7\u00f5es, que [&hellip;]<\/p>\n","protected":false},"author":2,"featured_media":40548,"comment_status":"closed","ping_status":"open","sticky":false,"template":"","format":"standard","meta":{"footnotes":""},"categories":[34],"tags":[],"class_list":["post-40547","post","type-post","status-publish","format-standard","has-post-thumbnail","hentry","category-escola-do-professor"],"yoast_head":"<!-- This site is optimized with the Yoast SEO plugin v25.7 - https:\/\/yoast.com\/wordpress\/plugins\/seo\/ -->\n<title>[2025\/2] Interpreta\u00e7\u00e3o de temas da reda\u00e7\u00e3o no ENEM - Como dominar a interpreta\u00e7\u00e3o de temas na Reda\u00e7\u00e3o do Enem - Sinpro-Rio<\/title>\n<meta name=\"robots\" content=\"index, follow, max-snippet:-1, max-image-preview:large, max-video-preview:-1\" \/>\n<link rel=\"canonical\" href=\"https:\/\/www.sinpro-rio.org.br\/principal\/2025-2-interpretacao-de-temas-da-redacao-no-enem-como-dominar-a-interpretacao-de-temas-na-redacao-do-enem\/\" \/>\n<meta property=\"og:locale\" content=\"pt_BR\" \/>\n<meta property=\"og:type\" content=\"article\" \/>\n<meta property=\"og:title\" content=\"[2025\/2] Interpreta\u00e7\u00e3o de temas da reda\u00e7\u00e3o no ENEM - Como dominar a interpreta\u00e7\u00e3o de temas na Reda\u00e7\u00e3o do Enem - Sinpro-Rio\" \/>\n<meta property=\"og:description\" content=\"Local: Rua Pedro Lessa, 35 \u2013 3\u00ba andar &#8211; Centro\u00a0 Vagas: 25\u00a0 Carga hor\u00e1ria: 4 horasS\u00e1bado, 27 de setembro, das 9h \u00e0s 13h Valor: sindicalizado(a), dependente, estudante e associado(a) de outra entidade de professor: R$20,00. N\u00e3o Sindicalizado(a): R$ 30,00 Objetivo:Desenvolver a capacidade de interpretar qualquer tema de Reda\u00e7\u00e3o no Enem diante das recentes modifica\u00e7\u00f5es, que [&hellip;]\" \/>\n<meta property=\"og:url\" content=\"https:\/\/www.sinpro-rio.org.br\/principal\/2025-2-interpretacao-de-temas-da-redacao-no-enem-como-dominar-a-interpretacao-de-temas-na-redacao-do-enem\/\" \/>\n<meta property=\"og:site_name\" content=\"Sinpro-Rio\" \/>\n<meta property=\"article:published_time\" content=\"2025-08-07T17:26:50+00:00\" \/>\n<meta property=\"article:modified_time\" content=\"2026-02-23T16:21:50+00:00\" \/>\n<meta property=\"og:image\" content=\"https:\/\/www.sinpro-rio.org.br\/principal\/wp-content\/uploads\/2025\/08\/2806-25.png\" \/>\n\t<meta property=\"og:image:width\" content=\"1080\" \/>\n\t<meta property=\"og:image:height\" content=\"1080\" \/>\n\t<meta property=\"og:image:type\" content=\"image\/png\" \/>\n<meta name=\"author\" content=\"alessandra\" \/>\n<meta name=\"twitter:card\" content=\"summary_large_image\" \/>\n<meta name=\"twitter:label1\" content=\"Escrito por\" \/>\n\t<meta name=\"twitter:data1\" content=\"alessandra\" \/>\n\t<meta name=\"twitter:label2\" content=\"Est. tempo de leitura\" \/>\n\t<meta name=\"twitter:data2\" content=\"2 minutos\" \/>\n<script type=\"application\/ld+json\" class=\"yoast-schema-graph\">{\"@context\":\"https:\/\/schema.org\",\"@graph\":[{\"@type\":\"WebPage\",\"@id\":\"https:\/\/www.sinpro-rio.org.br\/principal\/2025-2-interpretacao-de-temas-da-redacao-no-enem-como-dominar-a-interpretacao-de-temas-na-redacao-do-enem\/\",\"url\":\"https:\/\/www.sinpro-rio.org.br\/principal\/2025-2-interpretacao-de-temas-da-redacao-no-enem-como-dominar-a-interpretacao-de-temas-na-redacao-do-enem\/\",\"name\":\"[2025\/2] Interpreta\u00e7\u00e3o de temas da reda\u00e7\u00e3o no ENEM - Como dominar a interpreta\u00e7\u00e3o de temas na Reda\u00e7\u00e3o do Enem - Sinpro-Rio\",\"isPartOf\":{\"@id\":\"https:\/\/www.sinpro-rio.org.br\/principal\/#website\"},\"primaryImageOfPage\":{\"@id\":\"https:\/\/www.sinpro-rio.org.br\/principal\/2025-2-interpretacao-de-temas-da-redacao-no-enem-como-dominar-a-interpretacao-de-temas-na-redacao-do-enem\/#primaryimage\"},\"image\":{\"@id\":\"https:\/\/www.sinpro-rio.org.br\/principal\/2025-2-interpretacao-de-temas-da-redacao-no-enem-como-dominar-a-interpretacao-de-temas-na-redacao-do-enem\/#primaryimage\"},\"thumbnailUrl\":\"https:\/\/www.sinpro-rio.org.br\/principal\/wp-content\/uploads\/2025\/08\/2806-25.png\",\"datePublished\":\"2025-08-07T17:26:50+00:00\",\"dateModified\":\"2026-02-23T16:21:50+00:00\",\"author\":{\"@id\":\"https:\/\/www.sinpro-rio.org.br\/principal\/#\/schema\/person\/ee17219e64d00d037e511ae59ce2227e\"},\"breadcrumb\":{\"@id\":\"https:\/\/www.sinpro-rio.org.br\/principal\/2025-2-interpretacao-de-temas-da-redacao-no-enem-como-dominar-a-interpretacao-de-temas-na-redacao-do-enem\/#breadcrumb\"},\"inLanguage\":\"pt-BR\",\"potentialAction\":[{\"@type\":\"ReadAction\",\"target\":[\"https:\/\/www.sinpro-rio.org.br\/principal\/2025-2-interpretacao-de-temas-da-redacao-no-enem-como-dominar-a-interpretacao-de-temas-na-redacao-do-enem\/\"]}]},{\"@type\":\"ImageObject\",\"inLanguage\":\"pt-BR\",\"@id\":\"https:\/\/www.sinpro-rio.org.br\/principal\/2025-2-interpretacao-de-temas-da-redacao-no-enem-como-dominar-a-interpretacao-de-temas-na-redacao-do-enem\/#primaryimage\",\"url\":\"https:\/\/www.sinpro-rio.org.br\/principal\/wp-content\/uploads\/2025\/08\/2806-25.png\",\"contentUrl\":\"https:\/\/www.sinpro-rio.org.br\/principal\/wp-content\/uploads\/2025\/08\/2806-25.png\",\"width\":1080,\"height\":1080},{\"@type\":\"BreadcrumbList\",\"@id\":\"https:\/\/www.sinpro-rio.org.br\/principal\/2025-2-interpretacao-de-temas-da-redacao-no-enem-como-dominar-a-interpretacao-de-temas-na-redacao-do-enem\/#breadcrumb\",\"itemListElement\":[{\"@type\":\"ListItem\",\"position\":1,\"name\":\"In\u00edcio\",\"item\":\"https:\/\/www.sinpro-rio.org.br\/principal\/\"},{\"@type\":\"ListItem\",\"position\":2,\"name\":\"[2025\/2] Interpreta\u00e7\u00e3o de temas da reda\u00e7\u00e3o no ENEM &#8211; Como dominar a interpreta\u00e7\u00e3o de temas na Reda\u00e7\u00e3o do Enem\"}]},{\"@type\":\"WebSite\",\"@id\":\"https:\/\/www.sinpro-rio.org.br\/principal\/#website\",\"url\":\"https:\/\/www.sinpro-rio.org.br\/principal\/\",\"name\":\"Sinpro-Rio\",\"description\":\"Sindicato dos Professores do Munic\u00edpio do Rio de Janeiro e Regi\u00e3o\",\"potentialAction\":[{\"@type\":\"SearchAction\",\"target\":{\"@type\":\"EntryPoint\",\"urlTemplate\":\"https:\/\/www.sinpro-rio.org.br\/principal\/?s={search_term_string}\"},\"query-input\":{\"@type\":\"PropertyValueSpecification\",\"valueRequired\":true,\"valueName\":\"search_term_string\"}}],\"inLanguage\":\"pt-BR\"},{\"@type\":\"Person\",\"@id\":\"https:\/\/www.sinpro-rio.org.br\/principal\/#\/schema\/person\/ee17219e64d00d037e511ae59ce2227e\",\"name\":\"alessandra\",\"image\":{\"@type\":\"ImageObject\",\"inLanguage\":\"pt-BR\",\"@id\":\"https:\/\/www.sinpro-rio.org.br\/principal\/#\/schema\/person\/image\/\",\"url\":\"https:\/\/secure.gravatar.com\/avatar\/2b43fa8c0ad8e33b46a4732549f7fb20?s=96&d=mm&r=g\",\"contentUrl\":\"https:\/\/secure.gravatar.com\/avatar\/2b43fa8c0ad8e33b46a4732549f7fb20?s=96&d=mm&r=g\",\"caption\":\"alessandra\"},\"url\":\"https:\/\/www.sinpro-rio.org.br\/principal\/author\/alessandra\/\"}]}<\/script>\n<!-- \/ Yoast SEO plugin. -->","yoast_head_json":{"title":"[2025\/2] Interpreta\u00e7\u00e3o de temas da reda\u00e7\u00e3o no ENEM - Como dominar a interpreta\u00e7\u00e3o de temas na Reda\u00e7\u00e3o do Enem - Sinpro-Rio","robots":{"index":"index","follow":"follow","max-snippet":"max-snippet:-1","max-image-preview":"max-image-preview:large","max-video-preview":"max-video-preview:-1"},"canonical":"https:\/\/www.sinpro-rio.org.br\/principal\/2025-2-interpretacao-de-temas-da-redacao-no-enem-como-dominar-a-interpretacao-de-temas-na-redacao-do-enem\/","og_locale":"pt_BR","og_type":"article","og_title":"[2025\/2] Interpreta\u00e7\u00e3o de temas da reda\u00e7\u00e3o no ENEM - Como dominar a interpreta\u00e7\u00e3o de temas na Reda\u00e7\u00e3o do Enem - Sinpro-Rio","og_description":"Local: Rua Pedro Lessa, 35 \u2013 3\u00ba andar &#8211; Centro\u00a0 Vagas: 25\u00a0 Carga hor\u00e1ria: 4 horasS\u00e1bado, 27 de setembro, das 9h \u00e0s 13h Valor: sindicalizado(a), dependente, estudante e associado(a) de outra entidade de professor: R$20,00. N\u00e3o Sindicalizado(a): R$ 30,00 Objetivo:Desenvolver a capacidade de interpretar qualquer tema de Reda\u00e7\u00e3o no Enem diante das recentes modifica\u00e7\u00f5es, que [&hellip;]","og_url":"https:\/\/www.sinpro-rio.org.br\/principal\/2025-2-interpretacao-de-temas-da-redacao-no-enem-como-dominar-a-interpretacao-de-temas-na-redacao-do-enem\/","og_site_name":"Sinpro-Rio","article_published_time":"2025-08-07T17:26:50+00:00","article_modified_time":"2026-02-23T16:21:50+00:00","og_image":[{"width":1080,"height":1080,"url":"https:\/\/www.sinpro-rio.org.br\/principal\/wp-content\/uploads\/2025\/08\/2806-25.png","type":"image\/png"}],"author":"alessandra","twitter_card":"summary_large_image","twitter_misc":{"Escrito por":"alessandra","Est. tempo de leitura":"2 minutos"},"schema":{"@context":"https:\/\/schema.org","@graph":[{"@type":"WebPage","@id":"https:\/\/www.sinpro-rio.org.br\/principal\/2025-2-interpretacao-de-temas-da-redacao-no-enem-como-dominar-a-interpretacao-de-temas-na-redacao-do-enem\/","url":"https:\/\/www.sinpro-rio.org.br\/principal\/2025-2-interpretacao-de-temas-da-redacao-no-enem-como-dominar-a-interpretacao-de-temas-na-redacao-do-enem\/","name":"[2025\/2] Interpreta\u00e7\u00e3o de temas da reda\u00e7\u00e3o no ENEM - Como dominar a interpreta\u00e7\u00e3o de temas na Reda\u00e7\u00e3o do Enem - Sinpro-Rio","isPartOf":{"@id":"https:\/\/www.sinpro-rio.org.br\/principal\/#website"},"primaryImageOfPage":{"@id":"https:\/\/www.sinpro-rio.org.br\/principal\/2025-2-interpretacao-de-temas-da-redacao-no-enem-como-dominar-a-interpretacao-de-temas-na-redacao-do-enem\/#primaryimage"},"image":{"@id":"https:\/\/www.sinpro-rio.org.br\/principal\/2025-2-interpretacao-de-temas-da-redacao-no-enem-como-dominar-a-interpretacao-de-temas-na-redacao-do-enem\/#primaryimage"},"thumbnailUrl":"https:\/\/www.sinpro-rio.org.br\/principal\/wp-content\/uploads\/2025\/08\/2806-25.png","datePublished":"2025-08-07T17:26:50+00:00","dateModified":"2026-02-23T16:21:50+00:00","author":{"@id":"https:\/\/www.sinpro-rio.org.br\/principal\/#\/schema\/person\/ee17219e64d00d037e511ae59ce2227e"},"breadcrumb":{"@id":"https:\/\/www.sinpro-rio.org.br\/principal\/2025-2-interpretacao-de-temas-da-redacao-no-enem-como-dominar-a-interpretacao-de-temas-na-redacao-do-enem\/#breadcrumb"},"inLanguage":"pt-BR","potentialAction":[{"@type":"ReadAction","target":["https:\/\/www.sinpro-rio.org.br\/principal\/2025-2-interpretacao-de-temas-da-redacao-no-enem-como-dominar-a-interpretacao-de-temas-na-redacao-do-enem\/"]}]},{"@type":"ImageObject","inLanguage":"pt-BR","@id":"https:\/\/www.sinpro-rio.org.br\/principal\/2025-2-interpretacao-de-temas-da-redacao-no-enem-como-dominar-a-interpretacao-de-temas-na-redacao-do-enem\/#primaryimage","url":"https:\/\/www.sinpro-rio.org.br\/principal\/wp-content\/uploads\/2025\/08\/2806-25.png","contentUrl":"https:\/\/www.sinpro-rio.org.br\/principal\/wp-content\/uploads\/2025\/08\/2806-25.png","width":1080,"height":1080},{"@type":"BreadcrumbList","@id":"https:\/\/www.sinpro-rio.org.br\/principal\/2025-2-interpretacao-de-temas-da-redacao-no-enem-como-dominar-a-interpretacao-de-temas-na-redacao-do-enem\/#breadcrumb","itemListElement":[{"@type":"ListItem","position":1,"name":"In\u00edcio","item":"https:\/\/www.sinpro-rio.org.br\/principal\/"},{"@type":"ListItem","position":2,"name":"[2025\/2] Interpreta\u00e7\u00e3o de temas da reda\u00e7\u00e3o no ENEM &#8211; Como dominar a interpreta\u00e7\u00e3o de temas na Reda\u00e7\u00e3o do Enem"}]},{"@type":"WebSite","@id":"https:\/\/www.sinpro-rio.org.br\/principal\/#website","url":"https:\/\/www.sinpro-rio.org.br\/principal\/","name":"Sinpro-Rio","description":"Sindicato dos Professores do Munic\u00edpio do Rio de Janeiro e Regi\u00e3o","potentialAction":[{"@type":"SearchAction","target":{"@type":"EntryPoint","urlTemplate":"https:\/\/www.sinpro-rio.org.br\/principal\/?s={search_term_string}"},"query-input":{"@type":"PropertyValueSpecification","valueRequired":true,"valueName":"search_term_string"}}],"inLanguage":"pt-BR"},{"@type":"Person","@id":"https:\/\/www.sinpro-rio.org.br\/principal\/#\/schema\/person\/ee17219e64d00d037e511ae59ce2227e","name":"alessandra","image":{"@type":"ImageObject","inLanguage":"pt-BR","@id":"https:\/\/www.sinpro-rio.org.br\/principal\/#\/schema\/person\/image\/","url":"https:\/\/secure.gravatar.com\/avatar\/2b43fa8c0ad8e33b46a4732549f7fb20?s=96&d=mm&r=g","contentUrl":"https:\/\/secure.gravatar.com\/avatar\/2b43fa8c0ad8e33b46a4732549f7fb20?s=96&d=mm&r=g","caption":"alessandra"},"url":"https:\/\/www.sinpro-rio.org.br\/principal\/author\/alessandra\/"}]}},"_links":{"self":[{"href":"https:\/\/www.sinpro-rio.org.br\/principal\/wp-json\/wp\/v2\/posts\/40547","targetHints":{"allow":["GET"]}}],"collection":[{"href":"https:\/\/www.sinpro-rio.org.br\/principal\/wp-json\/wp\/v2\/posts"}],"about":[{"href":"https:\/\/www.sinpro-rio.org.br\/principal\/wp-json\/wp\/v2\/types\/post"}],"author":[{"embeddable":true,"href":"https:\/\/www.sinpro-rio.org.br\/principal\/wp-json\/wp\/v2\/users\/2"}],"replies":[{"embeddable":true,"href":"https:\/\/www.sinpro-rio.org.br\/principal\/wp-json\/wp\/v2\/comments?post=40547"}],"version-history":[{"count":3,"href":"https:\/\/www.sinpro-rio.org.br\/principal\/wp-json\/wp\/v2\/posts\/40547\/revisions"}],"predecessor-version":[{"id":40830,"href":"https:\/\/www.sinpro-rio.org.br\/principal\/wp-json\/wp\/v2\/posts\/40547\/revisions\/40830"}],"wp:featuredmedia":[{"embeddable":true,"href":"https:\/\/www.sinpro-rio.org.br\/principal\/wp-json\/wp\/v2\/media\/40548"}],"wp:attachment":[{"href":"https:\/\/www.sinpro-rio.org.br\/principal\/wp-json\/wp\/v2\/media?parent=40547"}],"wp:term":[{"taxonomy":"category","embeddable":true,"href":"https:\/\/www.sinpro-rio.org.br\/principal\/wp-json\/wp\/v2\/categories?post=40547"},{"taxonomy":"post_tag","embeddable":true,"href":"https:\/\/www.sinpro-rio.org.br\/principal\/wp-json\/wp\/v2\/tags?post=40547"}],"curies":[{"name":"wp","href":"https:\/\/api.w.org\/{rel}","templated":true}]}}