{"id":40541,"date":"2025-08-07T14:24:11","date_gmt":"2025-08-07T17:24:11","guid":{"rendered":"https:\/\/www.sinpro-rio.org.br\/principal\/?p=40541"},"modified":"2026-02-23T13:22:03","modified_gmt":"2026-02-23T16:22:03","slug":"2025-2-praticando-a-educacao-para-cidadania-global-ecg","status":"publish","type":"post","link":"https:\/\/www.sinpro-rio.org.br\/principal\/2025-2-praticando-a-educacao-para-cidadania-global-ecg\/","title":{"rendered":"[2025\/2] Praticando a Educa\u00e7\u00e3o para Cidadania Global (ECG)\u00a0"},"content":{"rendered":"\r\n<p><strong>Local:<\/strong> On-line<\/p>\r\n\r\n\r\n\r\n<p><strong>Vagas:<\/strong> 25<br \/><strong>Carga hor\u00e1ria:<\/strong> 4 horas<br \/>Quarta e Quinta-feira, 17 e 18 de setembro, das 19h \u00e0s 21h<\/p>\r\n\r\n\r\n\r\n<p><strong>Valor:<\/strong> sindicalizado(a), dependente, estudante e associado(a) de outra entidade de professor: R$20,00. N\u00e3o Sindicalizado(a): R$ 30,00<\/p>\r\n\r\n\r\n\r\n<p><strong>Objetivo:<\/strong><br \/>A partir da aprendizagem situada e participativa, este curso visa discutir o tema e seus conceitos, e promover sua aplica\u00e7\u00e3o direta na pr\u00e1tica de ensino.<\/p>\r\n\r\n\r\n\r\n<p><strong>Conte\u00fados:\u00a0<\/strong><\/p>\r\n\r\n\r\n\r\n<p>1. Conceito de cidadania global e o papel da educa\u00e7\u00e3o para o desafio do status quo: Pedagogia Transformadora na pr\u00e1tica; 2. Conceito de ECG e dimens\u00f5es conceituais b\u00e1sicas da ECG; 3. Import\u00e2ncia da ECG &#8211; objetivos e compet\u00eancias desenvolvidas &#8211; pr\u00e1ticas de ensino e aprendizagem da ECG. 4. Uso de Tecnologias de Informa\u00e7\u00e3o e Comunica\u00e7\u00e3o (TICs) 5. Abordagens baseadas no esporte, nas artes e na comunidade; 6. Conte\u00fados de aprendizagem da ECG.<\/p>\r\n\r\n\r\n\r\n<p><strong>Com<\/strong><\/p>\r\n\r\n\r\n\r\n<p><strong>Maria Alice de F\u00e1tima Capocchi Ribeiro &#8211; <\/strong>MA em Lingu\u00edstica Aplicada; MA em Humanidades Digitais; MA em Educa\u00e7\u00e3o voltada para Estudos Migrat\u00f3rios e Pol\u00edticas Educacionais.<\/p>\r\n\r\n\r\n\r\n<p>&nbsp;<\/p>\r\n","protected":false},"excerpt":{"rendered":"<p>Local: On-line Vagas: 25Carga hor\u00e1ria: 4 horasQuarta e Quinta-feira, 17 e 18 de setembro, das 19h \u00e0s 21h Valor: sindicalizado(a), dependente, estudante e associado(a) de outra entidade de professor: R$20,00. N\u00e3o Sindicalizado(a): R$ 30,00 Objetivo:A partir da aprendizagem situada e participativa, este curso visa discutir o tema e seus conceitos, e promover sua aplica\u00e7\u00e3o direta [&hellip;]<\/p>\n","protected":false},"author":2,"featured_media":40542,"comment_status":"closed","ping_status":"open","sticky":false,"template":"","format":"standard","meta":{"footnotes":""},"categories":[34],"tags":[],"class_list":["post-40541","post","type-post","status-publish","format-standard","has-post-thumbnail","hentry","category-escola-do-professor"],"yoast_head":"<!-- This site is optimized with the Yoast SEO plugin v25.7 - https:\/\/yoast.com\/wordpress\/plugins\/seo\/ -->\n<title>[2025\/2] Praticando a Educa\u00e7\u00e3o para Cidadania Global (ECG)\u00a0 - Sinpro-Rio<\/title>\n<meta name=\"robots\" content=\"index, follow, max-snippet:-1, max-image-preview:large, max-video-preview:-1\" \/>\n<link rel=\"canonical\" href=\"https:\/\/www.sinpro-rio.org.br\/principal\/2025-2-praticando-a-educacao-para-cidadania-global-ecg\/\" \/>\n<meta property=\"og:locale\" content=\"pt_BR\" \/>\n<meta property=\"og:type\" content=\"article\" \/>\n<meta property=\"og:title\" content=\"[2025\/2] Praticando a Educa\u00e7\u00e3o para Cidadania Global (ECG)\u00a0 - Sinpro-Rio\" \/>\n<meta property=\"og:description\" content=\"Local: On-line Vagas: 25Carga hor\u00e1ria: 4 horasQuarta e Quinta-feira, 17 e 18 de setembro, das 19h \u00e0s 21h Valor: sindicalizado(a), dependente, estudante e associado(a) de outra entidade de professor: R$20,00. N\u00e3o Sindicalizado(a): R$ 30,00 Objetivo:A partir da aprendizagem situada e participativa, este curso visa discutir o tema e seus conceitos, e promover sua aplica\u00e7\u00e3o direta [&hellip;]\" \/>\n<meta property=\"og:url\" content=\"https:\/\/www.sinpro-rio.org.br\/principal\/2025-2-praticando-a-educacao-para-cidadania-global-ecg\/\" \/>\n<meta property=\"og:site_name\" content=\"Sinpro-Rio\" \/>\n<meta property=\"article:published_time\" content=\"2025-08-07T17:24:11+00:00\" \/>\n<meta property=\"article:modified_time\" content=\"2026-02-23T16:22:03+00:00\" \/>\n<meta property=\"og:image\" content=\"https:\/\/www.sinpro-rio.org.br\/principal\/wp-content\/uploads\/2025\/08\/2806-22.png\" \/>\n\t<meta property=\"og:image:width\" content=\"1080\" \/>\n\t<meta property=\"og:image:height\" content=\"1080\" \/>\n\t<meta property=\"og:image:type\" content=\"image\/png\" \/>\n<meta name=\"author\" content=\"alessandra\" \/>\n<meta name=\"twitter:card\" content=\"summary_large_image\" \/>\n<meta name=\"twitter:label1\" content=\"Escrito por\" \/>\n\t<meta name=\"twitter:data1\" content=\"alessandra\" \/>\n\t<meta name=\"twitter:label2\" content=\"Est. tempo de leitura\" \/>\n\t<meta name=\"twitter:data2\" content=\"2 minutos\" \/>\n<script type=\"application\/ld+json\" class=\"yoast-schema-graph\">{\"@context\":\"https:\/\/schema.org\",\"@graph\":[{\"@type\":\"WebPage\",\"@id\":\"https:\/\/www.sinpro-rio.org.br\/principal\/2025-2-praticando-a-educacao-para-cidadania-global-ecg\/\",\"url\":\"https:\/\/www.sinpro-rio.org.br\/principal\/2025-2-praticando-a-educacao-para-cidadania-global-ecg\/\",\"name\":\"[2025\/2] Praticando a Educa\u00e7\u00e3o para Cidadania Global (ECG)\u00a0 - Sinpro-Rio\",\"isPartOf\":{\"@id\":\"https:\/\/www.sinpro-rio.org.br\/principal\/#website\"},\"primaryImageOfPage\":{\"@id\":\"https:\/\/www.sinpro-rio.org.br\/principal\/2025-2-praticando-a-educacao-para-cidadania-global-ecg\/#primaryimage\"},\"image\":{\"@id\":\"https:\/\/www.sinpro-rio.org.br\/principal\/2025-2-praticando-a-educacao-para-cidadania-global-ecg\/#primaryimage\"},\"thumbnailUrl\":\"https:\/\/www.sinpro-rio.org.br\/principal\/wp-content\/uploads\/2025\/08\/2806-22.png\",\"datePublished\":\"2025-08-07T17:24:11+00:00\",\"dateModified\":\"2026-02-23T16:22:03+00:00\",\"author\":{\"@id\":\"https:\/\/www.sinpro-rio.org.br\/principal\/#\/schema\/person\/ee17219e64d00d037e511ae59ce2227e\"},\"breadcrumb\":{\"@id\":\"https:\/\/www.sinpro-rio.org.br\/principal\/2025-2-praticando-a-educacao-para-cidadania-global-ecg\/#breadcrumb\"},\"inLanguage\":\"pt-BR\",\"potentialAction\":[{\"@type\":\"ReadAction\",\"target\":[\"https:\/\/www.sinpro-rio.org.br\/principal\/2025-2-praticando-a-educacao-para-cidadania-global-ecg\/\"]}]},{\"@type\":\"ImageObject\",\"inLanguage\":\"pt-BR\",\"@id\":\"https:\/\/www.sinpro-rio.org.br\/principal\/2025-2-praticando-a-educacao-para-cidadania-global-ecg\/#primaryimage\",\"url\":\"https:\/\/www.sinpro-rio.org.br\/principal\/wp-content\/uploads\/2025\/08\/2806-22.png\",\"contentUrl\":\"https:\/\/www.sinpro-rio.org.br\/principal\/wp-content\/uploads\/2025\/08\/2806-22.png\",\"width\":1080,\"height\":1080},{\"@type\":\"BreadcrumbList\",\"@id\":\"https:\/\/www.sinpro-rio.org.br\/principal\/2025-2-praticando-a-educacao-para-cidadania-global-ecg\/#breadcrumb\",\"itemListElement\":[{\"@type\":\"ListItem\",\"position\":1,\"name\":\"In\u00edcio\",\"item\":\"https:\/\/www.sinpro-rio.org.br\/principal\/\"},{\"@type\":\"ListItem\",\"position\":2,\"name\":\"[2025\/2] Praticando a Educa\u00e7\u00e3o para Cidadania Global (ECG)\u00a0\"}]},{\"@type\":\"WebSite\",\"@id\":\"https:\/\/www.sinpro-rio.org.br\/principal\/#website\",\"url\":\"https:\/\/www.sinpro-rio.org.br\/principal\/\",\"name\":\"Sinpro-Rio\",\"description\":\"Sindicato dos Professores do Munic\u00edpio do Rio de Janeiro e Regi\u00e3o\",\"potentialAction\":[{\"@type\":\"SearchAction\",\"target\":{\"@type\":\"EntryPoint\",\"urlTemplate\":\"https:\/\/www.sinpro-rio.org.br\/principal\/?s={search_term_string}\"},\"query-input\":{\"@type\":\"PropertyValueSpecification\",\"valueRequired\":true,\"valueName\":\"search_term_string\"}}],\"inLanguage\":\"pt-BR\"},{\"@type\":\"Person\",\"@id\":\"https:\/\/www.sinpro-rio.org.br\/principal\/#\/schema\/person\/ee17219e64d00d037e511ae59ce2227e\",\"name\":\"alessandra\",\"image\":{\"@type\":\"ImageObject\",\"inLanguage\":\"pt-BR\",\"@id\":\"https:\/\/www.sinpro-rio.org.br\/principal\/#\/schema\/person\/image\/\",\"url\":\"https:\/\/secure.gravatar.com\/avatar\/2b43fa8c0ad8e33b46a4732549f7fb20?s=96&d=mm&r=g\",\"contentUrl\":\"https:\/\/secure.gravatar.com\/avatar\/2b43fa8c0ad8e33b46a4732549f7fb20?s=96&d=mm&r=g\",\"caption\":\"alessandra\"},\"url\":\"https:\/\/www.sinpro-rio.org.br\/principal\/author\/alessandra\/\"}]}<\/script>\n<!-- \/ Yoast SEO plugin. -->","yoast_head_json":{"title":"[2025\/2] Praticando a Educa\u00e7\u00e3o para Cidadania Global (ECG)\u00a0 - Sinpro-Rio","robots":{"index":"index","follow":"follow","max-snippet":"max-snippet:-1","max-image-preview":"max-image-preview:large","max-video-preview":"max-video-preview:-1"},"canonical":"https:\/\/www.sinpro-rio.org.br\/principal\/2025-2-praticando-a-educacao-para-cidadania-global-ecg\/","og_locale":"pt_BR","og_type":"article","og_title":"[2025\/2] Praticando a Educa\u00e7\u00e3o para Cidadania Global (ECG)\u00a0 - Sinpro-Rio","og_description":"Local: On-line Vagas: 25Carga hor\u00e1ria: 4 horasQuarta e Quinta-feira, 17 e 18 de setembro, das 19h \u00e0s 21h Valor: sindicalizado(a), dependente, estudante e associado(a) de outra entidade de professor: R$20,00. N\u00e3o Sindicalizado(a): R$ 30,00 Objetivo:A partir da aprendizagem situada e participativa, este curso visa discutir o tema e seus conceitos, e promover sua aplica\u00e7\u00e3o direta [&hellip;]","og_url":"https:\/\/www.sinpro-rio.org.br\/principal\/2025-2-praticando-a-educacao-para-cidadania-global-ecg\/","og_site_name":"Sinpro-Rio","article_published_time":"2025-08-07T17:24:11+00:00","article_modified_time":"2026-02-23T16:22:03+00:00","og_image":[{"width":1080,"height":1080,"url":"https:\/\/www.sinpro-rio.org.br\/principal\/wp-content\/uploads\/2025\/08\/2806-22.png","type":"image\/png"}],"author":"alessandra","twitter_card":"summary_large_image","twitter_misc":{"Escrito por":"alessandra","Est. tempo de leitura":"2 minutos"},"schema":{"@context":"https:\/\/schema.org","@graph":[{"@type":"WebPage","@id":"https:\/\/www.sinpro-rio.org.br\/principal\/2025-2-praticando-a-educacao-para-cidadania-global-ecg\/","url":"https:\/\/www.sinpro-rio.org.br\/principal\/2025-2-praticando-a-educacao-para-cidadania-global-ecg\/","name":"[2025\/2] Praticando a Educa\u00e7\u00e3o para Cidadania Global (ECG)\u00a0 - Sinpro-Rio","isPartOf":{"@id":"https:\/\/www.sinpro-rio.org.br\/principal\/#website"},"primaryImageOfPage":{"@id":"https:\/\/www.sinpro-rio.org.br\/principal\/2025-2-praticando-a-educacao-para-cidadania-global-ecg\/#primaryimage"},"image":{"@id":"https:\/\/www.sinpro-rio.org.br\/principal\/2025-2-praticando-a-educacao-para-cidadania-global-ecg\/#primaryimage"},"thumbnailUrl":"https:\/\/www.sinpro-rio.org.br\/principal\/wp-content\/uploads\/2025\/08\/2806-22.png","datePublished":"2025-08-07T17:24:11+00:00","dateModified":"2026-02-23T16:22:03+00:00","author":{"@id":"https:\/\/www.sinpro-rio.org.br\/principal\/#\/schema\/person\/ee17219e64d00d037e511ae59ce2227e"},"breadcrumb":{"@id":"https:\/\/www.sinpro-rio.org.br\/principal\/2025-2-praticando-a-educacao-para-cidadania-global-ecg\/#breadcrumb"},"inLanguage":"pt-BR","potentialAction":[{"@type":"ReadAction","target":["https:\/\/www.sinpro-rio.org.br\/principal\/2025-2-praticando-a-educacao-para-cidadania-global-ecg\/"]}]},{"@type":"ImageObject","inLanguage":"pt-BR","@id":"https:\/\/www.sinpro-rio.org.br\/principal\/2025-2-praticando-a-educacao-para-cidadania-global-ecg\/#primaryimage","url":"https:\/\/www.sinpro-rio.org.br\/principal\/wp-content\/uploads\/2025\/08\/2806-22.png","contentUrl":"https:\/\/www.sinpro-rio.org.br\/principal\/wp-content\/uploads\/2025\/08\/2806-22.png","width":1080,"height":1080},{"@type":"BreadcrumbList","@id":"https:\/\/www.sinpro-rio.org.br\/principal\/2025-2-praticando-a-educacao-para-cidadania-global-ecg\/#breadcrumb","itemListElement":[{"@type":"ListItem","position":1,"name":"In\u00edcio","item":"https:\/\/www.sinpro-rio.org.br\/principal\/"},{"@type":"ListItem","position":2,"name":"[2025\/2] Praticando a Educa\u00e7\u00e3o para Cidadania Global (ECG)\u00a0"}]},{"@type":"WebSite","@id":"https:\/\/www.sinpro-rio.org.br\/principal\/#website","url":"https:\/\/www.sinpro-rio.org.br\/principal\/","name":"Sinpro-Rio","description":"Sindicato dos Professores do Munic\u00edpio do Rio de Janeiro e Regi\u00e3o","potentialAction":[{"@type":"SearchAction","target":{"@type":"EntryPoint","urlTemplate":"https:\/\/www.sinpro-rio.org.br\/principal\/?s={search_term_string}"},"query-input":{"@type":"PropertyValueSpecification","valueRequired":true,"valueName":"search_term_string"}}],"inLanguage":"pt-BR"},{"@type":"Person","@id":"https:\/\/www.sinpro-rio.org.br\/principal\/#\/schema\/person\/ee17219e64d00d037e511ae59ce2227e","name":"alessandra","image":{"@type":"ImageObject","inLanguage":"pt-BR","@id":"https:\/\/www.sinpro-rio.org.br\/principal\/#\/schema\/person\/image\/","url":"https:\/\/secure.gravatar.com\/avatar\/2b43fa8c0ad8e33b46a4732549f7fb20?s=96&d=mm&r=g","contentUrl":"https:\/\/secure.gravatar.com\/avatar\/2b43fa8c0ad8e33b46a4732549f7fb20?s=96&d=mm&r=g","caption":"alessandra"},"url":"https:\/\/www.sinpro-rio.org.br\/principal\/author\/alessandra\/"}]}},"_links":{"self":[{"href":"https:\/\/www.sinpro-rio.org.br\/principal\/wp-json\/wp\/v2\/posts\/40541","targetHints":{"allow":["GET"]}}],"collection":[{"href":"https:\/\/www.sinpro-rio.org.br\/principal\/wp-json\/wp\/v2\/posts"}],"about":[{"href":"https:\/\/www.sinpro-rio.org.br\/principal\/wp-json\/wp\/v2\/types\/post"}],"author":[{"embeddable":true,"href":"https:\/\/www.sinpro-rio.org.br\/principal\/wp-json\/wp\/v2\/users\/2"}],"replies":[{"embeddable":true,"href":"https:\/\/www.sinpro-rio.org.br\/principal\/wp-json\/wp\/v2\/comments?post=40541"}],"version-history":[{"count":3,"href":"https:\/\/www.sinpro-rio.org.br\/principal\/wp-json\/wp\/v2\/posts\/40541\/revisions"}],"predecessor-version":[{"id":40819,"href":"https:\/\/www.sinpro-rio.org.br\/principal\/wp-json\/wp\/v2\/posts\/40541\/revisions\/40819"}],"wp:featuredmedia":[{"embeddable":true,"href":"https:\/\/www.sinpro-rio.org.br\/principal\/wp-json\/wp\/v2\/media\/40542"}],"wp:attachment":[{"href":"https:\/\/www.sinpro-rio.org.br\/principal\/wp-json\/wp\/v2\/media?parent=40541"}],"wp:term":[{"taxonomy":"category","embeddable":true,"href":"https:\/\/www.sinpro-rio.org.br\/principal\/wp-json\/wp\/v2\/categories?post=40541"},{"taxonomy":"post_tag","embeddable":true,"href":"https:\/\/www.sinpro-rio.org.br\/principal\/wp-json\/wp\/v2\/tags?post=40541"}],"curies":[{"name":"wp","href":"https:\/\/api.w.org\/{rel}","templated":true}]}}