{"id":40530,"date":"2025-08-07T14:16:50","date_gmt":"2025-08-07T17:16:50","guid":{"rendered":"https:\/\/www.sinpro-rio.org.br\/principal\/?p=40530"},"modified":"2026-02-23T13:22:20","modified_gmt":"2026-02-23T16:22:20","slug":"2025-2-a-revolucao-cubana-o-processo-e-desafios-atuais-da-revolucao-fundamentos-e-contradicoes-de-uma-resistencia-socialista","status":"publish","type":"post","link":"https:\/\/www.sinpro-rio.org.br\/principal\/2025-2-a-revolucao-cubana-o-processo-e-desafios-atuais-da-revolucao-fundamentos-e-contradicoes-de-uma-resistencia-socialista\/","title":{"rendered":"[2025\/2] A Revolu\u00e7\u00e3o Cubana &#8211; O processo e desafios atuais da revolu\u00e7\u00e3o: Fundamentos e contradi\u00e7\u00f5es de uma resist\u00eancia socialista"},"content":{"rendered":"\n<p><strong>Local:<\/strong> Rua Pedro Lessa, 35 \u2013 3\u00ba andar \u2013 Centro<\/p>\n\n\n\n<p><strong>Vagas:<\/strong> 20<br><strong>Carga hor\u00e1ria:<\/strong> 8 horas<br>Quintas-feiras, 4, 11, 18 e 25 de setembro, das 14h \u00e0s 16h<\/p>\n\n\n\n<p><strong>Valor:<\/strong> sindicalizado(a), dependente, estudante e associado(a) de outra entidade de professor: R$32,00. N\u00e3o Sindicalizado(a): R$ 50,00<\/p>\n\n\n\n<p><strong>Objetivo:<\/strong><br>Discutir os principais aspectos que deram origem \u00e0 revolu\u00e7\u00e3o cubana, orienta\u00e7\u00e3o socialista, pontos centrais do seu modelo econ\u00f4mico e pol\u00edtico. Refletir coletivamente sua inser\u00e7\u00e3o no mundo Globalizado, onde se faz presente o vigoroso Bloqueio Estadunidense contra a Ilha.<\/p>\n\n\n\n<p><strong>Conte\u00fados:&nbsp;<\/strong><\/p>\n\n\n\n<p>Aula 1: Cuba, De Mart\u00ed a Fidel: Das lutas pela Independ\u00eancia \u00e0 Revolu\u00e7\u00e3o de 1959. Professor Rodrigo Teixeira. Aula 2: Cuba, da utopia revolucion\u00e1ria ao realismo socialista; a organiza\u00e7\u00e3o econ\u00f4mica e o poder popular do socialismo cubano \u2013 Professor Lu\u00eds Eduardo Mergulh\u00e3o Ruas. Aula 3: Cuba, retifica\u00e7\u00e3o e per\u00edodo especial: A resist\u00eancia Cubana diante do fim da URSS. Professor Rodrigo Teixeira Aula 4: Cuba, crise e perspectivas diante da busca de um Novo Socialismo do S\u00e9culo XXI. Professor Lu\u00eds Eduardo Mergulh\u00e3o Ruas.<\/p>\n\n\n\n<p><strong>Com<\/strong><\/p>\n\n\n\n<p><strong>Lu\u00eds Eduardo Mergulh\u00e3o Ruas<\/strong> &#8211; Doutor em Hist\u00f3ria\/UERJ; e P\u00f3s Doutor\/ UFF. Professor Aposentado da Rede Municipal e Estadual do Rio de Janeiro.&nbsp;<\/p>\n\n\n\n<p><strong>Rodrigo Teixeira dos Santos<\/strong> &#8211; Professor da Rede Estadual; Diretor da ACJM-RJ, Diretor do Movimento Brasileiro de Solidariedade a Cuba.<\/p>\n\n\n\n<p>Realize sua inscri\u00e7\u00e3o <a href=\"https:\/\/sis.sinpro-rio.org.br\/ep\/form_inscricoesep\/form_inscricoesep.php?variavel_chavec=Un6UdGuk9s\" data-type=\"link\" data-id=\"https:\/\/sis.sinpro-rio.org.br\/ep\/form_inscricoesep\/form_inscricoesep.php?variavel_chavec=Un6UdGuk9s\" class=\"button button-3d button-large button-rounded button-red\">CLICANDO AQUI!<\/a><\/p>\n","protected":false},"excerpt":{"rendered":"<p>Local: Rua Pedro Lessa, 35 \u2013 3\u00ba andar \u2013 Centro Vagas: 20Carga hor\u00e1ria: 8 horasQuintas-feiras, 4, 11, 18 e 25 de setembro, das 14h \u00e0s 16h Valor: sindicalizado(a), dependente, estudante e associado(a) de outra entidade de professor: R$32,00. N\u00e3o Sindicalizado(a): R$ 50,00 Objetivo:Discutir os principais aspectos que deram origem \u00e0 revolu\u00e7\u00e3o cubana, orienta\u00e7\u00e3o socialista, pontos [&hellip;]<\/p>\n","protected":false},"author":2,"featured_media":40537,"comment_status":"closed","ping_status":"open","sticky":false,"template":"","format":"standard","meta":{"footnotes":""},"categories":[34],"tags":[],"class_list":["post-40530","post","type-post","status-publish","format-standard","has-post-thumbnail","hentry","category-escola-do-professor"],"yoast_head":"<!-- This site is optimized with the Yoast SEO plugin v25.7 - https:\/\/yoast.com\/wordpress\/plugins\/seo\/ -->\n<title>[2025\/2] A Revolu\u00e7\u00e3o Cubana - O processo e desafios atuais da revolu\u00e7\u00e3o: Fundamentos e contradi\u00e7\u00f5es de uma resist\u00eancia socialista - Sinpro-Rio<\/title>\n<meta name=\"robots\" content=\"index, follow, max-snippet:-1, max-image-preview:large, max-video-preview:-1\" \/>\n<link rel=\"canonical\" href=\"https:\/\/www.sinpro-rio.org.br\/principal\/2025-2-a-revolucao-cubana-o-processo-e-desafios-atuais-da-revolucao-fundamentos-e-contradicoes-de-uma-resistencia-socialista\/\" \/>\n<meta property=\"og:locale\" content=\"pt_BR\" \/>\n<meta property=\"og:type\" content=\"article\" \/>\n<meta property=\"og:title\" content=\"[2025\/2] A Revolu\u00e7\u00e3o Cubana - O processo e desafios atuais da revolu\u00e7\u00e3o: Fundamentos e contradi\u00e7\u00f5es de uma resist\u00eancia socialista - Sinpro-Rio\" \/>\n<meta property=\"og:description\" content=\"Local: Rua Pedro Lessa, 35 \u2013 3\u00ba andar \u2013 Centro Vagas: 20Carga hor\u00e1ria: 8 horasQuintas-feiras, 4, 11, 18 e 25 de setembro, das 14h \u00e0s 16h Valor: sindicalizado(a), dependente, estudante e associado(a) de outra entidade de professor: R$32,00. N\u00e3o Sindicalizado(a): R$ 50,00 Objetivo:Discutir os principais aspectos que deram origem \u00e0 revolu\u00e7\u00e3o cubana, orienta\u00e7\u00e3o socialista, pontos [&hellip;]\" \/>\n<meta property=\"og:url\" content=\"https:\/\/www.sinpro-rio.org.br\/principal\/2025-2-a-revolucao-cubana-o-processo-e-desafios-atuais-da-revolucao-fundamentos-e-contradicoes-de-uma-resistencia-socialista\/\" \/>\n<meta property=\"og:site_name\" content=\"Sinpro-Rio\" \/>\n<meta property=\"article:published_time\" content=\"2025-08-07T17:16:50+00:00\" \/>\n<meta property=\"article:modified_time\" content=\"2026-02-23T16:22:20+00:00\" \/>\n<meta property=\"og:image\" content=\"https:\/\/www.sinpro-rio.org.br\/principal\/wp-content\/uploads\/2025\/08\/2806-19.png\" \/>\n\t<meta property=\"og:image:width\" content=\"1080\" \/>\n\t<meta property=\"og:image:height\" content=\"1080\" \/>\n\t<meta property=\"og:image:type\" content=\"image\/png\" \/>\n<meta name=\"author\" content=\"alessandra\" \/>\n<meta name=\"twitter:card\" content=\"summary_large_image\" \/>\n<meta name=\"twitter:label1\" content=\"Escrito por\" \/>\n\t<meta name=\"twitter:data1\" content=\"alessandra\" \/>\n\t<meta name=\"twitter:label2\" content=\"Est. tempo de leitura\" \/>\n\t<meta name=\"twitter:data2\" content=\"1 minuto\" \/>\n<script type=\"application\/ld+json\" class=\"yoast-schema-graph\">{\"@context\":\"https:\/\/schema.org\",\"@graph\":[{\"@type\":\"WebPage\",\"@id\":\"https:\/\/www.sinpro-rio.org.br\/principal\/2025-2-a-revolucao-cubana-o-processo-e-desafios-atuais-da-revolucao-fundamentos-e-contradicoes-de-uma-resistencia-socialista\/\",\"url\":\"https:\/\/www.sinpro-rio.org.br\/principal\/2025-2-a-revolucao-cubana-o-processo-e-desafios-atuais-da-revolucao-fundamentos-e-contradicoes-de-uma-resistencia-socialista\/\",\"name\":\"[2025\/2] A Revolu\u00e7\u00e3o Cubana - O processo e desafios atuais da revolu\u00e7\u00e3o: Fundamentos e contradi\u00e7\u00f5es de uma resist\u00eancia socialista - Sinpro-Rio\",\"isPartOf\":{\"@id\":\"https:\/\/www.sinpro-rio.org.br\/principal\/#website\"},\"primaryImageOfPage\":{\"@id\":\"https:\/\/www.sinpro-rio.org.br\/principal\/2025-2-a-revolucao-cubana-o-processo-e-desafios-atuais-da-revolucao-fundamentos-e-contradicoes-de-uma-resistencia-socialista\/#primaryimage\"},\"image\":{\"@id\":\"https:\/\/www.sinpro-rio.org.br\/principal\/2025-2-a-revolucao-cubana-o-processo-e-desafios-atuais-da-revolucao-fundamentos-e-contradicoes-de-uma-resistencia-socialista\/#primaryimage\"},\"thumbnailUrl\":\"https:\/\/www.sinpro-rio.org.br\/principal\/wp-content\/uploads\/2025\/08\/2806-19.png\",\"datePublished\":\"2025-08-07T17:16:50+00:00\",\"dateModified\":\"2026-02-23T16:22:20+00:00\",\"author\":{\"@id\":\"https:\/\/www.sinpro-rio.org.br\/principal\/#\/schema\/person\/ee17219e64d00d037e511ae59ce2227e\"},\"breadcrumb\":{\"@id\":\"https:\/\/www.sinpro-rio.org.br\/principal\/2025-2-a-revolucao-cubana-o-processo-e-desafios-atuais-da-revolucao-fundamentos-e-contradicoes-de-uma-resistencia-socialista\/#breadcrumb\"},\"inLanguage\":\"pt-BR\",\"potentialAction\":[{\"@type\":\"ReadAction\",\"target\":[\"https:\/\/www.sinpro-rio.org.br\/principal\/2025-2-a-revolucao-cubana-o-processo-e-desafios-atuais-da-revolucao-fundamentos-e-contradicoes-de-uma-resistencia-socialista\/\"]}]},{\"@type\":\"ImageObject\",\"inLanguage\":\"pt-BR\",\"@id\":\"https:\/\/www.sinpro-rio.org.br\/principal\/2025-2-a-revolucao-cubana-o-processo-e-desafios-atuais-da-revolucao-fundamentos-e-contradicoes-de-uma-resistencia-socialista\/#primaryimage\",\"url\":\"https:\/\/www.sinpro-rio.org.br\/principal\/wp-content\/uploads\/2025\/08\/2806-19.png\",\"contentUrl\":\"https:\/\/www.sinpro-rio.org.br\/principal\/wp-content\/uploads\/2025\/08\/2806-19.png\",\"width\":1080,\"height\":1080},{\"@type\":\"BreadcrumbList\",\"@id\":\"https:\/\/www.sinpro-rio.org.br\/principal\/2025-2-a-revolucao-cubana-o-processo-e-desafios-atuais-da-revolucao-fundamentos-e-contradicoes-de-uma-resistencia-socialista\/#breadcrumb\",\"itemListElement\":[{\"@type\":\"ListItem\",\"position\":1,\"name\":\"In\u00edcio\",\"item\":\"https:\/\/www.sinpro-rio.org.br\/principal\/\"},{\"@type\":\"ListItem\",\"position\":2,\"name\":\"[2025\/2] A Revolu\u00e7\u00e3o Cubana &#8211; O processo e desafios atuais da revolu\u00e7\u00e3o: Fundamentos e contradi\u00e7\u00f5es de uma resist\u00eancia socialista\"}]},{\"@type\":\"WebSite\",\"@id\":\"https:\/\/www.sinpro-rio.org.br\/principal\/#website\",\"url\":\"https:\/\/www.sinpro-rio.org.br\/principal\/\",\"name\":\"Sinpro-Rio\",\"description\":\"Sindicato dos Professores do Munic\u00edpio do Rio de Janeiro e Regi\u00e3o\",\"potentialAction\":[{\"@type\":\"SearchAction\",\"target\":{\"@type\":\"EntryPoint\",\"urlTemplate\":\"https:\/\/www.sinpro-rio.org.br\/principal\/?s={search_term_string}\"},\"query-input\":{\"@type\":\"PropertyValueSpecification\",\"valueRequired\":true,\"valueName\":\"search_term_string\"}}],\"inLanguage\":\"pt-BR\"},{\"@type\":\"Person\",\"@id\":\"https:\/\/www.sinpro-rio.org.br\/principal\/#\/schema\/person\/ee17219e64d00d037e511ae59ce2227e\",\"name\":\"alessandra\",\"image\":{\"@type\":\"ImageObject\",\"inLanguage\":\"pt-BR\",\"@id\":\"https:\/\/www.sinpro-rio.org.br\/principal\/#\/schema\/person\/image\/\",\"url\":\"https:\/\/secure.gravatar.com\/avatar\/2b43fa8c0ad8e33b46a4732549f7fb20?s=96&d=mm&r=g\",\"contentUrl\":\"https:\/\/secure.gravatar.com\/avatar\/2b43fa8c0ad8e33b46a4732549f7fb20?s=96&d=mm&r=g\",\"caption\":\"alessandra\"},\"url\":\"https:\/\/www.sinpro-rio.org.br\/principal\/author\/alessandra\/\"}]}<\/script>\n<!-- \/ Yoast SEO plugin. -->","yoast_head_json":{"title":"[2025\/2] A Revolu\u00e7\u00e3o Cubana - O processo e desafios atuais da revolu\u00e7\u00e3o: Fundamentos e contradi\u00e7\u00f5es de uma resist\u00eancia socialista - Sinpro-Rio","robots":{"index":"index","follow":"follow","max-snippet":"max-snippet:-1","max-image-preview":"max-image-preview:large","max-video-preview":"max-video-preview:-1"},"canonical":"https:\/\/www.sinpro-rio.org.br\/principal\/2025-2-a-revolucao-cubana-o-processo-e-desafios-atuais-da-revolucao-fundamentos-e-contradicoes-de-uma-resistencia-socialista\/","og_locale":"pt_BR","og_type":"article","og_title":"[2025\/2] A Revolu\u00e7\u00e3o Cubana - O processo e desafios atuais da revolu\u00e7\u00e3o: Fundamentos e contradi\u00e7\u00f5es de uma resist\u00eancia socialista - Sinpro-Rio","og_description":"Local: Rua Pedro Lessa, 35 \u2013 3\u00ba andar \u2013 Centro Vagas: 20Carga hor\u00e1ria: 8 horasQuintas-feiras, 4, 11, 18 e 25 de setembro, das 14h \u00e0s 16h Valor: sindicalizado(a), dependente, estudante e associado(a) de outra entidade de professor: R$32,00. N\u00e3o Sindicalizado(a): R$ 50,00 Objetivo:Discutir os principais aspectos que deram origem \u00e0 revolu\u00e7\u00e3o cubana, orienta\u00e7\u00e3o socialista, pontos [&hellip;]","og_url":"https:\/\/www.sinpro-rio.org.br\/principal\/2025-2-a-revolucao-cubana-o-processo-e-desafios-atuais-da-revolucao-fundamentos-e-contradicoes-de-uma-resistencia-socialista\/","og_site_name":"Sinpro-Rio","article_published_time":"2025-08-07T17:16:50+00:00","article_modified_time":"2026-02-23T16:22:20+00:00","og_image":[{"width":1080,"height":1080,"url":"https:\/\/www.sinpro-rio.org.br\/principal\/wp-content\/uploads\/2025\/08\/2806-19.png","type":"image\/png"}],"author":"alessandra","twitter_card":"summary_large_image","twitter_misc":{"Escrito por":"alessandra","Est. tempo de leitura":"1 minuto"},"schema":{"@context":"https:\/\/schema.org","@graph":[{"@type":"WebPage","@id":"https:\/\/www.sinpro-rio.org.br\/principal\/2025-2-a-revolucao-cubana-o-processo-e-desafios-atuais-da-revolucao-fundamentos-e-contradicoes-de-uma-resistencia-socialista\/","url":"https:\/\/www.sinpro-rio.org.br\/principal\/2025-2-a-revolucao-cubana-o-processo-e-desafios-atuais-da-revolucao-fundamentos-e-contradicoes-de-uma-resistencia-socialista\/","name":"[2025\/2] A Revolu\u00e7\u00e3o Cubana - O processo e desafios atuais da revolu\u00e7\u00e3o: Fundamentos e contradi\u00e7\u00f5es de uma resist\u00eancia socialista - Sinpro-Rio","isPartOf":{"@id":"https:\/\/www.sinpro-rio.org.br\/principal\/#website"},"primaryImageOfPage":{"@id":"https:\/\/www.sinpro-rio.org.br\/principal\/2025-2-a-revolucao-cubana-o-processo-e-desafios-atuais-da-revolucao-fundamentos-e-contradicoes-de-uma-resistencia-socialista\/#primaryimage"},"image":{"@id":"https:\/\/www.sinpro-rio.org.br\/principal\/2025-2-a-revolucao-cubana-o-processo-e-desafios-atuais-da-revolucao-fundamentos-e-contradicoes-de-uma-resistencia-socialista\/#primaryimage"},"thumbnailUrl":"https:\/\/www.sinpro-rio.org.br\/principal\/wp-content\/uploads\/2025\/08\/2806-19.png","datePublished":"2025-08-07T17:16:50+00:00","dateModified":"2026-02-23T16:22:20+00:00","author":{"@id":"https:\/\/www.sinpro-rio.org.br\/principal\/#\/schema\/person\/ee17219e64d00d037e511ae59ce2227e"},"breadcrumb":{"@id":"https:\/\/www.sinpro-rio.org.br\/principal\/2025-2-a-revolucao-cubana-o-processo-e-desafios-atuais-da-revolucao-fundamentos-e-contradicoes-de-uma-resistencia-socialista\/#breadcrumb"},"inLanguage":"pt-BR","potentialAction":[{"@type":"ReadAction","target":["https:\/\/www.sinpro-rio.org.br\/principal\/2025-2-a-revolucao-cubana-o-processo-e-desafios-atuais-da-revolucao-fundamentos-e-contradicoes-de-uma-resistencia-socialista\/"]}]},{"@type":"ImageObject","inLanguage":"pt-BR","@id":"https:\/\/www.sinpro-rio.org.br\/principal\/2025-2-a-revolucao-cubana-o-processo-e-desafios-atuais-da-revolucao-fundamentos-e-contradicoes-de-uma-resistencia-socialista\/#primaryimage","url":"https:\/\/www.sinpro-rio.org.br\/principal\/wp-content\/uploads\/2025\/08\/2806-19.png","contentUrl":"https:\/\/www.sinpro-rio.org.br\/principal\/wp-content\/uploads\/2025\/08\/2806-19.png","width":1080,"height":1080},{"@type":"BreadcrumbList","@id":"https:\/\/www.sinpro-rio.org.br\/principal\/2025-2-a-revolucao-cubana-o-processo-e-desafios-atuais-da-revolucao-fundamentos-e-contradicoes-de-uma-resistencia-socialista\/#breadcrumb","itemListElement":[{"@type":"ListItem","position":1,"name":"In\u00edcio","item":"https:\/\/www.sinpro-rio.org.br\/principal\/"},{"@type":"ListItem","position":2,"name":"[2025\/2] A Revolu\u00e7\u00e3o Cubana &#8211; O processo e desafios atuais da revolu\u00e7\u00e3o: Fundamentos e contradi\u00e7\u00f5es de uma resist\u00eancia socialista"}]},{"@type":"WebSite","@id":"https:\/\/www.sinpro-rio.org.br\/principal\/#website","url":"https:\/\/www.sinpro-rio.org.br\/principal\/","name":"Sinpro-Rio","description":"Sindicato dos Professores do Munic\u00edpio do Rio de Janeiro e Regi\u00e3o","potentialAction":[{"@type":"SearchAction","target":{"@type":"EntryPoint","urlTemplate":"https:\/\/www.sinpro-rio.org.br\/principal\/?s={search_term_string}"},"query-input":{"@type":"PropertyValueSpecification","valueRequired":true,"valueName":"search_term_string"}}],"inLanguage":"pt-BR"},{"@type":"Person","@id":"https:\/\/www.sinpro-rio.org.br\/principal\/#\/schema\/person\/ee17219e64d00d037e511ae59ce2227e","name":"alessandra","image":{"@type":"ImageObject","inLanguage":"pt-BR","@id":"https:\/\/www.sinpro-rio.org.br\/principal\/#\/schema\/person\/image\/","url":"https:\/\/secure.gravatar.com\/avatar\/2b43fa8c0ad8e33b46a4732549f7fb20?s=96&d=mm&r=g","contentUrl":"https:\/\/secure.gravatar.com\/avatar\/2b43fa8c0ad8e33b46a4732549f7fb20?s=96&d=mm&r=g","caption":"alessandra"},"url":"https:\/\/www.sinpro-rio.org.br\/principal\/author\/alessandra\/"}]}},"_links":{"self":[{"href":"https:\/\/www.sinpro-rio.org.br\/principal\/wp-json\/wp\/v2\/posts\/40530","targetHints":{"allow":["GET"]}}],"collection":[{"href":"https:\/\/www.sinpro-rio.org.br\/principal\/wp-json\/wp\/v2\/posts"}],"about":[{"href":"https:\/\/www.sinpro-rio.org.br\/principal\/wp-json\/wp\/v2\/types\/post"}],"author":[{"embeddable":true,"href":"https:\/\/www.sinpro-rio.org.br\/principal\/wp-json\/wp\/v2\/users\/2"}],"replies":[{"embeddable":true,"href":"https:\/\/www.sinpro-rio.org.br\/principal\/wp-json\/wp\/v2\/comments?post=40530"}],"version-history":[{"count":2,"href":"https:\/\/www.sinpro-rio.org.br\/principal\/wp-json\/wp\/v2\/posts\/40530\/revisions"}],"predecessor-version":[{"id":40572,"href":"https:\/\/www.sinpro-rio.org.br\/principal\/wp-json\/wp\/v2\/posts\/40530\/revisions\/40572"}],"wp:featuredmedia":[{"embeddable":true,"href":"https:\/\/www.sinpro-rio.org.br\/principal\/wp-json\/wp\/v2\/media\/40537"}],"wp:attachment":[{"href":"https:\/\/www.sinpro-rio.org.br\/principal\/wp-json\/wp\/v2\/media?parent=40530"}],"wp:term":[{"taxonomy":"category","embeddable":true,"href":"https:\/\/www.sinpro-rio.org.br\/principal\/wp-json\/wp\/v2\/categories?post=40530"},{"taxonomy":"post_tag","embeddable":true,"href":"https:\/\/www.sinpro-rio.org.br\/principal\/wp-json\/wp\/v2\/tags?post=40530"}],"curies":[{"name":"wp","href":"https:\/\/api.w.org\/{rel}","templated":true}]}}