{"id":39711,"date":"2025-05-02T10:49:50","date_gmt":"2025-05-02T13:49:50","guid":{"rendered":"https:\/\/www.sinpro-rio.org.br\/principal\/?p=39711"},"modified":"2025-05-12T13:32:31","modified_gmt":"2025-05-12T16:32:31","slug":"sinpro-rio-no-dia-do-trabalhador-e-da-trabalhadora-cinelandia-lotada-na-luta","status":"publish","type":"post","link":"https:\/\/www.sinpro-rio.org.br\/principal\/sinpro-rio-no-dia-do-trabalhador-e-da-trabalhadora-cinelandia-lotada-na-luta\/","title":{"rendered":"Sinpro-Rio no Dia do Trabalhador e da Trabalhadora. Cinel\u00e2ndia lotada na luta!"},"content":{"rendered":"\n<p class=\"has-medium-font-size\">Trabalhadoras e trabalhadores das mais diversas categorias sindicais se manifestaram no Primeiro de Maio, na Cinel\u00e2ndia. Como sempre, o Sinpro-Rio esteve presente, na luta contra a explora\u00e7\u00e3o, por remunera\u00e7\u00e3o e condi\u00e7\u00f5es de trabalho dignas. O ato foi uma demonstra\u00e7\u00e3o de unidade, com as centrais sindicais em conjunto.<\/p>\n\n\n\n<p>Imagens e v\u00eddeos da manifesta\u00e7\u00e3o.<\/p>\n\n\n\n<figure class=\"wp-block-gallery has-nested-images columns-default is-cropped wp-block-gallery-1 is-layout-flex wp-block-gallery-is-layout-flex\">\n<figure class=\"wp-block-image size-large\"><img fetchpriority=\"high\" decoding=\"async\" width=\"1024\" height=\"768\" data-id=\"39712\" src=\"https:\/\/www.sinpro-rio.org.br\/principal\/wp-content\/uploads\/2025\/05\/IMG_20250501_143753-1024x768.jpg\" alt=\"\" class=\"wp-image-39712\" srcset=\"https:\/\/www.sinpro-rio.org.br\/principal\/wp-content\/uploads\/2025\/05\/IMG_20250501_143753-1024x768.jpg 1024w, https:\/\/www.sinpro-rio.org.br\/principal\/wp-content\/uploads\/2025\/05\/IMG_20250501_143753-600x450.jpg 600w, https:\/\/www.sinpro-rio.org.br\/principal\/wp-content\/uploads\/2025\/05\/IMG_20250501_143753-200x150.jpg 200w, https:\/\/www.sinpro-rio.org.br\/principal\/wp-content\/uploads\/2025\/05\/IMG_20250501_143753-768x576.jpg 768w, https:\/\/www.sinpro-rio.org.br\/principal\/wp-content\/uploads\/2025\/05\/IMG_20250501_143753-1536x1152.jpg 1536w, https:\/\/www.sinpro-rio.org.br\/principal\/wp-content\/uploads\/2025\/05\/IMG_20250501_143753-2048x1536.jpg 2048w\" sizes=\"(max-width: 1024px) 100vw, 1024px\" \/><\/figure>\n\n\n\n<figure class=\"wp-block-image size-large\"><img decoding=\"async\" width=\"1024\" height=\"768\" data-id=\"39713\" src=\"https:\/\/www.sinpro-rio.org.br\/principal\/wp-content\/uploads\/2025\/05\/IMG_20250501_143833-1024x768.jpg\" alt=\"\" class=\"wp-image-39713\" srcset=\"https:\/\/www.sinpro-rio.org.br\/principal\/wp-content\/uploads\/2025\/05\/IMG_20250501_143833-1024x768.jpg 1024w, https:\/\/www.sinpro-rio.org.br\/principal\/wp-content\/uploads\/2025\/05\/IMG_20250501_143833-600x450.jpg 600w, https:\/\/www.sinpro-rio.org.br\/principal\/wp-content\/uploads\/2025\/05\/IMG_20250501_143833-200x150.jpg 200w, https:\/\/www.sinpro-rio.org.br\/principal\/wp-content\/uploads\/2025\/05\/IMG_20250501_143833-768x576.jpg 768w, https:\/\/www.sinpro-rio.org.br\/principal\/wp-content\/uploads\/2025\/05\/IMG_20250501_143833-1536x1152.jpg 1536w, https:\/\/www.sinpro-rio.org.br\/principal\/wp-content\/uploads\/2025\/05\/IMG_20250501_143833-2048x1536.jpg 2048w\" sizes=\"(max-width: 1024px) 100vw, 1024px\" \/><\/figure>\n\n\n\n<figure class=\"wp-block-image size-large\"><img decoding=\"async\" width=\"1024\" height=\"768\" data-id=\"39714\" src=\"https:\/\/www.sinpro-rio.org.br\/principal\/wp-content\/uploads\/2025\/05\/IMG_20250501_143910-1024x768.jpg\" alt=\"\" class=\"wp-image-39714\" srcset=\"https:\/\/www.sinpro-rio.org.br\/principal\/wp-content\/uploads\/2025\/05\/IMG_20250501_143910-1024x768.jpg 1024w, https:\/\/www.sinpro-rio.org.br\/principal\/wp-content\/uploads\/2025\/05\/IMG_20250501_143910-600x450.jpg 600w, https:\/\/www.sinpro-rio.org.br\/principal\/wp-content\/uploads\/2025\/05\/IMG_20250501_143910-200x150.jpg 200w, https:\/\/www.sinpro-rio.org.br\/principal\/wp-content\/uploads\/2025\/05\/IMG_20250501_143910-768x576.jpg 768w, https:\/\/www.sinpro-rio.org.br\/principal\/wp-content\/uploads\/2025\/05\/IMG_20250501_143910-1536x1152.jpg 1536w, https:\/\/www.sinpro-rio.org.br\/principal\/wp-content\/uploads\/2025\/05\/IMG_20250501_143910-2048x1536.jpg 2048w\" sizes=\"(max-width: 1024px) 100vw, 1024px\" \/><\/figure>\n\n\n\n<figure class=\"wp-block-image size-large\"><img loading=\"lazy\" decoding=\"async\" width=\"1024\" height=\"768\" data-id=\"39715\" src=\"https:\/\/www.sinpro-rio.org.br\/principal\/wp-content\/uploads\/2025\/05\/IMG_20250501_144144-1024x768.jpg\" alt=\"\" class=\"wp-image-39715\" srcset=\"https:\/\/www.sinpro-rio.org.br\/principal\/wp-content\/uploads\/2025\/05\/IMG_20250501_144144-1024x768.jpg 1024w, https:\/\/www.sinpro-rio.org.br\/principal\/wp-content\/uploads\/2025\/05\/IMG_20250501_144144-600x450.jpg 600w, https:\/\/www.sinpro-rio.org.br\/principal\/wp-content\/uploads\/2025\/05\/IMG_20250501_144144-200x150.jpg 200w, https:\/\/www.sinpro-rio.org.br\/principal\/wp-content\/uploads\/2025\/05\/IMG_20250501_144144-768x576.jpg 768w, https:\/\/www.sinpro-rio.org.br\/principal\/wp-content\/uploads\/2025\/05\/IMG_20250501_144144-1536x1152.jpg 1536w, https:\/\/www.sinpro-rio.org.br\/principal\/wp-content\/uploads\/2025\/05\/IMG_20250501_144144-2048x1536.jpg 2048w\" sizes=\"(max-width: 1024px) 100vw, 1024px\" \/><\/figure>\n\n\n\n<figure class=\"wp-block-image size-large\"><img loading=\"lazy\" decoding=\"async\" width=\"1024\" height=\"768\" data-id=\"39716\" src=\"https:\/\/www.sinpro-rio.org.br\/principal\/wp-content\/uploads\/2025\/05\/IMG_20250501_144410-1024x768.jpg\" alt=\"\" class=\"wp-image-39716\" srcset=\"https:\/\/www.sinpro-rio.org.br\/principal\/wp-content\/uploads\/2025\/05\/IMG_20250501_144410-1024x768.jpg 1024w, https:\/\/www.sinpro-rio.org.br\/principal\/wp-content\/uploads\/2025\/05\/IMG_20250501_144410-600x450.jpg 600w, https:\/\/www.sinpro-rio.org.br\/principal\/wp-content\/uploads\/2025\/05\/IMG_20250501_144410-200x150.jpg 200w, https:\/\/www.sinpro-rio.org.br\/principal\/wp-content\/uploads\/2025\/05\/IMG_20250501_144410-768x576.jpg 768w, https:\/\/www.sinpro-rio.org.br\/principal\/wp-content\/uploads\/2025\/05\/IMG_20250501_144410-1536x1152.jpg 1536w, https:\/\/www.sinpro-rio.org.br\/principal\/wp-content\/uploads\/2025\/05\/IMG_20250501_144410-2048x1536.jpg 2048w\" sizes=\"(max-width: 1024px) 100vw, 1024px\" \/><\/figure>\n\n\n\n<figure class=\"wp-block-image size-large\"><img loading=\"lazy\" decoding=\"async\" width=\"974\" height=\"1024\" data-id=\"39717\" src=\"https:\/\/www.sinpro-rio.org.br\/principal\/wp-content\/uploads\/2025\/05\/IMG_20250501_144633-974x1024.jpg\" alt=\"\" class=\"wp-image-39717\" srcset=\"https:\/\/www.sinpro-rio.org.br\/principal\/wp-content\/uploads\/2025\/05\/IMG_20250501_144633-974x1024.jpg 974w, https:\/\/www.sinpro-rio.org.br\/principal\/wp-content\/uploads\/2025\/05\/IMG_20250501_144633-570x600.jpg 570w, https:\/\/www.sinpro-rio.org.br\/principal\/wp-content\/uploads\/2025\/05\/IMG_20250501_144633-190x200.jpg 190w, https:\/\/www.sinpro-rio.org.br\/principal\/wp-content\/uploads\/2025\/05\/IMG_20250501_144633-768x808.jpg 768w, https:\/\/www.sinpro-rio.org.br\/principal\/wp-content\/uploads\/2025\/05\/IMG_20250501_144633-1460x1536.jpg 1460w, https:\/\/www.sinpro-rio.org.br\/principal\/wp-content\/uploads\/2025\/05\/IMG_20250501_144633-1947x2048.jpg 1947w\" sizes=\"(max-width: 974px) 100vw, 974px\" \/><\/figure>\n\n\n\n<figure class=\"wp-block-image size-large\"><img loading=\"lazy\" decoding=\"async\" width=\"1024\" height=\"768\" data-id=\"39718\" src=\"https:\/\/www.sinpro-rio.org.br\/principal\/wp-content\/uploads\/2025\/05\/IMG_20250501_144751-1024x768.jpg\" alt=\"\" class=\"wp-image-39718\" srcset=\"https:\/\/www.sinpro-rio.org.br\/principal\/wp-content\/uploads\/2025\/05\/IMG_20250501_144751-1024x768.jpg 1024w, https:\/\/www.sinpro-rio.org.br\/principal\/wp-content\/uploads\/2025\/05\/IMG_20250501_144751-600x450.jpg 600w, https:\/\/www.sinpro-rio.org.br\/principal\/wp-content\/uploads\/2025\/05\/IMG_20250501_144751-200x150.jpg 200w, https:\/\/www.sinpro-rio.org.br\/principal\/wp-content\/uploads\/2025\/05\/IMG_20250501_144751-768x576.jpg 768w, https:\/\/www.sinpro-rio.org.br\/principal\/wp-content\/uploads\/2025\/05\/IMG_20250501_144751-1536x1152.jpg 1536w, https:\/\/www.sinpro-rio.org.br\/principal\/wp-content\/uploads\/2025\/05\/IMG_20250501_144751-2048x1536.jpg 2048w\" sizes=\"(max-width: 1024px) 100vw, 1024px\" \/><\/figure>\n\n\n\n<figure class=\"wp-block-image size-large\"><img loading=\"lazy\" decoding=\"async\" width=\"768\" height=\"1024\" data-id=\"39719\" src=\"https:\/\/www.sinpro-rio.org.br\/principal\/wp-content\/uploads\/2025\/05\/IMG_20250501_150207-768x1024.jpg\" alt=\"\" class=\"wp-image-39719\" srcset=\"https:\/\/www.sinpro-rio.org.br\/principal\/wp-content\/uploads\/2025\/05\/IMG_20250501_150207-768x1024.jpg 768w, https:\/\/www.sinpro-rio.org.br\/principal\/wp-content\/uploads\/2025\/05\/IMG_20250501_150207-450x600.jpg 450w, https:\/\/www.sinpro-rio.org.br\/principal\/wp-content\/uploads\/2025\/05\/IMG_20250501_150207-150x200.jpg 150w, https:\/\/www.sinpro-rio.org.br\/principal\/wp-content\/uploads\/2025\/05\/IMG_20250501_150207-1152x1536.jpg 1152w, https:\/\/www.sinpro-rio.org.br\/principal\/wp-content\/uploads\/2025\/05\/IMG_20250501_150207-1536x2048.jpg 1536w, https:\/\/www.sinpro-rio.org.br\/principal\/wp-content\/uploads\/2025\/05\/IMG_20250501_150207-scaled.jpg 1920w\" sizes=\"(max-width: 768px) 100vw, 768px\" \/><\/figure>\n\n\n\n<figure class=\"wp-block-image size-large\"><img loading=\"lazy\" decoding=\"async\" width=\"973\" height=\"1024\" data-id=\"39720\" src=\"https:\/\/www.sinpro-rio.org.br\/principal\/wp-content\/uploads\/2025\/05\/IMG_20250501_151442-973x1024.jpg\" alt=\"\" class=\"wp-image-39720\" srcset=\"https:\/\/www.sinpro-rio.org.br\/principal\/wp-content\/uploads\/2025\/05\/IMG_20250501_151442-973x1024.jpg 973w, https:\/\/www.sinpro-rio.org.br\/principal\/wp-content\/uploads\/2025\/05\/IMG_20250501_151442-570x600.jpg 570w, https:\/\/www.sinpro-rio.org.br\/principal\/wp-content\/uploads\/2025\/05\/IMG_20250501_151442-190x200.jpg 190w, https:\/\/www.sinpro-rio.org.br\/principal\/wp-content\/uploads\/2025\/05\/IMG_20250501_151442-768x808.jpg 768w, https:\/\/www.sinpro-rio.org.br\/principal\/wp-content\/uploads\/2025\/05\/IMG_20250501_151442-1460x1536.jpg 1460w, https:\/\/www.sinpro-rio.org.br\/principal\/wp-content\/uploads\/2025\/05\/IMG_20250501_151442-1947x2048.jpg 1947w\" sizes=\"(max-width: 973px) 100vw, 973px\" \/><\/figure>\n\n\n\n<figure class=\"wp-block-image size-large\"><img loading=\"lazy\" decoding=\"async\" width=\"768\" height=\"1024\" data-id=\"39721\" src=\"https:\/\/www.sinpro-rio.org.br\/principal\/wp-content\/uploads\/2025\/05\/IMG_20250501_155406-768x1024.jpg\" alt=\"\" class=\"wp-image-39721\" srcset=\"https:\/\/www.sinpro-rio.org.br\/principal\/wp-content\/uploads\/2025\/05\/IMG_20250501_155406-768x1024.jpg 768w, https:\/\/www.sinpro-rio.org.br\/principal\/wp-content\/uploads\/2025\/05\/IMG_20250501_155406-450x600.jpg 450w, https:\/\/www.sinpro-rio.org.br\/principal\/wp-content\/uploads\/2025\/05\/IMG_20250501_155406-150x200.jpg 150w, https:\/\/www.sinpro-rio.org.br\/principal\/wp-content\/uploads\/2025\/05\/IMG_20250501_155406-1152x1536.jpg 1152w, https:\/\/www.sinpro-rio.org.br\/principal\/wp-content\/uploads\/2025\/05\/IMG_20250501_155406-1536x2048.jpg 1536w, https:\/\/www.sinpro-rio.org.br\/principal\/wp-content\/uploads\/2025\/05\/IMG_20250501_155406-scaled.jpg 1920w\" sizes=\"(max-width: 768px) 100vw, 768px\" \/><\/figure>\n\n\n\n<figure class=\"wp-block-image size-large\"><img loading=\"lazy\" decoding=\"async\" width=\"1024\" height=\"768\" data-id=\"39722\" src=\"https:\/\/www.sinpro-rio.org.br\/principal\/wp-content\/uploads\/2025\/05\/IMG_20250501_155742-1024x768.jpg\" alt=\"\" class=\"wp-image-39722\" srcset=\"https:\/\/www.sinpro-rio.org.br\/principal\/wp-content\/uploads\/2025\/05\/IMG_20250501_155742-1024x768.jpg 1024w, https:\/\/www.sinpro-rio.org.br\/principal\/wp-content\/uploads\/2025\/05\/IMG_20250501_155742-600x450.jpg 600w, https:\/\/www.sinpro-rio.org.br\/principal\/wp-content\/uploads\/2025\/05\/IMG_20250501_155742-200x150.jpg 200w, https:\/\/www.sinpro-rio.org.br\/principal\/wp-content\/uploads\/2025\/05\/IMG_20250501_155742-768x576.jpg 768w, https:\/\/www.sinpro-rio.org.br\/principal\/wp-content\/uploads\/2025\/05\/IMG_20250501_155742-1536x1152.jpg 1536w, https:\/\/www.sinpro-rio.org.br\/principal\/wp-content\/uploads\/2025\/05\/IMG_20250501_155742-2048x1536.jpg 2048w\" sizes=\"(max-width: 1024px) 100vw, 1024px\" \/><\/figure>\n\n\n\n<figure class=\"wp-block-image size-large\"><img loading=\"lazy\" decoding=\"async\" width=\"768\" height=\"1024\" data-id=\"39723\" src=\"https:\/\/www.sinpro-rio.org.br\/principal\/wp-content\/uploads\/2025\/05\/IMG_20250501_160148-768x1024.jpg\" alt=\"\" class=\"wp-image-39723\" srcset=\"https:\/\/www.sinpro-rio.org.br\/principal\/wp-content\/uploads\/2025\/05\/IMG_20250501_160148-768x1024.jpg 768w, https:\/\/www.sinpro-rio.org.br\/principal\/wp-content\/uploads\/2025\/05\/IMG_20250501_160148-450x600.jpg 450w, https:\/\/www.sinpro-rio.org.br\/principal\/wp-content\/uploads\/2025\/05\/IMG_20250501_160148-150x200.jpg 150w, https:\/\/www.sinpro-rio.org.br\/principal\/wp-content\/uploads\/2025\/05\/IMG_20250501_160148-1152x1536.jpg 1152w, https:\/\/www.sinpro-rio.org.br\/principal\/wp-content\/uploads\/2025\/05\/IMG_20250501_160148-1536x2048.jpg 1536w, https:\/\/www.sinpro-rio.org.br\/principal\/wp-content\/uploads\/2025\/05\/IMG_20250501_160148-scaled.jpg 1920w\" sizes=\"(max-width: 768px) 100vw, 768px\" \/><\/figure>\n\n\n\n<figure class=\"wp-block-image size-large\"><img loading=\"lazy\" decoding=\"async\" width=\"1024\" height=\"768\" data-id=\"39724\" src=\"https:\/\/www.sinpro-rio.org.br\/principal\/wp-content\/uploads\/2025\/05\/IMG_20250501_160409-1024x768.jpg\" alt=\"\" class=\"wp-image-39724\" srcset=\"https:\/\/www.sinpro-rio.org.br\/principal\/wp-content\/uploads\/2025\/05\/IMG_20250501_160409-1024x768.jpg 1024w, https:\/\/www.sinpro-rio.org.br\/principal\/wp-content\/uploads\/2025\/05\/IMG_20250501_160409-600x450.jpg 600w, https:\/\/www.sinpro-rio.org.br\/principal\/wp-content\/uploads\/2025\/05\/IMG_20250501_160409-200x150.jpg 200w, https:\/\/www.sinpro-rio.org.br\/principal\/wp-content\/uploads\/2025\/05\/IMG_20250501_160409-768x576.jpg 768w, https:\/\/www.sinpro-rio.org.br\/principal\/wp-content\/uploads\/2025\/05\/IMG_20250501_160409-1536x1152.jpg 1536w, https:\/\/www.sinpro-rio.org.br\/principal\/wp-content\/uploads\/2025\/05\/IMG_20250501_160409-2048x1536.jpg 2048w\" sizes=\"(max-width: 1024px) 100vw, 1024px\" \/><\/figure>\n\n\n\n<figure class=\"wp-block-image size-large\"><img loading=\"lazy\" decoding=\"async\" width=\"1024\" height=\"768\" data-id=\"39725\" src=\"https:\/\/www.sinpro-rio.org.br\/principal\/wp-content\/uploads\/2025\/05\/IMG_20250501_160834-1024x768.jpg\" alt=\"\" class=\"wp-image-39725\" srcset=\"https:\/\/www.sinpro-rio.org.br\/principal\/wp-content\/uploads\/2025\/05\/IMG_20250501_160834-1024x768.jpg 1024w, https:\/\/www.sinpro-rio.org.br\/principal\/wp-content\/uploads\/2025\/05\/IMG_20250501_160834-600x450.jpg 600w, https:\/\/www.sinpro-rio.org.br\/principal\/wp-content\/uploads\/2025\/05\/IMG_20250501_160834-200x150.jpg 200w, https:\/\/www.sinpro-rio.org.br\/principal\/wp-content\/uploads\/2025\/05\/IMG_20250501_160834-768x576.jpg 768w, https:\/\/www.sinpro-rio.org.br\/principal\/wp-content\/uploads\/2025\/05\/IMG_20250501_160834-1536x1152.jpg 1536w, https:\/\/www.sinpro-rio.org.br\/principal\/wp-content\/uploads\/2025\/05\/IMG_20250501_160834-2048x1536.jpg 2048w\" sizes=\"(max-width: 1024px) 100vw, 1024px\" \/><\/figure>\n\n\n\n<figure class=\"wp-block-image size-large\"><img loading=\"lazy\" decoding=\"async\" width=\"1024\" height=\"768\" data-id=\"39726\" src=\"https:\/\/www.sinpro-rio.org.br\/principal\/wp-content\/uploads\/2025\/05\/IMG_20250501_161104-1024x768.jpg\" alt=\"\" class=\"wp-image-39726\" srcset=\"https:\/\/www.sinpro-rio.org.br\/principal\/wp-content\/uploads\/2025\/05\/IMG_20250501_161104-1024x768.jpg 1024w, https:\/\/www.sinpro-rio.org.br\/principal\/wp-content\/uploads\/2025\/05\/IMG_20250501_161104-600x450.jpg 600w, https:\/\/www.sinpro-rio.org.br\/principal\/wp-content\/uploads\/2025\/05\/IMG_20250501_161104-200x150.jpg 200w, https:\/\/www.sinpro-rio.org.br\/principal\/wp-content\/uploads\/2025\/05\/IMG_20250501_161104-768x576.jpg 768w, https:\/\/www.sinpro-rio.org.br\/principal\/wp-content\/uploads\/2025\/05\/IMG_20250501_161104-1536x1152.jpg 1536w, https:\/\/www.sinpro-rio.org.br\/principal\/wp-content\/uploads\/2025\/05\/IMG_20250501_161104-2048x1536.jpg 2048w\" sizes=\"(max-width: 1024px) 100vw, 1024px\" \/><\/figure>\n\n\n\n<figure class=\"wp-block-image size-large\"><img loading=\"lazy\" decoding=\"async\" width=\"1024\" height=\"768\" data-id=\"39727\" src=\"https:\/\/www.sinpro-rio.org.br\/principal\/wp-content\/uploads\/2025\/05\/IMG_20250501_161150-1024x768.jpg\" alt=\"\" class=\"wp-image-39727\" srcset=\"https:\/\/www.sinpro-rio.org.br\/principal\/wp-content\/uploads\/2025\/05\/IMG_20250501_161150-1024x768.jpg 1024w, https:\/\/www.sinpro-rio.org.br\/principal\/wp-content\/uploads\/2025\/05\/IMG_20250501_161150-600x450.jpg 600w, https:\/\/www.sinpro-rio.org.br\/principal\/wp-content\/uploads\/2025\/05\/IMG_20250501_161150-200x150.jpg 200w, https:\/\/www.sinpro-rio.org.br\/principal\/wp-content\/uploads\/2025\/05\/IMG_20250501_161150-768x576.jpg 768w, https:\/\/www.sinpro-rio.org.br\/principal\/wp-content\/uploads\/2025\/05\/IMG_20250501_161150-1536x1152.jpg 1536w, https:\/\/www.sinpro-rio.org.br\/principal\/wp-content\/uploads\/2025\/05\/IMG_20250501_161150-2048x1536.jpg 2048w\" sizes=\"(max-width: 1024px) 100vw, 1024px\" \/><\/figure>\n\n\n\n<figure class=\"wp-block-image size-large\"><img loading=\"lazy\" decoding=\"async\" width=\"1024\" height=\"768\" data-id=\"39728\" src=\"https:\/\/www.sinpro-rio.org.br\/principal\/wp-content\/uploads\/2025\/05\/IMG_20250501_161202-1024x768.jpg\" alt=\"\" class=\"wp-image-39728\" srcset=\"https:\/\/www.sinpro-rio.org.br\/principal\/wp-content\/uploads\/2025\/05\/IMG_20250501_161202-1024x768.jpg 1024w, https:\/\/www.sinpro-rio.org.br\/principal\/wp-content\/uploads\/2025\/05\/IMG_20250501_161202-600x450.jpg 600w, https:\/\/www.sinpro-rio.org.br\/principal\/wp-content\/uploads\/2025\/05\/IMG_20250501_161202-200x150.jpg 200w, https:\/\/www.sinpro-rio.org.br\/principal\/wp-content\/uploads\/2025\/05\/IMG_20250501_161202-768x576.jpg 768w, https:\/\/www.sinpro-rio.org.br\/principal\/wp-content\/uploads\/2025\/05\/IMG_20250501_161202-1536x1152.jpg 1536w, https:\/\/www.sinpro-rio.org.br\/principal\/wp-content\/uploads\/2025\/05\/IMG_20250501_161202-2048x1536.jpg 2048w\" sizes=\"(max-width: 1024px) 100vw, 1024px\" \/><\/figure>\n\n\n\n<figure class=\"wp-block-image size-large\"><img loading=\"lazy\" decoding=\"async\" width=\"1024\" height=\"768\" data-id=\"39729\" src=\"https:\/\/www.sinpro-rio.org.br\/principal\/wp-content\/uploads\/2025\/05\/IMG_20250501_162235-1024x768.jpg\" alt=\"\" class=\"wp-image-39729\" srcset=\"https:\/\/www.sinpro-rio.org.br\/principal\/wp-content\/uploads\/2025\/05\/IMG_20250501_162235-1024x768.jpg 1024w, https:\/\/www.sinpro-rio.org.br\/principal\/wp-content\/uploads\/2025\/05\/IMG_20250501_162235-600x450.jpg 600w, https:\/\/www.sinpro-rio.org.br\/principal\/wp-content\/uploads\/2025\/05\/IMG_20250501_162235-200x150.jpg 200w, https:\/\/www.sinpro-rio.org.br\/principal\/wp-content\/uploads\/2025\/05\/IMG_20250501_162235-768x576.jpg 768w, https:\/\/www.sinpro-rio.org.br\/principal\/wp-content\/uploads\/2025\/05\/IMG_20250501_162235-1536x1152.jpg 1536w, https:\/\/www.sinpro-rio.org.br\/principal\/wp-content\/uploads\/2025\/05\/IMG_20250501_162235-2048x1536.jpg 2048w\" sizes=\"(max-width: 1024px) 100vw, 1024px\" \/><\/figure>\n\n\n\n<figure class=\"wp-block-image size-large\"><img loading=\"lazy\" decoding=\"async\" width=\"1024\" height=\"768\" data-id=\"39730\" src=\"https:\/\/www.sinpro-rio.org.br\/principal\/wp-content\/uploads\/2025\/05\/IMG_20250501_162237-1024x768.jpg\" alt=\"\" class=\"wp-image-39730\" srcset=\"https:\/\/www.sinpro-rio.org.br\/principal\/wp-content\/uploads\/2025\/05\/IMG_20250501_162237-1024x768.jpg 1024w, https:\/\/www.sinpro-rio.org.br\/principal\/wp-content\/uploads\/2025\/05\/IMG_20250501_162237-600x450.jpg 600w, https:\/\/www.sinpro-rio.org.br\/principal\/wp-content\/uploads\/2025\/05\/IMG_20250501_162237-200x150.jpg 200w, https:\/\/www.sinpro-rio.org.br\/principal\/wp-content\/uploads\/2025\/05\/IMG_20250501_162237-768x576.jpg 768w, https:\/\/www.sinpro-rio.org.br\/principal\/wp-content\/uploads\/2025\/05\/IMG_20250501_162237-1536x1152.jpg 1536w, https:\/\/www.sinpro-rio.org.br\/principal\/wp-content\/uploads\/2025\/05\/IMG_20250501_162237-2048x1536.jpg 2048w\" sizes=\"(max-width: 1024px) 100vw, 1024px\" \/><\/figure>\n\n\n\n<figure class=\"wp-block-image size-large\"><img loading=\"lazy\" decoding=\"async\" width=\"1024\" height=\"768\" data-id=\"39731\" src=\"https:\/\/www.sinpro-rio.org.br\/principal\/wp-content\/uploads\/2025\/05\/IMG_20250501_163600-1024x768.jpg\" alt=\"\" class=\"wp-image-39731\" srcset=\"https:\/\/www.sinpro-rio.org.br\/principal\/wp-content\/uploads\/2025\/05\/IMG_20250501_163600-1024x768.jpg 1024w, https:\/\/www.sinpro-rio.org.br\/principal\/wp-content\/uploads\/2025\/05\/IMG_20250501_163600-600x450.jpg 600w, https:\/\/www.sinpro-rio.org.br\/principal\/wp-content\/uploads\/2025\/05\/IMG_20250501_163600-200x150.jpg 200w, https:\/\/www.sinpro-rio.org.br\/principal\/wp-content\/uploads\/2025\/05\/IMG_20250501_163600-768x576.jpg 768w, https:\/\/www.sinpro-rio.org.br\/principal\/wp-content\/uploads\/2025\/05\/IMG_20250501_163600-1536x1152.jpg 1536w, https:\/\/www.sinpro-rio.org.br\/principal\/wp-content\/uploads\/2025\/05\/IMG_20250501_163600-2048x1536.jpg 2048w\" sizes=\"(max-width: 1024px) 100vw, 1024px\" \/><\/figure>\n\n\n\n<figure class=\"wp-block-image size-large\"><img loading=\"lazy\" decoding=\"async\" width=\"1024\" height=\"768\" data-id=\"39732\" src=\"https:\/\/www.sinpro-rio.org.br\/principal\/wp-content\/uploads\/2025\/05\/IMG_20250501_163922-1024x768.jpg\" alt=\"\" class=\"wp-image-39732\" srcset=\"https:\/\/www.sinpro-rio.org.br\/principal\/wp-content\/uploads\/2025\/05\/IMG_20250501_163922-1024x768.jpg 1024w, https:\/\/www.sinpro-rio.org.br\/principal\/wp-content\/uploads\/2025\/05\/IMG_20250501_163922-600x450.jpg 600w, https:\/\/www.sinpro-rio.org.br\/principal\/wp-content\/uploads\/2025\/05\/IMG_20250501_163922-200x150.jpg 200w, https:\/\/www.sinpro-rio.org.br\/principal\/wp-content\/uploads\/2025\/05\/IMG_20250501_163922-768x576.jpg 768w, https:\/\/www.sinpro-rio.org.br\/principal\/wp-content\/uploads\/2025\/05\/IMG_20250501_163922-1536x1152.jpg 1536w, https:\/\/www.sinpro-rio.org.br\/principal\/wp-content\/uploads\/2025\/05\/IMG_20250501_163922-2048x1536.jpg 2048w\" sizes=\"(max-width: 1024px) 100vw, 1024px\" \/><\/figure>\n<\/figure>\n\n\n\n<figure class=\"wp-block-embed is-type-video is-provider-youtube wp-block-embed-youtube wp-embed-aspect-16-9 wp-has-aspect-ratio\"><div class=\"wp-block-embed__wrapper\">\n<iframe title=\"Presidente do Sinpro-Rio no Dia Internacional do Trabalhador e da Trabalhadora. Cinel\u00e2ndia na luta\" width=\"500\" height=\"281\" src=\"https:\/\/www.youtube.com\/embed\/baUkBvadVR0?feature=oembed\" frameborder=\"0\" allow=\"accelerometer; autoplay; clipboard-write; encrypted-media; gyroscope; picture-in-picture; web-share\" referrerpolicy=\"strict-origin-when-cross-origin\" allowfullscreen><\/iframe>\n<\/div><\/figure>\n\n\n\n<figure class=\"wp-block-embed is-type-video is-provider-youtube wp-block-embed-youtube wp-embed-aspect-16-9 wp-has-aspect-ratio\"><div class=\"wp-block-embed__wrapper\">\n<iframe title=\"Elson Paiva, no Dia Internacional do Trabalhador e da Trabalhadora.\" width=\"500\" height=\"281\" src=\"https:\/\/www.youtube.com\/embed\/7D0E69zqm-I?feature=oembed\" frameborder=\"0\" allow=\"accelerometer; autoplay; clipboard-write; encrypted-media; gyroscope; picture-in-picture; web-share\" referrerpolicy=\"strict-origin-when-cross-origin\" allowfullscreen><\/iframe>\n<\/div><\/figure>\n","protected":false},"excerpt":{"rendered":"<p>Trabalhadoras e trabalhadores das mais diversas categorias sindicais se manifestaram no Primeiro de Maio, na Cinel\u00e2ndia. Como sempre, o Sinpro-Rio esteve presente, na luta contra a explora\u00e7\u00e3o, por remunera\u00e7\u00e3o e condi\u00e7\u00f5es de trabalho dignas. O ato foi uma demonstra\u00e7\u00e3o de unidade, com as centrais sindicais em conjunto. Imagens e v\u00eddeos da manifesta\u00e7\u00e3o.<\/p>\n","protected":false},"author":2,"featured_media":39724,"comment_status":"closed","ping_status":"open","sticky":false,"template":"","format":"standard","meta":{"footnotes":""},"categories":[74,1],"tags":[],"class_list":["post-39711","post","type-post","status-publish","format-standard","has-post-thumbnail","hentry","category-destaque","category-noticias"],"yoast_head":"<!-- This site is optimized with the Yoast SEO plugin v25.7 - https:\/\/yoast.com\/wordpress\/plugins\/seo\/ -->\n<title>Sinpro-Rio no Dia do Trabalhador e da Trabalhadora. Cinel\u00e2ndia lotada na luta! - Sinpro-Rio<\/title>\n<meta name=\"robots\" content=\"index, follow, max-snippet:-1, max-image-preview:large, max-video-preview:-1\" \/>\n<link rel=\"canonical\" href=\"https:\/\/www.sinpro-rio.org.br\/principal\/sinpro-rio-no-dia-do-trabalhador-e-da-trabalhadora-cinelandia-lotada-na-luta\/\" \/>\n<meta property=\"og:locale\" content=\"pt_BR\" \/>\n<meta property=\"og:type\" content=\"article\" \/>\n<meta property=\"og:title\" content=\"Sinpro-Rio no Dia do Trabalhador e da Trabalhadora. Cinel\u00e2ndia lotada na luta! - Sinpro-Rio\" \/>\n<meta property=\"og:description\" content=\"Trabalhadoras e trabalhadores das mais diversas categorias sindicais se manifestaram no Primeiro de Maio, na Cinel\u00e2ndia. Como sempre, o Sinpro-Rio esteve presente, na luta contra a explora\u00e7\u00e3o, por remunera\u00e7\u00e3o e condi\u00e7\u00f5es de trabalho dignas. O ato foi uma demonstra\u00e7\u00e3o de unidade, com as centrais sindicais em conjunto. Imagens e v\u00eddeos da manifesta\u00e7\u00e3o.\" \/>\n<meta property=\"og:url\" content=\"https:\/\/www.sinpro-rio.org.br\/principal\/sinpro-rio-no-dia-do-trabalhador-e-da-trabalhadora-cinelandia-lotada-na-luta\/\" \/>\n<meta property=\"og:site_name\" content=\"Sinpro-Rio\" \/>\n<meta property=\"article:published_time\" content=\"2025-05-02T13:49:50+00:00\" \/>\n<meta property=\"article:modified_time\" content=\"2025-05-12T16:32:31+00:00\" \/>\n<meta property=\"og:image\" content=\"https:\/\/www.sinpro-rio.org.br\/principal\/wp-content\/uploads\/2025\/05\/IMG_20250501_160409-scaled.jpg\" \/>\n\t<meta property=\"og:image:width\" content=\"2560\" \/>\n\t<meta property=\"og:image:height\" content=\"1920\" \/>\n\t<meta property=\"og:image:type\" content=\"image\/jpeg\" \/>\n<meta name=\"author\" content=\"alessandra\" \/>\n<meta name=\"twitter:card\" content=\"summary_large_image\" \/>\n<meta name=\"twitter:label1\" content=\"Escrito por\" \/>\n\t<meta name=\"twitter:data1\" content=\"alessandra\" \/>\n<script type=\"application\/ld+json\" class=\"yoast-schema-graph\">{\"@context\":\"https:\/\/schema.org\",\"@graph\":[{\"@type\":\"WebPage\",\"@id\":\"https:\/\/www.sinpro-rio.org.br\/principal\/sinpro-rio-no-dia-do-trabalhador-e-da-trabalhadora-cinelandia-lotada-na-luta\/\",\"url\":\"https:\/\/www.sinpro-rio.org.br\/principal\/sinpro-rio-no-dia-do-trabalhador-e-da-trabalhadora-cinelandia-lotada-na-luta\/\",\"name\":\"Sinpro-Rio no Dia do Trabalhador e da Trabalhadora. Cinel\u00e2ndia lotada na luta! - Sinpro-Rio\",\"isPartOf\":{\"@id\":\"https:\/\/www.sinpro-rio.org.br\/principal\/#website\"},\"primaryImageOfPage\":{\"@id\":\"https:\/\/www.sinpro-rio.org.br\/principal\/sinpro-rio-no-dia-do-trabalhador-e-da-trabalhadora-cinelandia-lotada-na-luta\/#primaryimage\"},\"image\":{\"@id\":\"https:\/\/www.sinpro-rio.org.br\/principal\/sinpro-rio-no-dia-do-trabalhador-e-da-trabalhadora-cinelandia-lotada-na-luta\/#primaryimage\"},\"thumbnailUrl\":\"https:\/\/www.sinpro-rio.org.br\/principal\/wp-content\/uploads\/2025\/05\/IMG_20250501_160409-scaled.jpg\",\"datePublished\":\"2025-05-02T13:49:50+00:00\",\"dateModified\":\"2025-05-12T16:32:31+00:00\",\"author\":{\"@id\":\"https:\/\/www.sinpro-rio.org.br\/principal\/#\/schema\/person\/ee17219e64d00d037e511ae59ce2227e\"},\"breadcrumb\":{\"@id\":\"https:\/\/www.sinpro-rio.org.br\/principal\/sinpro-rio-no-dia-do-trabalhador-e-da-trabalhadora-cinelandia-lotada-na-luta\/#breadcrumb\"},\"inLanguage\":\"pt-BR\",\"potentialAction\":[{\"@type\":\"ReadAction\",\"target\":[\"https:\/\/www.sinpro-rio.org.br\/principal\/sinpro-rio-no-dia-do-trabalhador-e-da-trabalhadora-cinelandia-lotada-na-luta\/\"]}]},{\"@type\":\"ImageObject\",\"inLanguage\":\"pt-BR\",\"@id\":\"https:\/\/www.sinpro-rio.org.br\/principal\/sinpro-rio-no-dia-do-trabalhador-e-da-trabalhadora-cinelandia-lotada-na-luta\/#primaryimage\",\"url\":\"https:\/\/www.sinpro-rio.org.br\/principal\/wp-content\/uploads\/2025\/05\/IMG_20250501_160409-scaled.jpg\",\"contentUrl\":\"https:\/\/www.sinpro-rio.org.br\/principal\/wp-content\/uploads\/2025\/05\/IMG_20250501_160409-scaled.jpg\",\"width\":2560,\"height\":1920},{\"@type\":\"BreadcrumbList\",\"@id\":\"https:\/\/www.sinpro-rio.org.br\/principal\/sinpro-rio-no-dia-do-trabalhador-e-da-trabalhadora-cinelandia-lotada-na-luta\/#breadcrumb\",\"itemListElement\":[{\"@type\":\"ListItem\",\"position\":1,\"name\":\"In\u00edcio\",\"item\":\"https:\/\/www.sinpro-rio.org.br\/principal\/\"},{\"@type\":\"ListItem\",\"position\":2,\"name\":\"Sinpro-Rio no Dia do Trabalhador e da Trabalhadora. Cinel\u00e2ndia lotada na luta!\"}]},{\"@type\":\"WebSite\",\"@id\":\"https:\/\/www.sinpro-rio.org.br\/principal\/#website\",\"url\":\"https:\/\/www.sinpro-rio.org.br\/principal\/\",\"name\":\"Sinpro-Rio\",\"description\":\"Sindicato dos Professores do Munic\u00edpio do Rio de Janeiro e Regi\u00e3o\",\"potentialAction\":[{\"@type\":\"SearchAction\",\"target\":{\"@type\":\"EntryPoint\",\"urlTemplate\":\"https:\/\/www.sinpro-rio.org.br\/principal\/?s={search_term_string}\"},\"query-input\":{\"@type\":\"PropertyValueSpecification\",\"valueRequired\":true,\"valueName\":\"search_term_string\"}}],\"inLanguage\":\"pt-BR\"},{\"@type\":\"Person\",\"@id\":\"https:\/\/www.sinpro-rio.org.br\/principal\/#\/schema\/person\/ee17219e64d00d037e511ae59ce2227e\",\"name\":\"alessandra\",\"image\":{\"@type\":\"ImageObject\",\"inLanguage\":\"pt-BR\",\"@id\":\"https:\/\/www.sinpro-rio.org.br\/principal\/#\/schema\/person\/image\/\",\"url\":\"https:\/\/secure.gravatar.com\/avatar\/2b43fa8c0ad8e33b46a4732549f7fb20?s=96&d=mm&r=g\",\"contentUrl\":\"https:\/\/secure.gravatar.com\/avatar\/2b43fa8c0ad8e33b46a4732549f7fb20?s=96&d=mm&r=g\",\"caption\":\"alessandra\"},\"url\":\"https:\/\/www.sinpro-rio.org.br\/principal\/author\/alessandra\/\"}]}<\/script>\n<!-- \/ Yoast SEO plugin. -->","yoast_head_json":{"title":"Sinpro-Rio no Dia do Trabalhador e da Trabalhadora. Cinel\u00e2ndia lotada na luta! - Sinpro-Rio","robots":{"index":"index","follow":"follow","max-snippet":"max-snippet:-1","max-image-preview":"max-image-preview:large","max-video-preview":"max-video-preview:-1"},"canonical":"https:\/\/www.sinpro-rio.org.br\/principal\/sinpro-rio-no-dia-do-trabalhador-e-da-trabalhadora-cinelandia-lotada-na-luta\/","og_locale":"pt_BR","og_type":"article","og_title":"Sinpro-Rio no Dia do Trabalhador e da Trabalhadora. Cinel\u00e2ndia lotada na luta! - Sinpro-Rio","og_description":"Trabalhadoras e trabalhadores das mais diversas categorias sindicais se manifestaram no Primeiro de Maio, na Cinel\u00e2ndia. Como sempre, o Sinpro-Rio esteve presente, na luta contra a explora\u00e7\u00e3o, por remunera\u00e7\u00e3o e condi\u00e7\u00f5es de trabalho dignas. O ato foi uma demonstra\u00e7\u00e3o de unidade, com as centrais sindicais em conjunto. Imagens e v\u00eddeos da manifesta\u00e7\u00e3o.","og_url":"https:\/\/www.sinpro-rio.org.br\/principal\/sinpro-rio-no-dia-do-trabalhador-e-da-trabalhadora-cinelandia-lotada-na-luta\/","og_site_name":"Sinpro-Rio","article_published_time":"2025-05-02T13:49:50+00:00","article_modified_time":"2025-05-12T16:32:31+00:00","og_image":[{"width":2560,"height":1920,"url":"https:\/\/www.sinpro-rio.org.br\/principal\/wp-content\/uploads\/2025\/05\/IMG_20250501_160409-scaled.jpg","type":"image\/jpeg"}],"author":"alessandra","twitter_card":"summary_large_image","twitter_misc":{"Escrito por":"alessandra"},"schema":{"@context":"https:\/\/schema.org","@graph":[{"@type":"WebPage","@id":"https:\/\/www.sinpro-rio.org.br\/principal\/sinpro-rio-no-dia-do-trabalhador-e-da-trabalhadora-cinelandia-lotada-na-luta\/","url":"https:\/\/www.sinpro-rio.org.br\/principal\/sinpro-rio-no-dia-do-trabalhador-e-da-trabalhadora-cinelandia-lotada-na-luta\/","name":"Sinpro-Rio no Dia do Trabalhador e da Trabalhadora. Cinel\u00e2ndia lotada na luta! - Sinpro-Rio","isPartOf":{"@id":"https:\/\/www.sinpro-rio.org.br\/principal\/#website"},"primaryImageOfPage":{"@id":"https:\/\/www.sinpro-rio.org.br\/principal\/sinpro-rio-no-dia-do-trabalhador-e-da-trabalhadora-cinelandia-lotada-na-luta\/#primaryimage"},"image":{"@id":"https:\/\/www.sinpro-rio.org.br\/principal\/sinpro-rio-no-dia-do-trabalhador-e-da-trabalhadora-cinelandia-lotada-na-luta\/#primaryimage"},"thumbnailUrl":"https:\/\/www.sinpro-rio.org.br\/principal\/wp-content\/uploads\/2025\/05\/IMG_20250501_160409-scaled.jpg","datePublished":"2025-05-02T13:49:50+00:00","dateModified":"2025-05-12T16:32:31+00:00","author":{"@id":"https:\/\/www.sinpro-rio.org.br\/principal\/#\/schema\/person\/ee17219e64d00d037e511ae59ce2227e"},"breadcrumb":{"@id":"https:\/\/www.sinpro-rio.org.br\/principal\/sinpro-rio-no-dia-do-trabalhador-e-da-trabalhadora-cinelandia-lotada-na-luta\/#breadcrumb"},"inLanguage":"pt-BR","potentialAction":[{"@type":"ReadAction","target":["https:\/\/www.sinpro-rio.org.br\/principal\/sinpro-rio-no-dia-do-trabalhador-e-da-trabalhadora-cinelandia-lotada-na-luta\/"]}]},{"@type":"ImageObject","inLanguage":"pt-BR","@id":"https:\/\/www.sinpro-rio.org.br\/principal\/sinpro-rio-no-dia-do-trabalhador-e-da-trabalhadora-cinelandia-lotada-na-luta\/#primaryimage","url":"https:\/\/www.sinpro-rio.org.br\/principal\/wp-content\/uploads\/2025\/05\/IMG_20250501_160409-scaled.jpg","contentUrl":"https:\/\/www.sinpro-rio.org.br\/principal\/wp-content\/uploads\/2025\/05\/IMG_20250501_160409-scaled.jpg","width":2560,"height":1920},{"@type":"BreadcrumbList","@id":"https:\/\/www.sinpro-rio.org.br\/principal\/sinpro-rio-no-dia-do-trabalhador-e-da-trabalhadora-cinelandia-lotada-na-luta\/#breadcrumb","itemListElement":[{"@type":"ListItem","position":1,"name":"In\u00edcio","item":"https:\/\/www.sinpro-rio.org.br\/principal\/"},{"@type":"ListItem","position":2,"name":"Sinpro-Rio no Dia do Trabalhador e da Trabalhadora. Cinel\u00e2ndia lotada na luta!"}]},{"@type":"WebSite","@id":"https:\/\/www.sinpro-rio.org.br\/principal\/#website","url":"https:\/\/www.sinpro-rio.org.br\/principal\/","name":"Sinpro-Rio","description":"Sindicato dos Professores do Munic\u00edpio do Rio de Janeiro e Regi\u00e3o","potentialAction":[{"@type":"SearchAction","target":{"@type":"EntryPoint","urlTemplate":"https:\/\/www.sinpro-rio.org.br\/principal\/?s={search_term_string}"},"query-input":{"@type":"PropertyValueSpecification","valueRequired":true,"valueName":"search_term_string"}}],"inLanguage":"pt-BR"},{"@type":"Person","@id":"https:\/\/www.sinpro-rio.org.br\/principal\/#\/schema\/person\/ee17219e64d00d037e511ae59ce2227e","name":"alessandra","image":{"@type":"ImageObject","inLanguage":"pt-BR","@id":"https:\/\/www.sinpro-rio.org.br\/principal\/#\/schema\/person\/image\/","url":"https:\/\/secure.gravatar.com\/avatar\/2b43fa8c0ad8e33b46a4732549f7fb20?s=96&d=mm&r=g","contentUrl":"https:\/\/secure.gravatar.com\/avatar\/2b43fa8c0ad8e33b46a4732549f7fb20?s=96&d=mm&r=g","caption":"alessandra"},"url":"https:\/\/www.sinpro-rio.org.br\/principal\/author\/alessandra\/"}]}},"_links":{"self":[{"href":"https:\/\/www.sinpro-rio.org.br\/principal\/wp-json\/wp\/v2\/posts\/39711","targetHints":{"allow":["GET"]}}],"collection":[{"href":"https:\/\/www.sinpro-rio.org.br\/principal\/wp-json\/wp\/v2\/posts"}],"about":[{"href":"https:\/\/www.sinpro-rio.org.br\/principal\/wp-json\/wp\/v2\/types\/post"}],"author":[{"embeddable":true,"href":"https:\/\/www.sinpro-rio.org.br\/principal\/wp-json\/wp\/v2\/users\/2"}],"replies":[{"embeddable":true,"href":"https:\/\/www.sinpro-rio.org.br\/principal\/wp-json\/wp\/v2\/comments?post=39711"}],"version-history":[{"count":3,"href":"https:\/\/www.sinpro-rio.org.br\/principal\/wp-json\/wp\/v2\/posts\/39711\/revisions"}],"predecessor-version":[{"id":39747,"href":"https:\/\/www.sinpro-rio.org.br\/principal\/wp-json\/wp\/v2\/posts\/39711\/revisions\/39747"}],"wp:featuredmedia":[{"embeddable":true,"href":"https:\/\/www.sinpro-rio.org.br\/principal\/wp-json\/wp\/v2\/media\/39724"}],"wp:attachment":[{"href":"https:\/\/www.sinpro-rio.org.br\/principal\/wp-json\/wp\/v2\/media?parent=39711"}],"wp:term":[{"taxonomy":"category","embeddable":true,"href":"https:\/\/www.sinpro-rio.org.br\/principal\/wp-json\/wp\/v2\/categories?post=39711"},{"taxonomy":"post_tag","embeddable":true,"href":"https:\/\/www.sinpro-rio.org.br\/principal\/wp-json\/wp\/v2\/tags?post=39711"}],"curies":[{"name":"wp","href":"https:\/\/api.w.org\/{rel}","templated":true}]}}