{"id":36437,"date":"2023-08-08T15:34:53","date_gmt":"2023-08-08T18:34:53","guid":{"rendered":"https:\/\/sinpro-rio.org.br\/principal\/?p=36437"},"modified":"2024-02-20T11:58:01","modified_gmt":"2024-02-20T14:58:01","slug":"assinada-cct-da-educacao-basica-de-2023","status":"publish","type":"post","link":"https:\/\/www.sinpro-rio.org.br\/principal\/assinada-cct-da-educacao-basica-de-2023\/","title":{"rendered":"Assinada CCT da Educa\u00e7\u00e3o B\u00e1sica de 2023"},"content":{"rendered":"\n<p>Foi assinada, no dia 08 de agosto de 2023, a CCT da Educa\u00e7\u00e3o B\u00e1sica.<\/p>\n\n\n\n<p><strong><em>Aten\u00e7\u00e3o professoras e professores!<\/em><\/strong><\/p>\n\n\n\n<p>A Conven\u00e7\u00e3o Coletiva de 2023\/2024 foi assinada, j\u00e1 est\u00e1 valendo e deve ser cumprida por todas as escolas.<\/p>\n\n\n\n<p>O reajuste deste ano \u00e9 de 5,5% a partir de abril, aplicado no sal\u00e1rio do m\u00eas de agosto; inclusive, neste, devem ser pagos os retroativos de abril, maio, junho e julho.<\/p>\n\n\n\n<p>Depois de muita negocia\u00e7\u00e3o, o patronato reconheceu que o abono de 13% deve incidir sobre o sal\u00e1rio do professor acrescido do 1\/6 do RSR (repouso semanal remunerado), que deve ser pago em 3 parcelas:  5% em agosto, 5% setembro e 3% outubro.<\/p>\n\n\n\n<p>Assim, agora, estamos nos preparando para a pr\u00f3xima Campanha Salarial, que j\u00e1 come\u00e7a com as nossas mobiliza\u00e7\u00f5es. Essa \u00e9 mais uma vit\u00f3ria da categoria dos professores, das professoras e do seu sindicato.<\/p>\n\n\n\n<p>Sinpro-Rio, \u00e9 na luta que a gente se encontra e conquista!<\/p>\n\n\n\n<ul class=\"wp-block-list\">\n<li><strong>D\u00daVIDAS?<\/strong> Ligue, de segunda a sexta, em hor\u00e1rio comercial, para o <strong>PLANT\u00c3O DA DIRETORIA!<\/strong><\/li>\n<\/ul>\n\n\n\n<p>Tels.: (21) 3262-3425 \/ 3262-3426 \/ 3262-3410 e 3262-3412.<\/p>\n\n\n\n<p><strong><a href=\"https:\/\/site.sinpro.rio.br\/wp-content\/uploads\/2023\/08\/CCT-Ed-Basica-2023-2024-1.pdf\" class=\"button button-3d button-large button-rounded button-red\">LEIA A \u00cdNTEGRA DA CCT DA ED. B\u00c1SICA 2023<\/a><\/strong><\/p>\n\n\n\n<ul class=\"wp-block-list\">\n<li><strong>Veja a tabela com os novos PISOS SALARIAIS:<\/strong><\/li>\n<\/ul>\n\n\n\n<figure class=\"wp-block-image size-full is-resized\"><img fetchpriority=\"high\" decoding=\"async\" width=\"785\" height=\"877\" src=\"https:\/\/site.sinpro.rio.br\/wp-content\/uploads\/2023\/08\/piso-salarial-ed-basica-2023-mario-maturo-2.jpg\" alt=\"\" class=\"wp-image-36457\" style=\"width:674px;height:753px\" srcset=\"https:\/\/www.sinpro-rio.org.br\/principal\/wp-content\/uploads\/2023\/08\/piso-salarial-ed-basica-2023-mario-maturo-2.jpg 785w, https:\/\/www.sinpro-rio.org.br\/principal\/wp-content\/uploads\/2023\/08\/piso-salarial-ed-basica-2023-mario-maturo-2-537x600.jpg 537w, https:\/\/www.sinpro-rio.org.br\/principal\/wp-content\/uploads\/2023\/08\/piso-salarial-ed-basica-2023-mario-maturo-2-179x200.jpg 179w, https:\/\/www.sinpro-rio.org.br\/principal\/wp-content\/uploads\/2023\/08\/piso-salarial-ed-basica-2023-mario-maturo-2-768x858.jpg 768w\" sizes=\"(max-width: 785px) 100vw, 785px\" \/><\/figure>\n","protected":false},"excerpt":{"rendered":"<p>Foi assinada, no dia 08 de agosto de 2023, a CCT da Educa\u00e7\u00e3o B\u00e1sica. Aten\u00e7\u00e3o professoras e professores! A Conven\u00e7\u00e3o Coletiva de 2023\/2024 foi assinada, j\u00e1 est\u00e1 valendo e deve ser cumprida por todas as escolas. O reajuste deste ano \u00e9 de 5,5% a partir de abril, aplicado no sal\u00e1rio do m\u00eas de agosto; inclusive, [&hellip;]<\/p>\n","protected":false},"author":2,"featured_media":36444,"comment_status":"closed","ping_status":"open","sticky":false,"template":"","format":"standard","meta":{"footnotes":""},"categories":[18,1,27,35],"tags":[],"class_list":["post-36437","post","type-post","status-publish","format-standard","has-post-thumbnail","hentry","category-convenc-es","category-noticias","category-pisos-e-acordos","category-pisos-salariais"],"yoast_head":"<!-- This site is optimized with the Yoast SEO plugin v25.7 - https:\/\/yoast.com\/wordpress\/plugins\/seo\/ -->\n<title>Assinada CCT da Educa\u00e7\u00e3o B\u00e1sica de 2023 - Sinpro-Rio<\/title>\n<meta name=\"robots\" content=\"index, follow, max-snippet:-1, max-image-preview:large, max-video-preview:-1\" \/>\n<link rel=\"canonical\" href=\"https:\/\/www.sinpro-rio.org.br\/principal\/assinada-cct-da-educacao-basica-de-2023\/\" \/>\n<meta property=\"og:locale\" content=\"pt_BR\" \/>\n<meta property=\"og:type\" content=\"article\" \/>\n<meta property=\"og:title\" content=\"Assinada CCT da Educa\u00e7\u00e3o B\u00e1sica de 2023 - Sinpro-Rio\" \/>\n<meta property=\"og:description\" content=\"Foi assinada, no dia 08 de agosto de 2023, a CCT da Educa\u00e7\u00e3o B\u00e1sica. Aten\u00e7\u00e3o professoras e professores! A Conven\u00e7\u00e3o Coletiva de 2023\/2024 foi assinada, j\u00e1 est\u00e1 valendo e deve ser cumprida por todas as escolas. O reajuste deste ano \u00e9 de 5,5% a partir de abril, aplicado no sal\u00e1rio do m\u00eas de agosto; inclusive, [&hellip;]\" \/>\n<meta property=\"og:url\" content=\"https:\/\/www.sinpro-rio.org.br\/principal\/assinada-cct-da-educacao-basica-de-2023\/\" \/>\n<meta property=\"og:site_name\" content=\"Sinpro-Rio\" \/>\n<meta property=\"article:published_time\" content=\"2023-08-08T18:34:53+00:00\" \/>\n<meta property=\"article:modified_time\" content=\"2024-02-20T14:58:01+00:00\" \/>\n<meta property=\"og:image\" content=\"https:\/\/www.sinpro-rio.org.br\/principal\/wp-content\/uploads\/2023\/08\/ACORDO-COLETIVO-E-CONVENCAO-COLETIVA-2023-1.jpg\" \/>\n\t<meta property=\"og:image:width\" content=\"1080\" \/>\n\t<meta property=\"og:image:height\" content=\"1080\" \/>\n\t<meta property=\"og:image:type\" content=\"image\/jpeg\" \/>\n<meta name=\"author\" content=\"alessandra\" \/>\n<meta name=\"twitter:card\" content=\"summary_large_image\" \/>\n<meta name=\"twitter:label1\" content=\"Escrito por\" \/>\n\t<meta name=\"twitter:data1\" content=\"alessandra\" \/>\n\t<meta name=\"twitter:label2\" content=\"Est. tempo de leitura\" \/>\n\t<meta name=\"twitter:data2\" content=\"1 minuto\" \/>\n<script type=\"application\/ld+json\" class=\"yoast-schema-graph\">{\"@context\":\"https:\/\/schema.org\",\"@graph\":[{\"@type\":\"WebPage\",\"@id\":\"https:\/\/www.sinpro-rio.org.br\/principal\/assinada-cct-da-educacao-basica-de-2023\/\",\"url\":\"https:\/\/www.sinpro-rio.org.br\/principal\/assinada-cct-da-educacao-basica-de-2023\/\",\"name\":\"Assinada CCT da Educa\u00e7\u00e3o B\u00e1sica de 2023 - Sinpro-Rio\",\"isPartOf\":{\"@id\":\"https:\/\/www.sinpro-rio.org.br\/principal\/#website\"},\"primaryImageOfPage\":{\"@id\":\"https:\/\/www.sinpro-rio.org.br\/principal\/assinada-cct-da-educacao-basica-de-2023\/#primaryimage\"},\"image\":{\"@id\":\"https:\/\/www.sinpro-rio.org.br\/principal\/assinada-cct-da-educacao-basica-de-2023\/#primaryimage\"},\"thumbnailUrl\":\"https:\/\/www.sinpro-rio.org.br\/principal\/wp-content\/uploads\/2023\/08\/ACORDO-COLETIVO-E-CONVENCAO-COLETIVA-2023-1.jpg\",\"datePublished\":\"2023-08-08T18:34:53+00:00\",\"dateModified\":\"2024-02-20T14:58:01+00:00\",\"author\":{\"@id\":\"https:\/\/www.sinpro-rio.org.br\/principal\/#\/schema\/person\/ee17219e64d00d037e511ae59ce2227e\"},\"breadcrumb\":{\"@id\":\"https:\/\/www.sinpro-rio.org.br\/principal\/assinada-cct-da-educacao-basica-de-2023\/#breadcrumb\"},\"inLanguage\":\"pt-BR\",\"potentialAction\":[{\"@type\":\"ReadAction\",\"target\":[\"https:\/\/www.sinpro-rio.org.br\/principal\/assinada-cct-da-educacao-basica-de-2023\/\"]}]},{\"@type\":\"ImageObject\",\"inLanguage\":\"pt-BR\",\"@id\":\"https:\/\/www.sinpro-rio.org.br\/principal\/assinada-cct-da-educacao-basica-de-2023\/#primaryimage\",\"url\":\"https:\/\/www.sinpro-rio.org.br\/principal\/wp-content\/uploads\/2023\/08\/ACORDO-COLETIVO-E-CONVENCAO-COLETIVA-2023-1.jpg\",\"contentUrl\":\"https:\/\/www.sinpro-rio.org.br\/principal\/wp-content\/uploads\/2023\/08\/ACORDO-COLETIVO-E-CONVENCAO-COLETIVA-2023-1.jpg\",\"width\":1080,\"height\":1080},{\"@type\":\"BreadcrumbList\",\"@id\":\"https:\/\/www.sinpro-rio.org.br\/principal\/assinada-cct-da-educacao-basica-de-2023\/#breadcrumb\",\"itemListElement\":[{\"@type\":\"ListItem\",\"position\":1,\"name\":\"In\u00edcio\",\"item\":\"https:\/\/www.sinpro-rio.org.br\/principal\/\"},{\"@type\":\"ListItem\",\"position\":2,\"name\":\"Assinada CCT da Educa\u00e7\u00e3o B\u00e1sica de 2023\"}]},{\"@type\":\"WebSite\",\"@id\":\"https:\/\/www.sinpro-rio.org.br\/principal\/#website\",\"url\":\"https:\/\/www.sinpro-rio.org.br\/principal\/\",\"name\":\"Sinpro-Rio\",\"description\":\"Sindicato dos Professores do Munic\u00edpio do Rio de Janeiro e Regi\u00e3o\",\"potentialAction\":[{\"@type\":\"SearchAction\",\"target\":{\"@type\":\"EntryPoint\",\"urlTemplate\":\"https:\/\/www.sinpro-rio.org.br\/principal\/?s={search_term_string}\"},\"query-input\":{\"@type\":\"PropertyValueSpecification\",\"valueRequired\":true,\"valueName\":\"search_term_string\"}}],\"inLanguage\":\"pt-BR\"},{\"@type\":\"Person\",\"@id\":\"https:\/\/www.sinpro-rio.org.br\/principal\/#\/schema\/person\/ee17219e64d00d037e511ae59ce2227e\",\"name\":\"alessandra\",\"image\":{\"@type\":\"ImageObject\",\"inLanguage\":\"pt-BR\",\"@id\":\"https:\/\/www.sinpro-rio.org.br\/principal\/#\/schema\/person\/image\/\",\"url\":\"https:\/\/secure.gravatar.com\/avatar\/2b43fa8c0ad8e33b46a4732549f7fb20?s=96&d=mm&r=g\",\"contentUrl\":\"https:\/\/secure.gravatar.com\/avatar\/2b43fa8c0ad8e33b46a4732549f7fb20?s=96&d=mm&r=g\",\"caption\":\"alessandra\"},\"url\":\"https:\/\/www.sinpro-rio.org.br\/principal\/author\/alessandra\/\"}]}<\/script>\n<!-- \/ Yoast SEO plugin. -->","yoast_head_json":{"title":"Assinada CCT da Educa\u00e7\u00e3o B\u00e1sica de 2023 - Sinpro-Rio","robots":{"index":"index","follow":"follow","max-snippet":"max-snippet:-1","max-image-preview":"max-image-preview:large","max-video-preview":"max-video-preview:-1"},"canonical":"https:\/\/www.sinpro-rio.org.br\/principal\/assinada-cct-da-educacao-basica-de-2023\/","og_locale":"pt_BR","og_type":"article","og_title":"Assinada CCT da Educa\u00e7\u00e3o B\u00e1sica de 2023 - Sinpro-Rio","og_description":"Foi assinada, no dia 08 de agosto de 2023, a CCT da Educa\u00e7\u00e3o B\u00e1sica. Aten\u00e7\u00e3o professoras e professores! A Conven\u00e7\u00e3o Coletiva de 2023\/2024 foi assinada, j\u00e1 est\u00e1 valendo e deve ser cumprida por todas as escolas. O reajuste deste ano \u00e9 de 5,5% a partir de abril, aplicado no sal\u00e1rio do m\u00eas de agosto; inclusive, [&hellip;]","og_url":"https:\/\/www.sinpro-rio.org.br\/principal\/assinada-cct-da-educacao-basica-de-2023\/","og_site_name":"Sinpro-Rio","article_published_time":"2023-08-08T18:34:53+00:00","article_modified_time":"2024-02-20T14:58:01+00:00","og_image":[{"width":1080,"height":1080,"url":"https:\/\/www.sinpro-rio.org.br\/principal\/wp-content\/uploads\/2023\/08\/ACORDO-COLETIVO-E-CONVENCAO-COLETIVA-2023-1.jpg","type":"image\/jpeg"}],"author":"alessandra","twitter_card":"summary_large_image","twitter_misc":{"Escrito por":"alessandra","Est. tempo de leitura":"1 minuto"},"schema":{"@context":"https:\/\/schema.org","@graph":[{"@type":"WebPage","@id":"https:\/\/www.sinpro-rio.org.br\/principal\/assinada-cct-da-educacao-basica-de-2023\/","url":"https:\/\/www.sinpro-rio.org.br\/principal\/assinada-cct-da-educacao-basica-de-2023\/","name":"Assinada CCT da Educa\u00e7\u00e3o B\u00e1sica de 2023 - Sinpro-Rio","isPartOf":{"@id":"https:\/\/www.sinpro-rio.org.br\/principal\/#website"},"primaryImageOfPage":{"@id":"https:\/\/www.sinpro-rio.org.br\/principal\/assinada-cct-da-educacao-basica-de-2023\/#primaryimage"},"image":{"@id":"https:\/\/www.sinpro-rio.org.br\/principal\/assinada-cct-da-educacao-basica-de-2023\/#primaryimage"},"thumbnailUrl":"https:\/\/www.sinpro-rio.org.br\/principal\/wp-content\/uploads\/2023\/08\/ACORDO-COLETIVO-E-CONVENCAO-COLETIVA-2023-1.jpg","datePublished":"2023-08-08T18:34:53+00:00","dateModified":"2024-02-20T14:58:01+00:00","author":{"@id":"https:\/\/www.sinpro-rio.org.br\/principal\/#\/schema\/person\/ee17219e64d00d037e511ae59ce2227e"},"breadcrumb":{"@id":"https:\/\/www.sinpro-rio.org.br\/principal\/assinada-cct-da-educacao-basica-de-2023\/#breadcrumb"},"inLanguage":"pt-BR","potentialAction":[{"@type":"ReadAction","target":["https:\/\/www.sinpro-rio.org.br\/principal\/assinada-cct-da-educacao-basica-de-2023\/"]}]},{"@type":"ImageObject","inLanguage":"pt-BR","@id":"https:\/\/www.sinpro-rio.org.br\/principal\/assinada-cct-da-educacao-basica-de-2023\/#primaryimage","url":"https:\/\/www.sinpro-rio.org.br\/principal\/wp-content\/uploads\/2023\/08\/ACORDO-COLETIVO-E-CONVENCAO-COLETIVA-2023-1.jpg","contentUrl":"https:\/\/www.sinpro-rio.org.br\/principal\/wp-content\/uploads\/2023\/08\/ACORDO-COLETIVO-E-CONVENCAO-COLETIVA-2023-1.jpg","width":1080,"height":1080},{"@type":"BreadcrumbList","@id":"https:\/\/www.sinpro-rio.org.br\/principal\/assinada-cct-da-educacao-basica-de-2023\/#breadcrumb","itemListElement":[{"@type":"ListItem","position":1,"name":"In\u00edcio","item":"https:\/\/www.sinpro-rio.org.br\/principal\/"},{"@type":"ListItem","position":2,"name":"Assinada CCT da Educa\u00e7\u00e3o B\u00e1sica de 2023"}]},{"@type":"WebSite","@id":"https:\/\/www.sinpro-rio.org.br\/principal\/#website","url":"https:\/\/www.sinpro-rio.org.br\/principal\/","name":"Sinpro-Rio","description":"Sindicato dos Professores do Munic\u00edpio do Rio de Janeiro e Regi\u00e3o","potentialAction":[{"@type":"SearchAction","target":{"@type":"EntryPoint","urlTemplate":"https:\/\/www.sinpro-rio.org.br\/principal\/?s={search_term_string}"},"query-input":{"@type":"PropertyValueSpecification","valueRequired":true,"valueName":"search_term_string"}}],"inLanguage":"pt-BR"},{"@type":"Person","@id":"https:\/\/www.sinpro-rio.org.br\/principal\/#\/schema\/person\/ee17219e64d00d037e511ae59ce2227e","name":"alessandra","image":{"@type":"ImageObject","inLanguage":"pt-BR","@id":"https:\/\/www.sinpro-rio.org.br\/principal\/#\/schema\/person\/image\/","url":"https:\/\/secure.gravatar.com\/avatar\/2b43fa8c0ad8e33b46a4732549f7fb20?s=96&d=mm&r=g","contentUrl":"https:\/\/secure.gravatar.com\/avatar\/2b43fa8c0ad8e33b46a4732549f7fb20?s=96&d=mm&r=g","caption":"alessandra"},"url":"https:\/\/www.sinpro-rio.org.br\/principal\/author\/alessandra\/"}]}},"_links":{"self":[{"href":"https:\/\/www.sinpro-rio.org.br\/principal\/wp-json\/wp\/v2\/posts\/36437","targetHints":{"allow":["GET"]}}],"collection":[{"href":"https:\/\/www.sinpro-rio.org.br\/principal\/wp-json\/wp\/v2\/posts"}],"about":[{"href":"https:\/\/www.sinpro-rio.org.br\/principal\/wp-json\/wp\/v2\/types\/post"}],"author":[{"embeddable":true,"href":"https:\/\/www.sinpro-rio.org.br\/principal\/wp-json\/wp\/v2\/users\/2"}],"replies":[{"embeddable":true,"href":"https:\/\/www.sinpro-rio.org.br\/principal\/wp-json\/wp\/v2\/comments?post=36437"}],"version-history":[{"count":6,"href":"https:\/\/www.sinpro-rio.org.br\/principal\/wp-json\/wp\/v2\/posts\/36437\/revisions"}],"predecessor-version":[{"id":37345,"href":"https:\/\/www.sinpro-rio.org.br\/principal\/wp-json\/wp\/v2\/posts\/36437\/revisions\/37345"}],"wp:featuredmedia":[{"embeddable":true,"href":"https:\/\/www.sinpro-rio.org.br\/principal\/wp-json\/wp\/v2\/media\/36444"}],"wp:attachment":[{"href":"https:\/\/www.sinpro-rio.org.br\/principal\/wp-json\/wp\/v2\/media?parent=36437"}],"wp:term":[{"taxonomy":"category","embeddable":true,"href":"https:\/\/www.sinpro-rio.org.br\/principal\/wp-json\/wp\/v2\/categories?post=36437"},{"taxonomy":"post_tag","embeddable":true,"href":"https:\/\/www.sinpro-rio.org.br\/principal\/wp-json\/wp\/v2\/tags?post=36437"}],"curies":[{"name":"wp","href":"https:\/\/api.w.org\/{rel}","templated":true}]}}