{"id":35288,"date":"2023-04-19T17:00:00","date_gmt":"2023-04-19T20:00:00","guid":{"rendered":"https:\/\/sinpro-rio.org.br\/principal\/?p=35288"},"modified":"2023-11-21T13:25:10","modified_gmt":"2023-11-21T16:25:10","slug":"campanha-salarial-2023","status":"publish","type":"post","link":"https:\/\/www.sinpro-rio.org.br\/principal\/campanha-salarial-2023\/","title":{"rendered":"CAMPANHA SALARIAL 2023!"},"content":{"rendered":"\n<ul class=\"wp-block-list\">\n<li><em>Not\u00edcia de 25\/10\/2023<\/em><\/li>\n<\/ul>\n\n\n\n<p><em><strong>Camp. Salarial 2023 &#8211; Ed. Superior: assinada a CCT 2023<\/strong><\/em><\/p>\n\n\n\n<p><a href=\"https:\/\/sinpro-rio.org.br\/principal\/36961-2\" class=\"button button-3d button-large button-rounded button-blue\">LEIA AQUI!<\/a><\/p>\n\n\n\n<p>&#8212;&#8212;&#8212;&#8212;&#8212;&#8212;&#8212;&#8212;-<\/p>\n\n\n\n<ul class=\"wp-block-list\">\n<li><em>Not\u00edcia de 21\/10\/2023<\/em><\/li>\n<\/ul>\n\n\n\n<p><strong><em>Camp. Salarial 2023 &#8211; Ed. Superior: assembleia aprova reajuste salarial<\/em><\/strong><\/p>\n\n\n\n<p><a href=\"https:\/\/sinpro-rio.org.br\/principal\/camp-salarial-2023-ed-superior-assembleia-aprova-reajuste-salarial\" class=\"button button-3d button-large button-rounded button-red\">LEIA MAIS!<\/a><\/p>\n\n\n\n<p>&#8212;&#8212;&#8212;&#8212;&#8212;&#8212;&#8212;&#8212;-<\/p>\n\n\n\n<ul class=\"wp-block-list\">\n<li><em>Not\u00edcia de 16\/10\/2023<\/em><\/li>\n<\/ul>\n\n\n\n<p><em><strong>Camp. Salarial 2023 &#8211; Ed. Superior: assembleia virtual 21\/10, 10h. Participe!<\/strong><\/em><\/p>\n\n\n\n<p><a href=\"https:\/\/sinpro-rio.org.br\/principal\/camp-salarial-2023-ed-superior-assembleia-virtual-21-10-10h-participe\" class=\"button button-3d button-large button-rounded button-red\">INSCREVA-SE!<\/a><\/p>\n\n\n\n<p>&#8212;&#8212;&#8212;&#8212;&#8212;&#8212;&#8212;&#8212;-<\/p>\n\n\n\n<ul class=\"wp-block-list\">\n<li><em>Not\u00edcia de 07\/10\/2023<\/em><\/li>\n<\/ul>\n\n\n\n<p><em><strong>Camp. Salarial 2023 &#8211; Ed. Superior se mant\u00eam em Estado de Greve em raz\u00e3o do desrespeito patronal<\/strong><\/em><\/p>\n\n\n\n<p><a href=\"https:\/\/sinpro-rio.org.br\/principal\/camp-salarial-2023-ed-superior-se-mantem-em-estado-de-greve-em-razao-do-desrespeito-patronal\" class=\"button button-3d button-large button-rounded button-red\">LEIA MAIS!<\/a><\/p>\n\n\n\n<p>&#8212;&#8212;&#8212;&#8212;&#8212;&#8212;&#8212;&#8212;-<\/p>\n\n\n\n<ul class=\"wp-block-list\">\n<li><em>Not\u00edcia de 03\/10\/2023<\/em><\/li>\n<\/ul>\n\n\n\n<p><em><strong>Boletim de Camp. Salarial &#8211; Ed. Superior &#8211; Outubro 2023<\/strong><\/em><\/p>\n\n\n\n<p><a href=\"https:\/\/sinpro-rio.org.br\/principal\/boletim-de-camp-salarial-ed-superior-outubro-2023\" class=\"button button-3d button-large button-rounded button-blue\">LEIA AQUI!<\/a><\/p>\n\n\n\n<p>&#8212;&#8212;&#8212;&#8212;&#8212;&#8212;&#8212;&#8212;-<\/p>\n\n\n\n<ul class=\"wp-block-list\">\n<li><em>Not\u00edcia de 03\/10\/2023<\/em><\/li>\n<\/ul>\n\n\n\n<p><em><strong>Camp. Salarial 2023 &#8211; Ed. Superior: professores\/as em estado de greve far\u00e3o assembleia no dia 07\/10<\/strong><\/em>,<strong><em> 10h<\/em><\/strong><\/p>\n\n\n\n<p><a href=\"https:\/\/sinpro-rio.org.br\/principal\/camp-salarial-2023-ed-superior-assembleia-virtual-dia-07-10-10h\" class=\"button button-3d button-large button-rounded button-red\">INSCREVA-SE!<\/a><\/p>\n\n\n\n<p>&#8212;&#8212;&#8212;&#8212;&#8212;&#8212;&#8212;&#8212;-<\/p>\n\n\n\n<ul class=\"wp-block-list\">\n<li><em>Not\u00edcia de 30\/09\/2023<\/em><\/li>\n<\/ul>\n\n\n\n<p><strong><em>Camp. Salarial 2023 &#8211; Educa\u00e7\u00e3o Superior entra em estado de greve<\/em><\/strong><\/p>\n\n\n\n<p><a href=\"https:\/\/sinpro-rio.org.br\/principal\/camp-salarial-2023-educacao-superior-entre-em-estado-de-greve\" class=\"button button-3d button-large button-rounded button-red\">LEIA AQUI!<\/a><\/p>\n\n\n\n<p>&#8212;&#8212;&#8212;&#8212;&#8212;&#8212;&#8212;&#8212;-<\/p>\n\n\n\n<ul class=\"wp-block-list\">\n<li><em>Not\u00edcia de 26\/09\/2023<\/em><\/li>\n<\/ul>\n\n\n\n<p><em><strong>Boletim de Camp. Salarial &#8211; Ed. Superior -Setembro 2023<\/strong><\/em><\/p>\n\n\n\n<p><a href=\"https:\/\/sinpro-rio.org.br\/principal\/boletim-de-camp-salarial-ed-superior-setembro-2023\" class=\"button button-3d button-large button-rounded button-blue\">LEIA O BOLETIM AQUI!<\/a><\/p>\n\n\n\n<p>&#8212;&#8212;&#8212;&#8212;&#8212;&#8212;&#8212;&#8212;-<\/p>\n\n\n\n<ul class=\"wp-block-list\">\n<li> <em>Not\u00edcia de 26\/09\/2023<\/em><\/li>\n<\/ul>\n\n\n\n<p><strong><em>Camp. Salarial 2023 &#8211; Ed. Superior: Assembleia s\u00e1bado, 30\/09, \u00e0s 14h! <\/em><\/strong><\/p>\n\n\n\n<p><a href=\"https:\/\/sinpro-rio.org.br\/principal\/camp-salarial-2023-ed-superior-assembleia-sabado-30-9-as-14h\" class=\"button button-3d button-large button-rounded button-red\">INSCREVA-SE!<\/a><\/p>\n\n\n\n<p>&#8212;&#8212;&#8212;&#8212;&#8212;&#8212;&#8212;&#8212;-<\/p>\n\n\n\n<ul class=\"wp-block-list\">\n<li><em>Not\u00edcia de 08\/08\/2023<\/em><\/li>\n<\/ul>\n\n\n\n<p><em><strong>Assinada a CCT da Educa\u00e7\u00e3o B\u00e1sica 2023<\/strong><\/em><\/p>\n\n\n\n<p><a href=\"https:\/\/sinpro-rio.org.br\/principal\/assinada-cct-da-educacao-basica-de-2023\" class=\"button button-3d button-large button-rounded button-red\">LEIA AQUI!<\/a><\/p>\n\n\n\n<p>&#8212;&#8212;&#8212;&#8212;&#8212;&#8212;&#8212;&#8212;-<\/p>\n\n\n\n<ul class=\"wp-block-list\">\n<li><em>Not\u00edcia de 17\/06\/2023<\/em><\/li>\n<\/ul>\n\n\n\n<p><em><strong>Camp. Salarial 2023 &#8211; Ed. B\u00e1sica: assembleia aprova proposta de reajuste salarial<\/strong><\/em><\/p>\n\n\n\n<p>Professoras\/es da Educa\u00e7\u00e3o B\u00e1sica, do setor privado de ensino, reunidos em assembleia na manh\u00e3 deste s\u00e1bado, dia 17 de junho, aprovaram, por unanimidade, proposta negociada de reajuste salarial para toda a categoria deste segmento: \u00edndice de 5,5%, retroativo a abril de 2023, acrescido de um abono de 13%, assim escalonado: 5% em agosto, 5% em setembro e 3% em outubro.<\/p>\n\n\n\n<p>Ficou estabelecida a manuten\u00e7\u00e3o de todas as cl\u00e1usulas sociais da atual Conven\u00e7\u00e3o Coletiva de Trabalho, na \u00edntegra. Foi tamb\u00e9m acordado uma nova reuni\u00e3o parit\u00e1ria, com primeiro encontro em 9 de agosto para discutir alguns temas ainda pendentes e postos \u00e0 mesa de interesse da categoria, tais como: uma semana comum a todas as escolas, durante o recesso de 14 dias em julho; aumento em dias de licen\u00e7a para gala, luto e paternidade; remunera\u00e7\u00e3o da hora atividade; aumento do tempo de estabilidade em 30 dias al\u00e9m do j\u00e1 previsto na Conven\u00e7\u00e3o Coletiva, atualmente 90 dias.<\/p>\n\n\n\n<p>Todas as interven\u00e7\u00f5es de professoras e professores durante a assembleia foram no sentido da aprova\u00e7\u00e3o da proposta, apesar do momento adverso de uma conjuntura desfavor\u00e1vel na rela\u00e7\u00e3o capital-trabalho com o patronato.<\/p>\n\n\n\n<p>O presidente do Sinpro-Rio, Elson Paiva, ressaltou, ainda, a necessidade de uma reflex\u00e3o sobre o melhor momento para fazermos campanha, sugerindo mudan\u00e7a da pr\u00f3pria data base, atualmente em abril, pois os patr\u00f5es se beneficiam do aumento da mensalidade em outubro do ano anterior.<\/p>\n\n\n\n<p>As v\u00e1rias interven\u00e7\u00f5es na assembleia destacaram a import\u00e2ncia da continuidade da luta com criatividade e crescente mobiliza\u00e7\u00e3o, com vistas \u00e0 melhoria das condi\u00e7\u00f5es de sa\u00fade e trabalho da categoria.<\/p>\n\n\n\n<p>Confira o v\u00eddeo com o presidente do Sinpro-Rio sobre o resultado da assembleia.<\/p>\n\n\n\n<video controls src=\"https:\/\/sinpro-rio.org.br\/principal\/wp-content\/uploads\/2023\/06\/Snapinsta.app_video_10000000_2200216893500049_2596725132221124101_n-1.mp4\" style=\"max-width:300px;\"><\/video>\n\n\n\n<p>&#8212;&#8212;&#8212;&#8212;&#8212;&#8212;&#8212;&#8212;-<\/p>\n\n\n\n<ul class=\"wp-block-list\">\n<li><em>Not\u00edcia de 16\/06\/2023<\/em><\/li>\n<\/ul>\n\n\n\n<p><em><strong>Campanha Salarial 2023: Sindicato realiza Ato em Campo Grande<\/strong><\/em><\/p>\n\n\n\n<p><a href=\"https:\/\/sinpro-rio.org.br\/principal\/camp-salarial-2023-sindicato-realiza-ato-em-frente-a-instituicoes-em-campo-grande\" class=\"button button-3d button-large button-rounded button-blue\">VEJA FOTOS!<\/a><\/p>\n\n\n\n<p>&#8212;&#8212;&#8212;&#8212;&#8212;&#8212;&#8212;&#8211;<\/p>\n\n\n\n<ul class=\"wp-block-list\">\n<li><em>Not\u00edcia de 15\/06\/2023<\/em><\/li>\n<\/ul>\n\n\n\n<p><span><strong style=\"font-style: italic;\">Professoras\/es trabalham mais em casa do que na escola e n\u00e3o recebem por isso?<\/strong><\/span><\/p>\n\n\n\n<p><a href=\"https:\/\/sinpro-rio.org.br\/principal\/professoras-es-trabalham-mais-em-casa-do-que-nas-escolas-e-nao-recebem-por-isso\" class=\"button button-3d button-large button-rounded button-red\">VEJA AQUI!<\/a><\/p>\n\n\n\n<p>&#8212;&#8212;&#8212;&#8212;&#8212;&#8212;&#8212;&#8211;<\/p>\n\n\n\n<ul class=\"wp-block-list\">\n<li><em>Not\u00edcia de 15\/06\/2023<\/em><\/li>\n<\/ul>\n\n\n\n<p><em><strong>Assinado acordo coletivo 2023 da Cultura Inglesa<\/strong><\/em>!<\/p>\n\n\n\n<p>Foi assinado, no dia 05 de junho de 2023, o Acordo Coletivo (ACT) 2023 da Cultura Inglesa. Para ler o Acordo e conhecer os detalhes, <a href=\"https:\/\/sinpro-rio.org.br\/principal\/wp-content\/uploads\/2023\/06\/ACT-CISA-X-SINPRO-2023.pdf\">clique AQUI!<\/a><\/p>\n\n\n\n<p>&#8212;&#8212;&#8212;&#8212;&#8212;&#8212;&#8212;&#8211;<\/p>\n\n\n\n<ul class=\"wp-block-list\">\n<li><em>Not\u00edcia de 12\/06\/2023<\/em><\/li>\n<\/ul>\n\n\n\n<p><strong><em>Boletim de Camp. Salarial &#8211; Ed. B\u00e1sica &#8211; Junho de 2023<\/em><\/strong><\/p>\n\n\n\n<p><a href=\"https:\/\/sinpro-rio.org.br\/principal\/boletim-de-camp-salarial-ed-basica-junho-de-2023\" class=\"button button-3d button-large button-rounded button-red\">LEIA AQUI!<\/a><\/p>\n\n\n\n<p>&#8212;&#8212;&#8212;&#8212;&#8212;&#8212;&#8212;&#8211;<\/p>\n\n\n\n<ul class=\"wp-block-list\">\n<li><em>Not\u00edcia de 07\/06\/2023<\/em><\/li>\n<\/ul>\n\n\n\n<p><strong><em>Camp. Salarial 2023 &#8211; assembleia virtual da Alian\u00e7a Francesa dia 17\/6, \u00e0s 13h30<\/em><\/strong><\/p>\n\n\n\n<p><a href=\"https:\/\/sinpro-rio.org.br\/principal\/camp-salarial-2023-assembleia-virtual-da-alianca-francesa-dia-17-6-as-13h30\" class=\"button button-3d button-large button-rounded button-red\">VEJA MAIS!<\/a><\/p>\n\n\n\n<ul class=\"wp-block-list\">\n<li><em>Not\u00edcia de 07\/06\/2023<\/em><\/li>\n<\/ul>\n\n\n\n<p><em><strong>Camp. Salarial 2023 \u2013 Assembleia da Educa\u00e7\u00e3o B\u00e1sica: Dia 17\/6, \u00e0s 10H!<\/strong><\/em><\/p>\n\n\n\n<p>Professor\/a, sua participa\u00e7\u00e3o \u00e9 fundamental para decidirmos os rumos da negocia\u00e7\u00e3o salarial!<\/p>\n\n\n\n<p><a href=\"https:\/\/xsrv.sinpro-rio.org.br\/sinpro\/f2\/17junho2023edbasica\/form_inscricao1a\/\" class=\"button button-3d button-large button-rounded button-red\">INSCREVA-SE!<\/a><\/p>\n\n\n\n<p>&#8212;&#8212;&#8212;&#8212;&#8212;&#8212;&#8212;&#8211;<\/p>\n\n\n\n<ul class=\"wp-block-list\">\n<li><em>Not\u00edcia de 03\/06\/2023<\/em><\/li>\n<\/ul>\n\n\n\n<p><strong><em>Campanha Salarial 2023: Educa\u00e7\u00e3o Superior<\/em><\/strong><\/p>\n\n\n\n<iframe style=\"border-radius:12px\" src=\"https:\/\/open.spotify.com\/embed\/episode\/7sIO8fgq9wevL0EKxPCpQG?utm_source=generator\" width=\"100%\" height=\"352\" frameBorder=\"0\" allowfullscreen=\"\" allow=\"autoplay; clipboard-write; encrypted-media; fullscreen; picture-in-picture\" loading=\"lazy\"><\/iframe>\n\n\n\n<p>No \u00faltimo dia 03 de junho, via online, o Sinpro-Rio realizou mais uma assembleia para a Educa\u00e7\u00e3o Superior. Na qual a categoria por unanimidade recha\u00e7ou as tentativas do patronato de retirar direitos hist\u00f3ricos contidos na sua Conven\u00e7\u00e3o Coletiva de Trabalho, sem abrir espa\u00e7o sequer, para que se discuta o reajuste com base no INPC de abril \u2013 data base da categoria e as perdas salariais que remontam a 17%.<\/p>\n\n\n\n<p><a href=\"https:\/\/sinpro-rio.org.br\/principal\/campanha-salarial-2023-educacao-superior\" class=\"button button-3d button-large button-rounded button-blue\">LEIA AQUI!<\/a><\/p>\n\n\n\n<p>&#8212;&#8212;&#8212;&#8212;&#8212;&#8212;&#8212;&#8211;<\/p>\n\n\n\n<ul class=\"wp-block-list\">\n<li><em>Not\u00edcia de 03\/06\/2023<\/em><\/li>\n<\/ul>\n\n\n\n<p><em><strong>Campanha Salarial 2023: Educa\u00e7\u00e3o B\u00e1sica<\/strong><\/em><\/p>\n\n\n\n<iframe style=\"border-radius:12px\" src=\"https:\/\/open.spotify.com\/embed\/episode\/3V4VBZBraHTtqICNePqnM2?utm_source=generator\" width=\"100%\" height=\"352\" frameBorder=\"0\" allowfullscreen=\"\" allow=\"autoplay; clipboard-write; encrypted-media; fullscreen; picture-in-picture\" loading=\"lazy\"><\/iframe>\n\n\n\n<p>Em assembleia da Educa\u00e7\u00e3o B\u00e1sica, no \u00faltimo 03 de junho, foi aprovada, por ampla maioria, a recusa do \u00edndice de reajuste de 4,89% proposto pelo SINEPE. Tamb\u00e9m foi deliberado que a diretoria do Sinpro-Rio tenha liberdade para continuar o processo negocial que contemple um patamar entre o INPC de abril e as perdas salariais da categoria que remontam a 13%.<\/p>\n\n\n\n<p><a href=\"https:\/\/sinpro-rio.org.br\/principal\/campanha-salarial-2023-educacao-basica\" class=\"button button-3d button-large button-rounded button-red\">LEIA AQUI!<\/a><\/p>\n\n\n\n<p>&#8212;&#8212;&#8212;&#8212;&#8212;&#8212;&#8212;&#8211;<\/p>\n\n\n\n<ul class=\"wp-block-list\">\n<li><em>Not\u00edcia de 01\/06\/2023<\/em><\/li>\n<\/ul>\n\n\n\n<p><strong><em>Camp. Salarial 2023: sindicato realiza Ato P\u00fablico em frente ao Elite<\/em><\/strong><\/p>\n\n\n\n<p>O Sinpro-Rio realizou neste primeiro de junho mais um ato da Campanha Salarial 2023. Desta vez, diretores e diretoras se dirigiram ao Col\u00e9gio Elite, em Campo Grande. Novamente, professoras\/es e moradoras\/es da regi\u00e3o dialogaram e apoiaram o ato da categoria.<\/p>\n\n\n\n<p><a class=\"button button-3d button-large button-rounded button-red\" href=\"https:\/\/www.facebook.com\/media\/set\/?set=a.6901046403257434&amp;type=3\">VEJA FOTOS E V\u00cdDEOS<\/a><\/p>\n\n\n\n<p><\/p>\n\n\n\n<p>&#8212;&#8212;&#8212;&#8212;&#8212;&#8212;&#8212;&#8211;<\/p>\n\n\n\n<ul class=\"wp-block-list\">\n<li><em>Not\u00edcia de 31\/05\/2023<\/em><\/li>\n<\/ul>\n\n\n\n<p><em><strong>Base Estendida &#8211; Camp. Salarial 2023: assembleia 06\/jun, \u00e0s 18h30!<\/strong><\/em><\/p>\n\n\n\n<p>Professor\/a dos munic\u00edpios de Itagua\u00ed, Paracambi e Serop\u00e9dica, <\/p>\n\n\n\n<p>Esperamos voc\u00ea na assembleia virtual do dia 6 de junho. Confira a pauta da assembleia, atrav\u00e9s do <strong><em>edital publicado no dia 31\/05\/2023, p\u00e1gina 4, do jornal Monitor Mercantil <a href=\"https:\/\/sinpro-rio.org.br\/principal\/wp-content\/uploads\/2023\/05\/MM-31_05_2023-pagina4.pdf\">AQUI!<\/a><\/em><\/strong><\/p>\n\n\n\n<p><a href=\"https:\/\/xsrv.sinpro-rio.org.br\/sinpro\/f4\/06junho2023baseestendida\/form_inscricao1a\/\" class=\"button button-3d button-large button-rounded button-red\">INSCREVA-SE AQUI!<\/a><\/p>\n\n\n\n<ul class=\"wp-block-list\">\n<li>Caso n\u00e3o tenha conseguido abrir a p\u00e1gina do edital, leia abaixo:<\/li>\n<\/ul>\n\n\n\n<figure class=\"wp-block-image size-full is-resized\"><img fetchpriority=\"high\" decoding=\"async\" width=\"561\" height=\"650\" src=\"https:\/\/sinpro-rio.org.br\/principal\/wp-content\/uploads\/2023\/05\/basica-base-estendida-convocacao-inicial-31-05-23.jpg\" alt=\"\" class=\"wp-image-35662\" style=\"width:398px;height:461px\" srcset=\"https:\/\/www.sinpro-rio.org.br\/principal\/wp-content\/uploads\/2023\/05\/basica-base-estendida-convocacao-inicial-31-05-23.jpg 561w, https:\/\/www.sinpro-rio.org.br\/principal\/wp-content\/uploads\/2023\/05\/basica-base-estendida-convocacao-inicial-31-05-23-518x600.jpg 518w, https:\/\/www.sinpro-rio.org.br\/principal\/wp-content\/uploads\/2023\/05\/basica-base-estendida-convocacao-inicial-31-05-23-173x200.jpg 173w\" sizes=\"(max-width: 561px) 100vw, 561px\" \/><\/figure>\n\n\n\n<p>&#8212;&#8212;&#8212;&#8212;&#8212;&#8212;&#8212;&#8211;<\/p>\n\n\n\n<ul class=\"wp-block-list\">\n<li><em>Not\u00edcia de 31\/05\/2023<\/em><\/li>\n<\/ul>\n\n\n\n<p><strong><em>SESI &#8211; Camp. Salarial 2023: assembleia dia 06\/junho, \u00e0s 17h!<\/em><\/strong><\/p>\n\n\n\n<p class=\"has-text-align-left\">Professor\/a, sua participa\u00e7\u00e3o \u00e9 fundamental!<\/p>\n\n\n\n<p class=\"has-text-align-left\"><strong><a class=\"button button-3d button-large button-rounded button-blue\" href=\"https:\/\/xsrv.sinpro-rio.org.br\/sinpro\/f3\/06junho2023sesi\/form_inscricao1a\/\">INSCREVA-SE AQUI!<\/a><\/strong><\/p>\n\n\n\n<p>&#8212;&#8212;&#8212;&#8212;&#8212;&#8212;&#8212;&#8212;&#8212;<\/p>\n\n\n\n<ul class=\"wp-block-list\">\n<li><em>Not\u00edcia de 25\/05\/2023<\/em><\/li>\n<\/ul>\n\n\n\n<p><strong><em>Ed. B\u00e1sica &#8211; Camp. Salarial 2023: assembleia on-line 03\/6, \u00e0s 14h!<\/em><\/strong><\/p>\n\n\n\n<p>Professora e professor, contamos com voc\u00eas nessa assembleia. A participa\u00e7\u00e3o de voc\u00eas ser\u00e1 important\u00edssima para a negocia\u00e7\u00e3o salarial!<\/p>\n\n\n\n<p><strong><a class=\"button button-3d button-large button-rounded button-red\" href=\"https:\/\/xsrv.sinpro-rio.org.br\/sinpro\/f2\/03junho2023edbasica\/form_inscricao1a\/\">INSCREVA-SE AQUI!<\/a><\/strong><\/p>\n\n\n\n<p>&#8212;&#8212;&#8212;&#8212;&#8212;&#8212;&#8212;&#8212;<\/p>\n\n\n\n<ul class=\"wp-block-list\">\n<li><em>Not\u00edcia de 25\/05\/2023<\/em><\/li>\n<\/ul>\n\n\n\n<p><strong><em>Ed. Superior &#8211; Camp. Salarial 2023: assembleia on-line dia 03\/6, 10h!<\/em><\/strong><\/p>\n\n\n\n<p>Professora\/ professor, a participa\u00e7\u00e3o da categoria \u00e9 fundamental para definir os rumos da negocia\u00e7\u00e3o salarial! Esperamos voc\u00eas!<\/p>\n\n\n\n<p><a href=\"https:\/\/xsrv.sinpro-rio.org.br\/sinpro\/f1\/03junho2023edsup\/form_inscricao1a\/\" class=\"button button-3d button-large button-rounded button-blue\">INSCREVA-SE AQUI!<\/a><\/p>\n\n\n\n<p>&#8212;&#8212;&#8212;&#8212;&#8212;&#8212;&#8212;&#8212;-<\/p>\n\n\n\n<ul class=\"wp-block-list\">\n<li><em>Not\u00edcia de 18\/05\/2023<\/em><\/li>\n<\/ul>\n\n\n\n<p><em><strong>Camp. Salarial 2023: Sinpro-Rio realiza ato p\u00fablico em frente ao Pensi e \u00e0 Univeritas<\/strong><\/em><\/p>\n\n\n\n<p>O Sinpro-Rio realizou neste 18 de maio mais um ato da Campanha Salarial 2023. Desta vez, diretores e diretoras se dirigiram ao Col\u00e9gio Pensi e Univeritas, no bairro do Flamengo. Novamente, professoras\/es e moradoras\/es da regi\u00e3o dialogaram e apoiaram o ato da diretoria do Sindicato. <\/p>\n\n\n\n<p><strong><a class=\"button button-3d button-large button-rounded button-red\" href=\"https:\/\/www.facebook.com\/media\/set\/?set=a.6849059711789437&amp;type=3\">VEJA FOTOS E V\u00cdDEOS!<\/a><\/strong><\/p>\n\n\n\n<p>&#8212;&#8212;&#8212;&#8212;&#8212;&#8212;&#8212;&#8212;<\/p>\n\n\n\n<ul class=\"wp-block-list\">\n<li><em>Not\u00edcia de 17\/05\/2023<\/em><\/li>\n<\/ul>\n\n\n\n<p><strong><em>Camp. Salarial 2023 &#8211; Ato p\u00fablico na frente do Col\u00e9gio MOPI, na Tijuca<\/em><\/strong><\/p>\n\n\n\n<p>Diretores do Sinpro-Rio realizaram ato pela Campanha Salarial 2023 na porta do Col\u00e9gio Mopi, na Tijuca. Mesmo com chuva, professores\/as e moradores da regi\u00e3o apoiaram o evento com palavras, aplausos e buzina. O Col\u00e9gio Mopi tem se mostrado intransigente na rela\u00e7\u00e3o com o Sindicato, pois n\u00e3o permite que a diretoria entre em suas depend\u00eancias para dialogarem com os\/as professoras\/es da institui\u00e7\u00e3o. Como a diretoria n\u00e3o tem permiss\u00e3o para entrar no Col\u00e9gio, as vozes dos\/as diretores\/as entraram via carro de som.<\/p>\n\n\n\n<p><a href=\"https:\/\/www.facebook.com\/media\/set\/?set=a.6845474155481326&amp;type=3\" class=\"button button-3d button-large button-rounded button-blue\">VEJA FOTOS E V\u00cdDEOS!<\/a><\/p>\n\n\n\n<p>&#8212;&#8212;&#8212;&#8212;&#8212;&#8212;&#8212;&#8212;&#8212;&#8212;&#8212;&#8212;&#8212;-<\/p>\n\n\n\n<ul class=\"wp-block-list\">\n<li><em>Not\u00edcia de 12\/05\/2023<\/em><\/li>\n<\/ul>\n\n\n\n<p><strong><em>Boletim de Camp. Salarial \u2013 Ed. B\u00e1sica \u2013 maio 2023<\/em><\/strong><\/p>\n\n\n\n<p>Saiu o Boletim que traz mais not\u00edcias da Campanha Salarial 2023 para o seu segmento.<\/p>\n\n\n\n<p><a class=\"button button-3d button-large button-rounded button-red\" href=\"https:\/\/sinpro-rio.org.br\/principal\/wp-content\/uploads\/2023\/05\/BOLETIM_EDUCACAO_BASICA_03.pdf\">LEIA AQUI!<\/a><\/p>\n\n\n\n<p>&#8212;&#8212;&#8212;&#8212;&#8212;&#8212;&#8212;&#8212;&#8212;&#8212;&#8212;-<\/p>\n\n\n\n<ul class=\"wp-block-list\">\n<li><em>Not\u00edcia de 12\/05\/2023<\/em><\/li>\n<\/ul>\n\n\n\n<p><strong><em>Boletim de Camp. Salarial &#8211; Ed. Superior &#8211; maio 2023<\/em><\/strong><\/p>\n\n\n\n<p>Saiu o Boletim que traz mais not\u00edcias da Campanha Salarial 2023 para o seu segmento.<\/p>\n\n\n\n<p><a class=\"button button-3d button-large button-rounded button-red\" href=\"https:\/\/sinpro-rio.org.br\/principal\/wp-content\/uploads\/2023\/05\/BOLETIM_EDUCACAO_SUPERIOR_02.pdf\">LEIA AQUI!<\/a><\/p>\n\n\n\n<p>&#8212;&#8212;&#8212;&#8212;&#8212;&#8212;&#8212;&#8212;&#8212;&#8212;&#8212;<\/p>\n\n\n\n<ul class=\"wp-block-list\">\n<li><em>Not\u00edcia de 06\/05\/2023<\/em><\/li>\n<\/ul>\n\n\n\n<p><strong><em>Ed. Superior &#8211; conhe\u00e7a as delibera\u00e7\u00f5es da assembleia do dia 06 de maio<\/em><\/strong><\/p>\n\n\n\n<p>A assembleia da Educa\u00e7\u00e3o Superior aprovou que o Sinpro-Rio negocie com os patr\u00f5es dentro da margem de 4,36% do INPC at\u00e9 os 17%, que traduzem as perdas salariais nos \u00faltimos anos. Foi aprovado ainda o aumento de atos de rua e nas portas das institui\u00e7\u00f5es.<\/p>\n\n\n\n<p><a class=\"button button-3d button-large button-rounded button-red\" href=\"https:\/\/www.facebook.com\/media\/set\/?set=a.6814690611893014&amp;type=3\">VEJA FOTOS!<\/a><\/p>\n\n\n\n<p>&#8212;&#8212;&#8212;&#8212;&#8212;&#8212;&#8212;&#8212;&#8212;&#8212;&#8212;<\/p>\n\n\n\n<ul class=\"wp-block-list\">\n<li><em>Not\u00edcia de 06\/05\/2023<\/em><\/li>\n<\/ul>\n\n\n\n<p><strong><em>Ed. B\u00e1sica &#8211; assembleia de 06\/05 aprova continuidade da discuss\u00e3o do reajuste<\/em><\/strong><\/p>\n\n\n\n<p>A assembleia da Educa\u00e7\u00e3o B\u00e1sica, no dia 06\/05, no Sinpro-Rio aprovou que continuemos a discuss\u00e3o do \u00edndice de reajuste at\u00e9 13% e inclus\u00e3o de v\u00e1rios itens nas nossas cl\u00e1usulas sociais. A categoria aprovou ainda o incremento de atos nas portas das escolas e nas ruas para que o patr\u00e3o se mexa, pois at\u00e9 agora n\u00e3o acenou com nenhum \u00edndice de reajuste.<\/p>\n\n\n\n<p><a href=\"https:\/\/www.facebook.com\/media\/set\/?set=a.6814677211894354&amp;type=3\" class=\"button button-3d button-large button-rounded button-red\">VEJA FOTOS!<\/a><\/p>\n\n\n\n<p><\/p>\n\n\n\n<ul class=\"wp-block-list\">\n<li><em>Not\u00edcia de 05\/05\/2023<\/em><\/li>\n<\/ul>\n\n\n\n<p><strong><em>2\u00ba<\/em><\/strong> <strong><em>PODSINPRO \u2013 O PODCAST DA CAMPANHA SALARIAL 2023<\/em><\/strong><br>Nesta 2\u00aa edi\u00e7\u00e3o, o 1\u00ba Secret\u00e1rio Geral do Sinpro-Rio, prof. Afonso Celso Teixeira, explica a import\u00e2ncia das reivindica\u00e7\u00f5es dos professores e professoras e convoca para as assembleias de amanh\u00e3, dia 06 de maio.<br><strong><em>Esperamos voc\u00eas!<br>Ed. B\u00e1sica \u2013 10 horas<br>Ed. Superior \u2013 14 horas<\/em><\/strong><\/p>\n\n\n\n<iframe style=\"border-radius:12px\" src=\"https:\/\/open.spotify.com\/embed\/episode\/1mz8LSOfyJ1VtAfG3dfeYr?utm_source=generator\" width=\"100%\" height=\"352\" frameBorder=\"0\" allowfullscreen=\"\" allow=\"autoplay; clipboard-write; encrypted-media; fullscreen; picture-in-picture\" loading=\"lazy\"><\/iframe>\n\n\n\n<p align=\"center\"><a href=\"https:\/\/open.spotify.com\/episode\/1mz8LSOfyJ1VtAfG3dfeYr?si=uQFMnBHxTEKmmtdjT3lNcg&amp;nd=1\" class=\"button button-3d button-large button-rounded button-blue\">2\u00ba PODSINPRO!<\/a><\/p>\n\n\n\n<p>&#8212;&#8212;&#8212;&#8212;&#8212;&#8212;&#8212;&#8212;&#8212;&#8212;&#8212;&#8212;-<\/p>\n\n\n\n<ul class=\"wp-block-list\">\n<li><em>Not\u00edcia de 05\/05\/2023<\/em><\/li>\n<\/ul>\n\n\n\n<p><strong><em>CAMPANHA SALARIAL 2023 &#8211; participe das assembleias do dia 6 de maio!<\/em><\/strong><\/p>\n\n\n\n<p align=\"center\"> <video controls src=\"https:\/\/sinpro-rio.org.br\/principal\/wp-content\/uploads\/2023\/05\/Design-sem-nome-2.mp4\" style=\"max-width:300px\"><\/video> <\/p>\n\n\n\n<p>&#8212;&#8212;&#8212;&#8212;&#8212;&#8212;&#8212;&#8212;&#8212;<\/p>\n\n\n\n<ul class=\"wp-block-list\">\n<li><em>Not\u00edcia de 04\/05\/2023<\/em><\/li>\n<\/ul>\n\n\n\n<p><strong><em>Sindicato realiza ato p\u00fablico na ETERJ, no Sant\u00edssimo<\/em><\/strong><\/p>\n\n\n\n<p>Na manh\u00e3 do dia 04 de maio, o Sindicato realizou mais um ato p\u00fablico de Campanha Salarial. Desta vez, o ato ocorreu no Sant\u00edssimo, na ETERJ, onde a sociedade recebeu panfletos que explicavam a negocia\u00e7\u00e3o salarial dos professores e professoras do Rio de Janeiro.<\/p>\n\n\n\n<p><a href=\"https:\/\/www.facebook.com\/media\/set\/?set=a.6800520663310009&amp;type=3\" class=\"button button-3d button-large button-rounded button-red\">VEJA FOTOS!<\/a><\/p>\n\n\n\n<p><\/p>\n\n\n\n<ul class=\"wp-block-list\">\n<li><em>Not\u00edcia de 03\/05\/2023<\/em><\/li>\n<\/ul>\n\n\n\n<p><em><strong>Camp. Salarial 2023 \u2013 ato p\u00fablico nas portas da Est\u00e1cio e Veiga de Almeida<\/strong><\/em><\/p>\n\n\n\n<p>Na noite do dia 03 de maio, o Sinpro-Rio esteve na Tijuca, em frente \u00e0s IES Est\u00e1cio e Veiga de Almeida, conversando com a comunidade escolar sobre a Campanha Salarial.<\/p>\n\n\n\n<p><a href=\"https:\/\/www.facebook.com\/media\/set\/?set=a.6800515316643877&amp;type=3\" class=\"button button-3d button-large button-rounded button-blue\">VEJA FOTOS!<\/a><\/p>\n\n\n\n<p><\/p>\n\n\n\n<ul class=\"wp-block-list\">\n<li><em>Not\u00edcia de 03\/05\/2023<\/em><\/li>\n<\/ul>\n\n\n\n<p><strong><em>Sindicato realiza ato p\u00fablico na Pra\u00e7a Agripino Grieco, M\u00e9ier<\/em><\/strong><\/p>\n\n\n\n<p>O Sinpro-Rio esteve, na manh\u00e3 deste 03\/maio, na Pra\u00e7a Agripino Grieco, no M\u00e9ier, para dialogar com a sociedade sobre os problemas da categoria e a negocia\u00e7\u00e3o salarial de 2023 dos professores e professoras.<\/p>\n\n\n\n<p>\u00c9 na luta que a gente se encontra e conquista!<\/p>\n\n\n\n<p><a href=\"https:\/\/www.facebook.com\/media\/set\/?set=a.6796628973699178&amp;type=3\" class=\"button button-3d button-large button-rounded button-red\">VEJA FOTOS E V\u00cdDEOS AQUI!<\/a><\/p>\n\n\n\n<p>&#8212;&#8212;&#8212;&#8212;&#8212;&#8212;&#8212;&#8212;&#8212;&#8212;&#8211;<\/p>\n\n\n\n<ul class=\"wp-block-list\">\n<li><em>Not\u00edcia de 25\/04\/2023<\/em><\/li>\n<\/ul>\n\n\n\n<p><strong><em>Pr\u00f3ximas Assembleias da Educa\u00e7\u00e3o B\u00e1sica e Educa\u00e7\u00e3o Superior: dia 6 de maio!<\/em><\/strong><\/p>\n\n\n\n<p>Veja detalhes nos cards abaixo:<\/p>\n\n\n\n<figure class=\"wp-block-image size-large is-resized\"><img decoding=\"async\" width=\"1024\" height=\"1024\" src=\"https:\/\/sinpro-rio.org.br\/principal\/wp-content\/uploads\/2023\/04\/WhatsApp-Image-2023-04-25-at-16.34.38-1024x1024.jpeg\" alt=\"\" class=\"wp-image-35412\" style=\"width:412px;height:412px\" srcset=\"https:\/\/www.sinpro-rio.org.br\/principal\/wp-content\/uploads\/2023\/04\/WhatsApp-Image-2023-04-25-at-16.34.38-1024x1024.jpeg 1024w, https:\/\/www.sinpro-rio.org.br\/principal\/wp-content\/uploads\/2023\/04\/WhatsApp-Image-2023-04-25-at-16.34.38-600x600.jpeg 600w, https:\/\/www.sinpro-rio.org.br\/principal\/wp-content\/uploads\/2023\/04\/WhatsApp-Image-2023-04-25-at-16.34.38-200x200.jpeg 200w, https:\/\/www.sinpro-rio.org.br\/principal\/wp-content\/uploads\/2023\/04\/WhatsApp-Image-2023-04-25-at-16.34.38-768x768.jpeg 768w, https:\/\/www.sinpro-rio.org.br\/principal\/wp-content\/uploads\/2023\/04\/WhatsApp-Image-2023-04-25-at-16.34.38.jpeg 1080w\" sizes=\"(max-width: 1024px) 100vw, 1024px\" \/><\/figure>\n\n\n\n<figure class=\"wp-block-image size-full is-resized\"><img decoding=\"async\" width=\"1000\" height=\"1000\" src=\"https:\/\/sinpro-rio.org.br\/principal\/wp-content\/uploads\/2023\/04\/WhatsApp-Image-2023-04-25-at-16.32.55.jpeg\" alt=\"\" class=\"wp-image-35413\" style=\"width:415px;height:415px\" srcset=\"https:\/\/www.sinpro-rio.org.br\/principal\/wp-content\/uploads\/2023\/04\/WhatsApp-Image-2023-04-25-at-16.32.55.jpeg 1000w, https:\/\/www.sinpro-rio.org.br\/principal\/wp-content\/uploads\/2023\/04\/WhatsApp-Image-2023-04-25-at-16.32.55-600x600.jpeg 600w, https:\/\/www.sinpro-rio.org.br\/principal\/wp-content\/uploads\/2023\/04\/WhatsApp-Image-2023-04-25-at-16.32.55-200x200.jpeg 200w, https:\/\/www.sinpro-rio.org.br\/principal\/wp-content\/uploads\/2023\/04\/WhatsApp-Image-2023-04-25-at-16.32.55-768x768.jpeg 768w\" sizes=\"(max-width: 1000px) 100vw, 1000px\" \/><\/figure>\n\n\n\n<p>&#8212;&#8212;&#8212;&#8212;&#8212;&#8212;&#8212;&#8212;&#8212;<\/p>\n\n\n\n<ul class=\"wp-block-list\">\n<li><em>Not\u00edcia de 24\/04\/2023<\/em><\/li>\n<\/ul>\n\n\n\n<p><em><strong>PODSINPRO &#8211; O PODCAST DA CAMPANHA SALARIAL 2023!<\/strong><\/em><\/p>\n\n\n\n<p>Ou\u00e7a aqui!<\/p>\n\n\n\n<iframe style=\"border-radius:12px\" src=\"https:\/\/open.spotify.com\/embed\/episode\/6D2WVxlw93ci57reFacnv3?utm_source=generator\" width=\"100%\" height=\"352\" frameBorder=\"0\" allowfullscreen=\"\" allow=\"autoplay; clipboard-write; encrypted-media; fullscreen; picture-in-picture\" loading=\"lazy\"><\/iframe>\n\n\n\n<p><strong><a href=\"https:\/\/open.spotify.com\/show\/2ZxSsdu4L0QlcHWlcldYOK?si=NWpC-8odRV2Qg3-B-oh3Tg&amp;nd=1\" class=\"button button-3d button-large button-rounded button-red\">SPOTIFY DO SINPRO-RIO!<\/a><\/strong><\/p>\n\n\n\n<p>&#8212;&#8212;&#8212;&#8212;&#8212;&#8212;&#8212;&#8212;&#8212;&#8212;&#8211;<\/p>\n\n\n\n<ul class=\"wp-block-list\">\n<li><em>Not\u00edcia de 19\/04\/2023<\/em><\/li>\n<\/ul>\n\n\n\n<p><strong><em>CAMP. SALARIAL 2023 \u2013 CULTURA INGLESA: 2\u00aa ASSEMBLEIA DIA 28\/4, \u00c0S 18H30!<\/em><\/strong><\/p>\n\n\n\n<figure class=\"wp-block-image size-full is-resized\"><img loading=\"lazy\" decoding=\"async\" width=\"1024\" height=\"1024\" src=\"https:\/\/sinpro-rio.org.br\/principal\/wp-content\/uploads\/2023\/04\/5.jpg\" alt=\"\" class=\"wp-image-35380\" style=\"width:451px;height:451px\" srcset=\"https:\/\/www.sinpro-rio.org.br\/principal\/wp-content\/uploads\/2023\/04\/5.jpg 1024w, https:\/\/www.sinpro-rio.org.br\/principal\/wp-content\/uploads\/2023\/04\/5-600x600.jpg 600w, https:\/\/www.sinpro-rio.org.br\/principal\/wp-content\/uploads\/2023\/04\/5-200x200.jpg 200w, https:\/\/www.sinpro-rio.org.br\/principal\/wp-content\/uploads\/2023\/04\/5-768x768.jpg 768w\" sizes=\"(max-width: 1024px) 100vw, 1024px\" \/><\/figure>\n\n\n\n<ul class=\"wp-block-list\">\n<li><em>Not\u00edcia de 19\/04\/2023<\/em><\/li>\n<\/ul>\n\n\n\n<p><strong>CAMPANHA SALARIAL 2023: Ato de Rua em frente ao Metr\u00f4 de Botafogo<\/strong><\/p>\n\n\n\n<p align=\"center\"><video controls src=\"https:\/\/sinpro-rio.org.br\/principal\/wp-content\/uploads\/2023\/04\/Video-ato-SINPRO-2.mp4\" style=\"max-width:300px\"><\/video>\n<\/p>\n\n\n\n<p>&#8212;&#8212;&#8212;&#8212;&#8212;&#8212;&#8212;&#8212;&#8212;&#8212;&#8211;<\/p>\n\n\n\n<ul class=\"wp-block-list\">\n<li><em>Not\u00edcia de 18\/04\/2023<\/em><\/li>\n<\/ul>\n\n\n\n<p><strong><em>CAMP. SALARIAL 2023: saiba mais sobre o Ato de Rua em Botafogo e veja fotos!<\/em><\/strong><\/p>\n\n\n\n<p>A chamada \u201cNa Luta \u00e9 que a gente se encontra e conquista\u201d foi ecoada na regi\u00e3o do Metr\u00f4 de Botafogo no final da manh\u00e3 e in\u00edcio da tarde de 18 de abril.<br>Cerca de 30 diretores e diretoras entregaram o panfleto com \u201cNota Sobre Viol\u00eancia nas Escolas\u201d e \u201cCategoria sofre outro Tipo de Viol\u00eancia: o Novo Ensino M\u00e9dio\u201d e conversaram com a popula\u00e7\u00e3o da regi\u00e3o.<br>Al\u00e9m disso, passantes foram informados da Campanha Salarial de 2023 e da pauta de reivindica\u00e7\u00f5es da categoria.<\/p>\n\n\n\n<p><br><a href=\"https:\/\/www.facebook.com\/media\/set\/?vanity=sinprorio1931&amp;set=a.6748375871857822\" class=\"button button-3d button-large button-rounded button-red\">VEJA FOTOS E V\u00cdDEOS AQUI!<\/a><\/p>\n\n\n\n<p>&#8212;&#8212;&#8212;&#8212;&#8212;&#8212;&#8212;&#8212;&#8212;&#8212;&#8211;<\/p>\n\n\n\n<ul class=\"wp-block-list\">\n<li>Not\u00edcia de<em> 12\/04\/2023<\/em><\/li>\n<\/ul>\n\n\n\n<p><strong><em>CAMPANHA SALARIAL 2023 &#8211; assista aos v\u00eddeos com algumas das reivindica\u00e7\u00f5es e leia os boletins!<\/em><\/strong><\/p>\n\n\n\n<p>Assista abaixo aos v\u00eddeos que abordam alguns dos temas da Campanha Salarial para a Educa\u00e7\u00e3o B\u00e1sica e Educa\u00e7\u00e3o Superior.<\/p>\n\n\n\n<p>Para conhecer a pauta completa de reivindica\u00e7\u00f5es, leia os Boletins de Campanha de cada segmento:<\/p>\n\n\n\n<p><a href=\"https:\/\/sinpro-rio.org.br\/principal\/wp-content\/uploads\/2023\/04\/BOLETIM_EDUCACAO_BASICA_02_REDES.pdf\" class=\"button button-3d button-large button-rounded button-red\">BOLETIM DA B\u00c1SICA<\/a><\/p>\n\n\n\n<p><a href=\"https:\/\/sinpro-rio.org.br\/principal\/wp-content\/uploads\/2023\/04\/BOLETIM_EDUCACAO_SUPERIOR_01_REDES.pdf\" class=\"button button-3d button-large button-rounded button-blue\">BOLETIM DA SUPERIOR<\/a><\/p>\n\n\n\n<p align=\"center\"> <video controls src=\"https:\/\/sinpro-rio.org.br\/principal\/wp-content\/uploads\/2023\/04\/EDUCACAO-BASICA-VIDEO-1-1.mp4\" style=\"max-width:300px\"> <\/video> <\/p>\n\n\n\n<p align=\"center\"> <video controls src=\"https:\/\/sinpro-rio.org.br\/principal\/wp-content\/uploads\/2023\/04\/Ensino-SUPERIOR-Professoras-e-professores-unidos-na-campanha-salarial-2023-4.mp4\"  style=\"max-width:300px\"><\/video> <\/p>\n\n\n\n<p>&#8212;&#8212;&#8212;&#8212;&#8212;&#8212;&#8212;&#8212;&#8211;<\/p>\n\n\n\n<ul class=\"wp-block-list\">\n<li><em>Not\u00edcia do dia 12\/04\/2023<\/em><\/li>\n<\/ul>\n\n\n\n<p><strong><em>CAMP. SALARIAL 2023 \u2013 ALIAN\u00c7A FRANCESA: 2\u00aa assembleia dia 15\/4, \u00c0S 13H30!<\/em><\/strong><\/p>\n\n\n\n<figure class=\"wp-block-image size-full is-resized\"><img loading=\"lazy\" decoding=\"async\" width=\"1024\" height=\"1024\" src=\"https:\/\/sinpro-rio.org.br\/principal\/wp-content\/uploads\/2023\/04\/6.jpeg\" alt=\"\" class=\"wp-image-35382\" style=\"width:457px;height:457px\" srcset=\"https:\/\/www.sinpro-rio.org.br\/principal\/wp-content\/uploads\/2023\/04\/6.jpeg 1024w, https:\/\/www.sinpro-rio.org.br\/principal\/wp-content\/uploads\/2023\/04\/6-600x600.jpeg 600w, https:\/\/www.sinpro-rio.org.br\/principal\/wp-content\/uploads\/2023\/04\/6-200x200.jpeg 200w, https:\/\/www.sinpro-rio.org.br\/principal\/wp-content\/uploads\/2023\/04\/6-768x768.jpeg 768w\" sizes=\"(max-width: 1024px) 100vw, 1024px\" \/><\/figure>\n\n\n\n<p>&#8212;&#8212;&#8212;&#8212;&#8212;&#8212;&#8212;&#8212;&#8211;<\/p>\n\n\n\n<ul class=\"wp-block-list\">\n<li><em>Not\u00edcia do dia 11\/03\/2023<\/em><\/li>\n<\/ul>\n\n\n\n<p><strong><em>ED. SUPERIOR \u2013 ASSEMBLEIA APROVA PAUTA DE REIVINDICA\u00c7\u00d5ES PARA CAMPANHA SALARIAL 2023!<\/em><\/strong><\/p>\n\n\n\n<p>Sob o lema \u201cNa luta \u00e9 que a gente se encontra e conquista\u201d, o Sinpro-Rio, em Assembleia realizada em 11 de mar\u00e7o de 2023, impulsionou a Campanha Salarial 2023 para a Educa\u00e7\u00e3o Superior.<\/p>\n\n\n\n<p>Na ocasi\u00e3o, foi aprovada, por unanimidade, a pauta de reivindica\u00e7\u00f5es que estipulou o \u00edndice 13% de reajuste, relativo ao INPC acumulado do per\u00edodo de abril de 2022 e mar\u00e7o de 2023, acrescido das perdas salariais dos \u00faltimos anos. Foi ainda aprovada a proposta de abono salarial de 10% a ser pago em conjunto com o sal\u00e1rio de outubro de 2023.<\/p>\n\n\n\n<p>Na perspectiva de discorrer sobre todos os pontos da pauta, os discursos dos professores presentes destacaram outros aspectos relevantes para a categoria. Dessa forma, tratou-se, por exemplo, da import\u00e2ncia pela manuten\u00e7\u00e3o da atual CCT \u2013 grande conquista dos trabalhadores e que tem o reconhecimento social de ser uma das melhores do pa\u00eds. Houve, tamb\u00e9m, argumenta\u00e7\u00e3o clara pela melhoria das condi\u00e7\u00f5es de trabalho e de sa\u00fade dos profissionais da educa\u00e7\u00e3o superior, al\u00e9m de ser salientada a dificuldade atual, especialmente a partir do momento da recente pandemia, representada pela sobrecarga de trabalho \u201con-line\u201d.<\/p>\n\n\n\n<p>Mais do que nunca \u00e9 preciso estar atento aos condicionantes da explora\u00e7\u00e3o e entender que a for\u00e7a do movimento exige discernimento&nbsp;&nbsp; e muita luta coletiva em favor da conquista das nossas reivindica\u00e7\u00f5es.<\/p>\n\n\n\n<p><strong><em>Veja abaixo a Pauta de Reivindica\u00e7\u00f5es da Educa\u00e7\u00e3o Superior na \u00edntegra:<\/em><\/strong><\/p>\n\n\n\n<p>I \u2013 CL\u00c1USULAS DE REVIS\u00c3O DO SAL\u00c1RIO DOS PROFESSORES;<\/p>\n\n\n\n<p>Reajuste salarial para todos os professores com base na varia\u00e7\u00e3o do INPC acumulado do per\u00edodo de abril de 2022 a mar\u00e7o de 2023.<\/p>\n\n\n\n<p>Abono salarial de 10% a ser pago em conjunto com o sal\u00e1rio do m\u00eas de outubro de 2023<\/p>\n\n\n\n<p>&nbsp;II \u2013 MANUTEN\u00c7\u00c3O DE TODAS AS CL\u00c1USULAS DA CONVEN\u00c7\u00c3O COLETIVA DE 1\/4\/2021, EXCETO PARA AS CL\u00c1USULAS 01, 02, 05, 09, 11 e 22 que dever\u00e3o ser alteradas na forma colocada abaixo:<\/p>\n\n\n\n<p>&nbsp;Cl\u00e1usula 01 \u2013 inclus\u00e3o na abrang\u00eancia dos supervisores, pesquisadores, orientadores e coordenadores.<\/p>\n\n\n\n<p>Cl\u00e1usula 02 \u2013 remunera\u00e7\u00e3o para o professor contrato em tempo integral e tempo parcial dever\u00e1 seguir o valor da hora aula contratada para a integralidade do per\u00edodo trabalhado, bem como seguir os regramentos legais na ocupa\u00e7\u00e3o funcional dos docentes assim classificados.<\/p>\n\n\n\n<p>Cl\u00e1usula 05 \u2013 Equipara\u00e7\u00e3o do valor da hora aula do professor que ministra aulas a dist\u00e2ncia ao professor auxiliar, em conson\u00e2ncia com o Plano de Carreira institucional.<\/p>\n\n\n\n<p>Cl\u00e1usula 09 \u2013 inclus\u00e3o das seguintes atividades: Orienta\u00e7\u00e3o de trabalho de conclus\u00e3o de curso e elabora\u00e7\u00e3o de material did\u00e1tico.<\/p>\n\n\n\n<p>Cl\u00e1usula 11 \u2013 altera\u00e7\u00e3o dos adicionais para: especializa\u00e7\u00e3o 5%, Mestrado 10% e Doutorado 15%.<\/p>\n\n\n\n<p>Cl\u00e1usula 22 \u2013 concess\u00e3o de desconto de 50% para todos os professores sindicalizados, independente de contrata\u00e7\u00e3o por institui\u00e7\u00e3o de ensino superior.<\/p>\n\n\n\n<p>III \u2013 CL\u00c1USULAS NOVAS:<\/p>\n\n\n\n<p>1)Garantia das f\u00e9rias trabalhistas dos professores em janeiro.<\/p>\n\n\n\n<p>2)Impossibilidade de transfer\u00eancia de disciplina ou de turno sem a concord\u00e2ncia expressa do professor.<\/p>\n\n\n\n<p>3)Semana pedag\u00f3gica de 13 a 15 de outubro.<\/p>\n\n\n\n<p>4)Homologa\u00e7\u00e3o das rescis\u00f5es contratuais (comprova\u00e7\u00e3o do pagamento das parcelas rescis\u00f3rias e entrega das guias para saque do FGTS e seguro desemprego) dever\u00e3o ocorrer no Sinpro-Rio.<\/p>\n\n\n\n<p>5) Cria\u00e7\u00e3o e utiliza\u00e7\u00e3o pelo Sinpro do quadro de aviso virtual da institui\u00e7\u00e3o.<\/p>\n\n\n\n<p>IV \u2013 OUTRAS PROPOSTAS<\/p>\n\n\n\n<p>1) Contribui\u00e7\u00e3o assistencial de 2%<\/p>\n\n\n\n<p>2) Conven\u00e7\u00e3o Coletiva com vig\u00eancia anual.<\/p>\n\n\n\n<p>3) Cria\u00e7\u00e3o de Comiss\u00e3o Parit\u00e1ria para discutir EAD<\/p>\n\n\n\n<p><a href=\"https:\/\/www.facebook.com\/media\/set\/?vanity=sinprorio1931&amp;set=a.6635954619766615\">VEJA FOTOS DA ASSEMBLEIA AQUI!<\/a><\/p>\n\n\n\n<p>&#8212;&#8212;&#8212;&#8212;&#8212;&#8212;&#8212;&#8212;&#8211;<\/p>\n\n\n\n<ul class=\"wp-block-list\">\n<li><em>Not\u00edcia do dia 11\/03\/2023<\/em><\/li>\n<\/ul>\n\n\n\n<p><em><strong>ED. B\u00c1SICA \u2013 ASSEMBLEIA APROVA PAUTA DE REIVINDICA\u00c7\u00d5ES DA CAMPANHA SALARIAL 2023<\/strong>!<\/em><\/p>\n\n\n\n<p>O Sinpro-Rio, em Assembleia de 11 de mar\u00e7o, deu a largada para a Campanha Salarial de 2023, com o lema \u201cNa luta \u00e9 que a gente se encontra e conquista\u201d. Na ocasi\u00e3o, foi aprovada, por unanimidade, a pauta de reivindica\u00e7\u00f5es, com o \u00edndice de 13 % de reajuste, relativo ao INPC acumulado do per\u00edodo de abril de 2022 e mar\u00e7o de 2023, acrescido das perdas salariais dos \u00faltimos anos.<\/p>\n\n\n\n<p>Al\u00e9m de terem sido aprovadas a unifica\u00e7\u00e3o de piso salarial para toda a categoria e a fixa\u00e7\u00e3o do valor de hora-aula para as turmas com mais de 35 alunos, os discursos na Assembleia destacaram a necessidade de, tamb\u00e9m, encaminhar solicita\u00e7\u00f5es ligadas \u00e0 equipara\u00e7\u00e3o salarial, \u00e0s condi\u00e7\u00f5es de garantia de sa\u00fade dos professores e professoras e por um plano de cargos e sal\u00e1rios justos para toda a categoria.<\/p>\n\n\n\n<p><br>De forma a direcionar for\u00e7as ao lema da Campanha deste ano, o presidente do Sinpro-Rio, professor Elson Paiva, destacou a import\u00e2ncia das ruas para o encontro, para a luta e a consequente conquista das reivindica\u00e7\u00f5es.<\/p>\n\n\n\n<p><strong><em>Veja abaixo a Pauta de Reivindica\u00e7\u00f5es da Educa\u00e7\u00e3o B\u00e1sica na \u00edntegra:<\/em><\/strong><\/p>\n\n\n\n<p>I \u2013 CL\u00c1USULAS DE REVIS\u00c3O DO SAL\u00c1RIO DOS PROFESSORES;<\/p>\n\n\n\n<p>Reajuste salarial para todos os professores na base do INPC acumulado do per\u00edodo de abril de 2022 a mar\u00e7o de 2023 acrescido das perdas dos \u00faltimos anos. Unifica\u00e7\u00e3o do piso salarial para toda a categoria, considerando a hora-aula para turmas com mais de 35 alunos.<\/p>\n\n\n\n<p>II \u2013 CL\u00c1USULAS NOVAS:<\/p>\n\n\n\n<p>1) Adicional remunerat\u00f3rio a t\u00edtulo de planejamento (prepara\u00e7\u00e3o de aulas) na ordem de 5% (hora-atividade).<\/p>\n\n\n\n<p>2)Concess\u00e3o de aprimoramento acad\u00eamico na base de 3% para especializa\u00e7\u00e3o; 5% para mestrado e 10% para doutorado com implanta\u00e7\u00e3o de Plano de Carreira pelos Estabelecimentos de Ensino.<\/p>\n\n\n\n<p>3) Homologa\u00e7\u00e3o das rescis\u00f5es contratuais (comprova\u00e7\u00e3o do pagamento das parcelas rescis\u00f3rias e entrega das guias para saque do FGTS e seguro desemprego) dever\u00e3o ocorrer no Sinpro-Rio.<\/p>\n\n\n\n<p>4) Calend\u00e1rio unificado garantindo as f\u00e9rias em janeiro tamb\u00e9m para creches e, no m\u00ednimo, uma semana comum do recesso em julho.<\/p>\n\n\n\n<p>5) PPL<\/p>\n\n\n\n<p>IV \u2013 OUTRAS PROPOSTAS<\/p>\n\n\n\n<p>Desconto da contribui\u00e7\u00e3o assistencial de 2% nos moldes praticados nos anos anteriores. Conven\u00e7\u00e3o Coletiva com vig\u00eancia anual.<\/p>\n\n\n\n<p>Veja fotos da Assembleia&nbsp;<a href=\"https:\/\/www.facebook.com\/media\/set\/?vanity=sinprorio1931&amp;set=a.6635890086439735\">AQUI!<\/a><\/p>\n\n\n\n<p>&#8212;&#8212;&#8212;&#8212;&#8212;&#8212;&#8212;&#8212;&#8212;&#8211;<\/p>\n\n\n\n<ul class=\"wp-block-list\">\n<li><em>Not\u00edcias do dia 28\/02\/2023<\/em><\/li>\n<\/ul>\n\n\n\n<p><strong><em>CONVOCA\u00c7\u00c3O PARA AS ASSEMBLEIAS DE CAMPANHA SALARIAL!<\/em><\/strong><\/p>\n\n\n\n<figure class=\"wp-block-image size-full is-resized\"><img loading=\"lazy\" decoding=\"async\" width=\"600\" height=\"600\" src=\"https:\/\/sinpro-rio.org.br\/principal\/wp-content\/uploads\/2023\/04\/1.jpg\" alt=\"\" class=\"wp-image-35374\" style=\"width:393px;height:393px\" srcset=\"https:\/\/www.sinpro-rio.org.br\/principal\/wp-content\/uploads\/2023\/04\/1.jpg 600w, https:\/\/www.sinpro-rio.org.br\/principal\/wp-content\/uploads\/2023\/04\/1-200x200.jpg 200w\" sizes=\"(max-width: 600px) 100vw, 600px\" \/><\/figure>\n\n\n\n<figure class=\"wp-block-image size-full is-resized\"><img loading=\"lazy\" decoding=\"async\" width=\"600\" height=\"600\" src=\"https:\/\/sinpro-rio.org.br\/principal\/wp-content\/uploads\/2023\/04\/2.jpg\" alt=\"\" class=\"wp-image-35375\" style=\"width:389px;height:389px\" srcset=\"https:\/\/www.sinpro-rio.org.br\/principal\/wp-content\/uploads\/2023\/04\/2.jpg 600w, https:\/\/www.sinpro-rio.org.br\/principal\/wp-content\/uploads\/2023\/04\/2-200x200.jpg 200w\" sizes=\"(max-width: 600px) 100vw, 600px\" \/><\/figure>\n\n\n\n<figure class=\"wp-block-image size-full is-resized\"><img loading=\"lazy\" decoding=\"async\" width=\"600\" height=\"600\" src=\"https:\/\/sinpro-rio.org.br\/principal\/wp-content\/uploads\/2023\/04\/4.jpg\" alt=\"\" class=\"wp-image-35376\" style=\"width:399px;height:399px\" srcset=\"https:\/\/www.sinpro-rio.org.br\/principal\/wp-content\/uploads\/2023\/04\/4.jpg 600w, https:\/\/www.sinpro-rio.org.br\/principal\/wp-content\/uploads\/2023\/04\/4-200x200.jpg 200w\" sizes=\"(max-width: 600px) 100vw, 600px\" \/><\/figure>\n\n\n\n<figure class=\"wp-block-image size-full is-resized\"><img loading=\"lazy\" decoding=\"async\" width=\"503\" height=\"501\" src=\"https:\/\/sinpro-rio.org.br\/principal\/wp-content\/uploads\/2023\/04\/3.png\" alt=\"\" class=\"wp-image-35377\" style=\"width:401px;height:399px\" srcset=\"https:\/\/www.sinpro-rio.org.br\/principal\/wp-content\/uploads\/2023\/04\/3.png 503w, https:\/\/www.sinpro-rio.org.br\/principal\/wp-content\/uploads\/2023\/04\/3-200x200.png 200w\" sizes=\"(max-width: 503px) 100vw, 503px\" \/><\/figure>\n","protected":false},"excerpt":{"rendered":"<p>Camp. Salarial 2023 &#8211; Ed. Superior: assinada a CCT 2023 LEIA AQUI! &#8212;&#8212;&#8212;&#8212;&#8212;&#8212;&#8212;&#8212;- Camp. Salarial 2023 &#8211; Ed. Superior: assembleia aprova reajuste salarial LEIA MAIS! &#8212;&#8212;&#8212;&#8212;&#8212;&#8212;&#8212;&#8212;- Camp. Salarial 2023 &#8211; Ed. Superior: assembleia virtual 21\/10, 10h. Participe! INSCREVA-SE! &#8212;&#8212;&#8212;&#8212;&#8212;&#8212;&#8212;&#8212;- Camp. Salarial 2023 &#8211; Ed. Superior se mant\u00eam em Estado de Greve em raz\u00e3o do desrespeito [&hellip;]<\/p>\n","protected":false},"author":2,"featured_media":35345,"comment_status":"closed","ping_status":"open","sticky":false,"template":"","format":"standard","meta":{"footnotes":""},"categories":[1],"tags":[619,37,495,618],"class_list":["post-35288","post","type-post","status-publish","format-standard","has-post-thumbnail","hentry","category-noticias","tag-convencao-coletiva","tag-cultura-inglesa","tag-estacio","tag-piso"],"yoast_head":"<!-- This site is optimized with the Yoast SEO plugin v25.7 - https:\/\/yoast.com\/wordpress\/plugins\/seo\/ -->\n<title>CAMPANHA SALARIAL 2023! - Sinpro-Rio<\/title>\n<meta name=\"robots\" content=\"index, follow, max-snippet:-1, max-image-preview:large, max-video-preview:-1\" \/>\n<link rel=\"canonical\" href=\"https:\/\/www.sinpro-rio.org.br\/principal\/campanha-salarial-2023\/\" \/>\n<meta property=\"og:locale\" content=\"pt_BR\" \/>\n<meta property=\"og:type\" content=\"article\" \/>\n<meta property=\"og:title\" content=\"CAMPANHA SALARIAL 2023! - Sinpro-Rio\" \/>\n<meta property=\"og:description\" content=\"Camp. Salarial 2023 &#8211; Ed. Superior: assinada a CCT 2023 LEIA AQUI! &#8212;&#8212;&#8212;&#8212;&#8212;&#8212;&#8212;&#8212;- Camp. Salarial 2023 &#8211; Ed. Superior: assembleia aprova reajuste salarial LEIA MAIS! &#8212;&#8212;&#8212;&#8212;&#8212;&#8212;&#8212;&#8212;- Camp. Salarial 2023 &#8211; Ed. Superior: assembleia virtual 21\/10, 10h. Participe! INSCREVA-SE! &#8212;&#8212;&#8212;&#8212;&#8212;&#8212;&#8212;&#8212;- Camp. Salarial 2023 &#8211; Ed. Superior se mant\u00eam em Estado de Greve em raz\u00e3o do desrespeito [&hellip;]\" \/>\n<meta property=\"og:url\" content=\"https:\/\/www.sinpro-rio.org.br\/principal\/campanha-salarial-2023\/\" \/>\n<meta property=\"og:site_name\" content=\"Sinpro-Rio\" \/>\n<meta property=\"article:published_time\" content=\"2023-04-19T20:00:00+00:00\" \/>\n<meta property=\"article:modified_time\" content=\"2023-11-21T16:25:10+00:00\" \/>\n<meta property=\"og:image\" content=\"https:\/\/www.sinpro-rio.org.br\/principal\/wp-content\/uploads\/2023\/04\/CAMPANHA-SALARIAL-2023-2.jpg\" \/>\n\t<meta property=\"og:image:width\" content=\"1080\" \/>\n\t<meta property=\"og:image:height\" content=\"1080\" \/>\n\t<meta property=\"og:image:type\" content=\"image\/jpeg\" \/>\n<meta name=\"author\" content=\"alessandra\" \/>\n<meta name=\"twitter:card\" content=\"summary_large_image\" \/>\n<meta name=\"twitter:label1\" content=\"Escrito por\" \/>\n\t<meta name=\"twitter:data1\" content=\"alessandra\" \/>\n\t<meta name=\"twitter:label2\" content=\"Est. tempo de leitura\" \/>\n\t<meta name=\"twitter:data2\" content=\"14 minutos\" \/>\n<script type=\"application\/ld+json\" class=\"yoast-schema-graph\">{\"@context\":\"https:\/\/schema.org\",\"@graph\":[{\"@type\":\"WebPage\",\"@id\":\"https:\/\/www.sinpro-rio.org.br\/principal\/campanha-salarial-2023\/\",\"url\":\"https:\/\/www.sinpro-rio.org.br\/principal\/campanha-salarial-2023\/\",\"name\":\"CAMPANHA SALARIAL 2023! - Sinpro-Rio\",\"isPartOf\":{\"@id\":\"https:\/\/www.sinpro-rio.org.br\/principal\/#website\"},\"primaryImageOfPage\":{\"@id\":\"https:\/\/www.sinpro-rio.org.br\/principal\/campanha-salarial-2023\/#primaryimage\"},\"image\":{\"@id\":\"https:\/\/www.sinpro-rio.org.br\/principal\/campanha-salarial-2023\/#primaryimage\"},\"thumbnailUrl\":\"https:\/\/www.sinpro-rio.org.br\/principal\/wp-content\/uploads\/2023\/04\/CAMPANHA-SALARIAL-2023-2.jpg\",\"datePublished\":\"2023-04-19T20:00:00+00:00\",\"dateModified\":\"2023-11-21T16:25:10+00:00\",\"author\":{\"@id\":\"https:\/\/www.sinpro-rio.org.br\/principal\/#\/schema\/person\/ee17219e64d00d037e511ae59ce2227e\"},\"breadcrumb\":{\"@id\":\"https:\/\/www.sinpro-rio.org.br\/principal\/campanha-salarial-2023\/#breadcrumb\"},\"inLanguage\":\"pt-BR\",\"potentialAction\":[{\"@type\":\"ReadAction\",\"target\":[\"https:\/\/www.sinpro-rio.org.br\/principal\/campanha-salarial-2023\/\"]}]},{\"@type\":\"ImageObject\",\"inLanguage\":\"pt-BR\",\"@id\":\"https:\/\/www.sinpro-rio.org.br\/principal\/campanha-salarial-2023\/#primaryimage\",\"url\":\"https:\/\/www.sinpro-rio.org.br\/principal\/wp-content\/uploads\/2023\/04\/CAMPANHA-SALARIAL-2023-2.jpg\",\"contentUrl\":\"https:\/\/www.sinpro-rio.org.br\/principal\/wp-content\/uploads\/2023\/04\/CAMPANHA-SALARIAL-2023-2.jpg\",\"width\":1080,\"height\":1080},{\"@type\":\"BreadcrumbList\",\"@id\":\"https:\/\/www.sinpro-rio.org.br\/principal\/campanha-salarial-2023\/#breadcrumb\",\"itemListElement\":[{\"@type\":\"ListItem\",\"position\":1,\"name\":\"In\u00edcio\",\"item\":\"https:\/\/www.sinpro-rio.org.br\/principal\/\"},{\"@type\":\"ListItem\",\"position\":2,\"name\":\"CAMPANHA SALARIAL 2023!\"}]},{\"@type\":\"WebSite\",\"@id\":\"https:\/\/www.sinpro-rio.org.br\/principal\/#website\",\"url\":\"https:\/\/www.sinpro-rio.org.br\/principal\/\",\"name\":\"Sinpro-Rio\",\"description\":\"Sindicato dos Professores do Munic\u00edpio do Rio de Janeiro e Regi\u00e3o\",\"potentialAction\":[{\"@type\":\"SearchAction\",\"target\":{\"@type\":\"EntryPoint\",\"urlTemplate\":\"https:\/\/www.sinpro-rio.org.br\/principal\/?s={search_term_string}\"},\"query-input\":{\"@type\":\"PropertyValueSpecification\",\"valueRequired\":true,\"valueName\":\"search_term_string\"}}],\"inLanguage\":\"pt-BR\"},{\"@type\":\"Person\",\"@id\":\"https:\/\/www.sinpro-rio.org.br\/principal\/#\/schema\/person\/ee17219e64d00d037e511ae59ce2227e\",\"name\":\"alessandra\",\"image\":{\"@type\":\"ImageObject\",\"inLanguage\":\"pt-BR\",\"@id\":\"https:\/\/www.sinpro-rio.org.br\/principal\/#\/schema\/person\/image\/\",\"url\":\"https:\/\/secure.gravatar.com\/avatar\/2b43fa8c0ad8e33b46a4732549f7fb20?s=96&d=mm&r=g\",\"contentUrl\":\"https:\/\/secure.gravatar.com\/avatar\/2b43fa8c0ad8e33b46a4732549f7fb20?s=96&d=mm&r=g\",\"caption\":\"alessandra\"},\"url\":\"https:\/\/www.sinpro-rio.org.br\/principal\/author\/alessandra\/\"}]}<\/script>\n<!-- \/ Yoast SEO plugin. -->","yoast_head_json":{"title":"CAMPANHA SALARIAL 2023! - Sinpro-Rio","robots":{"index":"index","follow":"follow","max-snippet":"max-snippet:-1","max-image-preview":"max-image-preview:large","max-video-preview":"max-video-preview:-1"},"canonical":"https:\/\/www.sinpro-rio.org.br\/principal\/campanha-salarial-2023\/","og_locale":"pt_BR","og_type":"article","og_title":"CAMPANHA SALARIAL 2023! - Sinpro-Rio","og_description":"Camp. Salarial 2023 &#8211; Ed. Superior: assinada a CCT 2023 LEIA AQUI! &#8212;&#8212;&#8212;&#8212;&#8212;&#8212;&#8212;&#8212;- Camp. Salarial 2023 &#8211; Ed. Superior: assembleia aprova reajuste salarial LEIA MAIS! &#8212;&#8212;&#8212;&#8212;&#8212;&#8212;&#8212;&#8212;- Camp. Salarial 2023 &#8211; Ed. Superior: assembleia virtual 21\/10, 10h. Participe! INSCREVA-SE! &#8212;&#8212;&#8212;&#8212;&#8212;&#8212;&#8212;&#8212;- Camp. Salarial 2023 &#8211; Ed. Superior se mant\u00eam em Estado de Greve em raz\u00e3o do desrespeito [&hellip;]","og_url":"https:\/\/www.sinpro-rio.org.br\/principal\/campanha-salarial-2023\/","og_site_name":"Sinpro-Rio","article_published_time":"2023-04-19T20:00:00+00:00","article_modified_time":"2023-11-21T16:25:10+00:00","og_image":[{"width":1080,"height":1080,"url":"https:\/\/www.sinpro-rio.org.br\/principal\/wp-content\/uploads\/2023\/04\/CAMPANHA-SALARIAL-2023-2.jpg","type":"image\/jpeg"}],"author":"alessandra","twitter_card":"summary_large_image","twitter_misc":{"Escrito por":"alessandra","Est. tempo de leitura":"14 minutos"},"schema":{"@context":"https:\/\/schema.org","@graph":[{"@type":"WebPage","@id":"https:\/\/www.sinpro-rio.org.br\/principal\/campanha-salarial-2023\/","url":"https:\/\/www.sinpro-rio.org.br\/principal\/campanha-salarial-2023\/","name":"CAMPANHA SALARIAL 2023! - Sinpro-Rio","isPartOf":{"@id":"https:\/\/www.sinpro-rio.org.br\/principal\/#website"},"primaryImageOfPage":{"@id":"https:\/\/www.sinpro-rio.org.br\/principal\/campanha-salarial-2023\/#primaryimage"},"image":{"@id":"https:\/\/www.sinpro-rio.org.br\/principal\/campanha-salarial-2023\/#primaryimage"},"thumbnailUrl":"https:\/\/www.sinpro-rio.org.br\/principal\/wp-content\/uploads\/2023\/04\/CAMPANHA-SALARIAL-2023-2.jpg","datePublished":"2023-04-19T20:00:00+00:00","dateModified":"2023-11-21T16:25:10+00:00","author":{"@id":"https:\/\/www.sinpro-rio.org.br\/principal\/#\/schema\/person\/ee17219e64d00d037e511ae59ce2227e"},"breadcrumb":{"@id":"https:\/\/www.sinpro-rio.org.br\/principal\/campanha-salarial-2023\/#breadcrumb"},"inLanguage":"pt-BR","potentialAction":[{"@type":"ReadAction","target":["https:\/\/www.sinpro-rio.org.br\/principal\/campanha-salarial-2023\/"]}]},{"@type":"ImageObject","inLanguage":"pt-BR","@id":"https:\/\/www.sinpro-rio.org.br\/principal\/campanha-salarial-2023\/#primaryimage","url":"https:\/\/www.sinpro-rio.org.br\/principal\/wp-content\/uploads\/2023\/04\/CAMPANHA-SALARIAL-2023-2.jpg","contentUrl":"https:\/\/www.sinpro-rio.org.br\/principal\/wp-content\/uploads\/2023\/04\/CAMPANHA-SALARIAL-2023-2.jpg","width":1080,"height":1080},{"@type":"BreadcrumbList","@id":"https:\/\/www.sinpro-rio.org.br\/principal\/campanha-salarial-2023\/#breadcrumb","itemListElement":[{"@type":"ListItem","position":1,"name":"In\u00edcio","item":"https:\/\/www.sinpro-rio.org.br\/principal\/"},{"@type":"ListItem","position":2,"name":"CAMPANHA SALARIAL 2023!"}]},{"@type":"WebSite","@id":"https:\/\/www.sinpro-rio.org.br\/principal\/#website","url":"https:\/\/www.sinpro-rio.org.br\/principal\/","name":"Sinpro-Rio","description":"Sindicato dos Professores do Munic\u00edpio do Rio de Janeiro e Regi\u00e3o","potentialAction":[{"@type":"SearchAction","target":{"@type":"EntryPoint","urlTemplate":"https:\/\/www.sinpro-rio.org.br\/principal\/?s={search_term_string}"},"query-input":{"@type":"PropertyValueSpecification","valueRequired":true,"valueName":"search_term_string"}}],"inLanguage":"pt-BR"},{"@type":"Person","@id":"https:\/\/www.sinpro-rio.org.br\/principal\/#\/schema\/person\/ee17219e64d00d037e511ae59ce2227e","name":"alessandra","image":{"@type":"ImageObject","inLanguage":"pt-BR","@id":"https:\/\/www.sinpro-rio.org.br\/principal\/#\/schema\/person\/image\/","url":"https:\/\/secure.gravatar.com\/avatar\/2b43fa8c0ad8e33b46a4732549f7fb20?s=96&d=mm&r=g","contentUrl":"https:\/\/secure.gravatar.com\/avatar\/2b43fa8c0ad8e33b46a4732549f7fb20?s=96&d=mm&r=g","caption":"alessandra"},"url":"https:\/\/www.sinpro-rio.org.br\/principal\/author\/alessandra\/"}]}},"_links":{"self":[{"href":"https:\/\/www.sinpro-rio.org.br\/principal\/wp-json\/wp\/v2\/posts\/35288","targetHints":{"allow":["GET"]}}],"collection":[{"href":"https:\/\/www.sinpro-rio.org.br\/principal\/wp-json\/wp\/v2\/posts"}],"about":[{"href":"https:\/\/www.sinpro-rio.org.br\/principal\/wp-json\/wp\/v2\/types\/post"}],"author":[{"embeddable":true,"href":"https:\/\/www.sinpro-rio.org.br\/principal\/wp-json\/wp\/v2\/users\/2"}],"replies":[{"embeddable":true,"href":"https:\/\/www.sinpro-rio.org.br\/principal\/wp-json\/wp\/v2\/comments?post=35288"}],"version-history":[{"count":57,"href":"https:\/\/www.sinpro-rio.org.br\/principal\/wp-json\/wp\/v2\/posts\/35288\/revisions"}],"predecessor-version":[{"id":37067,"href":"https:\/\/www.sinpro-rio.org.br\/principal\/wp-json\/wp\/v2\/posts\/35288\/revisions\/37067"}],"wp:featuredmedia":[{"embeddable":true,"href":"https:\/\/www.sinpro-rio.org.br\/principal\/wp-json\/wp\/v2\/media\/35345"}],"wp:attachment":[{"href":"https:\/\/www.sinpro-rio.org.br\/principal\/wp-json\/wp\/v2\/media?parent=35288"}],"wp:term":[{"taxonomy":"category","embeddable":true,"href":"https:\/\/www.sinpro-rio.org.br\/principal\/wp-json\/wp\/v2\/categories?post=35288"},{"taxonomy":"post_tag","embeddable":true,"href":"https:\/\/www.sinpro-rio.org.br\/principal\/wp-json\/wp\/v2\/tags?post=35288"}],"curies":[{"name":"wp","href":"https:\/\/api.w.org\/{rel}","templated":true}]}}