{"id":33975,"date":"2022-09-19T17:59:18","date_gmt":"2022-09-19T20:59:18","guid":{"rendered":"https:\/\/sinpro-rio.org.br\/principal\/?p=33975"},"modified":"2022-09-19T18:00:53","modified_gmt":"2022-09-19T21:00:53","slug":"cine-educacao-exibe-filmes-sobre-as-lutas-pelas-melhorias-na-educacao-brasileira-em-nos-200-anos-de-brasil-idependente","status":"publish","type":"post","link":"https:\/\/www.sinpro-rio.org.br\/principal\/cine-educacao-exibe-filmes-sobre-as-lutas-pelas-melhorias-na-educacao-brasileira-em-nos-200-anos-de-brasil-idependente\/","title":{"rendered":"Cine Educa\u00e7\u00e3o exibe filmes sobre as lutas pelas melhorias na educa\u00e7\u00e3o brasileira em\/nos 200 anos de Brasil Independente"},"content":{"rendered":"\n<p>O 5\u00ba anivers\u00e1rio do Cine Educa\u00e7\u00e3o acontecer\u00e1 de 21 a 24 de setembro e, comemorando seus cinco anos, o festival volta ao formato presencial trazendo sess\u00f5es de cinema e debates gratuitos. Ao todo, ser\u00e3o 6 sess\u00f5es, com curtas, m\u00e9dias e longas metragens em 6 locais da Cidade do Rio, UFRJ \u2013 Faculdade de Letras e Praia Vermelha; Escola Municipal Martin Luther King; Espa\u00e7o Cultural Professor Paulo Freire, Pra\u00e7a dos Professores e Professoras e Sede do Sinpro-Rio\/Campo Grande.<br>Esse ano, o tema do Cine Educa\u00e7\u00e3o \u00e9 \u201c200 anos: O papel da Educa\u00e7\u00e3o nas Lutas por um Brasil Independente\u201d, trazendo atrav\u00e9s dos filmes um pouco das ideias, personagens, pol\u00edticas e movimentos<br>que lutaram e lutam pelo desenvolvimento da educa\u00e7\u00e3o no Brasil desde 1822. O festival tamb\u00e9m vai<br>prestar homenagem a dois \u00edcones da educa\u00e7\u00e3o brasileira: O antrop\u00f3logo, educador e pol\u00edtico Darcy<br>Ribeiro, cujo centen\u00e1rio se completa no dia XXX, e a educadora catarinense Antonieta de Barros,<br>mulher, negra, professora e primeira deputada negra eleita no Brasil em Santa Catarina. No dia 23\/09,<br>ap\u00f3s o debate, acontecer\u00e1 a festa de 5 anos do festival. Tamb\u00e9m ser\u00e1 poss\u00edvel ver alguns debates no<br>canal do Cine Educa\u00e7\u00e3o no <a href=\"https:\/\/www.youtube.com\/cineeducacao\">YouTube<\/a>.<br>Cine Educa\u00e7\u00e3o fez parceria com a Funda\u00e7\u00e3o Darcy Ribeiro, a Associa\u00e7\u00e3o dos Docentes da UFRJ, com<br>a Associa\u00e7\u00e3o de Servidores da Fiocruz, entre outros.<br>Entre os destaques do 5\u00ba anivers\u00e1rio do Cine Educa\u00e7\u00e3o est\u00e3o os curtas: \u201cAntonieta\u201d, de Fl\u00e1via Person, document\u00e1rio biogr\u00e1fico de Antonieta de Barros; \u201cBaile\u201d, de C\u00edntia Bittar, filme que foi indicado ao Oscar de curta em 2021; \u201cCi\u00eancia, Luta de Mulher\u201d, da diretora de Rithyele Dantas, que fala sobre as cientistas mulheres no Brasil e o longa \u201cAbra\u00e7o\u201d, dirigido por DF Fi\u00faza, com os atores Fl\u00e1vio Bauraki, Giuliana Maria e Rose Ribeiro, que conta a luta dos professores por melhores condi\u00e7\u00f5es de trabalho.<\/p>\n\n\n\n<figure class=\"wp-block-image size-large\"><img fetchpriority=\"high\" decoding=\"async\" width=\"819\" height=\"1024\" src=\"https:\/\/sinpro-rio.org.br\/principal\/wp-content\/uploads\/2022\/09\/cine-1-819x1024.jpg\" alt=\"\" class=\"wp-image-33977\" srcset=\"https:\/\/www.sinpro-rio.org.br\/principal\/wp-content\/uploads\/2022\/09\/cine-1-819x1024.jpg 819w, https:\/\/www.sinpro-rio.org.br\/principal\/wp-content\/uploads\/2022\/09\/cine-1-480x600.jpg 480w, https:\/\/www.sinpro-rio.org.br\/principal\/wp-content\/uploads\/2022\/09\/cine-1-160x200.jpg 160w, https:\/\/www.sinpro-rio.org.br\/principal\/wp-content\/uploads\/2022\/09\/cine-1-768x960.jpg 768w, https:\/\/www.sinpro-rio.org.br\/principal\/wp-content\/uploads\/2022\/09\/cine-1.jpg 1024w\" sizes=\"(max-width: 819px) 100vw, 819px\" \/><\/figure>\n\n\n\n<figure class=\"wp-block-gallery has-nested-images columns-default is-cropped wp-block-gallery-1 is-layout-flex wp-block-gallery-is-layout-flex\">\n<figure class=\"wp-block-image size-large\"><img decoding=\"async\" width=\"819\" height=\"1024\" data-id=\"33978\" src=\"https:\/\/sinpro-rio.org.br\/principal\/wp-content\/uploads\/2022\/09\/cine-2-819x1024.jpg\" alt=\"\" class=\"wp-image-33978\" srcset=\"https:\/\/www.sinpro-rio.org.br\/principal\/wp-content\/uploads\/2022\/09\/cine-2-819x1024.jpg 819w, https:\/\/www.sinpro-rio.org.br\/principal\/wp-content\/uploads\/2022\/09\/cine-2-480x600.jpg 480w, https:\/\/www.sinpro-rio.org.br\/principal\/wp-content\/uploads\/2022\/09\/cine-2-160x200.jpg 160w, https:\/\/www.sinpro-rio.org.br\/principal\/wp-content\/uploads\/2022\/09\/cine-2-768x960.jpg 768w, https:\/\/www.sinpro-rio.org.br\/principal\/wp-content\/uploads\/2022\/09\/cine-2.jpg 1024w\" sizes=\"(max-width: 819px) 100vw, 819px\" \/><\/figure>\n<\/figure>\n\n\n\n<figure class=\"wp-block-gallery has-nested-images columns-default is-cropped wp-block-gallery-2 is-layout-flex wp-block-gallery-is-layout-flex\">\n<figure class=\"wp-block-image size-large\"><img decoding=\"async\" width=\"819\" height=\"1024\" data-id=\"33979\" src=\"https:\/\/sinpro-rio.org.br\/principal\/wp-content\/uploads\/2022\/09\/cine-3-819x1024.jpg\" alt=\"\" class=\"wp-image-33979\" srcset=\"https:\/\/www.sinpro-rio.org.br\/principal\/wp-content\/uploads\/2022\/09\/cine-3-819x1024.jpg 819w, https:\/\/www.sinpro-rio.org.br\/principal\/wp-content\/uploads\/2022\/09\/cine-3-480x600.jpg 480w, https:\/\/www.sinpro-rio.org.br\/principal\/wp-content\/uploads\/2022\/09\/cine-3-160x200.jpg 160w, https:\/\/www.sinpro-rio.org.br\/principal\/wp-content\/uploads\/2022\/09\/cine-3-768x960.jpg 768w, https:\/\/www.sinpro-rio.org.br\/principal\/wp-content\/uploads\/2022\/09\/cine-3.jpg 1024w\" sizes=\"(max-width: 819px) 100vw, 819px\" \/><\/figure>\n<\/figure>\n\n\n\n<figure class=\"wp-block-image size-large\"><img loading=\"lazy\" decoding=\"async\" width=\"819\" height=\"1024\" src=\"https:\/\/sinpro-rio.org.br\/principal\/wp-content\/uploads\/2022\/09\/cine-5-819x1024.jpg\" alt=\"\" class=\"wp-image-33980\" srcset=\"https:\/\/www.sinpro-rio.org.br\/principal\/wp-content\/uploads\/2022\/09\/cine-5-819x1024.jpg 819w, https:\/\/www.sinpro-rio.org.br\/principal\/wp-content\/uploads\/2022\/09\/cine-5-480x600.jpg 480w, https:\/\/www.sinpro-rio.org.br\/principal\/wp-content\/uploads\/2022\/09\/cine-5-160x200.jpg 160w, https:\/\/www.sinpro-rio.org.br\/principal\/wp-content\/uploads\/2022\/09\/cine-5-768x960.jpg 768w, https:\/\/www.sinpro-rio.org.br\/principal\/wp-content\/uploads\/2022\/09\/cine-5.jpg 1024w\" sizes=\"(max-width: 819px) 100vw, 819px\" \/><\/figure>\n","protected":false},"excerpt":{"rendered":"<p>O 5\u00ba anivers\u00e1rio do Cine Educa\u00e7\u00e3o acontecer\u00e1 de 21 a 24 de setembro e, comemorando seus cinco anos, o festival volta ao formato presencial trazendo sess\u00f5es de cinema e debates gratuitos. Ao todo, ser\u00e3o 6 sess\u00f5es, com curtas, m\u00e9dias e longas metragens em 6 locais da Cidade do Rio, UFRJ \u2013 Faculdade de Letras e [&hellip;]<\/p>\n","protected":false},"author":2,"featured_media":33976,"comment_status":"closed","ping_status":"closed","sticky":false,"template":"","format":"standard","meta":{"footnotes":""},"categories":[1],"tags":[],"class_list":["post-33975","post","type-post","status-publish","format-standard","has-post-thumbnail","hentry","category-noticias"],"yoast_head":"<!-- This site is optimized with the Yoast SEO plugin v25.7 - https:\/\/yoast.com\/wordpress\/plugins\/seo\/ -->\n<title>Cine Educa\u00e7\u00e3o exibe filmes sobre as lutas pelas melhorias na educa\u00e7\u00e3o brasileira em\/nos 200 anos de Brasil Independente - Sinpro-Rio<\/title>\n<meta name=\"robots\" content=\"index, follow, max-snippet:-1, max-image-preview:large, max-video-preview:-1\" \/>\n<link rel=\"canonical\" href=\"https:\/\/www.sinpro-rio.org.br\/principal\/cine-educacao-exibe-filmes-sobre-as-lutas-pelas-melhorias-na-educacao-brasileira-em-nos-200-anos-de-brasil-idependente\/\" \/>\n<meta property=\"og:locale\" content=\"pt_BR\" \/>\n<meta property=\"og:type\" content=\"article\" \/>\n<meta property=\"og:title\" content=\"Cine Educa\u00e7\u00e3o exibe filmes sobre as lutas pelas melhorias na educa\u00e7\u00e3o brasileira em\/nos 200 anos de Brasil Independente - Sinpro-Rio\" \/>\n<meta property=\"og:description\" content=\"O 5\u00ba anivers\u00e1rio do Cine Educa\u00e7\u00e3o acontecer\u00e1 de 21 a 24 de setembro e, comemorando seus cinco anos, o festival volta ao formato presencial trazendo sess\u00f5es de cinema e debates gratuitos. Ao todo, ser\u00e3o 6 sess\u00f5es, com curtas, m\u00e9dias e longas metragens em 6 locais da Cidade do Rio, UFRJ \u2013 Faculdade de Letras e [&hellip;]\" \/>\n<meta property=\"og:url\" content=\"https:\/\/www.sinpro-rio.org.br\/principal\/cine-educacao-exibe-filmes-sobre-as-lutas-pelas-melhorias-na-educacao-brasileira-em-nos-200-anos-de-brasil-idependente\/\" \/>\n<meta property=\"og:site_name\" content=\"Sinpro-Rio\" \/>\n<meta property=\"article:published_time\" content=\"2022-09-19T20:59:18+00:00\" \/>\n<meta property=\"article:modified_time\" content=\"2022-09-19T21:00:53+00:00\" \/>\n<meta property=\"og:image\" content=\"https:\/\/www.sinpro-rio.org.br\/principal\/wp-content\/uploads\/2022\/09\/cine-4.jpg\" \/>\n\t<meta property=\"og:image:width\" content=\"1024\" \/>\n\t<meta property=\"og:image:height\" content=\"1280\" \/>\n\t<meta property=\"og:image:type\" content=\"image\/jpeg\" \/>\n<meta name=\"author\" content=\"alessandra\" \/>\n<meta name=\"twitter:card\" content=\"summary_large_image\" \/>\n<meta name=\"twitter:label1\" content=\"Escrito por\" \/>\n\t<meta name=\"twitter:data1\" content=\"alessandra\" \/>\n\t<meta name=\"twitter:label2\" content=\"Est. tempo de leitura\" \/>\n\t<meta name=\"twitter:data2\" content=\"2 minutos\" \/>\n<script type=\"application\/ld+json\" class=\"yoast-schema-graph\">{\"@context\":\"https:\/\/schema.org\",\"@graph\":[{\"@type\":\"WebPage\",\"@id\":\"https:\/\/www.sinpro-rio.org.br\/principal\/cine-educacao-exibe-filmes-sobre-as-lutas-pelas-melhorias-na-educacao-brasileira-em-nos-200-anos-de-brasil-idependente\/\",\"url\":\"https:\/\/www.sinpro-rio.org.br\/principal\/cine-educacao-exibe-filmes-sobre-as-lutas-pelas-melhorias-na-educacao-brasileira-em-nos-200-anos-de-brasil-idependente\/\",\"name\":\"Cine Educa\u00e7\u00e3o exibe filmes sobre as lutas pelas melhorias na educa\u00e7\u00e3o brasileira em\/nos 200 anos de Brasil Independente - Sinpro-Rio\",\"isPartOf\":{\"@id\":\"https:\/\/www.sinpro-rio.org.br\/principal\/#website\"},\"primaryImageOfPage\":{\"@id\":\"https:\/\/www.sinpro-rio.org.br\/principal\/cine-educacao-exibe-filmes-sobre-as-lutas-pelas-melhorias-na-educacao-brasileira-em-nos-200-anos-de-brasil-idependente\/#primaryimage\"},\"image\":{\"@id\":\"https:\/\/www.sinpro-rio.org.br\/principal\/cine-educacao-exibe-filmes-sobre-as-lutas-pelas-melhorias-na-educacao-brasileira-em-nos-200-anos-de-brasil-idependente\/#primaryimage\"},\"thumbnailUrl\":\"https:\/\/www.sinpro-rio.org.br\/principal\/wp-content\/uploads\/2022\/09\/cine-4.jpg\",\"datePublished\":\"2022-09-19T20:59:18+00:00\",\"dateModified\":\"2022-09-19T21:00:53+00:00\",\"author\":{\"@id\":\"https:\/\/www.sinpro-rio.org.br\/principal\/#\/schema\/person\/ee17219e64d00d037e511ae59ce2227e\"},\"breadcrumb\":{\"@id\":\"https:\/\/www.sinpro-rio.org.br\/principal\/cine-educacao-exibe-filmes-sobre-as-lutas-pelas-melhorias-na-educacao-brasileira-em-nos-200-anos-de-brasil-idependente\/#breadcrumb\"},\"inLanguage\":\"pt-BR\",\"potentialAction\":[{\"@type\":\"ReadAction\",\"target\":[\"https:\/\/www.sinpro-rio.org.br\/principal\/cine-educacao-exibe-filmes-sobre-as-lutas-pelas-melhorias-na-educacao-brasileira-em-nos-200-anos-de-brasil-idependente\/\"]}]},{\"@type\":\"ImageObject\",\"inLanguage\":\"pt-BR\",\"@id\":\"https:\/\/www.sinpro-rio.org.br\/principal\/cine-educacao-exibe-filmes-sobre-as-lutas-pelas-melhorias-na-educacao-brasileira-em-nos-200-anos-de-brasil-idependente\/#primaryimage\",\"url\":\"https:\/\/www.sinpro-rio.org.br\/principal\/wp-content\/uploads\/2022\/09\/cine-4.jpg\",\"contentUrl\":\"https:\/\/www.sinpro-rio.org.br\/principal\/wp-content\/uploads\/2022\/09\/cine-4.jpg\",\"width\":1024,\"height\":1280},{\"@type\":\"BreadcrumbList\",\"@id\":\"https:\/\/www.sinpro-rio.org.br\/principal\/cine-educacao-exibe-filmes-sobre-as-lutas-pelas-melhorias-na-educacao-brasileira-em-nos-200-anos-de-brasil-idependente\/#breadcrumb\",\"itemListElement\":[{\"@type\":\"ListItem\",\"position\":1,\"name\":\"In\u00edcio\",\"item\":\"https:\/\/www.sinpro-rio.org.br\/principal\/\"},{\"@type\":\"ListItem\",\"position\":2,\"name\":\"Cine Educa\u00e7\u00e3o exibe filmes sobre as lutas pelas melhorias na educa\u00e7\u00e3o brasileira em\/nos 200 anos de Brasil Independente\"}]},{\"@type\":\"WebSite\",\"@id\":\"https:\/\/www.sinpro-rio.org.br\/principal\/#website\",\"url\":\"https:\/\/www.sinpro-rio.org.br\/principal\/\",\"name\":\"Sinpro-Rio\",\"description\":\"Sindicato dos Professores do Munic\u00edpio do Rio de Janeiro e Regi\u00e3o\",\"potentialAction\":[{\"@type\":\"SearchAction\",\"target\":{\"@type\":\"EntryPoint\",\"urlTemplate\":\"https:\/\/www.sinpro-rio.org.br\/principal\/?s={search_term_string}\"},\"query-input\":{\"@type\":\"PropertyValueSpecification\",\"valueRequired\":true,\"valueName\":\"search_term_string\"}}],\"inLanguage\":\"pt-BR\"},{\"@type\":\"Person\",\"@id\":\"https:\/\/www.sinpro-rio.org.br\/principal\/#\/schema\/person\/ee17219e64d00d037e511ae59ce2227e\",\"name\":\"alessandra\",\"image\":{\"@type\":\"ImageObject\",\"inLanguage\":\"pt-BR\",\"@id\":\"https:\/\/www.sinpro-rio.org.br\/principal\/#\/schema\/person\/image\/\",\"url\":\"https:\/\/secure.gravatar.com\/avatar\/2b43fa8c0ad8e33b46a4732549f7fb20?s=96&d=mm&r=g\",\"contentUrl\":\"https:\/\/secure.gravatar.com\/avatar\/2b43fa8c0ad8e33b46a4732549f7fb20?s=96&d=mm&r=g\",\"caption\":\"alessandra\"},\"url\":\"https:\/\/www.sinpro-rio.org.br\/principal\/author\/alessandra\/\"}]}<\/script>\n<!-- \/ Yoast SEO plugin. -->","yoast_head_json":{"title":"Cine Educa\u00e7\u00e3o exibe filmes sobre as lutas pelas melhorias na educa\u00e7\u00e3o brasileira em\/nos 200 anos de Brasil Independente - Sinpro-Rio","robots":{"index":"index","follow":"follow","max-snippet":"max-snippet:-1","max-image-preview":"max-image-preview:large","max-video-preview":"max-video-preview:-1"},"canonical":"https:\/\/www.sinpro-rio.org.br\/principal\/cine-educacao-exibe-filmes-sobre-as-lutas-pelas-melhorias-na-educacao-brasileira-em-nos-200-anos-de-brasil-idependente\/","og_locale":"pt_BR","og_type":"article","og_title":"Cine Educa\u00e7\u00e3o exibe filmes sobre as lutas pelas melhorias na educa\u00e7\u00e3o brasileira em\/nos 200 anos de Brasil Independente - Sinpro-Rio","og_description":"O 5\u00ba anivers\u00e1rio do Cine Educa\u00e7\u00e3o acontecer\u00e1 de 21 a 24 de setembro e, comemorando seus cinco anos, o festival volta ao formato presencial trazendo sess\u00f5es de cinema e debates gratuitos. Ao todo, ser\u00e3o 6 sess\u00f5es, com curtas, m\u00e9dias e longas metragens em 6 locais da Cidade do Rio, UFRJ \u2013 Faculdade de Letras e [&hellip;]","og_url":"https:\/\/www.sinpro-rio.org.br\/principal\/cine-educacao-exibe-filmes-sobre-as-lutas-pelas-melhorias-na-educacao-brasileira-em-nos-200-anos-de-brasil-idependente\/","og_site_name":"Sinpro-Rio","article_published_time":"2022-09-19T20:59:18+00:00","article_modified_time":"2022-09-19T21:00:53+00:00","og_image":[{"width":1024,"height":1280,"url":"https:\/\/www.sinpro-rio.org.br\/principal\/wp-content\/uploads\/2022\/09\/cine-4.jpg","type":"image\/jpeg"}],"author":"alessandra","twitter_card":"summary_large_image","twitter_misc":{"Escrito por":"alessandra","Est. tempo de leitura":"2 minutos"},"schema":{"@context":"https:\/\/schema.org","@graph":[{"@type":"WebPage","@id":"https:\/\/www.sinpro-rio.org.br\/principal\/cine-educacao-exibe-filmes-sobre-as-lutas-pelas-melhorias-na-educacao-brasileira-em-nos-200-anos-de-brasil-idependente\/","url":"https:\/\/www.sinpro-rio.org.br\/principal\/cine-educacao-exibe-filmes-sobre-as-lutas-pelas-melhorias-na-educacao-brasileira-em-nos-200-anos-de-brasil-idependente\/","name":"Cine Educa\u00e7\u00e3o exibe filmes sobre as lutas pelas melhorias na educa\u00e7\u00e3o brasileira em\/nos 200 anos de Brasil Independente - Sinpro-Rio","isPartOf":{"@id":"https:\/\/www.sinpro-rio.org.br\/principal\/#website"},"primaryImageOfPage":{"@id":"https:\/\/www.sinpro-rio.org.br\/principal\/cine-educacao-exibe-filmes-sobre-as-lutas-pelas-melhorias-na-educacao-brasileira-em-nos-200-anos-de-brasil-idependente\/#primaryimage"},"image":{"@id":"https:\/\/www.sinpro-rio.org.br\/principal\/cine-educacao-exibe-filmes-sobre-as-lutas-pelas-melhorias-na-educacao-brasileira-em-nos-200-anos-de-brasil-idependente\/#primaryimage"},"thumbnailUrl":"https:\/\/www.sinpro-rio.org.br\/principal\/wp-content\/uploads\/2022\/09\/cine-4.jpg","datePublished":"2022-09-19T20:59:18+00:00","dateModified":"2022-09-19T21:00:53+00:00","author":{"@id":"https:\/\/www.sinpro-rio.org.br\/principal\/#\/schema\/person\/ee17219e64d00d037e511ae59ce2227e"},"breadcrumb":{"@id":"https:\/\/www.sinpro-rio.org.br\/principal\/cine-educacao-exibe-filmes-sobre-as-lutas-pelas-melhorias-na-educacao-brasileira-em-nos-200-anos-de-brasil-idependente\/#breadcrumb"},"inLanguage":"pt-BR","potentialAction":[{"@type":"ReadAction","target":["https:\/\/www.sinpro-rio.org.br\/principal\/cine-educacao-exibe-filmes-sobre-as-lutas-pelas-melhorias-na-educacao-brasileira-em-nos-200-anos-de-brasil-idependente\/"]}]},{"@type":"ImageObject","inLanguage":"pt-BR","@id":"https:\/\/www.sinpro-rio.org.br\/principal\/cine-educacao-exibe-filmes-sobre-as-lutas-pelas-melhorias-na-educacao-brasileira-em-nos-200-anos-de-brasil-idependente\/#primaryimage","url":"https:\/\/www.sinpro-rio.org.br\/principal\/wp-content\/uploads\/2022\/09\/cine-4.jpg","contentUrl":"https:\/\/www.sinpro-rio.org.br\/principal\/wp-content\/uploads\/2022\/09\/cine-4.jpg","width":1024,"height":1280},{"@type":"BreadcrumbList","@id":"https:\/\/www.sinpro-rio.org.br\/principal\/cine-educacao-exibe-filmes-sobre-as-lutas-pelas-melhorias-na-educacao-brasileira-em-nos-200-anos-de-brasil-idependente\/#breadcrumb","itemListElement":[{"@type":"ListItem","position":1,"name":"In\u00edcio","item":"https:\/\/www.sinpro-rio.org.br\/principal\/"},{"@type":"ListItem","position":2,"name":"Cine Educa\u00e7\u00e3o exibe filmes sobre as lutas pelas melhorias na educa\u00e7\u00e3o brasileira em\/nos 200 anos de Brasil Independente"}]},{"@type":"WebSite","@id":"https:\/\/www.sinpro-rio.org.br\/principal\/#website","url":"https:\/\/www.sinpro-rio.org.br\/principal\/","name":"Sinpro-Rio","description":"Sindicato dos Professores do Munic\u00edpio do Rio de Janeiro e Regi\u00e3o","potentialAction":[{"@type":"SearchAction","target":{"@type":"EntryPoint","urlTemplate":"https:\/\/www.sinpro-rio.org.br\/principal\/?s={search_term_string}"},"query-input":{"@type":"PropertyValueSpecification","valueRequired":true,"valueName":"search_term_string"}}],"inLanguage":"pt-BR"},{"@type":"Person","@id":"https:\/\/www.sinpro-rio.org.br\/principal\/#\/schema\/person\/ee17219e64d00d037e511ae59ce2227e","name":"alessandra","image":{"@type":"ImageObject","inLanguage":"pt-BR","@id":"https:\/\/www.sinpro-rio.org.br\/principal\/#\/schema\/person\/image\/","url":"https:\/\/secure.gravatar.com\/avatar\/2b43fa8c0ad8e33b46a4732549f7fb20?s=96&d=mm&r=g","contentUrl":"https:\/\/secure.gravatar.com\/avatar\/2b43fa8c0ad8e33b46a4732549f7fb20?s=96&d=mm&r=g","caption":"alessandra"},"url":"https:\/\/www.sinpro-rio.org.br\/principal\/author\/alessandra\/"}]}},"_links":{"self":[{"href":"https:\/\/www.sinpro-rio.org.br\/principal\/wp-json\/wp\/v2\/posts\/33975","targetHints":{"allow":["GET"]}}],"collection":[{"href":"https:\/\/www.sinpro-rio.org.br\/principal\/wp-json\/wp\/v2\/posts"}],"about":[{"href":"https:\/\/www.sinpro-rio.org.br\/principal\/wp-json\/wp\/v2\/types\/post"}],"author":[{"embeddable":true,"href":"https:\/\/www.sinpro-rio.org.br\/principal\/wp-json\/wp\/v2\/users\/2"}],"replies":[{"embeddable":true,"href":"https:\/\/www.sinpro-rio.org.br\/principal\/wp-json\/wp\/v2\/comments?post=33975"}],"version-history":[{"count":2,"href":"https:\/\/www.sinpro-rio.org.br\/principal\/wp-json\/wp\/v2\/posts\/33975\/revisions"}],"predecessor-version":[{"id":33982,"href":"https:\/\/www.sinpro-rio.org.br\/principal\/wp-json\/wp\/v2\/posts\/33975\/revisions\/33982"}],"wp:featuredmedia":[{"embeddable":true,"href":"https:\/\/www.sinpro-rio.org.br\/principal\/wp-json\/wp\/v2\/media\/33976"}],"wp:attachment":[{"href":"https:\/\/www.sinpro-rio.org.br\/principal\/wp-json\/wp\/v2\/media?parent=33975"}],"wp:term":[{"taxonomy":"category","embeddable":true,"href":"https:\/\/www.sinpro-rio.org.br\/principal\/wp-json\/wp\/v2\/categories?post=33975"},{"taxonomy":"post_tag","embeddable":true,"href":"https:\/\/www.sinpro-rio.org.br\/principal\/wp-json\/wp\/v2\/tags?post=33975"}],"curies":[{"name":"wp","href":"https:\/\/api.w.org\/{rel}","templated":true}]}}