{"id":33630,"date":"2022-08-03T11:56:42","date_gmt":"2022-08-03T14:56:42","guid":{"rendered":"https:\/\/sinpro-rio.org.br\/principal\/?p=33630"},"modified":"2023-07-07T14:38:47","modified_gmt":"2023-07-07T17:38:47","slug":"sinpro-rio-e-chamado-pelo-mpt-a-contribuir-em-acao-coletiva-contra-estacio-grupo-yduqs","status":"publish","type":"post","link":"https:\/\/www.sinpro-rio.org.br\/principal\/sinpro-rio-e-chamado-pelo-mpt-a-contribuir-em-acao-coletiva-contra-estacio-grupo-yduqs\/","title":{"rendered":"Sinpro-Rio \u00e9 chamado pelo MPT a contribuir em a\u00e7\u00e3o coletiva contra Est\u00e1cio\/ Grupo Yduqs"},"content":{"rendered":"\n<p>O Sinpro-Rio teve ci\u00eancia que professores e professoras denunciaram a Est\u00e1cio\/Yduqs ao Minist\u00e9rio P\u00fablico do Trabalho (MPT). Eles\/as narraram a exig\u00eancia de trabalho excessivo, notadamente aos finais de semana e f\u00e9rias.<\/p>\n\n\n\n<p>Com isso, o Minist\u00e9rio P\u00fablico solicitou ao Sinpro-Rio que colaborasse na apura\u00e7\u00e3o das den\u00fancias.<\/p>\n\n\n\n<p>Portanto, professor\/a, caso voc\u00ea trabalhe nos finais de semana ou f\u00e9rias, ministrando aulas ou respondendo \u00e0s d\u00favidas dos estudantes, encaminhe seu relato para o e-mail <a href=\"mailto:juridico@sinpro-rio.org.br\">juridico@sinpro-rio.org.br<\/a> ou whatsapp do Departamento Jur\u00eddico: (21) 99580-2910.<\/p>\n\n\n\n<p><strong>O SINPRO-RIO GARANTE O SIGILO DA INFORMA\u00c7\u00c3O. <\/strong>Repassaremos ao Minist\u00e9rio P\u00fablico, apenas, o relato do professor e da professora, sem mencionar nome, matr\u00edcula ou e-mail.<\/p>\n","protected":false},"excerpt":{"rendered":"<p>O Sinpro-Rio teve ci\u00eancia que professores e professoras denunciaram a Est\u00e1cio\/Yduqs ao Minist\u00e9rio P\u00fablico do Trabalho (MPT). Eles\/as narraram a exig\u00eancia de trabalho excessivo, notadamente aos finais de semana e f\u00e9rias. Com isso, o Minist\u00e9rio P\u00fablico solicitou ao Sinpro-Rio que colaborasse na apura\u00e7\u00e3o das den\u00fancias. Portanto, professor\/a, caso voc\u00ea trabalhe nos finais de semana ou [&hellip;]<\/p>\n","protected":false},"author":2,"featured_media":33631,"comment_status":"closed","ping_status":"closed","sticky":false,"template":"","format":"standard","meta":{"footnotes":""},"categories":[1,25],"tags":[495],"class_list":["post-33630","post","type-post","status-publish","format-standard","has-post-thumbnail","hentry","category-noticias","category-destaque-primeira-pagina","tag-estacio"],"yoast_head":"<!-- This site is optimized with the Yoast SEO plugin v25.7 - https:\/\/yoast.com\/wordpress\/plugins\/seo\/ -->\n<title>Sinpro-Rio \u00e9 chamado pelo MPT a contribuir em a\u00e7\u00e3o coletiva contra Est\u00e1cio\/ Grupo Yduqs - Sinpro-Rio<\/title>\n<meta name=\"robots\" content=\"index, follow, max-snippet:-1, max-image-preview:large, max-video-preview:-1\" \/>\n<link rel=\"canonical\" href=\"https:\/\/www.sinpro-rio.org.br\/principal\/sinpro-rio-e-chamado-pelo-mpt-a-contribuir-em-acao-coletiva-contra-estacio-grupo-yduqs\/\" \/>\n<meta property=\"og:locale\" content=\"pt_BR\" \/>\n<meta property=\"og:type\" content=\"article\" \/>\n<meta property=\"og:title\" content=\"Sinpro-Rio \u00e9 chamado pelo MPT a contribuir em a\u00e7\u00e3o coletiva contra Est\u00e1cio\/ Grupo Yduqs - Sinpro-Rio\" \/>\n<meta property=\"og:description\" content=\"O Sinpro-Rio teve ci\u00eancia que professores e professoras denunciaram a Est\u00e1cio\/Yduqs ao Minist\u00e9rio P\u00fablico do Trabalho (MPT). Eles\/as narraram a exig\u00eancia de trabalho excessivo, notadamente aos finais de semana e f\u00e9rias. Com isso, o Minist\u00e9rio P\u00fablico solicitou ao Sinpro-Rio que colaborasse na apura\u00e7\u00e3o das den\u00fancias. Portanto, professor\/a, caso voc\u00ea trabalhe nos finais de semana ou [&hellip;]\" \/>\n<meta property=\"og:url\" content=\"https:\/\/www.sinpro-rio.org.br\/principal\/sinpro-rio-e-chamado-pelo-mpt-a-contribuir-em-acao-coletiva-contra-estacio-grupo-yduqs\/\" \/>\n<meta property=\"og:site_name\" content=\"Sinpro-Rio\" \/>\n<meta property=\"article:published_time\" content=\"2022-08-03T14:56:42+00:00\" \/>\n<meta property=\"article:modified_time\" content=\"2023-07-07T17:38:47+00:00\" \/>\n<meta property=\"og:image\" content=\"https:\/\/www.sinpro-rio.org.br\/principal\/wp-content\/uploads\/2022\/08\/Sinpro-Rio-e-chamado-pelo-MPT-a-contribuir-em-acao-coletiva-contra-Estacio-Grupo-Yduqs.jpg\" \/>\n\t<meta property=\"og:image:width\" content=\"1080\" \/>\n\t<meta property=\"og:image:height\" content=\"1080\" \/>\n\t<meta property=\"og:image:type\" content=\"image\/jpeg\" \/>\n<meta name=\"author\" content=\"alessandra\" \/>\n<meta name=\"twitter:card\" content=\"summary_large_image\" \/>\n<meta name=\"twitter:label1\" content=\"Escrito por\" \/>\n\t<meta name=\"twitter:data1\" content=\"alessandra\" \/>\n\t<meta name=\"twitter:label2\" content=\"Est. tempo de leitura\" \/>\n\t<meta name=\"twitter:data2\" content=\"1 minuto\" \/>\n<script type=\"application\/ld+json\" class=\"yoast-schema-graph\">{\"@context\":\"https:\/\/schema.org\",\"@graph\":[{\"@type\":\"WebPage\",\"@id\":\"https:\/\/www.sinpro-rio.org.br\/principal\/sinpro-rio-e-chamado-pelo-mpt-a-contribuir-em-acao-coletiva-contra-estacio-grupo-yduqs\/\",\"url\":\"https:\/\/www.sinpro-rio.org.br\/principal\/sinpro-rio-e-chamado-pelo-mpt-a-contribuir-em-acao-coletiva-contra-estacio-grupo-yduqs\/\",\"name\":\"Sinpro-Rio \u00e9 chamado pelo MPT a contribuir em a\u00e7\u00e3o coletiva contra Est\u00e1cio\/ Grupo Yduqs - Sinpro-Rio\",\"isPartOf\":{\"@id\":\"https:\/\/www.sinpro-rio.org.br\/principal\/#website\"},\"primaryImageOfPage\":{\"@id\":\"https:\/\/www.sinpro-rio.org.br\/principal\/sinpro-rio-e-chamado-pelo-mpt-a-contribuir-em-acao-coletiva-contra-estacio-grupo-yduqs\/#primaryimage\"},\"image\":{\"@id\":\"https:\/\/www.sinpro-rio.org.br\/principal\/sinpro-rio-e-chamado-pelo-mpt-a-contribuir-em-acao-coletiva-contra-estacio-grupo-yduqs\/#primaryimage\"},\"thumbnailUrl\":\"https:\/\/www.sinpro-rio.org.br\/principal\/wp-content\/uploads\/2022\/08\/Sinpro-Rio-e-chamado-pelo-MPT-a-contribuir-em-acao-coletiva-contra-Estacio-Grupo-Yduqs.jpg\",\"datePublished\":\"2022-08-03T14:56:42+00:00\",\"dateModified\":\"2023-07-07T17:38:47+00:00\",\"author\":{\"@id\":\"https:\/\/www.sinpro-rio.org.br\/principal\/#\/schema\/person\/ee17219e64d00d037e511ae59ce2227e\"},\"breadcrumb\":{\"@id\":\"https:\/\/www.sinpro-rio.org.br\/principal\/sinpro-rio-e-chamado-pelo-mpt-a-contribuir-em-acao-coletiva-contra-estacio-grupo-yduqs\/#breadcrumb\"},\"inLanguage\":\"pt-BR\",\"potentialAction\":[{\"@type\":\"ReadAction\",\"target\":[\"https:\/\/www.sinpro-rio.org.br\/principal\/sinpro-rio-e-chamado-pelo-mpt-a-contribuir-em-acao-coletiva-contra-estacio-grupo-yduqs\/\"]}]},{\"@type\":\"ImageObject\",\"inLanguage\":\"pt-BR\",\"@id\":\"https:\/\/www.sinpro-rio.org.br\/principal\/sinpro-rio-e-chamado-pelo-mpt-a-contribuir-em-acao-coletiva-contra-estacio-grupo-yduqs\/#primaryimage\",\"url\":\"https:\/\/www.sinpro-rio.org.br\/principal\/wp-content\/uploads\/2022\/08\/Sinpro-Rio-e-chamado-pelo-MPT-a-contribuir-em-acao-coletiva-contra-Estacio-Grupo-Yduqs.jpg\",\"contentUrl\":\"https:\/\/www.sinpro-rio.org.br\/principal\/wp-content\/uploads\/2022\/08\/Sinpro-Rio-e-chamado-pelo-MPT-a-contribuir-em-acao-coletiva-contra-Estacio-Grupo-Yduqs.jpg\",\"width\":1080,\"height\":1080},{\"@type\":\"BreadcrumbList\",\"@id\":\"https:\/\/www.sinpro-rio.org.br\/principal\/sinpro-rio-e-chamado-pelo-mpt-a-contribuir-em-acao-coletiva-contra-estacio-grupo-yduqs\/#breadcrumb\",\"itemListElement\":[{\"@type\":\"ListItem\",\"position\":1,\"name\":\"In\u00edcio\",\"item\":\"https:\/\/www.sinpro-rio.org.br\/principal\/\"},{\"@type\":\"ListItem\",\"position\":2,\"name\":\"Sinpro-Rio \u00e9 chamado pelo MPT a contribuir em a\u00e7\u00e3o coletiva contra Est\u00e1cio\/ Grupo Yduqs\"}]},{\"@type\":\"WebSite\",\"@id\":\"https:\/\/www.sinpro-rio.org.br\/principal\/#website\",\"url\":\"https:\/\/www.sinpro-rio.org.br\/principal\/\",\"name\":\"Sinpro-Rio\",\"description\":\"Sindicato dos Professores do Munic\u00edpio do Rio de Janeiro e Regi\u00e3o\",\"potentialAction\":[{\"@type\":\"SearchAction\",\"target\":{\"@type\":\"EntryPoint\",\"urlTemplate\":\"https:\/\/www.sinpro-rio.org.br\/principal\/?s={search_term_string}\"},\"query-input\":{\"@type\":\"PropertyValueSpecification\",\"valueRequired\":true,\"valueName\":\"search_term_string\"}}],\"inLanguage\":\"pt-BR\"},{\"@type\":\"Person\",\"@id\":\"https:\/\/www.sinpro-rio.org.br\/principal\/#\/schema\/person\/ee17219e64d00d037e511ae59ce2227e\",\"name\":\"alessandra\",\"image\":{\"@type\":\"ImageObject\",\"inLanguage\":\"pt-BR\",\"@id\":\"https:\/\/www.sinpro-rio.org.br\/principal\/#\/schema\/person\/image\/\",\"url\":\"https:\/\/secure.gravatar.com\/avatar\/2b43fa8c0ad8e33b46a4732549f7fb20?s=96&d=mm&r=g\",\"contentUrl\":\"https:\/\/secure.gravatar.com\/avatar\/2b43fa8c0ad8e33b46a4732549f7fb20?s=96&d=mm&r=g\",\"caption\":\"alessandra\"},\"url\":\"https:\/\/www.sinpro-rio.org.br\/principal\/author\/alessandra\/\"}]}<\/script>\n<!-- \/ Yoast SEO plugin. -->","yoast_head_json":{"title":"Sinpro-Rio \u00e9 chamado pelo MPT a contribuir em a\u00e7\u00e3o coletiva contra Est\u00e1cio\/ Grupo Yduqs - Sinpro-Rio","robots":{"index":"index","follow":"follow","max-snippet":"max-snippet:-1","max-image-preview":"max-image-preview:large","max-video-preview":"max-video-preview:-1"},"canonical":"https:\/\/www.sinpro-rio.org.br\/principal\/sinpro-rio-e-chamado-pelo-mpt-a-contribuir-em-acao-coletiva-contra-estacio-grupo-yduqs\/","og_locale":"pt_BR","og_type":"article","og_title":"Sinpro-Rio \u00e9 chamado pelo MPT a contribuir em a\u00e7\u00e3o coletiva contra Est\u00e1cio\/ Grupo Yduqs - Sinpro-Rio","og_description":"O Sinpro-Rio teve ci\u00eancia que professores e professoras denunciaram a Est\u00e1cio\/Yduqs ao Minist\u00e9rio P\u00fablico do Trabalho (MPT). Eles\/as narraram a exig\u00eancia de trabalho excessivo, notadamente aos finais de semana e f\u00e9rias. Com isso, o Minist\u00e9rio P\u00fablico solicitou ao Sinpro-Rio que colaborasse na apura\u00e7\u00e3o das den\u00fancias. Portanto, professor\/a, caso voc\u00ea trabalhe nos finais de semana ou [&hellip;]","og_url":"https:\/\/www.sinpro-rio.org.br\/principal\/sinpro-rio-e-chamado-pelo-mpt-a-contribuir-em-acao-coletiva-contra-estacio-grupo-yduqs\/","og_site_name":"Sinpro-Rio","article_published_time":"2022-08-03T14:56:42+00:00","article_modified_time":"2023-07-07T17:38:47+00:00","og_image":[{"width":1080,"height":1080,"url":"https:\/\/www.sinpro-rio.org.br\/principal\/wp-content\/uploads\/2022\/08\/Sinpro-Rio-e-chamado-pelo-MPT-a-contribuir-em-acao-coletiva-contra-Estacio-Grupo-Yduqs.jpg","type":"image\/jpeg"}],"author":"alessandra","twitter_card":"summary_large_image","twitter_misc":{"Escrito por":"alessandra","Est. tempo de leitura":"1 minuto"},"schema":{"@context":"https:\/\/schema.org","@graph":[{"@type":"WebPage","@id":"https:\/\/www.sinpro-rio.org.br\/principal\/sinpro-rio-e-chamado-pelo-mpt-a-contribuir-em-acao-coletiva-contra-estacio-grupo-yduqs\/","url":"https:\/\/www.sinpro-rio.org.br\/principal\/sinpro-rio-e-chamado-pelo-mpt-a-contribuir-em-acao-coletiva-contra-estacio-grupo-yduqs\/","name":"Sinpro-Rio \u00e9 chamado pelo MPT a contribuir em a\u00e7\u00e3o coletiva contra Est\u00e1cio\/ Grupo Yduqs - Sinpro-Rio","isPartOf":{"@id":"https:\/\/www.sinpro-rio.org.br\/principal\/#website"},"primaryImageOfPage":{"@id":"https:\/\/www.sinpro-rio.org.br\/principal\/sinpro-rio-e-chamado-pelo-mpt-a-contribuir-em-acao-coletiva-contra-estacio-grupo-yduqs\/#primaryimage"},"image":{"@id":"https:\/\/www.sinpro-rio.org.br\/principal\/sinpro-rio-e-chamado-pelo-mpt-a-contribuir-em-acao-coletiva-contra-estacio-grupo-yduqs\/#primaryimage"},"thumbnailUrl":"https:\/\/www.sinpro-rio.org.br\/principal\/wp-content\/uploads\/2022\/08\/Sinpro-Rio-e-chamado-pelo-MPT-a-contribuir-em-acao-coletiva-contra-Estacio-Grupo-Yduqs.jpg","datePublished":"2022-08-03T14:56:42+00:00","dateModified":"2023-07-07T17:38:47+00:00","author":{"@id":"https:\/\/www.sinpro-rio.org.br\/principal\/#\/schema\/person\/ee17219e64d00d037e511ae59ce2227e"},"breadcrumb":{"@id":"https:\/\/www.sinpro-rio.org.br\/principal\/sinpro-rio-e-chamado-pelo-mpt-a-contribuir-em-acao-coletiva-contra-estacio-grupo-yduqs\/#breadcrumb"},"inLanguage":"pt-BR","potentialAction":[{"@type":"ReadAction","target":["https:\/\/www.sinpro-rio.org.br\/principal\/sinpro-rio-e-chamado-pelo-mpt-a-contribuir-em-acao-coletiva-contra-estacio-grupo-yduqs\/"]}]},{"@type":"ImageObject","inLanguage":"pt-BR","@id":"https:\/\/www.sinpro-rio.org.br\/principal\/sinpro-rio-e-chamado-pelo-mpt-a-contribuir-em-acao-coletiva-contra-estacio-grupo-yduqs\/#primaryimage","url":"https:\/\/www.sinpro-rio.org.br\/principal\/wp-content\/uploads\/2022\/08\/Sinpro-Rio-e-chamado-pelo-MPT-a-contribuir-em-acao-coletiva-contra-Estacio-Grupo-Yduqs.jpg","contentUrl":"https:\/\/www.sinpro-rio.org.br\/principal\/wp-content\/uploads\/2022\/08\/Sinpro-Rio-e-chamado-pelo-MPT-a-contribuir-em-acao-coletiva-contra-Estacio-Grupo-Yduqs.jpg","width":1080,"height":1080},{"@type":"BreadcrumbList","@id":"https:\/\/www.sinpro-rio.org.br\/principal\/sinpro-rio-e-chamado-pelo-mpt-a-contribuir-em-acao-coletiva-contra-estacio-grupo-yduqs\/#breadcrumb","itemListElement":[{"@type":"ListItem","position":1,"name":"In\u00edcio","item":"https:\/\/www.sinpro-rio.org.br\/principal\/"},{"@type":"ListItem","position":2,"name":"Sinpro-Rio \u00e9 chamado pelo MPT a contribuir em a\u00e7\u00e3o coletiva contra Est\u00e1cio\/ Grupo Yduqs"}]},{"@type":"WebSite","@id":"https:\/\/www.sinpro-rio.org.br\/principal\/#website","url":"https:\/\/www.sinpro-rio.org.br\/principal\/","name":"Sinpro-Rio","description":"Sindicato dos Professores do Munic\u00edpio do Rio de Janeiro e Regi\u00e3o","potentialAction":[{"@type":"SearchAction","target":{"@type":"EntryPoint","urlTemplate":"https:\/\/www.sinpro-rio.org.br\/principal\/?s={search_term_string}"},"query-input":{"@type":"PropertyValueSpecification","valueRequired":true,"valueName":"search_term_string"}}],"inLanguage":"pt-BR"},{"@type":"Person","@id":"https:\/\/www.sinpro-rio.org.br\/principal\/#\/schema\/person\/ee17219e64d00d037e511ae59ce2227e","name":"alessandra","image":{"@type":"ImageObject","inLanguage":"pt-BR","@id":"https:\/\/www.sinpro-rio.org.br\/principal\/#\/schema\/person\/image\/","url":"https:\/\/secure.gravatar.com\/avatar\/2b43fa8c0ad8e33b46a4732549f7fb20?s=96&d=mm&r=g","contentUrl":"https:\/\/secure.gravatar.com\/avatar\/2b43fa8c0ad8e33b46a4732549f7fb20?s=96&d=mm&r=g","caption":"alessandra"},"url":"https:\/\/www.sinpro-rio.org.br\/principal\/author\/alessandra\/"}]}},"_links":{"self":[{"href":"https:\/\/www.sinpro-rio.org.br\/principal\/wp-json\/wp\/v2\/posts\/33630","targetHints":{"allow":["GET"]}}],"collection":[{"href":"https:\/\/www.sinpro-rio.org.br\/principal\/wp-json\/wp\/v2\/posts"}],"about":[{"href":"https:\/\/www.sinpro-rio.org.br\/principal\/wp-json\/wp\/v2\/types\/post"}],"author":[{"embeddable":true,"href":"https:\/\/www.sinpro-rio.org.br\/principal\/wp-json\/wp\/v2\/users\/2"}],"replies":[{"embeddable":true,"href":"https:\/\/www.sinpro-rio.org.br\/principal\/wp-json\/wp\/v2\/comments?post=33630"}],"version-history":[{"count":1,"href":"https:\/\/www.sinpro-rio.org.br\/principal\/wp-json\/wp\/v2\/posts\/33630\/revisions"}],"predecessor-version":[{"id":33632,"href":"https:\/\/www.sinpro-rio.org.br\/principal\/wp-json\/wp\/v2\/posts\/33630\/revisions\/33632"}],"wp:featuredmedia":[{"embeddable":true,"href":"https:\/\/www.sinpro-rio.org.br\/principal\/wp-json\/wp\/v2\/media\/33631"}],"wp:attachment":[{"href":"https:\/\/www.sinpro-rio.org.br\/principal\/wp-json\/wp\/v2\/media?parent=33630"}],"wp:term":[{"taxonomy":"category","embeddable":true,"href":"https:\/\/www.sinpro-rio.org.br\/principal\/wp-json\/wp\/v2\/categories?post=33630"},{"taxonomy":"post_tag","embeddable":true,"href":"https:\/\/www.sinpro-rio.org.br\/principal\/wp-json\/wp\/v2\/tags?post=33630"}],"curies":[{"name":"wp","href":"https:\/\/api.w.org\/{rel}","templated":true}]}}