{"id":31721,"date":"2021-10-25T14:53:00","date_gmt":"2021-10-25T17:53:00","guid":{"rendered":"https:\/\/sinpro-rio.org.br\/principal\/?p=31721"},"modified":"2023-07-07T14:50:01","modified_gmt":"2023-07-07T17:50:01","slug":"assinada-cct-da-ed-basica-base-estendida-2021-2023","status":"publish","type":"post","link":"https:\/\/www.sinpro-rio.org.br\/principal\/assinada-cct-da-ed-basica-base-estendida-2021-2023\/","title":{"rendered":"Assinada CCT da Ed. B\u00e1sica Base Estendida 2021-2023"},"content":{"rendered":"\n<p>Foi assinada, no dia 22 de outubro de 2021, a Conven\u00e7\u00e3o Coletiva de Trabalho (CCT) 2021-2023 da Educa\u00e7\u00e3o B\u00e1sica &#8211; Base Estendida (dos munic\u00edpios de Itagua\u00ed, Paracambi e Serop\u00e9dica).<\/p>\n\n\n\n<ul class=\"wp-block-list\"><li><strong><em>Leia a \u00edntegra desta <a href=\"https:\/\/sinpro-rio.org.br\/principal\/wp-content\/uploads\/2021\/10\/CCT-Ed-Basica-Base-Estendida-2021-2023.pdf\">CCT AQUI!<\/a><\/em><\/strong><\/li><\/ul>\n\n\n\n<p><\/p>\n\n\n\n<ul class=\"wp-block-list\"><li><strong><em>Veja aqui o <a href=\"https:\/\/sinpro-rio.org.br\/principal\/piso-salarial-2021-ed-basica-da-base-estendida\/\">PISO SALARIAL 2021 DA BASE ESTENDIDA!<\/a><\/em><\/strong><\/li><\/ul>\n\n\n\n<p><\/p>\n","protected":false},"excerpt":{"rendered":"<p>Foi assinada, no dia 22 de outubro de 2021, a Conven\u00e7\u00e3o Coletiva de Trabalho (CCT) 2021-2023 da Educa\u00e7\u00e3o B\u00e1sica &#8211; Base Estendida (dos munic\u00edpios de Itagua\u00ed, Paracambi e Serop\u00e9dica). Leia a \u00edntegra desta CCT AQUI! Veja aqui o PISO SALARIAL 2021 DA BASE ESTENDIDA!<\/p>\n","protected":false},"author":2,"featured_media":31723,"comment_status":"closed","ping_status":"closed","sticky":false,"template":"","format":"standard","meta":{"footnotes":""},"categories":[18,1,25],"tags":[619,615,605,618],"class_list":["post-31721","post","type-post","status-publish","format-standard","has-post-thumbnail","hentry","category-convenc-es","category-noticias","category-destaque-primeira-pagina","tag-convencao-coletiva","tag-convencao-coletiva-da-base-estendida-itaguai","tag-paracambi-e-seropedica","tag-piso"],"yoast_head":"<!-- This site is optimized with the Yoast SEO plugin v25.7 - https:\/\/yoast.com\/wordpress\/plugins\/seo\/ -->\n<title>Assinada CCT da Ed. B\u00e1sica Base Estendida 2021-2023 - Sinpro-Rio<\/title>\n<meta name=\"robots\" content=\"index, follow, max-snippet:-1, max-image-preview:large, max-video-preview:-1\" \/>\n<link rel=\"canonical\" href=\"https:\/\/www.sinpro-rio.org.br\/principal\/assinada-cct-da-ed-basica-base-estendida-2021-2023\/\" \/>\n<meta property=\"og:locale\" content=\"pt_BR\" \/>\n<meta property=\"og:type\" content=\"article\" \/>\n<meta property=\"og:title\" content=\"Assinada CCT da Ed. B\u00e1sica Base Estendida 2021-2023 - Sinpro-Rio\" \/>\n<meta property=\"og:description\" content=\"Foi assinada, no dia 22 de outubro de 2021, a Conven\u00e7\u00e3o Coletiva de Trabalho (CCT) 2021-2023 da Educa\u00e7\u00e3o B\u00e1sica &#8211; Base Estendida (dos munic\u00edpios de Itagua\u00ed, Paracambi e Serop\u00e9dica). Leia a \u00edntegra desta CCT AQUI! Veja aqui o PISO SALARIAL 2021 DA BASE ESTENDIDA!\" \/>\n<meta property=\"og:url\" content=\"https:\/\/www.sinpro-rio.org.br\/principal\/assinada-cct-da-ed-basica-base-estendida-2021-2023\/\" \/>\n<meta property=\"og:site_name\" content=\"Sinpro-Rio\" \/>\n<meta property=\"article:published_time\" content=\"2021-10-25T17:53:00+00:00\" \/>\n<meta property=\"article:modified_time\" content=\"2023-07-07T17:50:01+00:00\" \/>\n<meta property=\"og:image\" content=\"https:\/\/www.sinpro-rio.org.br\/principal\/wp-content\/uploads\/2021\/10\/SITE-CCT-BASE.jpg\" \/>\n\t<meta property=\"og:image:width\" content=\"539\" \/>\n\t<meta property=\"og:image:height\" content=\"426\" \/>\n\t<meta property=\"og:image:type\" content=\"image\/jpeg\" \/>\n<meta name=\"author\" content=\"alessandra\" \/>\n<meta name=\"twitter:card\" content=\"summary_large_image\" \/>\n<meta name=\"twitter:label1\" content=\"Escrito por\" \/>\n\t<meta name=\"twitter:data1\" content=\"alessandra\" \/>\n<script type=\"application\/ld+json\" class=\"yoast-schema-graph\">{\"@context\":\"https:\/\/schema.org\",\"@graph\":[{\"@type\":\"WebPage\",\"@id\":\"https:\/\/www.sinpro-rio.org.br\/principal\/assinada-cct-da-ed-basica-base-estendida-2021-2023\/\",\"url\":\"https:\/\/www.sinpro-rio.org.br\/principal\/assinada-cct-da-ed-basica-base-estendida-2021-2023\/\",\"name\":\"Assinada CCT da Ed. B\u00e1sica Base Estendida 2021-2023 - Sinpro-Rio\",\"isPartOf\":{\"@id\":\"https:\/\/www.sinpro-rio.org.br\/principal\/#website\"},\"primaryImageOfPage\":{\"@id\":\"https:\/\/www.sinpro-rio.org.br\/principal\/assinada-cct-da-ed-basica-base-estendida-2021-2023\/#primaryimage\"},\"image\":{\"@id\":\"https:\/\/www.sinpro-rio.org.br\/principal\/assinada-cct-da-ed-basica-base-estendida-2021-2023\/#primaryimage\"},\"thumbnailUrl\":\"https:\/\/www.sinpro-rio.org.br\/principal\/wp-content\/uploads\/2021\/10\/SITE-CCT-BASE.jpg\",\"datePublished\":\"2021-10-25T17:53:00+00:00\",\"dateModified\":\"2023-07-07T17:50:01+00:00\",\"author\":{\"@id\":\"https:\/\/www.sinpro-rio.org.br\/principal\/#\/schema\/person\/ee17219e64d00d037e511ae59ce2227e\"},\"breadcrumb\":{\"@id\":\"https:\/\/www.sinpro-rio.org.br\/principal\/assinada-cct-da-ed-basica-base-estendida-2021-2023\/#breadcrumb\"},\"inLanguage\":\"pt-BR\",\"potentialAction\":[{\"@type\":\"ReadAction\",\"target\":[\"https:\/\/www.sinpro-rio.org.br\/principal\/assinada-cct-da-ed-basica-base-estendida-2021-2023\/\"]}]},{\"@type\":\"ImageObject\",\"inLanguage\":\"pt-BR\",\"@id\":\"https:\/\/www.sinpro-rio.org.br\/principal\/assinada-cct-da-ed-basica-base-estendida-2021-2023\/#primaryimage\",\"url\":\"https:\/\/www.sinpro-rio.org.br\/principal\/wp-content\/uploads\/2021\/10\/SITE-CCT-BASE.jpg\",\"contentUrl\":\"https:\/\/www.sinpro-rio.org.br\/principal\/wp-content\/uploads\/2021\/10\/SITE-CCT-BASE.jpg\",\"width\":539,\"height\":426},{\"@type\":\"BreadcrumbList\",\"@id\":\"https:\/\/www.sinpro-rio.org.br\/principal\/assinada-cct-da-ed-basica-base-estendida-2021-2023\/#breadcrumb\",\"itemListElement\":[{\"@type\":\"ListItem\",\"position\":1,\"name\":\"In\u00edcio\",\"item\":\"https:\/\/www.sinpro-rio.org.br\/principal\/\"},{\"@type\":\"ListItem\",\"position\":2,\"name\":\"Assinada CCT da Ed. B\u00e1sica Base Estendida 2021-2023\"}]},{\"@type\":\"WebSite\",\"@id\":\"https:\/\/www.sinpro-rio.org.br\/principal\/#website\",\"url\":\"https:\/\/www.sinpro-rio.org.br\/principal\/\",\"name\":\"Sinpro-Rio\",\"description\":\"Sindicato dos Professores do Munic\u00edpio do Rio de Janeiro e Regi\u00e3o\",\"potentialAction\":[{\"@type\":\"SearchAction\",\"target\":{\"@type\":\"EntryPoint\",\"urlTemplate\":\"https:\/\/www.sinpro-rio.org.br\/principal\/?s={search_term_string}\"},\"query-input\":{\"@type\":\"PropertyValueSpecification\",\"valueRequired\":true,\"valueName\":\"search_term_string\"}}],\"inLanguage\":\"pt-BR\"},{\"@type\":\"Person\",\"@id\":\"https:\/\/www.sinpro-rio.org.br\/principal\/#\/schema\/person\/ee17219e64d00d037e511ae59ce2227e\",\"name\":\"alessandra\",\"image\":{\"@type\":\"ImageObject\",\"inLanguage\":\"pt-BR\",\"@id\":\"https:\/\/www.sinpro-rio.org.br\/principal\/#\/schema\/person\/image\/\",\"url\":\"https:\/\/secure.gravatar.com\/avatar\/2b43fa8c0ad8e33b46a4732549f7fb20?s=96&d=mm&r=g\",\"contentUrl\":\"https:\/\/secure.gravatar.com\/avatar\/2b43fa8c0ad8e33b46a4732549f7fb20?s=96&d=mm&r=g\",\"caption\":\"alessandra\"},\"url\":\"https:\/\/www.sinpro-rio.org.br\/principal\/author\/alessandra\/\"}]}<\/script>\n<!-- \/ Yoast SEO plugin. -->","yoast_head_json":{"title":"Assinada CCT da Ed. B\u00e1sica Base Estendida 2021-2023 - Sinpro-Rio","robots":{"index":"index","follow":"follow","max-snippet":"max-snippet:-1","max-image-preview":"max-image-preview:large","max-video-preview":"max-video-preview:-1"},"canonical":"https:\/\/www.sinpro-rio.org.br\/principal\/assinada-cct-da-ed-basica-base-estendida-2021-2023\/","og_locale":"pt_BR","og_type":"article","og_title":"Assinada CCT da Ed. B\u00e1sica Base Estendida 2021-2023 - Sinpro-Rio","og_description":"Foi assinada, no dia 22 de outubro de 2021, a Conven\u00e7\u00e3o Coletiva de Trabalho (CCT) 2021-2023 da Educa\u00e7\u00e3o B\u00e1sica &#8211; Base Estendida (dos munic\u00edpios de Itagua\u00ed, Paracambi e Serop\u00e9dica). Leia a \u00edntegra desta CCT AQUI! Veja aqui o PISO SALARIAL 2021 DA BASE ESTENDIDA!","og_url":"https:\/\/www.sinpro-rio.org.br\/principal\/assinada-cct-da-ed-basica-base-estendida-2021-2023\/","og_site_name":"Sinpro-Rio","article_published_time":"2021-10-25T17:53:00+00:00","article_modified_time":"2023-07-07T17:50:01+00:00","og_image":[{"width":539,"height":426,"url":"https:\/\/www.sinpro-rio.org.br\/principal\/wp-content\/uploads\/2021\/10\/SITE-CCT-BASE.jpg","type":"image\/jpeg"}],"author":"alessandra","twitter_card":"summary_large_image","twitter_misc":{"Escrito por":"alessandra"},"schema":{"@context":"https:\/\/schema.org","@graph":[{"@type":"WebPage","@id":"https:\/\/www.sinpro-rio.org.br\/principal\/assinada-cct-da-ed-basica-base-estendida-2021-2023\/","url":"https:\/\/www.sinpro-rio.org.br\/principal\/assinada-cct-da-ed-basica-base-estendida-2021-2023\/","name":"Assinada CCT da Ed. B\u00e1sica Base Estendida 2021-2023 - Sinpro-Rio","isPartOf":{"@id":"https:\/\/www.sinpro-rio.org.br\/principal\/#website"},"primaryImageOfPage":{"@id":"https:\/\/www.sinpro-rio.org.br\/principal\/assinada-cct-da-ed-basica-base-estendida-2021-2023\/#primaryimage"},"image":{"@id":"https:\/\/www.sinpro-rio.org.br\/principal\/assinada-cct-da-ed-basica-base-estendida-2021-2023\/#primaryimage"},"thumbnailUrl":"https:\/\/www.sinpro-rio.org.br\/principal\/wp-content\/uploads\/2021\/10\/SITE-CCT-BASE.jpg","datePublished":"2021-10-25T17:53:00+00:00","dateModified":"2023-07-07T17:50:01+00:00","author":{"@id":"https:\/\/www.sinpro-rio.org.br\/principal\/#\/schema\/person\/ee17219e64d00d037e511ae59ce2227e"},"breadcrumb":{"@id":"https:\/\/www.sinpro-rio.org.br\/principal\/assinada-cct-da-ed-basica-base-estendida-2021-2023\/#breadcrumb"},"inLanguage":"pt-BR","potentialAction":[{"@type":"ReadAction","target":["https:\/\/www.sinpro-rio.org.br\/principal\/assinada-cct-da-ed-basica-base-estendida-2021-2023\/"]}]},{"@type":"ImageObject","inLanguage":"pt-BR","@id":"https:\/\/www.sinpro-rio.org.br\/principal\/assinada-cct-da-ed-basica-base-estendida-2021-2023\/#primaryimage","url":"https:\/\/www.sinpro-rio.org.br\/principal\/wp-content\/uploads\/2021\/10\/SITE-CCT-BASE.jpg","contentUrl":"https:\/\/www.sinpro-rio.org.br\/principal\/wp-content\/uploads\/2021\/10\/SITE-CCT-BASE.jpg","width":539,"height":426},{"@type":"BreadcrumbList","@id":"https:\/\/www.sinpro-rio.org.br\/principal\/assinada-cct-da-ed-basica-base-estendida-2021-2023\/#breadcrumb","itemListElement":[{"@type":"ListItem","position":1,"name":"In\u00edcio","item":"https:\/\/www.sinpro-rio.org.br\/principal\/"},{"@type":"ListItem","position":2,"name":"Assinada CCT da Ed. B\u00e1sica Base Estendida 2021-2023"}]},{"@type":"WebSite","@id":"https:\/\/www.sinpro-rio.org.br\/principal\/#website","url":"https:\/\/www.sinpro-rio.org.br\/principal\/","name":"Sinpro-Rio","description":"Sindicato dos Professores do Munic\u00edpio do Rio de Janeiro e Regi\u00e3o","potentialAction":[{"@type":"SearchAction","target":{"@type":"EntryPoint","urlTemplate":"https:\/\/www.sinpro-rio.org.br\/principal\/?s={search_term_string}"},"query-input":{"@type":"PropertyValueSpecification","valueRequired":true,"valueName":"search_term_string"}}],"inLanguage":"pt-BR"},{"@type":"Person","@id":"https:\/\/www.sinpro-rio.org.br\/principal\/#\/schema\/person\/ee17219e64d00d037e511ae59ce2227e","name":"alessandra","image":{"@type":"ImageObject","inLanguage":"pt-BR","@id":"https:\/\/www.sinpro-rio.org.br\/principal\/#\/schema\/person\/image\/","url":"https:\/\/secure.gravatar.com\/avatar\/2b43fa8c0ad8e33b46a4732549f7fb20?s=96&d=mm&r=g","contentUrl":"https:\/\/secure.gravatar.com\/avatar\/2b43fa8c0ad8e33b46a4732549f7fb20?s=96&d=mm&r=g","caption":"alessandra"},"url":"https:\/\/www.sinpro-rio.org.br\/principal\/author\/alessandra\/"}]}},"_links":{"self":[{"href":"https:\/\/www.sinpro-rio.org.br\/principal\/wp-json\/wp\/v2\/posts\/31721","targetHints":{"allow":["GET"]}}],"collection":[{"href":"https:\/\/www.sinpro-rio.org.br\/principal\/wp-json\/wp\/v2\/posts"}],"about":[{"href":"https:\/\/www.sinpro-rio.org.br\/principal\/wp-json\/wp\/v2\/types\/post"}],"author":[{"embeddable":true,"href":"https:\/\/www.sinpro-rio.org.br\/principal\/wp-json\/wp\/v2\/users\/2"}],"replies":[{"embeddable":true,"href":"https:\/\/www.sinpro-rio.org.br\/principal\/wp-json\/wp\/v2\/comments?post=31721"}],"version-history":[{"count":2,"href":"https:\/\/www.sinpro-rio.org.br\/principal\/wp-json\/wp\/v2\/posts\/31721\/revisions"}],"predecessor-version":[{"id":31736,"href":"https:\/\/www.sinpro-rio.org.br\/principal\/wp-json\/wp\/v2\/posts\/31721\/revisions\/31736"}],"wp:featuredmedia":[{"embeddable":true,"href":"https:\/\/www.sinpro-rio.org.br\/principal\/wp-json\/wp\/v2\/media\/31723"}],"wp:attachment":[{"href":"https:\/\/www.sinpro-rio.org.br\/principal\/wp-json\/wp\/v2\/media?parent=31721"}],"wp:term":[{"taxonomy":"category","embeddable":true,"href":"https:\/\/www.sinpro-rio.org.br\/principal\/wp-json\/wp\/v2\/categories?post=31721"},{"taxonomy":"post_tag","embeddable":true,"href":"https:\/\/www.sinpro-rio.org.br\/principal\/wp-json\/wp\/v2\/tags?post=31721"}],"curies":[{"name":"wp","href":"https:\/\/api.w.org\/{rel}","templated":true}]}}