{"id":28756,"date":"2020-08-03T17:40:00","date_gmt":"2020-08-03T20:40:00","guid":{"rendered":"https:\/\/sinpro-rio.org.br\/principal\/?p=28756"},"modified":"2020-08-03T17:44:43","modified_gmt":"2020-08-03T20:44:43","slug":"docencia-na-ed-basica-em-tempo-de-pandemia-participe-dessa-pesquisa","status":"publish","type":"post","link":"https:\/\/www.sinpro-rio.org.br\/principal\/docencia-na-ed-basica-em-tempo-de-pandemia-participe-dessa-pesquisa\/","title":{"rendered":"&#8220;Doc\u00eancia na Ed. B\u00e1sica em tempo de Pandemia&#8221;: participe dessa pesquisa!"},"content":{"rendered":"\n<p><strong><em>Caro\/a professor\/a da Educa\u00e7\u00e3o B\u00e1sica do Setor Privado de Ensino,<\/em><\/strong><\/p>\n\n\n\n<p>O sindicato, em parceria com o Grupo de Estudos sobre Pol\u00edtica Educacional e Trabalho Docente da Universidade Federal de Minas Gerais \u2014 Gestrado\/UFMG e com a Confedera\u00e7\u00e3o Nacional dos Trabalhadores de Estabelecimento de Ensino \u2014 Contee, est\u00e1 desenvolvendo a pesquisa \u201cDoc\u00eancia na Educa\u00e7\u00e3o B\u00e1sica em Tempo de Pandemia\u201d.<\/p>\n\n\n\n<p>A pesquisa se prop\u00f5e a <strong><em>analisar os impactos sobre o trabalho docente na EDUCA\u00c7\u00c3O B\u00c1SICA PRIVADA decorrentes das medidas de isolamento social em fun\u00e7\u00e3o da pandemia de Covid-19<\/em><\/strong>.<\/p>\n\n\n\n<p>Solicitamos a sua colabora\u00e7\u00e3o no sentido de responder por completo a este question\u00e1rio. O link para acessar o question\u00e1rio \u00e9: <a href=\"https:\/\/bit.ly\/docencianapandemia-edbasica\"><strong>https:\/\/bit.ly\/docencianapandemia-edbasica<\/strong><\/a><\/p>\n\n\n\n<p>Professor\/a, sua participa\u00e7\u00e3o \u00e9 muito importante para fortalecermos nossa luta! Agradecemos a sua colabora\u00e7\u00e3o e disponibilidade.<\/p>\n","protected":false},"excerpt":{"rendered":"<p>Caro\/a professor\/a da Educa\u00e7\u00e3o B\u00e1sica do Setor Privado de Ensino, O sindicato, em parceria com o Grupo de Estudos sobre Pol\u00edtica Educacional e Trabalho Docente da Universidade Federal de Minas Gerais \u2014 Gestrado\/UFMG e com a Confedera\u00e7\u00e3o Nacional dos Trabalhadores de Estabelecimento de Ensino \u2014 Contee, est\u00e1 desenvolvendo a pesquisa \u201cDoc\u00eancia na Educa\u00e7\u00e3o B\u00e1sica em [&hellip;]<\/p>\n","protected":false},"author":2,"featured_media":28611,"comment_status":"closed","ping_status":"closed","sticky":false,"template":"","format":"standard","meta":{"footnotes":""},"categories":[1],"tags":[],"class_list":["post-28756","post","type-post","status-publish","format-standard","has-post-thumbnail","hentry","category-noticias"],"yoast_head":"<!-- This site is optimized with the Yoast SEO plugin v25.7 - https:\/\/yoast.com\/wordpress\/plugins\/seo\/ -->\n<title>&quot;Doc\u00eancia na Ed. B\u00e1sica em tempo de Pandemia&quot;: participe dessa pesquisa! - Sinpro-Rio<\/title>\n<meta name=\"robots\" content=\"index, follow, max-snippet:-1, max-image-preview:large, max-video-preview:-1\" \/>\n<link rel=\"canonical\" href=\"https:\/\/www.sinpro-rio.org.br\/principal\/docencia-na-ed-basica-em-tempo-de-pandemia-participe-dessa-pesquisa\/\" \/>\n<meta property=\"og:locale\" content=\"pt_BR\" \/>\n<meta property=\"og:type\" content=\"article\" \/>\n<meta property=\"og:title\" content=\"&quot;Doc\u00eancia na Ed. B\u00e1sica em tempo de Pandemia&quot;: participe dessa pesquisa! - Sinpro-Rio\" \/>\n<meta property=\"og:description\" content=\"Caro\/a professor\/a da Educa\u00e7\u00e3o B\u00e1sica do Setor Privado de Ensino, O sindicato, em parceria com o Grupo de Estudos sobre Pol\u00edtica Educacional e Trabalho Docente da Universidade Federal de Minas Gerais \u2014 Gestrado\/UFMG e com a Confedera\u00e7\u00e3o Nacional dos Trabalhadores de Estabelecimento de Ensino \u2014 Contee, est\u00e1 desenvolvendo a pesquisa \u201cDoc\u00eancia na Educa\u00e7\u00e3o B\u00e1sica em [&hellip;]\" \/>\n<meta property=\"og:url\" content=\"https:\/\/www.sinpro-rio.org.br\/principal\/docencia-na-ed-basica-em-tempo-de-pandemia-participe-dessa-pesquisa\/\" \/>\n<meta property=\"og:site_name\" content=\"Sinpro-Rio\" \/>\n<meta property=\"article:published_time\" content=\"2020-08-03T20:40:00+00:00\" \/>\n<meta property=\"article:modified_time\" content=\"2020-08-03T20:44:43+00:00\" \/>\n<meta property=\"og:image\" content=\"https:\/\/www.sinpro-rio.org.br\/principal\/wp-content\/uploads\/2020\/07\/IMG-20191220-WA0085.jpg\" \/>\n\t<meta property=\"og:image:width\" content=\"1280\" \/>\n\t<meta property=\"og:image:height\" content=\"654\" \/>\n\t<meta property=\"og:image:type\" content=\"image\/jpeg\" \/>\n<meta name=\"author\" content=\"alessandra\" \/>\n<meta name=\"twitter:card\" content=\"summary_large_image\" \/>\n<meta name=\"twitter:label1\" content=\"Escrito por\" \/>\n\t<meta name=\"twitter:data1\" content=\"alessandra\" \/>\n\t<meta name=\"twitter:label2\" content=\"Est. tempo de leitura\" \/>\n\t<meta name=\"twitter:data2\" content=\"1 minuto\" \/>\n<script type=\"application\/ld+json\" class=\"yoast-schema-graph\">{\"@context\":\"https:\/\/schema.org\",\"@graph\":[{\"@type\":\"WebPage\",\"@id\":\"https:\/\/www.sinpro-rio.org.br\/principal\/docencia-na-ed-basica-em-tempo-de-pandemia-participe-dessa-pesquisa\/\",\"url\":\"https:\/\/www.sinpro-rio.org.br\/principal\/docencia-na-ed-basica-em-tempo-de-pandemia-participe-dessa-pesquisa\/\",\"name\":\"\\\"Doc\u00eancia na Ed. B\u00e1sica em tempo de Pandemia\\\": participe dessa pesquisa! - Sinpro-Rio\",\"isPartOf\":{\"@id\":\"https:\/\/www.sinpro-rio.org.br\/principal\/#website\"},\"primaryImageOfPage\":{\"@id\":\"https:\/\/www.sinpro-rio.org.br\/principal\/docencia-na-ed-basica-em-tempo-de-pandemia-participe-dessa-pesquisa\/#primaryimage\"},\"image\":{\"@id\":\"https:\/\/www.sinpro-rio.org.br\/principal\/docencia-na-ed-basica-em-tempo-de-pandemia-participe-dessa-pesquisa\/#primaryimage\"},\"thumbnailUrl\":\"https:\/\/www.sinpro-rio.org.br\/principal\/wp-content\/uploads\/2020\/07\/IMG-20191220-WA0085.jpg\",\"datePublished\":\"2020-08-03T20:40:00+00:00\",\"dateModified\":\"2020-08-03T20:44:43+00:00\",\"author\":{\"@id\":\"https:\/\/www.sinpro-rio.org.br\/principal\/#\/schema\/person\/ee17219e64d00d037e511ae59ce2227e\"},\"breadcrumb\":{\"@id\":\"https:\/\/www.sinpro-rio.org.br\/principal\/docencia-na-ed-basica-em-tempo-de-pandemia-participe-dessa-pesquisa\/#breadcrumb\"},\"inLanguage\":\"pt-BR\",\"potentialAction\":[{\"@type\":\"ReadAction\",\"target\":[\"https:\/\/www.sinpro-rio.org.br\/principal\/docencia-na-ed-basica-em-tempo-de-pandemia-participe-dessa-pesquisa\/\"]}]},{\"@type\":\"ImageObject\",\"inLanguage\":\"pt-BR\",\"@id\":\"https:\/\/www.sinpro-rio.org.br\/principal\/docencia-na-ed-basica-em-tempo-de-pandemia-participe-dessa-pesquisa\/#primaryimage\",\"url\":\"https:\/\/www.sinpro-rio.org.br\/principal\/wp-content\/uploads\/2020\/07\/IMG-20191220-WA0085.jpg\",\"contentUrl\":\"https:\/\/www.sinpro-rio.org.br\/principal\/wp-content\/uploads\/2020\/07\/IMG-20191220-WA0085.jpg\",\"width\":1280,\"height\":654},{\"@type\":\"BreadcrumbList\",\"@id\":\"https:\/\/www.sinpro-rio.org.br\/principal\/docencia-na-ed-basica-em-tempo-de-pandemia-participe-dessa-pesquisa\/#breadcrumb\",\"itemListElement\":[{\"@type\":\"ListItem\",\"position\":1,\"name\":\"In\u00edcio\",\"item\":\"https:\/\/www.sinpro-rio.org.br\/principal\/\"},{\"@type\":\"ListItem\",\"position\":2,\"name\":\"&#8220;Doc\u00eancia na Ed. B\u00e1sica em tempo de Pandemia&#8221;: participe dessa pesquisa!\"}]},{\"@type\":\"WebSite\",\"@id\":\"https:\/\/www.sinpro-rio.org.br\/principal\/#website\",\"url\":\"https:\/\/www.sinpro-rio.org.br\/principal\/\",\"name\":\"Sinpro-Rio\",\"description\":\"Sindicato dos Professores do Munic\u00edpio do Rio de Janeiro e Regi\u00e3o\",\"potentialAction\":[{\"@type\":\"SearchAction\",\"target\":{\"@type\":\"EntryPoint\",\"urlTemplate\":\"https:\/\/www.sinpro-rio.org.br\/principal\/?s={search_term_string}\"},\"query-input\":{\"@type\":\"PropertyValueSpecification\",\"valueRequired\":true,\"valueName\":\"search_term_string\"}}],\"inLanguage\":\"pt-BR\"},{\"@type\":\"Person\",\"@id\":\"https:\/\/www.sinpro-rio.org.br\/principal\/#\/schema\/person\/ee17219e64d00d037e511ae59ce2227e\",\"name\":\"alessandra\",\"image\":{\"@type\":\"ImageObject\",\"inLanguage\":\"pt-BR\",\"@id\":\"https:\/\/www.sinpro-rio.org.br\/principal\/#\/schema\/person\/image\/\",\"url\":\"https:\/\/secure.gravatar.com\/avatar\/2b43fa8c0ad8e33b46a4732549f7fb20?s=96&d=mm&r=g\",\"contentUrl\":\"https:\/\/secure.gravatar.com\/avatar\/2b43fa8c0ad8e33b46a4732549f7fb20?s=96&d=mm&r=g\",\"caption\":\"alessandra\"},\"url\":\"https:\/\/www.sinpro-rio.org.br\/principal\/author\/alessandra\/\"}]}<\/script>\n<!-- \/ Yoast SEO plugin. -->","yoast_head_json":{"title":"\"Doc\u00eancia na Ed. B\u00e1sica em tempo de Pandemia\": participe dessa pesquisa! - Sinpro-Rio","robots":{"index":"index","follow":"follow","max-snippet":"max-snippet:-1","max-image-preview":"max-image-preview:large","max-video-preview":"max-video-preview:-1"},"canonical":"https:\/\/www.sinpro-rio.org.br\/principal\/docencia-na-ed-basica-em-tempo-de-pandemia-participe-dessa-pesquisa\/","og_locale":"pt_BR","og_type":"article","og_title":"\"Doc\u00eancia na Ed. B\u00e1sica em tempo de Pandemia\": participe dessa pesquisa! - Sinpro-Rio","og_description":"Caro\/a professor\/a da Educa\u00e7\u00e3o B\u00e1sica do Setor Privado de Ensino, O sindicato, em parceria com o Grupo de Estudos sobre Pol\u00edtica Educacional e Trabalho Docente da Universidade Federal de Minas Gerais \u2014 Gestrado\/UFMG e com a Confedera\u00e7\u00e3o Nacional dos Trabalhadores de Estabelecimento de Ensino \u2014 Contee, est\u00e1 desenvolvendo a pesquisa \u201cDoc\u00eancia na Educa\u00e7\u00e3o B\u00e1sica em [&hellip;]","og_url":"https:\/\/www.sinpro-rio.org.br\/principal\/docencia-na-ed-basica-em-tempo-de-pandemia-participe-dessa-pesquisa\/","og_site_name":"Sinpro-Rio","article_published_time":"2020-08-03T20:40:00+00:00","article_modified_time":"2020-08-03T20:44:43+00:00","og_image":[{"width":1280,"height":654,"url":"https:\/\/www.sinpro-rio.org.br\/principal\/wp-content\/uploads\/2020\/07\/IMG-20191220-WA0085.jpg","type":"image\/jpeg"}],"author":"alessandra","twitter_card":"summary_large_image","twitter_misc":{"Escrito por":"alessandra","Est. tempo de leitura":"1 minuto"},"schema":{"@context":"https:\/\/schema.org","@graph":[{"@type":"WebPage","@id":"https:\/\/www.sinpro-rio.org.br\/principal\/docencia-na-ed-basica-em-tempo-de-pandemia-participe-dessa-pesquisa\/","url":"https:\/\/www.sinpro-rio.org.br\/principal\/docencia-na-ed-basica-em-tempo-de-pandemia-participe-dessa-pesquisa\/","name":"\"Doc\u00eancia na Ed. B\u00e1sica em tempo de Pandemia\": participe dessa pesquisa! - Sinpro-Rio","isPartOf":{"@id":"https:\/\/www.sinpro-rio.org.br\/principal\/#website"},"primaryImageOfPage":{"@id":"https:\/\/www.sinpro-rio.org.br\/principal\/docencia-na-ed-basica-em-tempo-de-pandemia-participe-dessa-pesquisa\/#primaryimage"},"image":{"@id":"https:\/\/www.sinpro-rio.org.br\/principal\/docencia-na-ed-basica-em-tempo-de-pandemia-participe-dessa-pesquisa\/#primaryimage"},"thumbnailUrl":"https:\/\/www.sinpro-rio.org.br\/principal\/wp-content\/uploads\/2020\/07\/IMG-20191220-WA0085.jpg","datePublished":"2020-08-03T20:40:00+00:00","dateModified":"2020-08-03T20:44:43+00:00","author":{"@id":"https:\/\/www.sinpro-rio.org.br\/principal\/#\/schema\/person\/ee17219e64d00d037e511ae59ce2227e"},"breadcrumb":{"@id":"https:\/\/www.sinpro-rio.org.br\/principal\/docencia-na-ed-basica-em-tempo-de-pandemia-participe-dessa-pesquisa\/#breadcrumb"},"inLanguage":"pt-BR","potentialAction":[{"@type":"ReadAction","target":["https:\/\/www.sinpro-rio.org.br\/principal\/docencia-na-ed-basica-em-tempo-de-pandemia-participe-dessa-pesquisa\/"]}]},{"@type":"ImageObject","inLanguage":"pt-BR","@id":"https:\/\/www.sinpro-rio.org.br\/principal\/docencia-na-ed-basica-em-tempo-de-pandemia-participe-dessa-pesquisa\/#primaryimage","url":"https:\/\/www.sinpro-rio.org.br\/principal\/wp-content\/uploads\/2020\/07\/IMG-20191220-WA0085.jpg","contentUrl":"https:\/\/www.sinpro-rio.org.br\/principal\/wp-content\/uploads\/2020\/07\/IMG-20191220-WA0085.jpg","width":1280,"height":654},{"@type":"BreadcrumbList","@id":"https:\/\/www.sinpro-rio.org.br\/principal\/docencia-na-ed-basica-em-tempo-de-pandemia-participe-dessa-pesquisa\/#breadcrumb","itemListElement":[{"@type":"ListItem","position":1,"name":"In\u00edcio","item":"https:\/\/www.sinpro-rio.org.br\/principal\/"},{"@type":"ListItem","position":2,"name":"&#8220;Doc\u00eancia na Ed. B\u00e1sica em tempo de Pandemia&#8221;: participe dessa pesquisa!"}]},{"@type":"WebSite","@id":"https:\/\/www.sinpro-rio.org.br\/principal\/#website","url":"https:\/\/www.sinpro-rio.org.br\/principal\/","name":"Sinpro-Rio","description":"Sindicato dos Professores do Munic\u00edpio do Rio de Janeiro e Regi\u00e3o","potentialAction":[{"@type":"SearchAction","target":{"@type":"EntryPoint","urlTemplate":"https:\/\/www.sinpro-rio.org.br\/principal\/?s={search_term_string}"},"query-input":{"@type":"PropertyValueSpecification","valueRequired":true,"valueName":"search_term_string"}}],"inLanguage":"pt-BR"},{"@type":"Person","@id":"https:\/\/www.sinpro-rio.org.br\/principal\/#\/schema\/person\/ee17219e64d00d037e511ae59ce2227e","name":"alessandra","image":{"@type":"ImageObject","inLanguage":"pt-BR","@id":"https:\/\/www.sinpro-rio.org.br\/principal\/#\/schema\/person\/image\/","url":"https:\/\/secure.gravatar.com\/avatar\/2b43fa8c0ad8e33b46a4732549f7fb20?s=96&d=mm&r=g","contentUrl":"https:\/\/secure.gravatar.com\/avatar\/2b43fa8c0ad8e33b46a4732549f7fb20?s=96&d=mm&r=g","caption":"alessandra"},"url":"https:\/\/www.sinpro-rio.org.br\/principal\/author\/alessandra\/"}]}},"_links":{"self":[{"href":"https:\/\/www.sinpro-rio.org.br\/principal\/wp-json\/wp\/v2\/posts\/28756","targetHints":{"allow":["GET"]}}],"collection":[{"href":"https:\/\/www.sinpro-rio.org.br\/principal\/wp-json\/wp\/v2\/posts"}],"about":[{"href":"https:\/\/www.sinpro-rio.org.br\/principal\/wp-json\/wp\/v2\/types\/post"}],"author":[{"embeddable":true,"href":"https:\/\/www.sinpro-rio.org.br\/principal\/wp-json\/wp\/v2\/users\/2"}],"replies":[{"embeddable":true,"href":"https:\/\/www.sinpro-rio.org.br\/principal\/wp-json\/wp\/v2\/comments?post=28756"}],"version-history":[{"count":1,"href":"https:\/\/www.sinpro-rio.org.br\/principal\/wp-json\/wp\/v2\/posts\/28756\/revisions"}],"predecessor-version":[{"id":28757,"href":"https:\/\/www.sinpro-rio.org.br\/principal\/wp-json\/wp\/v2\/posts\/28756\/revisions\/28757"}],"wp:featuredmedia":[{"embeddable":true,"href":"https:\/\/www.sinpro-rio.org.br\/principal\/wp-json\/wp\/v2\/media\/28611"}],"wp:attachment":[{"href":"https:\/\/www.sinpro-rio.org.br\/principal\/wp-json\/wp\/v2\/media?parent=28756"}],"wp:term":[{"taxonomy":"category","embeddable":true,"href":"https:\/\/www.sinpro-rio.org.br\/principal\/wp-json\/wp\/v2\/categories?post=28756"},{"taxonomy":"post_tag","embeddable":true,"href":"https:\/\/www.sinpro-rio.org.br\/principal\/wp-json\/wp\/v2\/tags?post=28756"}],"curies":[{"name":"wp","href":"https:\/\/api.w.org\/{rel}","templated":true}]}}