{"id":28745,"date":"2020-07-29T13:15:03","date_gmt":"2020-07-29T16:15:03","guid":{"rendered":"https:\/\/sinpro-rio.org.br\/principal\/?p=28745"},"modified":"2020-07-30T13:15:48","modified_gmt":"2020-07-30T16:15:48","slug":"sinpro-rio-ao-lado-da-ciencia-nao-a-volta-as-aulas-presenciais-agora","status":"publish","type":"post","link":"https:\/\/www.sinpro-rio.org.br\/principal\/sinpro-rio-ao-lado-da-ciencia-nao-a-volta-as-aulas-presenciais-agora\/","title":{"rendered":"Sinpro-Rio ao lado da Ci\u00eancia: n\u00e3o \u00e0 volta \u00e0s aulas presenciais agora"},"content":{"rendered":"\n<p><strong><em>&#8220;A vida sem ci\u00eancia \u00e9 uma esp\u00e9cie de morte.&#8221;<br><\/em><\/strong><em>(S\u00f3crates)<\/em><\/p>\n\n\n\n<p><em><strong>&#8220;Os que se encantam com a pr\u00e1tica sem a ci\u00eancia s\u00e3o como os timoneiros que entram no navio sem tim\u00e3o, nem b\u00fassola, nunca tendo certeza do seu destino.&#8221;<\/strong><br>(Leonardo da Vinci)<\/em><\/p>\n\n\n\n<p><em><strong>&#8220;E se o mundo n\u00e3o corresponde em todos os aspectos a nossos desejos \u00e9 culpa da ci\u00eancia ou dos que querem impor seus desejos ao mundo?&#8221;<\/strong><br>(Carl Sagan)<\/em><\/p>\n\n\n\n<p>78.838. N\u00e3o, este n\u00e3o \u00e9 n\u00famero de mortes provocadas pelo Covid-19. Esta \u00e9 a capacidade de lota\u00e7\u00e3o do est\u00e1dio do Maracan\u00e3. O n\u00famero de mortos na pandemia, no Brasil, passa de um Maracan\u00e3 lotado, se aproximando de 90 mil mortes. E mesmo com essa trag\u00e9dia, h\u00e1 quem defenda a volta \u00e0s aulas presenciais, publicando v\u00eddeos que negam a ci\u00eancia. Estudos da OMS \u2013 Organiza\u00e7\u00e3o Mundial da Sa\u00fade \u2013, Fiocruz \u2013 Funda\u00e7\u00e3o Oswaldo Cruz \u2013, UFRJ \u2013 Universidade Federal do Rio de Janeiro \u2013 e UERJ \u2013 Universidade do Estado do Rio de Janeiro \u2013 apontam um grande risco \u00e0 comunidade escolar, caso as inten\u00e7\u00f5es irrespons\u00e1veis dos propriet\u00e1rios de institui\u00e7\u00f5es de ensino sejam efetivadas.<br>O Sinpro-Rio, desde o in\u00edcio da pandemia, tem se pautado no respeito \u00e0 ci\u00eancia. Estamos ao lado dos professores e professoras, dos pais e respons\u00e1veis, dos estudantes e de toda comunidade escolar no compromisso pela defesa da vida. A Organiza\u00e7\u00e3o Mundial da Sa\u00fade j\u00e1 apontou o Brasil como um dos pa\u00edses no epicentro da pandemia. A Funda\u00e7\u00e3o Oswaldo Cruz tem trabalhado para criar par\u00e2metros no combate \u00e0 Covid-19 e alerta para os riscos da flexibiliza\u00e7\u00e3o do isolamento social.<br>A ci\u00eancia \u00e9 o \u00fanico farol que nos norteia neste momento triste e nebuloso. Neg\u00e1-la \u00e9 contribuir para o aumento substancial de mortes. N\u00e3o h\u00e1 como retornar \u00e0s aulas presenciais fechando os olhos para o que a ci\u00eancia vem nos alertando: a aus\u00eancia de testes em massa e a flagrante subnotifica\u00e7\u00e3o de dados denunciam que o nosso munic\u00edpio n\u00e3o est\u00e1 em curva decrescente na evolu\u00e7\u00e3o da epidemia.<br>Sindicatos de professores e professoras de todo o pa\u00eds est\u00e3o unidos na luta contra a volta \u00e0s aulas presenciais agora. N\u00e3o nos negamos, em nenhum momento, ao ensino remoto, mas vamos lutar contra a irresponsabilidade da volta \u00e0s aulas presenciais neste momento tr\u00e1gico em que vivemos.<br><strong><em>Continuamos a defender a vida, a ci\u00eancia, os direitos dos trabalhadores e a transforma\u00e7\u00e3o do mundo pela educa\u00e7\u00e3o.<\/em><\/strong><br><strong><em>O Sinpro-Rio parabeniza os trabalhadores da sa\u00fade e a incans\u00e1vel tarefa de salvar vidas.<br>Nossa pr\u00f3xima assembleia virtual ser\u00e1 no dia 01 de agosto, \u00e0s 14 horas, onde decidiremos os rumos do movimento em defesa da sa\u00fade e da vida.<\/em><\/strong><\/p>\n\n\n\n<p>A economia se recupera, a vida n\u00e3o!<br>N\u00e3o \u00e0 volta \u00e0s aulas presenciais agora!<br>O Sindicato somos n\u00f3s.<br>Defenda seu sindicato.<br>Estamos juntos nessa luta.<br>Sa\u00fade a todas e todos! Vamos continuar em casa e nos proteger.<\/p>\n\n\n\n<p><strong><em>Diretoria do Sinpro-Rio<\/em><\/strong><\/p>\n\n\n\n<p>&#8212;&#8212;&#8211;?&#8212;&#8212;&#8212;&#8212;&#8212;&#8212;<\/p>\n\n\n\n<p><em><strong>? Veja o v\u00eddeo, que defende a vida, produzido pelo Sinpro-Rio<\/strong><\/em><a href=\"https:\/\/www.youtube.com\/watch?v=YVaTkIp7MTM\"> AQUI<\/a>.<\/p>\n\n\n\n<hr class=\"wp-block-separator\"\/>\n\n\n\n<p><em><strong>?<\/strong><\/em><strong><em>30\/07\/2020 &#8211; J\u00e1 neste v\u00eddeo, o jornalista Juca Kfouri critica v\u00eddeo do sindicato patronal que duvida da Ci\u00eancia.<\/em><\/strong> Veja <a href=\"https:\/\/www.youtube.com\/watch?v=m6qmbg7HjQs\">AQUI<\/a>.<\/p>\n\n\n\n<figure class=\"wp-block-image size-large\"><img fetchpriority=\"high\" decoding=\"async\" width=\"800\" height=\"800\" src=\"https:\/\/sinpro-rio.org.br\/principal\/wp-content\/uploads\/2020\/07\/20200728_112600_0004.png\" alt=\"\" class=\"wp-image-28748\" srcset=\"https:\/\/www.sinpro-rio.org.br\/principal\/wp-content\/uploads\/2020\/07\/20200728_112600_0004.png 800w, https:\/\/www.sinpro-rio.org.br\/principal\/wp-content\/uploads\/2020\/07\/20200728_112600_0004-300x300.png 300w, https:\/\/www.sinpro-rio.org.br\/principal\/wp-content\/uploads\/2020\/07\/20200728_112600_0004-100x100.png 100w, https:\/\/www.sinpro-rio.org.br\/principal\/wp-content\/uploads\/2020\/07\/20200728_112600_0004-768x768.png 768w\" sizes=\"(max-width: 800px) 100vw, 800px\" \/><\/figure>\n\n\n\n<p><\/p>\n","protected":false},"excerpt":{"rendered":"<p>&#8220;A vida sem ci\u00eancia \u00e9 uma esp\u00e9cie de morte.&#8221;(S\u00f3crates) &#8220;Os que se encantam com a pr\u00e1tica sem a ci\u00eancia s\u00e3o como os timoneiros que entram no navio sem tim\u00e3o, nem b\u00fassola, nunca tendo certeza do seu destino.&#8221;(Leonardo da Vinci) &#8220;E se o mundo n\u00e3o corresponde em todos os aspectos a nossos desejos \u00e9 culpa da [&hellip;]<\/p>\n","protected":false},"author":2,"featured_media":28746,"comment_status":"closed","ping_status":"closed","sticky":false,"template":"","format":"standard","meta":{"footnotes":""},"categories":[1,25],"tags":[],"class_list":["post-28745","post","type-post","status-publish","format-standard","has-post-thumbnail","hentry","category-noticias","category-destaque-primeira-pagina"],"yoast_head":"<!-- This site is optimized with the Yoast SEO plugin v25.7 - https:\/\/yoast.com\/wordpress\/plugins\/seo\/ -->\n<title>Sinpro-Rio ao lado da Ci\u00eancia: n\u00e3o \u00e0 volta \u00e0s aulas presenciais agora - Sinpro-Rio<\/title>\n<meta name=\"robots\" content=\"index, follow, max-snippet:-1, max-image-preview:large, max-video-preview:-1\" \/>\n<link rel=\"canonical\" href=\"https:\/\/www.sinpro-rio.org.br\/principal\/sinpro-rio-ao-lado-da-ciencia-nao-a-volta-as-aulas-presenciais-agora\/\" \/>\n<meta property=\"og:locale\" content=\"pt_BR\" \/>\n<meta property=\"og:type\" content=\"article\" \/>\n<meta property=\"og:title\" content=\"Sinpro-Rio ao lado da Ci\u00eancia: n\u00e3o \u00e0 volta \u00e0s aulas presenciais agora - Sinpro-Rio\" \/>\n<meta property=\"og:description\" content=\"&#8220;A vida sem ci\u00eancia \u00e9 uma esp\u00e9cie de morte.&#8221;(S\u00f3crates) &#8220;Os que se encantam com a pr\u00e1tica sem a ci\u00eancia s\u00e3o como os timoneiros que entram no navio sem tim\u00e3o, nem b\u00fassola, nunca tendo certeza do seu destino.&#8221;(Leonardo da Vinci) &#8220;E se o mundo n\u00e3o corresponde em todos os aspectos a nossos desejos \u00e9 culpa da [&hellip;]\" \/>\n<meta property=\"og:url\" content=\"https:\/\/www.sinpro-rio.org.br\/principal\/sinpro-rio-ao-lado-da-ciencia-nao-a-volta-as-aulas-presenciais-agora\/\" \/>\n<meta property=\"og:site_name\" content=\"Sinpro-Rio\" \/>\n<meta property=\"article:published_time\" content=\"2020-07-29T16:15:03+00:00\" \/>\n<meta property=\"article:modified_time\" content=\"2020-07-30T16:15:48+00:00\" \/>\n<meta property=\"og:image\" content=\"https:\/\/www.sinpro-rio.org.br\/principal\/wp-content\/uploads\/2020\/07\/IMG-20191220-WA0096-1.jpg\" \/>\n\t<meta property=\"og:image:width\" content=\"1280\" \/>\n\t<meta property=\"og:image:height\" content=\"836\" \/>\n\t<meta property=\"og:image:type\" content=\"image\/jpeg\" \/>\n<meta name=\"author\" content=\"alessandra\" \/>\n<meta name=\"twitter:card\" content=\"summary_large_image\" \/>\n<meta name=\"twitter:label1\" content=\"Escrito por\" \/>\n\t<meta name=\"twitter:data1\" content=\"alessandra\" \/>\n\t<meta name=\"twitter:label2\" content=\"Est. tempo de leitura\" \/>\n\t<meta name=\"twitter:data2\" content=\"3 minutos\" \/>\n<script type=\"application\/ld+json\" class=\"yoast-schema-graph\">{\"@context\":\"https:\/\/schema.org\",\"@graph\":[{\"@type\":\"WebPage\",\"@id\":\"https:\/\/www.sinpro-rio.org.br\/principal\/sinpro-rio-ao-lado-da-ciencia-nao-a-volta-as-aulas-presenciais-agora\/\",\"url\":\"https:\/\/www.sinpro-rio.org.br\/principal\/sinpro-rio-ao-lado-da-ciencia-nao-a-volta-as-aulas-presenciais-agora\/\",\"name\":\"Sinpro-Rio ao lado da Ci\u00eancia: n\u00e3o \u00e0 volta \u00e0s aulas presenciais agora - Sinpro-Rio\",\"isPartOf\":{\"@id\":\"https:\/\/www.sinpro-rio.org.br\/principal\/#website\"},\"primaryImageOfPage\":{\"@id\":\"https:\/\/www.sinpro-rio.org.br\/principal\/sinpro-rio-ao-lado-da-ciencia-nao-a-volta-as-aulas-presenciais-agora\/#primaryimage\"},\"image\":{\"@id\":\"https:\/\/www.sinpro-rio.org.br\/principal\/sinpro-rio-ao-lado-da-ciencia-nao-a-volta-as-aulas-presenciais-agora\/#primaryimage\"},\"thumbnailUrl\":\"https:\/\/www.sinpro-rio.org.br\/principal\/wp-content\/uploads\/2020\/07\/IMG-20191220-WA0096-1.jpg\",\"datePublished\":\"2020-07-29T16:15:03+00:00\",\"dateModified\":\"2020-07-30T16:15:48+00:00\",\"author\":{\"@id\":\"https:\/\/www.sinpro-rio.org.br\/principal\/#\/schema\/person\/ee17219e64d00d037e511ae59ce2227e\"},\"breadcrumb\":{\"@id\":\"https:\/\/www.sinpro-rio.org.br\/principal\/sinpro-rio-ao-lado-da-ciencia-nao-a-volta-as-aulas-presenciais-agora\/#breadcrumb\"},\"inLanguage\":\"pt-BR\",\"potentialAction\":[{\"@type\":\"ReadAction\",\"target\":[\"https:\/\/www.sinpro-rio.org.br\/principal\/sinpro-rio-ao-lado-da-ciencia-nao-a-volta-as-aulas-presenciais-agora\/\"]}]},{\"@type\":\"ImageObject\",\"inLanguage\":\"pt-BR\",\"@id\":\"https:\/\/www.sinpro-rio.org.br\/principal\/sinpro-rio-ao-lado-da-ciencia-nao-a-volta-as-aulas-presenciais-agora\/#primaryimage\",\"url\":\"https:\/\/www.sinpro-rio.org.br\/principal\/wp-content\/uploads\/2020\/07\/IMG-20191220-WA0096-1.jpg\",\"contentUrl\":\"https:\/\/www.sinpro-rio.org.br\/principal\/wp-content\/uploads\/2020\/07\/IMG-20191220-WA0096-1.jpg\",\"width\":1280,\"height\":836},{\"@type\":\"BreadcrumbList\",\"@id\":\"https:\/\/www.sinpro-rio.org.br\/principal\/sinpro-rio-ao-lado-da-ciencia-nao-a-volta-as-aulas-presenciais-agora\/#breadcrumb\",\"itemListElement\":[{\"@type\":\"ListItem\",\"position\":1,\"name\":\"In\u00edcio\",\"item\":\"https:\/\/www.sinpro-rio.org.br\/principal\/\"},{\"@type\":\"ListItem\",\"position\":2,\"name\":\"Sinpro-Rio ao lado da Ci\u00eancia: n\u00e3o \u00e0 volta \u00e0s aulas presenciais agora\"}]},{\"@type\":\"WebSite\",\"@id\":\"https:\/\/www.sinpro-rio.org.br\/principal\/#website\",\"url\":\"https:\/\/www.sinpro-rio.org.br\/principal\/\",\"name\":\"Sinpro-Rio\",\"description\":\"Sindicato dos Professores do Munic\u00edpio do Rio de Janeiro e Regi\u00e3o\",\"potentialAction\":[{\"@type\":\"SearchAction\",\"target\":{\"@type\":\"EntryPoint\",\"urlTemplate\":\"https:\/\/www.sinpro-rio.org.br\/principal\/?s={search_term_string}\"},\"query-input\":{\"@type\":\"PropertyValueSpecification\",\"valueRequired\":true,\"valueName\":\"search_term_string\"}}],\"inLanguage\":\"pt-BR\"},{\"@type\":\"Person\",\"@id\":\"https:\/\/www.sinpro-rio.org.br\/principal\/#\/schema\/person\/ee17219e64d00d037e511ae59ce2227e\",\"name\":\"alessandra\",\"image\":{\"@type\":\"ImageObject\",\"inLanguage\":\"pt-BR\",\"@id\":\"https:\/\/www.sinpro-rio.org.br\/principal\/#\/schema\/person\/image\/\",\"url\":\"https:\/\/secure.gravatar.com\/avatar\/2b43fa8c0ad8e33b46a4732549f7fb20?s=96&d=mm&r=g\",\"contentUrl\":\"https:\/\/secure.gravatar.com\/avatar\/2b43fa8c0ad8e33b46a4732549f7fb20?s=96&d=mm&r=g\",\"caption\":\"alessandra\"},\"url\":\"https:\/\/www.sinpro-rio.org.br\/principal\/author\/alessandra\/\"}]}<\/script>\n<!-- \/ Yoast SEO plugin. -->","yoast_head_json":{"title":"Sinpro-Rio ao lado da Ci\u00eancia: n\u00e3o \u00e0 volta \u00e0s aulas presenciais agora - Sinpro-Rio","robots":{"index":"index","follow":"follow","max-snippet":"max-snippet:-1","max-image-preview":"max-image-preview:large","max-video-preview":"max-video-preview:-1"},"canonical":"https:\/\/www.sinpro-rio.org.br\/principal\/sinpro-rio-ao-lado-da-ciencia-nao-a-volta-as-aulas-presenciais-agora\/","og_locale":"pt_BR","og_type":"article","og_title":"Sinpro-Rio ao lado da Ci\u00eancia: n\u00e3o \u00e0 volta \u00e0s aulas presenciais agora - Sinpro-Rio","og_description":"&#8220;A vida sem ci\u00eancia \u00e9 uma esp\u00e9cie de morte.&#8221;(S\u00f3crates) &#8220;Os que se encantam com a pr\u00e1tica sem a ci\u00eancia s\u00e3o como os timoneiros que entram no navio sem tim\u00e3o, nem b\u00fassola, nunca tendo certeza do seu destino.&#8221;(Leonardo da Vinci) &#8220;E se o mundo n\u00e3o corresponde em todos os aspectos a nossos desejos \u00e9 culpa da [&hellip;]","og_url":"https:\/\/www.sinpro-rio.org.br\/principal\/sinpro-rio-ao-lado-da-ciencia-nao-a-volta-as-aulas-presenciais-agora\/","og_site_name":"Sinpro-Rio","article_published_time":"2020-07-29T16:15:03+00:00","article_modified_time":"2020-07-30T16:15:48+00:00","og_image":[{"width":1280,"height":836,"url":"https:\/\/www.sinpro-rio.org.br\/principal\/wp-content\/uploads\/2020\/07\/IMG-20191220-WA0096-1.jpg","type":"image\/jpeg"}],"author":"alessandra","twitter_card":"summary_large_image","twitter_misc":{"Escrito por":"alessandra","Est. tempo de leitura":"3 minutos"},"schema":{"@context":"https:\/\/schema.org","@graph":[{"@type":"WebPage","@id":"https:\/\/www.sinpro-rio.org.br\/principal\/sinpro-rio-ao-lado-da-ciencia-nao-a-volta-as-aulas-presenciais-agora\/","url":"https:\/\/www.sinpro-rio.org.br\/principal\/sinpro-rio-ao-lado-da-ciencia-nao-a-volta-as-aulas-presenciais-agora\/","name":"Sinpro-Rio ao lado da Ci\u00eancia: n\u00e3o \u00e0 volta \u00e0s aulas presenciais agora - Sinpro-Rio","isPartOf":{"@id":"https:\/\/www.sinpro-rio.org.br\/principal\/#website"},"primaryImageOfPage":{"@id":"https:\/\/www.sinpro-rio.org.br\/principal\/sinpro-rio-ao-lado-da-ciencia-nao-a-volta-as-aulas-presenciais-agora\/#primaryimage"},"image":{"@id":"https:\/\/www.sinpro-rio.org.br\/principal\/sinpro-rio-ao-lado-da-ciencia-nao-a-volta-as-aulas-presenciais-agora\/#primaryimage"},"thumbnailUrl":"https:\/\/www.sinpro-rio.org.br\/principal\/wp-content\/uploads\/2020\/07\/IMG-20191220-WA0096-1.jpg","datePublished":"2020-07-29T16:15:03+00:00","dateModified":"2020-07-30T16:15:48+00:00","author":{"@id":"https:\/\/www.sinpro-rio.org.br\/principal\/#\/schema\/person\/ee17219e64d00d037e511ae59ce2227e"},"breadcrumb":{"@id":"https:\/\/www.sinpro-rio.org.br\/principal\/sinpro-rio-ao-lado-da-ciencia-nao-a-volta-as-aulas-presenciais-agora\/#breadcrumb"},"inLanguage":"pt-BR","potentialAction":[{"@type":"ReadAction","target":["https:\/\/www.sinpro-rio.org.br\/principal\/sinpro-rio-ao-lado-da-ciencia-nao-a-volta-as-aulas-presenciais-agora\/"]}]},{"@type":"ImageObject","inLanguage":"pt-BR","@id":"https:\/\/www.sinpro-rio.org.br\/principal\/sinpro-rio-ao-lado-da-ciencia-nao-a-volta-as-aulas-presenciais-agora\/#primaryimage","url":"https:\/\/www.sinpro-rio.org.br\/principal\/wp-content\/uploads\/2020\/07\/IMG-20191220-WA0096-1.jpg","contentUrl":"https:\/\/www.sinpro-rio.org.br\/principal\/wp-content\/uploads\/2020\/07\/IMG-20191220-WA0096-1.jpg","width":1280,"height":836},{"@type":"BreadcrumbList","@id":"https:\/\/www.sinpro-rio.org.br\/principal\/sinpro-rio-ao-lado-da-ciencia-nao-a-volta-as-aulas-presenciais-agora\/#breadcrumb","itemListElement":[{"@type":"ListItem","position":1,"name":"In\u00edcio","item":"https:\/\/www.sinpro-rio.org.br\/principal\/"},{"@type":"ListItem","position":2,"name":"Sinpro-Rio ao lado da Ci\u00eancia: n\u00e3o \u00e0 volta \u00e0s aulas presenciais agora"}]},{"@type":"WebSite","@id":"https:\/\/www.sinpro-rio.org.br\/principal\/#website","url":"https:\/\/www.sinpro-rio.org.br\/principal\/","name":"Sinpro-Rio","description":"Sindicato dos Professores do Munic\u00edpio do Rio de Janeiro e Regi\u00e3o","potentialAction":[{"@type":"SearchAction","target":{"@type":"EntryPoint","urlTemplate":"https:\/\/www.sinpro-rio.org.br\/principal\/?s={search_term_string}"},"query-input":{"@type":"PropertyValueSpecification","valueRequired":true,"valueName":"search_term_string"}}],"inLanguage":"pt-BR"},{"@type":"Person","@id":"https:\/\/www.sinpro-rio.org.br\/principal\/#\/schema\/person\/ee17219e64d00d037e511ae59ce2227e","name":"alessandra","image":{"@type":"ImageObject","inLanguage":"pt-BR","@id":"https:\/\/www.sinpro-rio.org.br\/principal\/#\/schema\/person\/image\/","url":"https:\/\/secure.gravatar.com\/avatar\/2b43fa8c0ad8e33b46a4732549f7fb20?s=96&d=mm&r=g","contentUrl":"https:\/\/secure.gravatar.com\/avatar\/2b43fa8c0ad8e33b46a4732549f7fb20?s=96&d=mm&r=g","caption":"alessandra"},"url":"https:\/\/www.sinpro-rio.org.br\/principal\/author\/alessandra\/"}]}},"_links":{"self":[{"href":"https:\/\/www.sinpro-rio.org.br\/principal\/wp-json\/wp\/v2\/posts\/28745","targetHints":{"allow":["GET"]}}],"collection":[{"href":"https:\/\/www.sinpro-rio.org.br\/principal\/wp-json\/wp\/v2\/posts"}],"about":[{"href":"https:\/\/www.sinpro-rio.org.br\/principal\/wp-json\/wp\/v2\/types\/post"}],"author":[{"embeddable":true,"href":"https:\/\/www.sinpro-rio.org.br\/principal\/wp-json\/wp\/v2\/users\/2"}],"replies":[{"embeddable":true,"href":"https:\/\/www.sinpro-rio.org.br\/principal\/wp-json\/wp\/v2\/comments?post=28745"}],"version-history":[{"count":3,"href":"https:\/\/www.sinpro-rio.org.br\/principal\/wp-json\/wp\/v2\/posts\/28745\/revisions"}],"predecessor-version":[{"id":28761,"href":"https:\/\/www.sinpro-rio.org.br\/principal\/wp-json\/wp\/v2\/posts\/28745\/revisions\/28761"}],"wp:featuredmedia":[{"embeddable":true,"href":"https:\/\/www.sinpro-rio.org.br\/principal\/wp-json\/wp\/v2\/media\/28746"}],"wp:attachment":[{"href":"https:\/\/www.sinpro-rio.org.br\/principal\/wp-json\/wp\/v2\/media?parent=28745"}],"wp:term":[{"taxonomy":"category","embeddable":true,"href":"https:\/\/www.sinpro-rio.org.br\/principal\/wp-json\/wp\/v2\/categories?post=28745"},{"taxonomy":"post_tag","embeddable":true,"href":"https:\/\/www.sinpro-rio.org.br\/principal\/wp-json\/wp\/v2\/tags?post=28745"}],"curies":[{"name":"wp","href":"https:\/\/api.w.org\/{rel}","templated":true}]}}