{"id":28679,"date":"2020-07-21T19:44:28","date_gmt":"2020-07-21T22:44:28","guid":{"rendered":"https:\/\/sinpro-rio.org.br\/principal\/?p=28679"},"modified":"2020-07-27T14:58:49","modified_gmt":"2020-07-27T17:58:49","slug":"sinpro-rio-participa-de-reuniao-com-prefeitura-e-reafirma-que-ainda-nao-e-hora-de-voltar-a-escola","status":"publish","type":"post","link":"https:\/\/www.sinpro-rio.org.br\/principal\/sinpro-rio-participa-de-reuniao-com-prefeitura-e-reafirma-que-ainda-nao-e-hora-de-voltar-a-escola\/","title":{"rendered":"Sinpro-Rio participa de reuni\u00e3o com Prefeitura e reafirma que ainda  n\u00e3o \u00e9 hora de voltar \u00e0 escola"},"content":{"rendered":"\n<p><em><strong>AOS PROFESSORES E PROFESSORAS DAS ESCOLAS PARTICULARES E \u00c0 SOCIEDADE CARIOCA<\/strong><\/em><br>Ap\u00f3s o an\u00fancio feito pela prefeitura no dia de ontem, dia 20\/7, que as escolas particulares poderiam retornar \u00e0s aulas no dia 3 de agosto, de maneira &#8220;VOLUNT\u00c1RIA&#8221;, como se os patr\u00f5es fossem seguir essa regra, o Sinpro-Rio foi convidado pela prefeitura para uma reuni\u00e3o no dia de hoje, 21\/7.<\/p>\n\n\n\n<p>Ouvimos da equipe da Vigil\u00e2ncia Sanit\u00e1ria que o retorno seria, num primeiro momento, para as turmas dos 4\u00b0, 5\u00b0, 8\u00b0 e 9\u00b0 anos do Ensino Fundamental. O Sinpro-Rio ouviu a proposta, questionou se os protocolos de retorno teriam testagem da comunidade escolar e sobre o car\u00e1ter do retorno facultativo para professores. A prefeitura informou que n\u00e3o h\u00e1 testagem no protocolo de retorno para o in\u00edcio das atividades presenciais e n\u00e3o informou com clareza sobre as garantias trabalhistas para o retorno volunt\u00e1rio.<br>O Sinpro-Rio afirmou na reuni\u00e3o que n\u00e3o \u00e9 hora do retorno \u00e0s aulas presenciais nas escolas. <em>Entendemos que o retorno, agora, \u00e9 totalmente prematuro. Nossa posi\u00e7\u00e3o se apoia na ci\u00eancia, principalmente, nos Estudos Cient\u00edficos da Fiocruz  (link dispon\u00edvel no fim desta not\u00edcia) e outros \u00f3rg\u00e3os de sa\u00fade. Continuamos com as aulas remotas, mais trabalhosas e estafantes que as presenciais, para n\u00e3o arriscar as vidas das crian\u00e7as, adolescentes e jovens, al\u00e9m das nossas pr\u00f3prias vidas e as das fam\u00edlias das comunidades escolares.<\/em><\/p>\n\n\n\n<p><strong><em>?A Greve pela Vida continua!<\/em><\/strong><\/p>\n\n\n\n<p>Nossa pr\u00f3xima assembleia unificada dos Professores e Professoras da Educa\u00e7\u00e3o B\u00e1sica e Superior ser\u00e1 dia 1\u00b0 de agosto, onde decidiremos os rumos do movimento de defesa da sa\u00fade e da vida.<br><strong><em>A economia se recupera, a vida n\u00e3o!<\/em><\/strong><\/p>\n\n\n\n<p>#EmDefesadaVida<\/p>\n\n\n\n<p>? <strong><em>ESTUDO DA FIOCRUZ:<\/em><\/strong> leia o estudo original da FIOCRUZ  <a href=\"https:\/\/sinpro-rio.org.br\/principal\/fiocruz-estudo-de-hoje-20-de-julho-afirma-que-e-prematuro-retornar-as-escolas\/\">AQUI.<\/a><\/p>\n\n\n\n<figure class=\"wp-block-image size-large\"><img fetchpriority=\"high\" decoding=\"async\" width=\"983\" height=\"977\" src=\"https:\/\/sinpro-rio.org.br\/principal\/wp-content\/uploads\/2020\/07\/Screenshot_20200721-164945_Canva-2.jpg\" alt=\"\" class=\"wp-image-28681\" srcset=\"https:\/\/www.sinpro-rio.org.br\/principal\/wp-content\/uploads\/2020\/07\/Screenshot_20200721-164945_Canva-2.jpg 983w, https:\/\/www.sinpro-rio.org.br\/principal\/wp-content\/uploads\/2020\/07\/Screenshot_20200721-164945_Canva-2-302x300.jpg 302w, https:\/\/www.sinpro-rio.org.br\/principal\/wp-content\/uploads\/2020\/07\/Screenshot_20200721-164945_Canva-2-101x100.jpg 101w, https:\/\/www.sinpro-rio.org.br\/principal\/wp-content\/uploads\/2020\/07\/Screenshot_20200721-164945_Canva-2-768x763.jpg 768w\" sizes=\"(max-width: 983px) 100vw, 983px\" \/><\/figure>\n\n\n\n<figure class=\"wp-block-image size-large\"><img decoding=\"async\" width=\"1024\" height=\"1024\" src=\"https:\/\/sinpro-rio.org.br\/principal\/wp-content\/uploads\/2020\/07\/20200721_204617_0015-1024x1024.png\" alt=\"\" class=\"wp-image-28683\" srcset=\"https:\/\/www.sinpro-rio.org.br\/principal\/wp-content\/uploads\/2020\/07\/20200721_204617_0015-1024x1024.png 1024w, https:\/\/www.sinpro-rio.org.br\/principal\/wp-content\/uploads\/2020\/07\/20200721_204617_0015-300x300.png 300w, https:\/\/www.sinpro-rio.org.br\/principal\/wp-content\/uploads\/2020\/07\/20200721_204617_0015-100x100.png 100w, https:\/\/www.sinpro-rio.org.br\/principal\/wp-content\/uploads\/2020\/07\/20200721_204617_0015-768x768.png 768w, https:\/\/www.sinpro-rio.org.br\/principal\/wp-content\/uploads\/2020\/07\/20200721_204617_0015.png 1080w\" sizes=\"(max-width: 1024px) 100vw, 1024px\" \/><\/figure>\n\n\n\n<p><\/p>\n","protected":false},"excerpt":{"rendered":"<p>AOS PROFESSORES E PROFESSORAS DAS ESCOLAS PARTICULARES E \u00c0 SOCIEDADE CARIOCAAp\u00f3s o an\u00fancio feito pela prefeitura no dia de ontem, dia 20\/7, que as escolas particulares poderiam retornar \u00e0s aulas no dia 3 de agosto, de maneira &#8220;VOLUNT\u00c1RIA&#8221;, como se os patr\u00f5es fossem seguir essa regra, o Sinpro-Rio foi convidado pela prefeitura para uma reuni\u00e3o [&hellip;]<\/p>\n","protected":false},"author":2,"featured_media":27599,"comment_status":"closed","ping_status":"closed","sticky":false,"template":"","format":"standard","meta":{"footnotes":""},"categories":[1],"tags":[],"class_list":["post-28679","post","type-post","status-publish","format-standard","has-post-thumbnail","hentry","category-noticias"],"yoast_head":"<!-- This site is optimized with the Yoast SEO plugin v25.7 - https:\/\/yoast.com\/wordpress\/plugins\/seo\/ -->\n<title>Sinpro-Rio participa de reuni\u00e3o com Prefeitura e reafirma que ainda n\u00e3o \u00e9 hora de voltar \u00e0 escola - Sinpro-Rio<\/title>\n<meta name=\"robots\" content=\"index, follow, max-snippet:-1, max-image-preview:large, max-video-preview:-1\" \/>\n<link rel=\"canonical\" href=\"https:\/\/www.sinpro-rio.org.br\/principal\/sinpro-rio-participa-de-reuniao-com-prefeitura-e-reafirma-que-ainda-nao-e-hora-de-voltar-a-escola\/\" \/>\n<meta property=\"og:locale\" content=\"pt_BR\" \/>\n<meta property=\"og:type\" content=\"article\" \/>\n<meta property=\"og:title\" content=\"Sinpro-Rio participa de reuni\u00e3o com Prefeitura e reafirma que ainda n\u00e3o \u00e9 hora de voltar \u00e0 escola - Sinpro-Rio\" \/>\n<meta property=\"og:description\" content=\"AOS PROFESSORES E PROFESSORAS DAS ESCOLAS PARTICULARES E \u00c0 SOCIEDADE CARIOCAAp\u00f3s o an\u00fancio feito pela prefeitura no dia de ontem, dia 20\/7, que as escolas particulares poderiam retornar \u00e0s aulas no dia 3 de agosto, de maneira &#8220;VOLUNT\u00c1RIA&#8221;, como se os patr\u00f5es fossem seguir essa regra, o Sinpro-Rio foi convidado pela prefeitura para uma reuni\u00e3o [&hellip;]\" \/>\n<meta property=\"og:url\" content=\"https:\/\/www.sinpro-rio.org.br\/principal\/sinpro-rio-participa-de-reuniao-com-prefeitura-e-reafirma-que-ainda-nao-e-hora-de-voltar-a-escola\/\" \/>\n<meta property=\"og:site_name\" content=\"Sinpro-Rio\" \/>\n<meta property=\"article:published_time\" content=\"2020-07-21T22:44:28+00:00\" \/>\n<meta property=\"article:modified_time\" content=\"2020-07-27T17:58:49+00:00\" \/>\n<meta property=\"og:image\" content=\"https:\/\/www.sinpro-rio.org.br\/principal\/wp-content\/uploads\/2020\/03\/IMG-20200316-WA0023.jpg\" \/>\n\t<meta property=\"og:image:width\" content=\"800\" \/>\n\t<meta property=\"og:image:height\" content=\"400\" \/>\n\t<meta property=\"og:image:type\" content=\"image\/jpeg\" \/>\n<meta name=\"author\" content=\"alessandra\" \/>\n<meta name=\"twitter:card\" content=\"summary_large_image\" \/>\n<meta name=\"twitter:label1\" content=\"Escrito por\" \/>\n\t<meta name=\"twitter:data1\" content=\"alessandra\" \/>\n\t<meta name=\"twitter:label2\" content=\"Est. tempo de leitura\" \/>\n\t<meta name=\"twitter:data2\" content=\"1 minuto\" \/>\n<script type=\"application\/ld+json\" class=\"yoast-schema-graph\">{\"@context\":\"https:\/\/schema.org\",\"@graph\":[{\"@type\":\"WebPage\",\"@id\":\"https:\/\/www.sinpro-rio.org.br\/principal\/sinpro-rio-participa-de-reuniao-com-prefeitura-e-reafirma-que-ainda-nao-e-hora-de-voltar-a-escola\/\",\"url\":\"https:\/\/www.sinpro-rio.org.br\/principal\/sinpro-rio-participa-de-reuniao-com-prefeitura-e-reafirma-que-ainda-nao-e-hora-de-voltar-a-escola\/\",\"name\":\"Sinpro-Rio participa de reuni\u00e3o com Prefeitura e reafirma que ainda n\u00e3o \u00e9 hora de voltar \u00e0 escola - Sinpro-Rio\",\"isPartOf\":{\"@id\":\"https:\/\/www.sinpro-rio.org.br\/principal\/#website\"},\"primaryImageOfPage\":{\"@id\":\"https:\/\/www.sinpro-rio.org.br\/principal\/sinpro-rio-participa-de-reuniao-com-prefeitura-e-reafirma-que-ainda-nao-e-hora-de-voltar-a-escola\/#primaryimage\"},\"image\":{\"@id\":\"https:\/\/www.sinpro-rio.org.br\/principal\/sinpro-rio-participa-de-reuniao-com-prefeitura-e-reafirma-que-ainda-nao-e-hora-de-voltar-a-escola\/#primaryimage\"},\"thumbnailUrl\":\"https:\/\/www.sinpro-rio.org.br\/principal\/wp-content\/uploads\/2020\/03\/IMG-20200316-WA0023.jpg\",\"datePublished\":\"2020-07-21T22:44:28+00:00\",\"dateModified\":\"2020-07-27T17:58:49+00:00\",\"author\":{\"@id\":\"https:\/\/www.sinpro-rio.org.br\/principal\/#\/schema\/person\/ee17219e64d00d037e511ae59ce2227e\"},\"breadcrumb\":{\"@id\":\"https:\/\/www.sinpro-rio.org.br\/principal\/sinpro-rio-participa-de-reuniao-com-prefeitura-e-reafirma-que-ainda-nao-e-hora-de-voltar-a-escola\/#breadcrumb\"},\"inLanguage\":\"pt-BR\",\"potentialAction\":[{\"@type\":\"ReadAction\",\"target\":[\"https:\/\/www.sinpro-rio.org.br\/principal\/sinpro-rio-participa-de-reuniao-com-prefeitura-e-reafirma-que-ainda-nao-e-hora-de-voltar-a-escola\/\"]}]},{\"@type\":\"ImageObject\",\"inLanguage\":\"pt-BR\",\"@id\":\"https:\/\/www.sinpro-rio.org.br\/principal\/sinpro-rio-participa-de-reuniao-com-prefeitura-e-reafirma-que-ainda-nao-e-hora-de-voltar-a-escola\/#primaryimage\",\"url\":\"https:\/\/www.sinpro-rio.org.br\/principal\/wp-content\/uploads\/2020\/03\/IMG-20200316-WA0023.jpg\",\"contentUrl\":\"https:\/\/www.sinpro-rio.org.br\/principal\/wp-content\/uploads\/2020\/03\/IMG-20200316-WA0023.jpg\",\"width\":800,\"height\":400},{\"@type\":\"BreadcrumbList\",\"@id\":\"https:\/\/www.sinpro-rio.org.br\/principal\/sinpro-rio-participa-de-reuniao-com-prefeitura-e-reafirma-que-ainda-nao-e-hora-de-voltar-a-escola\/#breadcrumb\",\"itemListElement\":[{\"@type\":\"ListItem\",\"position\":1,\"name\":\"In\u00edcio\",\"item\":\"https:\/\/www.sinpro-rio.org.br\/principal\/\"},{\"@type\":\"ListItem\",\"position\":2,\"name\":\"Sinpro-Rio participa de reuni\u00e3o com Prefeitura e reafirma que ainda n\u00e3o \u00e9 hora de voltar \u00e0 escola\"}]},{\"@type\":\"WebSite\",\"@id\":\"https:\/\/www.sinpro-rio.org.br\/principal\/#website\",\"url\":\"https:\/\/www.sinpro-rio.org.br\/principal\/\",\"name\":\"Sinpro-Rio\",\"description\":\"Sindicato dos Professores do Munic\u00edpio do Rio de Janeiro e Regi\u00e3o\",\"potentialAction\":[{\"@type\":\"SearchAction\",\"target\":{\"@type\":\"EntryPoint\",\"urlTemplate\":\"https:\/\/www.sinpro-rio.org.br\/principal\/?s={search_term_string}\"},\"query-input\":{\"@type\":\"PropertyValueSpecification\",\"valueRequired\":true,\"valueName\":\"search_term_string\"}}],\"inLanguage\":\"pt-BR\"},{\"@type\":\"Person\",\"@id\":\"https:\/\/www.sinpro-rio.org.br\/principal\/#\/schema\/person\/ee17219e64d00d037e511ae59ce2227e\",\"name\":\"alessandra\",\"image\":{\"@type\":\"ImageObject\",\"inLanguage\":\"pt-BR\",\"@id\":\"https:\/\/www.sinpro-rio.org.br\/principal\/#\/schema\/person\/image\/\",\"url\":\"https:\/\/secure.gravatar.com\/avatar\/2b43fa8c0ad8e33b46a4732549f7fb20?s=96&d=mm&r=g\",\"contentUrl\":\"https:\/\/secure.gravatar.com\/avatar\/2b43fa8c0ad8e33b46a4732549f7fb20?s=96&d=mm&r=g\",\"caption\":\"alessandra\"},\"url\":\"https:\/\/www.sinpro-rio.org.br\/principal\/author\/alessandra\/\"}]}<\/script>\n<!-- \/ Yoast SEO plugin. -->","yoast_head_json":{"title":"Sinpro-Rio participa de reuni\u00e3o com Prefeitura e reafirma que ainda n\u00e3o \u00e9 hora de voltar \u00e0 escola - Sinpro-Rio","robots":{"index":"index","follow":"follow","max-snippet":"max-snippet:-1","max-image-preview":"max-image-preview:large","max-video-preview":"max-video-preview:-1"},"canonical":"https:\/\/www.sinpro-rio.org.br\/principal\/sinpro-rio-participa-de-reuniao-com-prefeitura-e-reafirma-que-ainda-nao-e-hora-de-voltar-a-escola\/","og_locale":"pt_BR","og_type":"article","og_title":"Sinpro-Rio participa de reuni\u00e3o com Prefeitura e reafirma que ainda n\u00e3o \u00e9 hora de voltar \u00e0 escola - Sinpro-Rio","og_description":"AOS PROFESSORES E PROFESSORAS DAS ESCOLAS PARTICULARES E \u00c0 SOCIEDADE CARIOCAAp\u00f3s o an\u00fancio feito pela prefeitura no dia de ontem, dia 20\/7, que as escolas particulares poderiam retornar \u00e0s aulas no dia 3 de agosto, de maneira &#8220;VOLUNT\u00c1RIA&#8221;, como se os patr\u00f5es fossem seguir essa regra, o Sinpro-Rio foi convidado pela prefeitura para uma reuni\u00e3o [&hellip;]","og_url":"https:\/\/www.sinpro-rio.org.br\/principal\/sinpro-rio-participa-de-reuniao-com-prefeitura-e-reafirma-que-ainda-nao-e-hora-de-voltar-a-escola\/","og_site_name":"Sinpro-Rio","article_published_time":"2020-07-21T22:44:28+00:00","article_modified_time":"2020-07-27T17:58:49+00:00","og_image":[{"width":800,"height":400,"url":"https:\/\/www.sinpro-rio.org.br\/principal\/wp-content\/uploads\/2020\/03\/IMG-20200316-WA0023.jpg","type":"image\/jpeg"}],"author":"alessandra","twitter_card":"summary_large_image","twitter_misc":{"Escrito por":"alessandra","Est. tempo de leitura":"1 minuto"},"schema":{"@context":"https:\/\/schema.org","@graph":[{"@type":"WebPage","@id":"https:\/\/www.sinpro-rio.org.br\/principal\/sinpro-rio-participa-de-reuniao-com-prefeitura-e-reafirma-que-ainda-nao-e-hora-de-voltar-a-escola\/","url":"https:\/\/www.sinpro-rio.org.br\/principal\/sinpro-rio-participa-de-reuniao-com-prefeitura-e-reafirma-que-ainda-nao-e-hora-de-voltar-a-escola\/","name":"Sinpro-Rio participa de reuni\u00e3o com Prefeitura e reafirma que ainda n\u00e3o \u00e9 hora de voltar \u00e0 escola - Sinpro-Rio","isPartOf":{"@id":"https:\/\/www.sinpro-rio.org.br\/principal\/#website"},"primaryImageOfPage":{"@id":"https:\/\/www.sinpro-rio.org.br\/principal\/sinpro-rio-participa-de-reuniao-com-prefeitura-e-reafirma-que-ainda-nao-e-hora-de-voltar-a-escola\/#primaryimage"},"image":{"@id":"https:\/\/www.sinpro-rio.org.br\/principal\/sinpro-rio-participa-de-reuniao-com-prefeitura-e-reafirma-que-ainda-nao-e-hora-de-voltar-a-escola\/#primaryimage"},"thumbnailUrl":"https:\/\/www.sinpro-rio.org.br\/principal\/wp-content\/uploads\/2020\/03\/IMG-20200316-WA0023.jpg","datePublished":"2020-07-21T22:44:28+00:00","dateModified":"2020-07-27T17:58:49+00:00","author":{"@id":"https:\/\/www.sinpro-rio.org.br\/principal\/#\/schema\/person\/ee17219e64d00d037e511ae59ce2227e"},"breadcrumb":{"@id":"https:\/\/www.sinpro-rio.org.br\/principal\/sinpro-rio-participa-de-reuniao-com-prefeitura-e-reafirma-que-ainda-nao-e-hora-de-voltar-a-escola\/#breadcrumb"},"inLanguage":"pt-BR","potentialAction":[{"@type":"ReadAction","target":["https:\/\/www.sinpro-rio.org.br\/principal\/sinpro-rio-participa-de-reuniao-com-prefeitura-e-reafirma-que-ainda-nao-e-hora-de-voltar-a-escola\/"]}]},{"@type":"ImageObject","inLanguage":"pt-BR","@id":"https:\/\/www.sinpro-rio.org.br\/principal\/sinpro-rio-participa-de-reuniao-com-prefeitura-e-reafirma-que-ainda-nao-e-hora-de-voltar-a-escola\/#primaryimage","url":"https:\/\/www.sinpro-rio.org.br\/principal\/wp-content\/uploads\/2020\/03\/IMG-20200316-WA0023.jpg","contentUrl":"https:\/\/www.sinpro-rio.org.br\/principal\/wp-content\/uploads\/2020\/03\/IMG-20200316-WA0023.jpg","width":800,"height":400},{"@type":"BreadcrumbList","@id":"https:\/\/www.sinpro-rio.org.br\/principal\/sinpro-rio-participa-de-reuniao-com-prefeitura-e-reafirma-que-ainda-nao-e-hora-de-voltar-a-escola\/#breadcrumb","itemListElement":[{"@type":"ListItem","position":1,"name":"In\u00edcio","item":"https:\/\/www.sinpro-rio.org.br\/principal\/"},{"@type":"ListItem","position":2,"name":"Sinpro-Rio participa de reuni\u00e3o com Prefeitura e reafirma que ainda n\u00e3o \u00e9 hora de voltar \u00e0 escola"}]},{"@type":"WebSite","@id":"https:\/\/www.sinpro-rio.org.br\/principal\/#website","url":"https:\/\/www.sinpro-rio.org.br\/principal\/","name":"Sinpro-Rio","description":"Sindicato dos Professores do Munic\u00edpio do Rio de Janeiro e Regi\u00e3o","potentialAction":[{"@type":"SearchAction","target":{"@type":"EntryPoint","urlTemplate":"https:\/\/www.sinpro-rio.org.br\/principal\/?s={search_term_string}"},"query-input":{"@type":"PropertyValueSpecification","valueRequired":true,"valueName":"search_term_string"}}],"inLanguage":"pt-BR"},{"@type":"Person","@id":"https:\/\/www.sinpro-rio.org.br\/principal\/#\/schema\/person\/ee17219e64d00d037e511ae59ce2227e","name":"alessandra","image":{"@type":"ImageObject","inLanguage":"pt-BR","@id":"https:\/\/www.sinpro-rio.org.br\/principal\/#\/schema\/person\/image\/","url":"https:\/\/secure.gravatar.com\/avatar\/2b43fa8c0ad8e33b46a4732549f7fb20?s=96&d=mm&r=g","contentUrl":"https:\/\/secure.gravatar.com\/avatar\/2b43fa8c0ad8e33b46a4732549f7fb20?s=96&d=mm&r=g","caption":"alessandra"},"url":"https:\/\/www.sinpro-rio.org.br\/principal\/author\/alessandra\/"}]}},"_links":{"self":[{"href":"https:\/\/www.sinpro-rio.org.br\/principal\/wp-json\/wp\/v2\/posts\/28679","targetHints":{"allow":["GET"]}}],"collection":[{"href":"https:\/\/www.sinpro-rio.org.br\/principal\/wp-json\/wp\/v2\/posts"}],"about":[{"href":"https:\/\/www.sinpro-rio.org.br\/principal\/wp-json\/wp\/v2\/types\/post"}],"author":[{"embeddable":true,"href":"https:\/\/www.sinpro-rio.org.br\/principal\/wp-json\/wp\/v2\/users\/2"}],"replies":[{"embeddable":true,"href":"https:\/\/www.sinpro-rio.org.br\/principal\/wp-json\/wp\/v2\/comments?post=28679"}],"version-history":[{"count":4,"href":"https:\/\/www.sinpro-rio.org.br\/principal\/wp-json\/wp\/v2\/posts\/28679\/revisions"}],"predecessor-version":[{"id":28685,"href":"https:\/\/www.sinpro-rio.org.br\/principal\/wp-json\/wp\/v2\/posts\/28679\/revisions\/28685"}],"wp:featuredmedia":[{"embeddable":true,"href":"https:\/\/www.sinpro-rio.org.br\/principal\/wp-json\/wp\/v2\/media\/27599"}],"wp:attachment":[{"href":"https:\/\/www.sinpro-rio.org.br\/principal\/wp-json\/wp\/v2\/media?parent=28679"}],"wp:term":[{"taxonomy":"category","embeddable":true,"href":"https:\/\/www.sinpro-rio.org.br\/principal\/wp-json\/wp\/v2\/categories?post=28679"},{"taxonomy":"post_tag","embeddable":true,"href":"https:\/\/www.sinpro-rio.org.br\/principal\/wp-json\/wp\/v2\/tags?post=28679"}],"curies":[{"name":"wp","href":"https:\/\/api.w.org\/{rel}","templated":true}]}}