{"id":28617,"date":"2020-07-16T09:14:40","date_gmt":"2020-07-16T12:14:40","guid":{"rendered":"https:\/\/sinpro-rio.org.br\/principal\/?p=28617"},"modified":"2020-07-17T12:32:13","modified_gmt":"2020-07-17T15:32:13","slug":"como-vai-ser-o-retorno-as-aulas-sinpro-rio-participa-de-audiencia-publica","status":"publish","type":"post","link":"https:\/\/www.sinpro-rio.org.br\/principal\/como-vai-ser-o-retorno-as-aulas-sinpro-rio-participa-de-audiencia-publica\/","title":{"rendered":"Sinpro-Rio e Contee participam de Audi\u00eancia P\u00fablica da Comiss\u00e3o de Educa\u00e7\u00e3o da Alerj: \u201cComo vai ser o Retorno das Aulas?\u201d"},"content":{"rendered":"\n<p>O Sinpro-Rio e a Contee participaram de audi\u00eancia publica na Alerj a respeito da volta \u00e0s aulas presenciais. Elson Paiva, diretor Jur\u00eddico e Afonso Celso Freitas, vice-presidente do Sinpro-Rio e diretor da Contee se pronunciaram no evento.<br>Para o Elson Paiva, o retorno \u00e0s aulas presenciais n\u00e3o \u00e9 s\u00f3 da escola para dentro, muitos profissionais e a popula\u00e7\u00e3o em geral estar\u00e3o em risco, nestes tempos de pandemia, com esta atitude irrespons\u00e1vel, que pode ocasionar mortes. &#8220;Estamos em greve pela vida, contra as aulas presenciais. A vida em primeiro lugar&#8221;.<\/p>\n\n\n\n<p>J\u00e1 Afonso Celso lembrou que as aulas remotas obrigam professoras e professores a trabalharem de forma triplicada e ainda est\u00e3o amea\u00e7ando com a volta \u00e0s aulas presenciais que, al\u00e9m do risco de vida, podem acarretar uma carga hor\u00e1ria maior ainda. O dirigente denunciou que v\u00e1rias escolas est\u00e3o obrigando professoras e professores, mesmo com problemas de sa\u00fade, a assinarem documentos se responsabilizando pela volta \u00e0s aulas presenciais. Isso \u00e9 ass\u00e9dio moral e, ao nosso entender, uma atua\u00e7\u00e3o criminosa&#8221;.\u00a0<br>Veja as falas na \u00edntegra dos Dirigentes do Sinpro-Rio e Contee: Elson Paiva e Afonso Celso Teixeira.  <\/p>\n\n\n\n<p>?Veja a fala dos dois professores <a href=\"https:\/\/www.youtube.com\/watch?v=NmOmLHNV_PY\">AQUI.<\/a><\/p>\n\n\n\n<p>?Gostaria de ver a audi\u00eancia na \u00edntegra? Acesse por <a href=\"https:\/\/sinpro-rio.org.br\/principal\/audiencia-publica-de-16-07em-pauta-os-protocolos-para-o-retorno-as-aulas-presenciais\/\">AQUI.<\/a><\/p>\n","protected":false},"excerpt":{"rendered":"<p>O Sinpro-Rio e a Contee participaram de audi\u00eancia publica na Alerj a respeito da volta \u00e0s aulas presenciais. Elson Paiva, diretor Jur\u00eddico e Afonso Celso Freitas, vice-presidente do Sinpro-Rio e diretor da Contee se pronunciaram no evento.Para o Elson Paiva, o retorno \u00e0s aulas presenciais n\u00e3o \u00e9 s\u00f3 da escola para dentro, muitos profissionais e [&hellip;]<\/p>\n","protected":false},"author":2,"featured_media":28618,"comment_status":"closed","ping_status":"closed","sticky":false,"template":"","format":"standard","meta":{"footnotes":""},"categories":[1,25],"tags":[],"class_list":["post-28617","post","type-post","status-publish","format-standard","has-post-thumbnail","hentry","category-noticias","category-destaque-primeira-pagina"],"yoast_head":"<!-- This site is optimized with the Yoast SEO plugin v25.7 - https:\/\/yoast.com\/wordpress\/plugins\/seo\/ -->\n<title>Sinpro-Rio e Contee participam de Audi\u00eancia P\u00fablica da Comiss\u00e3o de Educa\u00e7\u00e3o da Alerj: \u201cComo vai ser o Retorno das Aulas?\u201d - Sinpro-Rio<\/title>\n<meta name=\"robots\" content=\"index, follow, max-snippet:-1, max-image-preview:large, max-video-preview:-1\" \/>\n<link rel=\"canonical\" href=\"https:\/\/www.sinpro-rio.org.br\/principal\/como-vai-ser-o-retorno-as-aulas-sinpro-rio-participa-de-audiencia-publica\/\" \/>\n<meta property=\"og:locale\" content=\"pt_BR\" \/>\n<meta property=\"og:type\" content=\"article\" \/>\n<meta property=\"og:title\" content=\"Sinpro-Rio e Contee participam de Audi\u00eancia P\u00fablica da Comiss\u00e3o de Educa\u00e7\u00e3o da Alerj: \u201cComo vai ser o Retorno das Aulas?\u201d - Sinpro-Rio\" \/>\n<meta property=\"og:description\" content=\"O Sinpro-Rio e a Contee participaram de audi\u00eancia publica na Alerj a respeito da volta \u00e0s aulas presenciais. Elson Paiva, diretor Jur\u00eddico e Afonso Celso Freitas, vice-presidente do Sinpro-Rio e diretor da Contee se pronunciaram no evento.Para o Elson Paiva, o retorno \u00e0s aulas presenciais n\u00e3o \u00e9 s\u00f3 da escola para dentro, muitos profissionais e [&hellip;]\" \/>\n<meta property=\"og:url\" content=\"https:\/\/www.sinpro-rio.org.br\/principal\/como-vai-ser-o-retorno-as-aulas-sinpro-rio-participa-de-audiencia-publica\/\" \/>\n<meta property=\"og:site_name\" content=\"Sinpro-Rio\" \/>\n<meta property=\"article:published_time\" content=\"2020-07-16T12:14:40+00:00\" \/>\n<meta property=\"article:modified_time\" content=\"2020-07-17T15:32:13+00:00\" \/>\n<meta property=\"og:image\" content=\"https:\/\/www.sinpro-rio.org.br\/principal\/wp-content\/uploads\/2020\/07\/capa-video.png\" \/>\n\t<meta property=\"og:image:width\" content=\"1013\" \/>\n\t<meta property=\"og:image:height\" content=\"543\" \/>\n\t<meta property=\"og:image:type\" content=\"image\/png\" \/>\n<meta name=\"author\" content=\"alessandra\" \/>\n<meta name=\"twitter:card\" content=\"summary_large_image\" \/>\n<meta name=\"twitter:label1\" content=\"Escrito por\" \/>\n\t<meta name=\"twitter:data1\" content=\"alessandra\" \/>\n\t<meta name=\"twitter:label2\" content=\"Est. tempo de leitura\" \/>\n\t<meta name=\"twitter:data2\" content=\"1 minuto\" \/>\n<script type=\"application\/ld+json\" class=\"yoast-schema-graph\">{\"@context\":\"https:\/\/schema.org\",\"@graph\":[{\"@type\":\"WebPage\",\"@id\":\"https:\/\/www.sinpro-rio.org.br\/principal\/como-vai-ser-o-retorno-as-aulas-sinpro-rio-participa-de-audiencia-publica\/\",\"url\":\"https:\/\/www.sinpro-rio.org.br\/principal\/como-vai-ser-o-retorno-as-aulas-sinpro-rio-participa-de-audiencia-publica\/\",\"name\":\"Sinpro-Rio e Contee participam de Audi\u00eancia P\u00fablica da Comiss\u00e3o de Educa\u00e7\u00e3o da Alerj: \u201cComo vai ser o Retorno das Aulas?\u201d - Sinpro-Rio\",\"isPartOf\":{\"@id\":\"https:\/\/www.sinpro-rio.org.br\/principal\/#website\"},\"primaryImageOfPage\":{\"@id\":\"https:\/\/www.sinpro-rio.org.br\/principal\/como-vai-ser-o-retorno-as-aulas-sinpro-rio-participa-de-audiencia-publica\/#primaryimage\"},\"image\":{\"@id\":\"https:\/\/www.sinpro-rio.org.br\/principal\/como-vai-ser-o-retorno-as-aulas-sinpro-rio-participa-de-audiencia-publica\/#primaryimage\"},\"thumbnailUrl\":\"https:\/\/www.sinpro-rio.org.br\/principal\/wp-content\/uploads\/2020\/07\/capa-video.png\",\"datePublished\":\"2020-07-16T12:14:40+00:00\",\"dateModified\":\"2020-07-17T15:32:13+00:00\",\"author\":{\"@id\":\"https:\/\/www.sinpro-rio.org.br\/principal\/#\/schema\/person\/ee17219e64d00d037e511ae59ce2227e\"},\"breadcrumb\":{\"@id\":\"https:\/\/www.sinpro-rio.org.br\/principal\/como-vai-ser-o-retorno-as-aulas-sinpro-rio-participa-de-audiencia-publica\/#breadcrumb\"},\"inLanguage\":\"pt-BR\",\"potentialAction\":[{\"@type\":\"ReadAction\",\"target\":[\"https:\/\/www.sinpro-rio.org.br\/principal\/como-vai-ser-o-retorno-as-aulas-sinpro-rio-participa-de-audiencia-publica\/\"]}]},{\"@type\":\"ImageObject\",\"inLanguage\":\"pt-BR\",\"@id\":\"https:\/\/www.sinpro-rio.org.br\/principal\/como-vai-ser-o-retorno-as-aulas-sinpro-rio-participa-de-audiencia-publica\/#primaryimage\",\"url\":\"https:\/\/www.sinpro-rio.org.br\/principal\/wp-content\/uploads\/2020\/07\/capa-video.png\",\"contentUrl\":\"https:\/\/www.sinpro-rio.org.br\/principal\/wp-content\/uploads\/2020\/07\/capa-video.png\",\"width\":1013,\"height\":543},{\"@type\":\"BreadcrumbList\",\"@id\":\"https:\/\/www.sinpro-rio.org.br\/principal\/como-vai-ser-o-retorno-as-aulas-sinpro-rio-participa-de-audiencia-publica\/#breadcrumb\",\"itemListElement\":[{\"@type\":\"ListItem\",\"position\":1,\"name\":\"In\u00edcio\",\"item\":\"https:\/\/www.sinpro-rio.org.br\/principal\/\"},{\"@type\":\"ListItem\",\"position\":2,\"name\":\"Sinpro-Rio e Contee participam de Audi\u00eancia P\u00fablica da Comiss\u00e3o de Educa\u00e7\u00e3o da Alerj: \u201cComo vai ser o Retorno das Aulas?\u201d\"}]},{\"@type\":\"WebSite\",\"@id\":\"https:\/\/www.sinpro-rio.org.br\/principal\/#website\",\"url\":\"https:\/\/www.sinpro-rio.org.br\/principal\/\",\"name\":\"Sinpro-Rio\",\"description\":\"Sindicato dos Professores do Munic\u00edpio do Rio de Janeiro e Regi\u00e3o\",\"potentialAction\":[{\"@type\":\"SearchAction\",\"target\":{\"@type\":\"EntryPoint\",\"urlTemplate\":\"https:\/\/www.sinpro-rio.org.br\/principal\/?s={search_term_string}\"},\"query-input\":{\"@type\":\"PropertyValueSpecification\",\"valueRequired\":true,\"valueName\":\"search_term_string\"}}],\"inLanguage\":\"pt-BR\"},{\"@type\":\"Person\",\"@id\":\"https:\/\/www.sinpro-rio.org.br\/principal\/#\/schema\/person\/ee17219e64d00d037e511ae59ce2227e\",\"name\":\"alessandra\",\"image\":{\"@type\":\"ImageObject\",\"inLanguage\":\"pt-BR\",\"@id\":\"https:\/\/www.sinpro-rio.org.br\/principal\/#\/schema\/person\/image\/\",\"url\":\"https:\/\/secure.gravatar.com\/avatar\/2b43fa8c0ad8e33b46a4732549f7fb20?s=96&d=mm&r=g\",\"contentUrl\":\"https:\/\/secure.gravatar.com\/avatar\/2b43fa8c0ad8e33b46a4732549f7fb20?s=96&d=mm&r=g\",\"caption\":\"alessandra\"},\"url\":\"https:\/\/www.sinpro-rio.org.br\/principal\/author\/alessandra\/\"}]}<\/script>\n<!-- \/ Yoast SEO plugin. -->","yoast_head_json":{"title":"Sinpro-Rio e Contee participam de Audi\u00eancia P\u00fablica da Comiss\u00e3o de Educa\u00e7\u00e3o da Alerj: \u201cComo vai ser o Retorno das Aulas?\u201d - Sinpro-Rio","robots":{"index":"index","follow":"follow","max-snippet":"max-snippet:-1","max-image-preview":"max-image-preview:large","max-video-preview":"max-video-preview:-1"},"canonical":"https:\/\/www.sinpro-rio.org.br\/principal\/como-vai-ser-o-retorno-as-aulas-sinpro-rio-participa-de-audiencia-publica\/","og_locale":"pt_BR","og_type":"article","og_title":"Sinpro-Rio e Contee participam de Audi\u00eancia P\u00fablica da Comiss\u00e3o de Educa\u00e7\u00e3o da Alerj: \u201cComo vai ser o Retorno das Aulas?\u201d - Sinpro-Rio","og_description":"O Sinpro-Rio e a Contee participaram de audi\u00eancia publica na Alerj a respeito da volta \u00e0s aulas presenciais. Elson Paiva, diretor Jur\u00eddico e Afonso Celso Freitas, vice-presidente do Sinpro-Rio e diretor da Contee se pronunciaram no evento.Para o Elson Paiva, o retorno \u00e0s aulas presenciais n\u00e3o \u00e9 s\u00f3 da escola para dentro, muitos profissionais e [&hellip;]","og_url":"https:\/\/www.sinpro-rio.org.br\/principal\/como-vai-ser-o-retorno-as-aulas-sinpro-rio-participa-de-audiencia-publica\/","og_site_name":"Sinpro-Rio","article_published_time":"2020-07-16T12:14:40+00:00","article_modified_time":"2020-07-17T15:32:13+00:00","og_image":[{"width":1013,"height":543,"url":"https:\/\/www.sinpro-rio.org.br\/principal\/wp-content\/uploads\/2020\/07\/capa-video.png","type":"image\/png"}],"author":"alessandra","twitter_card":"summary_large_image","twitter_misc":{"Escrito por":"alessandra","Est. tempo de leitura":"1 minuto"},"schema":{"@context":"https:\/\/schema.org","@graph":[{"@type":"WebPage","@id":"https:\/\/www.sinpro-rio.org.br\/principal\/como-vai-ser-o-retorno-as-aulas-sinpro-rio-participa-de-audiencia-publica\/","url":"https:\/\/www.sinpro-rio.org.br\/principal\/como-vai-ser-o-retorno-as-aulas-sinpro-rio-participa-de-audiencia-publica\/","name":"Sinpro-Rio e Contee participam de Audi\u00eancia P\u00fablica da Comiss\u00e3o de Educa\u00e7\u00e3o da Alerj: \u201cComo vai ser o Retorno das Aulas?\u201d - Sinpro-Rio","isPartOf":{"@id":"https:\/\/www.sinpro-rio.org.br\/principal\/#website"},"primaryImageOfPage":{"@id":"https:\/\/www.sinpro-rio.org.br\/principal\/como-vai-ser-o-retorno-as-aulas-sinpro-rio-participa-de-audiencia-publica\/#primaryimage"},"image":{"@id":"https:\/\/www.sinpro-rio.org.br\/principal\/como-vai-ser-o-retorno-as-aulas-sinpro-rio-participa-de-audiencia-publica\/#primaryimage"},"thumbnailUrl":"https:\/\/www.sinpro-rio.org.br\/principal\/wp-content\/uploads\/2020\/07\/capa-video.png","datePublished":"2020-07-16T12:14:40+00:00","dateModified":"2020-07-17T15:32:13+00:00","author":{"@id":"https:\/\/www.sinpro-rio.org.br\/principal\/#\/schema\/person\/ee17219e64d00d037e511ae59ce2227e"},"breadcrumb":{"@id":"https:\/\/www.sinpro-rio.org.br\/principal\/como-vai-ser-o-retorno-as-aulas-sinpro-rio-participa-de-audiencia-publica\/#breadcrumb"},"inLanguage":"pt-BR","potentialAction":[{"@type":"ReadAction","target":["https:\/\/www.sinpro-rio.org.br\/principal\/como-vai-ser-o-retorno-as-aulas-sinpro-rio-participa-de-audiencia-publica\/"]}]},{"@type":"ImageObject","inLanguage":"pt-BR","@id":"https:\/\/www.sinpro-rio.org.br\/principal\/como-vai-ser-o-retorno-as-aulas-sinpro-rio-participa-de-audiencia-publica\/#primaryimage","url":"https:\/\/www.sinpro-rio.org.br\/principal\/wp-content\/uploads\/2020\/07\/capa-video.png","contentUrl":"https:\/\/www.sinpro-rio.org.br\/principal\/wp-content\/uploads\/2020\/07\/capa-video.png","width":1013,"height":543},{"@type":"BreadcrumbList","@id":"https:\/\/www.sinpro-rio.org.br\/principal\/como-vai-ser-o-retorno-as-aulas-sinpro-rio-participa-de-audiencia-publica\/#breadcrumb","itemListElement":[{"@type":"ListItem","position":1,"name":"In\u00edcio","item":"https:\/\/www.sinpro-rio.org.br\/principal\/"},{"@type":"ListItem","position":2,"name":"Sinpro-Rio e Contee participam de Audi\u00eancia P\u00fablica da Comiss\u00e3o de Educa\u00e7\u00e3o da Alerj: \u201cComo vai ser o Retorno das Aulas?\u201d"}]},{"@type":"WebSite","@id":"https:\/\/www.sinpro-rio.org.br\/principal\/#website","url":"https:\/\/www.sinpro-rio.org.br\/principal\/","name":"Sinpro-Rio","description":"Sindicato dos Professores do Munic\u00edpio do Rio de Janeiro e Regi\u00e3o","potentialAction":[{"@type":"SearchAction","target":{"@type":"EntryPoint","urlTemplate":"https:\/\/www.sinpro-rio.org.br\/principal\/?s={search_term_string}"},"query-input":{"@type":"PropertyValueSpecification","valueRequired":true,"valueName":"search_term_string"}}],"inLanguage":"pt-BR"},{"@type":"Person","@id":"https:\/\/www.sinpro-rio.org.br\/principal\/#\/schema\/person\/ee17219e64d00d037e511ae59ce2227e","name":"alessandra","image":{"@type":"ImageObject","inLanguage":"pt-BR","@id":"https:\/\/www.sinpro-rio.org.br\/principal\/#\/schema\/person\/image\/","url":"https:\/\/secure.gravatar.com\/avatar\/2b43fa8c0ad8e33b46a4732549f7fb20?s=96&d=mm&r=g","contentUrl":"https:\/\/secure.gravatar.com\/avatar\/2b43fa8c0ad8e33b46a4732549f7fb20?s=96&d=mm&r=g","caption":"alessandra"},"url":"https:\/\/www.sinpro-rio.org.br\/principal\/author\/alessandra\/"}]}},"_links":{"self":[{"href":"https:\/\/www.sinpro-rio.org.br\/principal\/wp-json\/wp\/v2\/posts\/28617","targetHints":{"allow":["GET"]}}],"collection":[{"href":"https:\/\/www.sinpro-rio.org.br\/principal\/wp-json\/wp\/v2\/posts"}],"about":[{"href":"https:\/\/www.sinpro-rio.org.br\/principal\/wp-json\/wp\/v2\/types\/post"}],"author":[{"embeddable":true,"href":"https:\/\/www.sinpro-rio.org.br\/principal\/wp-json\/wp\/v2\/users\/2"}],"replies":[{"embeddable":true,"href":"https:\/\/www.sinpro-rio.org.br\/principal\/wp-json\/wp\/v2\/comments?post=28617"}],"version-history":[{"count":4,"href":"https:\/\/www.sinpro-rio.org.br\/principal\/wp-json\/wp\/v2\/posts\/28617\/revisions"}],"predecessor-version":[{"id":28622,"href":"https:\/\/www.sinpro-rio.org.br\/principal\/wp-json\/wp\/v2\/posts\/28617\/revisions\/28622"}],"wp:featuredmedia":[{"embeddable":true,"href":"https:\/\/www.sinpro-rio.org.br\/principal\/wp-json\/wp\/v2\/media\/28618"}],"wp:attachment":[{"href":"https:\/\/www.sinpro-rio.org.br\/principal\/wp-json\/wp\/v2\/media?parent=28617"}],"wp:term":[{"taxonomy":"category","embeddable":true,"href":"https:\/\/www.sinpro-rio.org.br\/principal\/wp-json\/wp\/v2\/categories?post=28617"},{"taxonomy":"post_tag","embeddable":true,"href":"https:\/\/www.sinpro-rio.org.br\/principal\/wp-json\/wp\/v2\/tags?post=28617"}],"curies":[{"name":"wp","href":"https:\/\/api.w.org\/{rel}","templated":true}]}}