{"id":28602,"date":"2020-07-16T17:05:32","date_gmt":"2020-07-16T20:05:32","guid":{"rendered":"https:\/\/sinpro-rio.org.br\/principal\/?p=28602"},"modified":"2023-07-07T14:38:59","modified_gmt":"2023-07-07T17:38:59","slug":"novas-demissoes-promovidas-pela-estacio","status":"publish","type":"post","link":"https:\/\/www.sinpro-rio.org.br\/principal\/novas-demissoes-promovidas-pela-estacio\/","title":{"rendered":"Novas demiss\u00f5es promovidas pela Est\u00e1cio"},"content":{"rendered":"\n<p>O Sinpro-Rio teve ci\u00eancia que a institui\u00e7\u00e3o, no meio de um processo judicial de negocia\u00e7\u00e3o coletiva, optou por promover a dispensa dos\/as professores\/as.<br>A notifica\u00e7\u00e3o de dispensa \u00e9, no m\u00ednimo, precipitada, visto que no dia 15\/07\/2020, em media\u00e7\u00e3o realizada pelo Tribunal do Trabalho, junto com o Sinpro-Rio, a institui\u00e7\u00e3o se comprometeu a apresentar proposta para celebra\u00e7\u00e3o de acordo coletivo, visando minorar as dispensas no final do primeiro semestre letivo de 2020.<br>O Sinpro-Rio entende ser incompat\u00edvel a notifica\u00e7\u00e3o de dispensa dos\/as professores\/as com um processo negocial que tem como base a preserva\u00e7\u00e3o dos empregos.<br>Contudo, a postura desrespeitosa da Est\u00e1cio ao processo negocial n\u00e3o \u00e9 novidade. J\u00e1 vivenciamos essa situa\u00e7\u00e3o na arbitr\u00e1ria DISPENSA EM MASSA promovida em dezembro de 2017 e nos semestres seguintes. A Est\u00e1cio, inclusive, j\u00e1 foi condenada ao pagamento de indeniza\u00e7\u00f5es por conta dessa postura arbitr\u00e1ria.<br>O Sinpro-Rio seguir\u00e1 firme na defesa dos\/as professores\/as e est\u00e1 convocando uma reuni\u00e3o virtual com os\/as dispensados\/as para a pr\u00f3xima semana, dia 20 de julho, \u00e0s 14h, via aplicativo ZOOM. Nela daremos esclarecimentos importantes para o processo de homologa\u00e7\u00e3o, j\u00e1 realizado ou n\u00e3o.<br>Para solicitar o link da reuni\u00e3o mande e-mail para <strong><em>demissoesestacio2020@sinpro-rio.org.br<\/em><\/strong>, com nome completo, unidade que trabalhava, telefone para contato e CPF.<br>Alertamos aos professores\/as que, h\u00e1 bastante tempo, o Sinpro-Rio tem ajuizado a\u00e7\u00f5es trabalhistas em raz\u00e3o das irregularidades no pagamento das aulas de EAD; das diferen\u00e7as salariais por conta de redu\u00e7\u00e3o de carga; quita\u00e7\u00e3o irregular da remunera\u00e7\u00e3o de coordena\u00e7\u00e3o, dentre in\u00fameros outros direitos n\u00e3o observados no curso do contrato de trabalho com ganho de causa para a categoria.<\/p>\n","protected":false},"excerpt":{"rendered":"<p>O Sinpro-Rio teve ci\u00eancia que a institui\u00e7\u00e3o, no meio de um processo judicial de negocia\u00e7\u00e3o coletiva, optou por promover a dispensa dos\/as professores\/as.A notifica\u00e7\u00e3o de dispensa \u00e9, no m\u00ednimo, precipitada, visto que no dia 15\/07\/2020, em media\u00e7\u00e3o realizada pelo Tribunal do Trabalho, junto com o Sinpro-Rio, a institui\u00e7\u00e3o se comprometeu a apresentar proposta para celebra\u00e7\u00e3o [&hellip;]<\/p>\n","protected":false},"author":2,"featured_media":28603,"comment_status":"closed","ping_status":"closed","sticky":false,"template":"","format":"standard","meta":{"footnotes":""},"categories":[1],"tags":[495],"class_list":["post-28602","post","type-post","status-publish","format-standard","has-post-thumbnail","hentry","category-noticias","tag-estacio"],"yoast_head":"<!-- This site is optimized with the Yoast SEO plugin v25.7 - https:\/\/yoast.com\/wordpress\/plugins\/seo\/ -->\n<title>Novas demiss\u00f5es promovidas pela Est\u00e1cio - Sinpro-Rio<\/title>\n<meta name=\"robots\" content=\"index, follow, max-snippet:-1, max-image-preview:large, max-video-preview:-1\" \/>\n<link rel=\"canonical\" href=\"https:\/\/www.sinpro-rio.org.br\/principal\/novas-demissoes-promovidas-pela-estacio\/\" \/>\n<meta property=\"og:locale\" content=\"pt_BR\" \/>\n<meta property=\"og:type\" content=\"article\" \/>\n<meta property=\"og:title\" content=\"Novas demiss\u00f5es promovidas pela Est\u00e1cio - Sinpro-Rio\" \/>\n<meta property=\"og:description\" content=\"O Sinpro-Rio teve ci\u00eancia que a institui\u00e7\u00e3o, no meio de um processo judicial de negocia\u00e7\u00e3o coletiva, optou por promover a dispensa dos\/as professores\/as.A notifica\u00e7\u00e3o de dispensa \u00e9, no m\u00ednimo, precipitada, visto que no dia 15\/07\/2020, em media\u00e7\u00e3o realizada pelo Tribunal do Trabalho, junto com o Sinpro-Rio, a institui\u00e7\u00e3o se comprometeu a apresentar proposta para celebra\u00e7\u00e3o [&hellip;]\" \/>\n<meta property=\"og:url\" content=\"https:\/\/www.sinpro-rio.org.br\/principal\/novas-demissoes-promovidas-pela-estacio\/\" \/>\n<meta property=\"og:site_name\" content=\"Sinpro-Rio\" \/>\n<meta property=\"article:published_time\" content=\"2020-07-16T20:05:32+00:00\" \/>\n<meta property=\"article:modified_time\" content=\"2023-07-07T17:38:59+00:00\" \/>\n<meta property=\"og:image\" content=\"https:\/\/www.sinpro-rio.org.br\/principal\/wp-content\/uploads\/2020\/07\/20200716_165748_0000.png\" \/>\n\t<meta property=\"og:image:width\" content=\"2160\" \/>\n\t<meta property=\"og:image:height\" content=\"2160\" \/>\n\t<meta property=\"og:image:type\" content=\"image\/png\" \/>\n<meta name=\"author\" content=\"alessandra\" \/>\n<meta name=\"twitter:card\" content=\"summary_large_image\" \/>\n<meta name=\"twitter:label1\" content=\"Escrito por\" \/>\n\t<meta name=\"twitter:data1\" content=\"alessandra\" \/>\n\t<meta name=\"twitter:label2\" content=\"Est. tempo de leitura\" \/>\n\t<meta name=\"twitter:data2\" content=\"1 minuto\" \/>\n<script type=\"application\/ld+json\" class=\"yoast-schema-graph\">{\"@context\":\"https:\/\/schema.org\",\"@graph\":[{\"@type\":\"WebPage\",\"@id\":\"https:\/\/www.sinpro-rio.org.br\/principal\/novas-demissoes-promovidas-pela-estacio\/\",\"url\":\"https:\/\/www.sinpro-rio.org.br\/principal\/novas-demissoes-promovidas-pela-estacio\/\",\"name\":\"Novas demiss\u00f5es promovidas pela Est\u00e1cio - Sinpro-Rio\",\"isPartOf\":{\"@id\":\"https:\/\/www.sinpro-rio.org.br\/principal\/#website\"},\"primaryImageOfPage\":{\"@id\":\"https:\/\/www.sinpro-rio.org.br\/principal\/novas-demissoes-promovidas-pela-estacio\/#primaryimage\"},\"image\":{\"@id\":\"https:\/\/www.sinpro-rio.org.br\/principal\/novas-demissoes-promovidas-pela-estacio\/#primaryimage\"},\"thumbnailUrl\":\"https:\/\/www.sinpro-rio.org.br\/principal\/wp-content\/uploads\/2020\/07\/20200716_165748_0000.png\",\"datePublished\":\"2020-07-16T20:05:32+00:00\",\"dateModified\":\"2023-07-07T17:38:59+00:00\",\"author\":{\"@id\":\"https:\/\/www.sinpro-rio.org.br\/principal\/#\/schema\/person\/ee17219e64d00d037e511ae59ce2227e\"},\"breadcrumb\":{\"@id\":\"https:\/\/www.sinpro-rio.org.br\/principal\/novas-demissoes-promovidas-pela-estacio\/#breadcrumb\"},\"inLanguage\":\"pt-BR\",\"potentialAction\":[{\"@type\":\"ReadAction\",\"target\":[\"https:\/\/www.sinpro-rio.org.br\/principal\/novas-demissoes-promovidas-pela-estacio\/\"]}]},{\"@type\":\"ImageObject\",\"inLanguage\":\"pt-BR\",\"@id\":\"https:\/\/www.sinpro-rio.org.br\/principal\/novas-demissoes-promovidas-pela-estacio\/#primaryimage\",\"url\":\"https:\/\/www.sinpro-rio.org.br\/principal\/wp-content\/uploads\/2020\/07\/20200716_165748_0000.png\",\"contentUrl\":\"https:\/\/www.sinpro-rio.org.br\/principal\/wp-content\/uploads\/2020\/07\/20200716_165748_0000.png\",\"width\":2160,\"height\":2160},{\"@type\":\"BreadcrumbList\",\"@id\":\"https:\/\/www.sinpro-rio.org.br\/principal\/novas-demissoes-promovidas-pela-estacio\/#breadcrumb\",\"itemListElement\":[{\"@type\":\"ListItem\",\"position\":1,\"name\":\"In\u00edcio\",\"item\":\"https:\/\/www.sinpro-rio.org.br\/principal\/\"},{\"@type\":\"ListItem\",\"position\":2,\"name\":\"Novas demiss\u00f5es promovidas pela Est\u00e1cio\"}]},{\"@type\":\"WebSite\",\"@id\":\"https:\/\/www.sinpro-rio.org.br\/principal\/#website\",\"url\":\"https:\/\/www.sinpro-rio.org.br\/principal\/\",\"name\":\"Sinpro-Rio\",\"description\":\"Sindicato dos Professores do Munic\u00edpio do Rio de Janeiro e Regi\u00e3o\",\"potentialAction\":[{\"@type\":\"SearchAction\",\"target\":{\"@type\":\"EntryPoint\",\"urlTemplate\":\"https:\/\/www.sinpro-rio.org.br\/principal\/?s={search_term_string}\"},\"query-input\":{\"@type\":\"PropertyValueSpecification\",\"valueRequired\":true,\"valueName\":\"search_term_string\"}}],\"inLanguage\":\"pt-BR\"},{\"@type\":\"Person\",\"@id\":\"https:\/\/www.sinpro-rio.org.br\/principal\/#\/schema\/person\/ee17219e64d00d037e511ae59ce2227e\",\"name\":\"alessandra\",\"image\":{\"@type\":\"ImageObject\",\"inLanguage\":\"pt-BR\",\"@id\":\"https:\/\/www.sinpro-rio.org.br\/principal\/#\/schema\/person\/image\/\",\"url\":\"https:\/\/secure.gravatar.com\/avatar\/2b43fa8c0ad8e33b46a4732549f7fb20?s=96&d=mm&r=g\",\"contentUrl\":\"https:\/\/secure.gravatar.com\/avatar\/2b43fa8c0ad8e33b46a4732549f7fb20?s=96&d=mm&r=g\",\"caption\":\"alessandra\"},\"url\":\"https:\/\/www.sinpro-rio.org.br\/principal\/author\/alessandra\/\"}]}<\/script>\n<!-- \/ Yoast SEO plugin. -->","yoast_head_json":{"title":"Novas demiss\u00f5es promovidas pela Est\u00e1cio - Sinpro-Rio","robots":{"index":"index","follow":"follow","max-snippet":"max-snippet:-1","max-image-preview":"max-image-preview:large","max-video-preview":"max-video-preview:-1"},"canonical":"https:\/\/www.sinpro-rio.org.br\/principal\/novas-demissoes-promovidas-pela-estacio\/","og_locale":"pt_BR","og_type":"article","og_title":"Novas demiss\u00f5es promovidas pela Est\u00e1cio - Sinpro-Rio","og_description":"O Sinpro-Rio teve ci\u00eancia que a institui\u00e7\u00e3o, no meio de um processo judicial de negocia\u00e7\u00e3o coletiva, optou por promover a dispensa dos\/as professores\/as.A notifica\u00e7\u00e3o de dispensa \u00e9, no m\u00ednimo, precipitada, visto que no dia 15\/07\/2020, em media\u00e7\u00e3o realizada pelo Tribunal do Trabalho, junto com o Sinpro-Rio, a institui\u00e7\u00e3o se comprometeu a apresentar proposta para celebra\u00e7\u00e3o [&hellip;]","og_url":"https:\/\/www.sinpro-rio.org.br\/principal\/novas-demissoes-promovidas-pela-estacio\/","og_site_name":"Sinpro-Rio","article_published_time":"2020-07-16T20:05:32+00:00","article_modified_time":"2023-07-07T17:38:59+00:00","og_image":[{"width":2160,"height":2160,"url":"https:\/\/www.sinpro-rio.org.br\/principal\/wp-content\/uploads\/2020\/07\/20200716_165748_0000.png","type":"image\/png"}],"author":"alessandra","twitter_card":"summary_large_image","twitter_misc":{"Escrito por":"alessandra","Est. tempo de leitura":"1 minuto"},"schema":{"@context":"https:\/\/schema.org","@graph":[{"@type":"WebPage","@id":"https:\/\/www.sinpro-rio.org.br\/principal\/novas-demissoes-promovidas-pela-estacio\/","url":"https:\/\/www.sinpro-rio.org.br\/principal\/novas-demissoes-promovidas-pela-estacio\/","name":"Novas demiss\u00f5es promovidas pela Est\u00e1cio - Sinpro-Rio","isPartOf":{"@id":"https:\/\/www.sinpro-rio.org.br\/principal\/#website"},"primaryImageOfPage":{"@id":"https:\/\/www.sinpro-rio.org.br\/principal\/novas-demissoes-promovidas-pela-estacio\/#primaryimage"},"image":{"@id":"https:\/\/www.sinpro-rio.org.br\/principal\/novas-demissoes-promovidas-pela-estacio\/#primaryimage"},"thumbnailUrl":"https:\/\/www.sinpro-rio.org.br\/principal\/wp-content\/uploads\/2020\/07\/20200716_165748_0000.png","datePublished":"2020-07-16T20:05:32+00:00","dateModified":"2023-07-07T17:38:59+00:00","author":{"@id":"https:\/\/www.sinpro-rio.org.br\/principal\/#\/schema\/person\/ee17219e64d00d037e511ae59ce2227e"},"breadcrumb":{"@id":"https:\/\/www.sinpro-rio.org.br\/principal\/novas-demissoes-promovidas-pela-estacio\/#breadcrumb"},"inLanguage":"pt-BR","potentialAction":[{"@type":"ReadAction","target":["https:\/\/www.sinpro-rio.org.br\/principal\/novas-demissoes-promovidas-pela-estacio\/"]}]},{"@type":"ImageObject","inLanguage":"pt-BR","@id":"https:\/\/www.sinpro-rio.org.br\/principal\/novas-demissoes-promovidas-pela-estacio\/#primaryimage","url":"https:\/\/www.sinpro-rio.org.br\/principal\/wp-content\/uploads\/2020\/07\/20200716_165748_0000.png","contentUrl":"https:\/\/www.sinpro-rio.org.br\/principal\/wp-content\/uploads\/2020\/07\/20200716_165748_0000.png","width":2160,"height":2160},{"@type":"BreadcrumbList","@id":"https:\/\/www.sinpro-rio.org.br\/principal\/novas-demissoes-promovidas-pela-estacio\/#breadcrumb","itemListElement":[{"@type":"ListItem","position":1,"name":"In\u00edcio","item":"https:\/\/www.sinpro-rio.org.br\/principal\/"},{"@type":"ListItem","position":2,"name":"Novas demiss\u00f5es promovidas pela Est\u00e1cio"}]},{"@type":"WebSite","@id":"https:\/\/www.sinpro-rio.org.br\/principal\/#website","url":"https:\/\/www.sinpro-rio.org.br\/principal\/","name":"Sinpro-Rio","description":"Sindicato dos Professores do Munic\u00edpio do Rio de Janeiro e Regi\u00e3o","potentialAction":[{"@type":"SearchAction","target":{"@type":"EntryPoint","urlTemplate":"https:\/\/www.sinpro-rio.org.br\/principal\/?s={search_term_string}"},"query-input":{"@type":"PropertyValueSpecification","valueRequired":true,"valueName":"search_term_string"}}],"inLanguage":"pt-BR"},{"@type":"Person","@id":"https:\/\/www.sinpro-rio.org.br\/principal\/#\/schema\/person\/ee17219e64d00d037e511ae59ce2227e","name":"alessandra","image":{"@type":"ImageObject","inLanguage":"pt-BR","@id":"https:\/\/www.sinpro-rio.org.br\/principal\/#\/schema\/person\/image\/","url":"https:\/\/secure.gravatar.com\/avatar\/2b43fa8c0ad8e33b46a4732549f7fb20?s=96&d=mm&r=g","contentUrl":"https:\/\/secure.gravatar.com\/avatar\/2b43fa8c0ad8e33b46a4732549f7fb20?s=96&d=mm&r=g","caption":"alessandra"},"url":"https:\/\/www.sinpro-rio.org.br\/principal\/author\/alessandra\/"}]}},"_links":{"self":[{"href":"https:\/\/www.sinpro-rio.org.br\/principal\/wp-json\/wp\/v2\/posts\/28602","targetHints":{"allow":["GET"]}}],"collection":[{"href":"https:\/\/www.sinpro-rio.org.br\/principal\/wp-json\/wp\/v2\/posts"}],"about":[{"href":"https:\/\/www.sinpro-rio.org.br\/principal\/wp-json\/wp\/v2\/types\/post"}],"author":[{"embeddable":true,"href":"https:\/\/www.sinpro-rio.org.br\/principal\/wp-json\/wp\/v2\/users\/2"}],"replies":[{"embeddable":true,"href":"https:\/\/www.sinpro-rio.org.br\/principal\/wp-json\/wp\/v2\/comments?post=28602"}],"version-history":[{"count":1,"href":"https:\/\/www.sinpro-rio.org.br\/principal\/wp-json\/wp\/v2\/posts\/28602\/revisions"}],"predecessor-version":[{"id":28604,"href":"https:\/\/www.sinpro-rio.org.br\/principal\/wp-json\/wp\/v2\/posts\/28602\/revisions\/28604"}],"wp:featuredmedia":[{"embeddable":true,"href":"https:\/\/www.sinpro-rio.org.br\/principal\/wp-json\/wp\/v2\/media\/28603"}],"wp:attachment":[{"href":"https:\/\/www.sinpro-rio.org.br\/principal\/wp-json\/wp\/v2\/media?parent=28602"}],"wp:term":[{"taxonomy":"category","embeddable":true,"href":"https:\/\/www.sinpro-rio.org.br\/principal\/wp-json\/wp\/v2\/categories?post=28602"},{"taxonomy":"post_tag","embeddable":true,"href":"https:\/\/www.sinpro-rio.org.br\/principal\/wp-json\/wp\/v2\/tags?post=28602"}],"curies":[{"name":"wp","href":"https:\/\/api.w.org\/{rel}","templated":true}]}}