{"id":28555,"date":"2020-07-10T07:03:00","date_gmt":"2020-07-10T10:03:00","guid":{"rendered":"https:\/\/sinpro-rio.org.br\/principal\/?p=28555"},"modified":"2020-07-16T17:55:03","modified_gmt":"2020-07-16T20:55:03","slug":"aos-pais-e-responsaveis-ainda-nao-e-hora-de-voltar","status":"publish","type":"post","link":"https:\/\/www.sinpro-rio.org.br\/principal\/aos-pais-e-responsaveis-ainda-nao-e-hora-de-voltar\/","title":{"rendered":"Aos pais e respons\u00e1veis: AINDA N\u00c3O \u00c9 HORA DE VOLTAR!"},"content":{"rendered":"\n<p>Em defesa da vida e em respeito \u00e0 ci\u00eancia tomamos a liberdade de nos dirigir especialmente a voc\u00eas, pais e respons\u00e1veis, na convic\u00e7\u00e3o de que AGORA N\u00c3O \u00c9 HORA DE VOLTAR \u00c0 ESCOLA.<br>Esta pandemia ainda evolui sem controle, muito por conta da irresponsabilidade de nossos governantes, que parecem n\u00e3o se importar com isso. N\u00f3s, em nome do sindicato dos professores &#8211; Sinpro Rio &#8211; dizemos que nos importamos e temos compromisso com a prote\u00e7\u00e3o da vida, porque lidamos com pessoas, crian\u00e7as. Aceitar a volta \u00e0s aulas agora \u00e9 &#8211; certamente &#8211; provocar o agravamento da situa\u00e7\u00e3o, com risco de um crescimento sem controle do v\u00edrus.<br>O protocolo oficial que envolve a pandemia \u00e9 bem claro no sentido de responsabilizar civil e criminalmente quem, de alguma forma, venha facilitar a propaga\u00e7\u00e3o da doen\u00e7a.<br>Como todos n\u00f3s sabemos, o que est\u00e1 em jogo \u00e9 a vida. N\u00e3o podemos colocar em risco toda a comunidade escolar que inclui, al\u00e9m dos nossos filhos e estudantes, tamb\u00e9m os profissionais da educa\u00e7\u00e3o, os membros de nossas fam\u00edlias e a sociedade em geral.<br>O momento atual exige a valoriza\u00e7\u00e3o da ci\u00eancia, \u00fanica inst\u00e2ncia capaz de garantir os caminhos a serem trilhados. \u00c9 preciso ouvir, com respeitabilidade, os \u00f3rg\u00e3os oficiais sanit\u00e1rios e de sa\u00fade (O.M.S., FIOCRUZ, UFRJ, UERJ). TODOS UN\u00c2NIMES EM AFIRMAR &#8211; ENFATICAMENTE &#8211; QUE O RETORNO \u00c0S ATIVIDADES PRESENCIAIS &#8211; AGORA &#8211; \u00c9 INADEQUADO E PERIGOSO.<br>O ensino remoto EMERGENCIAL \u00e9 uma op\u00e7\u00e3o exaustiva para professores e alunos. Mas, no momento, PRESERVA A VIDA e \u00e9 a \u00fanica forma poss\u00edvel de garantir maior seguran\u00e7a e perdas menores no campo da aprendizagem.<br>\u00c9 preciso proteger toda a comunidade escolar. S\u00f3 devemos voltar quando os \u00f3rg\u00e3os cient\u00edficos e sanit\u00e1rios considerarem oportuno.<br>BASTA DE PRESS\u00c3O. Esperemos o momento mais adequado para o retorno.<\/p>\n\n\n\n<p><strong><em>Diretoria do Sinpro-Rio <\/em><\/strong><\/p>\n\n\n\n<figure class=\"wp-block-image size-large\"><img fetchpriority=\"high\" decoding=\"async\" width=\"1024\" height=\"1024\" src=\"https:\/\/sinpro-rio.org.br\/principal\/wp-content\/uploads\/2020\/07\/IMG-20200710-WA0051-1024x1024.jpg\" alt=\"\" class=\"wp-image-28557\" srcset=\"https:\/\/www.sinpro-rio.org.br\/principal\/wp-content\/uploads\/2020\/07\/IMG-20200710-WA0051-1024x1024.jpg 1024w, https:\/\/www.sinpro-rio.org.br\/principal\/wp-content\/uploads\/2020\/07\/IMG-20200710-WA0051-300x300.jpg 300w, https:\/\/www.sinpro-rio.org.br\/principal\/wp-content\/uploads\/2020\/07\/IMG-20200710-WA0051-100x100.jpg 100w, https:\/\/www.sinpro-rio.org.br\/principal\/wp-content\/uploads\/2020\/07\/IMG-20200710-WA0051-768x768.jpg 768w, https:\/\/www.sinpro-rio.org.br\/principal\/wp-content\/uploads\/2020\/07\/IMG-20200710-WA0051.jpg 1080w\" sizes=\"(max-width: 1024px) 100vw, 1024px\" \/><\/figure>\n","protected":false},"excerpt":{"rendered":"<p>Em defesa da vida e em respeito \u00e0 ci\u00eancia tomamos a liberdade de nos dirigir especialmente a voc\u00eas, pais e respons\u00e1veis, na convic\u00e7\u00e3o de que AGORA N\u00c3O \u00c9 HORA DE VOLTAR \u00c0 ESCOLA.Esta pandemia ainda evolui sem controle, muito por conta da irresponsabilidade de nossos governantes, que parecem n\u00e3o se importar com isso. N\u00f3s, em [&hellip;]<\/p>\n","protected":false},"author":2,"featured_media":28535,"comment_status":"closed","ping_status":"closed","sticky":false,"template":"","format":"standard","meta":{"footnotes":""},"categories":[1],"tags":[],"class_list":["post-28555","post","type-post","status-publish","format-standard","has-post-thumbnail","hentry","category-noticias"],"yoast_head":"<!-- This site is optimized with the Yoast SEO plugin v25.7 - https:\/\/yoast.com\/wordpress\/plugins\/seo\/ -->\n<title>Aos pais e respons\u00e1veis: AINDA N\u00c3O \u00c9 HORA DE VOLTAR! - Sinpro-Rio<\/title>\n<meta name=\"robots\" content=\"index, follow, max-snippet:-1, max-image-preview:large, max-video-preview:-1\" \/>\n<link rel=\"canonical\" href=\"https:\/\/www.sinpro-rio.org.br\/principal\/aos-pais-e-responsaveis-ainda-nao-e-hora-de-voltar\/\" \/>\n<meta property=\"og:locale\" content=\"pt_BR\" \/>\n<meta property=\"og:type\" content=\"article\" \/>\n<meta property=\"og:title\" content=\"Aos pais e respons\u00e1veis: AINDA N\u00c3O \u00c9 HORA DE VOLTAR! - Sinpro-Rio\" \/>\n<meta property=\"og:description\" content=\"Em defesa da vida e em respeito \u00e0 ci\u00eancia tomamos a liberdade de nos dirigir especialmente a voc\u00eas, pais e respons\u00e1veis, na convic\u00e7\u00e3o de que AGORA N\u00c3O \u00c9 HORA DE VOLTAR \u00c0 ESCOLA.Esta pandemia ainda evolui sem controle, muito por conta da irresponsabilidade de nossos governantes, que parecem n\u00e3o se importar com isso. N\u00f3s, em [&hellip;]\" \/>\n<meta property=\"og:url\" content=\"https:\/\/www.sinpro-rio.org.br\/principal\/aos-pais-e-responsaveis-ainda-nao-e-hora-de-voltar\/\" \/>\n<meta property=\"og:site_name\" content=\"Sinpro-Rio\" \/>\n<meta property=\"article:published_time\" content=\"2020-07-10T10:03:00+00:00\" \/>\n<meta property=\"article:modified_time\" content=\"2020-07-16T20:55:03+00:00\" \/>\n<meta property=\"og:image\" content=\"https:\/\/www.sinpro-rio.org.br\/principal\/wp-content\/uploads\/2020\/07\/IMG-20191220-WA0096.jpg\" \/>\n\t<meta property=\"og:image:width\" content=\"1280\" \/>\n\t<meta property=\"og:image:height\" content=\"836\" \/>\n\t<meta property=\"og:image:type\" content=\"image\/jpeg\" \/>\n<meta name=\"author\" content=\"alessandra\" \/>\n<meta name=\"twitter:card\" content=\"summary_large_image\" \/>\n<meta name=\"twitter:label1\" content=\"Escrito por\" \/>\n\t<meta name=\"twitter:data1\" content=\"alessandra\" \/>\n\t<meta name=\"twitter:label2\" content=\"Est. tempo de leitura\" \/>\n\t<meta name=\"twitter:data2\" content=\"2 minutos\" \/>\n<script type=\"application\/ld+json\" class=\"yoast-schema-graph\">{\"@context\":\"https:\/\/schema.org\",\"@graph\":[{\"@type\":\"WebPage\",\"@id\":\"https:\/\/www.sinpro-rio.org.br\/principal\/aos-pais-e-responsaveis-ainda-nao-e-hora-de-voltar\/\",\"url\":\"https:\/\/www.sinpro-rio.org.br\/principal\/aos-pais-e-responsaveis-ainda-nao-e-hora-de-voltar\/\",\"name\":\"Aos pais e respons\u00e1veis: AINDA N\u00c3O \u00c9 HORA DE VOLTAR! - Sinpro-Rio\",\"isPartOf\":{\"@id\":\"https:\/\/www.sinpro-rio.org.br\/principal\/#website\"},\"primaryImageOfPage\":{\"@id\":\"https:\/\/www.sinpro-rio.org.br\/principal\/aos-pais-e-responsaveis-ainda-nao-e-hora-de-voltar\/#primaryimage\"},\"image\":{\"@id\":\"https:\/\/www.sinpro-rio.org.br\/principal\/aos-pais-e-responsaveis-ainda-nao-e-hora-de-voltar\/#primaryimage\"},\"thumbnailUrl\":\"https:\/\/www.sinpro-rio.org.br\/principal\/wp-content\/uploads\/2020\/07\/IMG-20191220-WA0096.jpg\",\"datePublished\":\"2020-07-10T10:03:00+00:00\",\"dateModified\":\"2020-07-16T20:55:03+00:00\",\"author\":{\"@id\":\"https:\/\/www.sinpro-rio.org.br\/principal\/#\/schema\/person\/ee17219e64d00d037e511ae59ce2227e\"},\"breadcrumb\":{\"@id\":\"https:\/\/www.sinpro-rio.org.br\/principal\/aos-pais-e-responsaveis-ainda-nao-e-hora-de-voltar\/#breadcrumb\"},\"inLanguage\":\"pt-BR\",\"potentialAction\":[{\"@type\":\"ReadAction\",\"target\":[\"https:\/\/www.sinpro-rio.org.br\/principal\/aos-pais-e-responsaveis-ainda-nao-e-hora-de-voltar\/\"]}]},{\"@type\":\"ImageObject\",\"inLanguage\":\"pt-BR\",\"@id\":\"https:\/\/www.sinpro-rio.org.br\/principal\/aos-pais-e-responsaveis-ainda-nao-e-hora-de-voltar\/#primaryimage\",\"url\":\"https:\/\/www.sinpro-rio.org.br\/principal\/wp-content\/uploads\/2020\/07\/IMG-20191220-WA0096.jpg\",\"contentUrl\":\"https:\/\/www.sinpro-rio.org.br\/principal\/wp-content\/uploads\/2020\/07\/IMG-20191220-WA0096.jpg\",\"width\":1280,\"height\":836},{\"@type\":\"BreadcrumbList\",\"@id\":\"https:\/\/www.sinpro-rio.org.br\/principal\/aos-pais-e-responsaveis-ainda-nao-e-hora-de-voltar\/#breadcrumb\",\"itemListElement\":[{\"@type\":\"ListItem\",\"position\":1,\"name\":\"In\u00edcio\",\"item\":\"https:\/\/www.sinpro-rio.org.br\/principal\/\"},{\"@type\":\"ListItem\",\"position\":2,\"name\":\"Aos pais e respons\u00e1veis: AINDA N\u00c3O \u00c9 HORA DE VOLTAR!\"}]},{\"@type\":\"WebSite\",\"@id\":\"https:\/\/www.sinpro-rio.org.br\/principal\/#website\",\"url\":\"https:\/\/www.sinpro-rio.org.br\/principal\/\",\"name\":\"Sinpro-Rio\",\"description\":\"Sindicato dos Professores do Munic\u00edpio do Rio de Janeiro e Regi\u00e3o\",\"potentialAction\":[{\"@type\":\"SearchAction\",\"target\":{\"@type\":\"EntryPoint\",\"urlTemplate\":\"https:\/\/www.sinpro-rio.org.br\/principal\/?s={search_term_string}\"},\"query-input\":{\"@type\":\"PropertyValueSpecification\",\"valueRequired\":true,\"valueName\":\"search_term_string\"}}],\"inLanguage\":\"pt-BR\"},{\"@type\":\"Person\",\"@id\":\"https:\/\/www.sinpro-rio.org.br\/principal\/#\/schema\/person\/ee17219e64d00d037e511ae59ce2227e\",\"name\":\"alessandra\",\"image\":{\"@type\":\"ImageObject\",\"inLanguage\":\"pt-BR\",\"@id\":\"https:\/\/www.sinpro-rio.org.br\/principal\/#\/schema\/person\/image\/\",\"url\":\"https:\/\/secure.gravatar.com\/avatar\/2b43fa8c0ad8e33b46a4732549f7fb20?s=96&d=mm&r=g\",\"contentUrl\":\"https:\/\/secure.gravatar.com\/avatar\/2b43fa8c0ad8e33b46a4732549f7fb20?s=96&d=mm&r=g\",\"caption\":\"alessandra\"},\"url\":\"https:\/\/www.sinpro-rio.org.br\/principal\/author\/alessandra\/\"}]}<\/script>\n<!-- \/ Yoast SEO plugin. -->","yoast_head_json":{"title":"Aos pais e respons\u00e1veis: AINDA N\u00c3O \u00c9 HORA DE VOLTAR! - Sinpro-Rio","robots":{"index":"index","follow":"follow","max-snippet":"max-snippet:-1","max-image-preview":"max-image-preview:large","max-video-preview":"max-video-preview:-1"},"canonical":"https:\/\/www.sinpro-rio.org.br\/principal\/aos-pais-e-responsaveis-ainda-nao-e-hora-de-voltar\/","og_locale":"pt_BR","og_type":"article","og_title":"Aos pais e respons\u00e1veis: AINDA N\u00c3O \u00c9 HORA DE VOLTAR! - Sinpro-Rio","og_description":"Em defesa da vida e em respeito \u00e0 ci\u00eancia tomamos a liberdade de nos dirigir especialmente a voc\u00eas, pais e respons\u00e1veis, na convic\u00e7\u00e3o de que AGORA N\u00c3O \u00c9 HORA DE VOLTAR \u00c0 ESCOLA.Esta pandemia ainda evolui sem controle, muito por conta da irresponsabilidade de nossos governantes, que parecem n\u00e3o se importar com isso. N\u00f3s, em [&hellip;]","og_url":"https:\/\/www.sinpro-rio.org.br\/principal\/aos-pais-e-responsaveis-ainda-nao-e-hora-de-voltar\/","og_site_name":"Sinpro-Rio","article_published_time":"2020-07-10T10:03:00+00:00","article_modified_time":"2020-07-16T20:55:03+00:00","og_image":[{"width":1280,"height":836,"url":"https:\/\/www.sinpro-rio.org.br\/principal\/wp-content\/uploads\/2020\/07\/IMG-20191220-WA0096.jpg","type":"image\/jpeg"}],"author":"alessandra","twitter_card":"summary_large_image","twitter_misc":{"Escrito por":"alessandra","Est. tempo de leitura":"2 minutos"},"schema":{"@context":"https:\/\/schema.org","@graph":[{"@type":"WebPage","@id":"https:\/\/www.sinpro-rio.org.br\/principal\/aos-pais-e-responsaveis-ainda-nao-e-hora-de-voltar\/","url":"https:\/\/www.sinpro-rio.org.br\/principal\/aos-pais-e-responsaveis-ainda-nao-e-hora-de-voltar\/","name":"Aos pais e respons\u00e1veis: AINDA N\u00c3O \u00c9 HORA DE VOLTAR! - Sinpro-Rio","isPartOf":{"@id":"https:\/\/www.sinpro-rio.org.br\/principal\/#website"},"primaryImageOfPage":{"@id":"https:\/\/www.sinpro-rio.org.br\/principal\/aos-pais-e-responsaveis-ainda-nao-e-hora-de-voltar\/#primaryimage"},"image":{"@id":"https:\/\/www.sinpro-rio.org.br\/principal\/aos-pais-e-responsaveis-ainda-nao-e-hora-de-voltar\/#primaryimage"},"thumbnailUrl":"https:\/\/www.sinpro-rio.org.br\/principal\/wp-content\/uploads\/2020\/07\/IMG-20191220-WA0096.jpg","datePublished":"2020-07-10T10:03:00+00:00","dateModified":"2020-07-16T20:55:03+00:00","author":{"@id":"https:\/\/www.sinpro-rio.org.br\/principal\/#\/schema\/person\/ee17219e64d00d037e511ae59ce2227e"},"breadcrumb":{"@id":"https:\/\/www.sinpro-rio.org.br\/principal\/aos-pais-e-responsaveis-ainda-nao-e-hora-de-voltar\/#breadcrumb"},"inLanguage":"pt-BR","potentialAction":[{"@type":"ReadAction","target":["https:\/\/www.sinpro-rio.org.br\/principal\/aos-pais-e-responsaveis-ainda-nao-e-hora-de-voltar\/"]}]},{"@type":"ImageObject","inLanguage":"pt-BR","@id":"https:\/\/www.sinpro-rio.org.br\/principal\/aos-pais-e-responsaveis-ainda-nao-e-hora-de-voltar\/#primaryimage","url":"https:\/\/www.sinpro-rio.org.br\/principal\/wp-content\/uploads\/2020\/07\/IMG-20191220-WA0096.jpg","contentUrl":"https:\/\/www.sinpro-rio.org.br\/principal\/wp-content\/uploads\/2020\/07\/IMG-20191220-WA0096.jpg","width":1280,"height":836},{"@type":"BreadcrumbList","@id":"https:\/\/www.sinpro-rio.org.br\/principal\/aos-pais-e-responsaveis-ainda-nao-e-hora-de-voltar\/#breadcrumb","itemListElement":[{"@type":"ListItem","position":1,"name":"In\u00edcio","item":"https:\/\/www.sinpro-rio.org.br\/principal\/"},{"@type":"ListItem","position":2,"name":"Aos pais e respons\u00e1veis: AINDA N\u00c3O \u00c9 HORA DE VOLTAR!"}]},{"@type":"WebSite","@id":"https:\/\/www.sinpro-rio.org.br\/principal\/#website","url":"https:\/\/www.sinpro-rio.org.br\/principal\/","name":"Sinpro-Rio","description":"Sindicato dos Professores do Munic\u00edpio do Rio de Janeiro e Regi\u00e3o","potentialAction":[{"@type":"SearchAction","target":{"@type":"EntryPoint","urlTemplate":"https:\/\/www.sinpro-rio.org.br\/principal\/?s={search_term_string}"},"query-input":{"@type":"PropertyValueSpecification","valueRequired":true,"valueName":"search_term_string"}}],"inLanguage":"pt-BR"},{"@type":"Person","@id":"https:\/\/www.sinpro-rio.org.br\/principal\/#\/schema\/person\/ee17219e64d00d037e511ae59ce2227e","name":"alessandra","image":{"@type":"ImageObject","inLanguage":"pt-BR","@id":"https:\/\/www.sinpro-rio.org.br\/principal\/#\/schema\/person\/image\/","url":"https:\/\/secure.gravatar.com\/avatar\/2b43fa8c0ad8e33b46a4732549f7fb20?s=96&d=mm&r=g","contentUrl":"https:\/\/secure.gravatar.com\/avatar\/2b43fa8c0ad8e33b46a4732549f7fb20?s=96&d=mm&r=g","caption":"alessandra"},"url":"https:\/\/www.sinpro-rio.org.br\/principal\/author\/alessandra\/"}]}},"_links":{"self":[{"href":"https:\/\/www.sinpro-rio.org.br\/principal\/wp-json\/wp\/v2\/posts\/28555","targetHints":{"allow":["GET"]}}],"collection":[{"href":"https:\/\/www.sinpro-rio.org.br\/principal\/wp-json\/wp\/v2\/posts"}],"about":[{"href":"https:\/\/www.sinpro-rio.org.br\/principal\/wp-json\/wp\/v2\/types\/post"}],"author":[{"embeddable":true,"href":"https:\/\/www.sinpro-rio.org.br\/principal\/wp-json\/wp\/v2\/users\/2"}],"replies":[{"embeddable":true,"href":"https:\/\/www.sinpro-rio.org.br\/principal\/wp-json\/wp\/v2\/comments?post=28555"}],"version-history":[{"count":2,"href":"https:\/\/www.sinpro-rio.org.br\/principal\/wp-json\/wp\/v2\/posts\/28555\/revisions"}],"predecessor-version":[{"id":28558,"href":"https:\/\/www.sinpro-rio.org.br\/principal\/wp-json\/wp\/v2\/posts\/28555\/revisions\/28558"}],"wp:featuredmedia":[{"embeddable":true,"href":"https:\/\/www.sinpro-rio.org.br\/principal\/wp-json\/wp\/v2\/media\/28535"}],"wp:attachment":[{"href":"https:\/\/www.sinpro-rio.org.br\/principal\/wp-json\/wp\/v2\/media?parent=28555"}],"wp:term":[{"taxonomy":"category","embeddable":true,"href":"https:\/\/www.sinpro-rio.org.br\/principal\/wp-json\/wp\/v2\/categories?post=28555"},{"taxonomy":"post_tag","embeddable":true,"href":"https:\/\/www.sinpro-rio.org.br\/principal\/wp-json\/wp\/v2\/tags?post=28555"}],"curies":[{"name":"wp","href":"https:\/\/api.w.org\/{rel}","templated":true}]}}