{"id":28534,"date":"2020-07-09T15:41:10","date_gmt":"2020-07-09T18:41:10","guid":{"rendered":"https:\/\/sinpro-rio.org.br\/principal\/?p=28534"},"modified":"2020-07-10T16:40:17","modified_gmt":"2020-07-10T19:40:17","slug":"nota-do-sinpro-rio-orientacoes-aos-as-professores-as","status":"publish","type":"post","link":"https:\/\/www.sinpro-rio.org.br\/principal\/nota-do-sinpro-rio-orientacoes-aos-as-professores-as\/","title":{"rendered":"Nota do Sinpro-Rio: orienta\u00e7\u00f5es aos\/\u00e0s professores\/as"},"content":{"rendered":"\n<p>A greve foi deflagrada pela categoria para defender a sa\u00fade dos professores\/as, dos alunos, familiares e demais trabalhadores da comunidade escolar.<\/p>\n\n\n\n<p>N\u00e3o existem condi\u00e7\u00f5es para o retorno \u00e0s atividades presenciais, conforme estudos elaborados pela Funda\u00e7\u00e3o Oswaldo Cruz.<\/p>\n\n\n\n<p>As atividades remotas (teleaulas), embora precarizem o ensino e aumentem o trabalho dos professores\/as, poder\u00e3o seguir. A delibera\u00e7\u00e3o foi pela greve parcial SEM O RETORNO DAS ATIVIDADES PRESENCIAIS.<\/p>\n\n\n\n<p>O que est\u00e1 em jogo \u00e9 o direito \u00e0 VIDA.<\/p>\n\n\n\n<p>Ressaltamos que o Decreto n\u00ba 47152\/2020 do Governo do Estado, que \u00e9 v\u00e1lido da creche ao ensino m\u00e9dio e universidades privadas e p\u00fablicas, proibiu a abertura dos estabelecimentos at\u00e9 o dia 21 de julho de 2020.<\/p>\n\n\n\n<ul class=\"wp-block-list\"><li><strong><em>GREVE PELA VIDA!<\/em><\/strong><\/li><li><strong><em>N\u00c3O \u00c0 VOLTA \u00c0 ESCOLA, AGORA!<\/em><\/strong><\/li><li><strong><em>CONTINUAREMOS COM AS ATIVIDADES REMOTAS!<\/em><\/strong><\/li><\/ul>\n\n\n\n<p><strong><em>DIRETORIA DO SINPRO-RIO<\/em><\/strong><\/p>\n\n\n\n<ul class=\"wp-block-list\"><li>Fique por dentro do Decreto <a href=\"https:\/\/sinpro-rio.org.br\/principal\/atencao-professores-as-decreto-do-governador-fala-em-suspensao-do-retorno-as-escolas-ate-21-de-julho\/\">AQUI!<\/a><\/li><\/ul>\n","protected":false},"excerpt":{"rendered":"<p>A greve foi deflagrada pela categoria para defender a sa\u00fade dos professores\/as, dos alunos, familiares e demais trabalhadores da comunidade escolar. N\u00e3o existem condi\u00e7\u00f5es para o retorno \u00e0s atividades presenciais, conforme estudos elaborados pela Funda\u00e7\u00e3o Oswaldo Cruz. As atividades remotas (teleaulas), embora precarizem o ensino e aumentem o trabalho dos professores\/as, poder\u00e3o seguir. A delibera\u00e7\u00e3o [&hellip;]<\/p>\n","protected":false},"author":2,"featured_media":28535,"comment_status":"closed","ping_status":"closed","sticky":false,"template":"","format":"standard","meta":{"footnotes":""},"categories":[1],"tags":[],"class_list":["post-28534","post","type-post","status-publish","format-standard","has-post-thumbnail","hentry","category-noticias"],"yoast_head":"<!-- This site is optimized with the Yoast SEO plugin v25.7 - https:\/\/yoast.com\/wordpress\/plugins\/seo\/ -->\n<title>Nota do Sinpro-Rio: orienta\u00e7\u00f5es aos\/\u00e0s professores\/as - Sinpro-Rio<\/title>\n<meta name=\"robots\" content=\"index, follow, max-snippet:-1, max-image-preview:large, max-video-preview:-1\" \/>\n<link rel=\"canonical\" href=\"https:\/\/www.sinpro-rio.org.br\/principal\/nota-do-sinpro-rio-orientacoes-aos-as-professores-as\/\" \/>\n<meta property=\"og:locale\" content=\"pt_BR\" \/>\n<meta property=\"og:type\" content=\"article\" \/>\n<meta property=\"og:title\" content=\"Nota do Sinpro-Rio: orienta\u00e7\u00f5es aos\/\u00e0s professores\/as - Sinpro-Rio\" \/>\n<meta property=\"og:description\" content=\"A greve foi deflagrada pela categoria para defender a sa\u00fade dos professores\/as, dos alunos, familiares e demais trabalhadores da comunidade escolar. N\u00e3o existem condi\u00e7\u00f5es para o retorno \u00e0s atividades presenciais, conforme estudos elaborados pela Funda\u00e7\u00e3o Oswaldo Cruz. As atividades remotas (teleaulas), embora precarizem o ensino e aumentem o trabalho dos professores\/as, poder\u00e3o seguir. A delibera\u00e7\u00e3o [&hellip;]\" \/>\n<meta property=\"og:url\" content=\"https:\/\/www.sinpro-rio.org.br\/principal\/nota-do-sinpro-rio-orientacoes-aos-as-professores-as\/\" \/>\n<meta property=\"og:site_name\" content=\"Sinpro-Rio\" \/>\n<meta property=\"article:published_time\" content=\"2020-07-09T18:41:10+00:00\" \/>\n<meta property=\"article:modified_time\" content=\"2020-07-10T19:40:17+00:00\" \/>\n<meta property=\"og:image\" content=\"https:\/\/www.sinpro-rio.org.br\/principal\/wp-content\/uploads\/2020\/07\/IMG-20191220-WA0096.jpg\" \/>\n\t<meta property=\"og:image:width\" content=\"1280\" \/>\n\t<meta property=\"og:image:height\" content=\"836\" \/>\n\t<meta property=\"og:image:type\" content=\"image\/jpeg\" \/>\n<meta name=\"author\" content=\"alessandra\" \/>\n<meta name=\"twitter:card\" content=\"summary_large_image\" \/>\n<meta name=\"twitter:label1\" content=\"Escrito por\" \/>\n\t<meta name=\"twitter:data1\" content=\"alessandra\" \/>\n\t<meta name=\"twitter:label2\" content=\"Est. tempo de leitura\" \/>\n\t<meta name=\"twitter:data2\" content=\"1 minuto\" \/>\n<script type=\"application\/ld+json\" class=\"yoast-schema-graph\">{\"@context\":\"https:\/\/schema.org\",\"@graph\":[{\"@type\":\"WebPage\",\"@id\":\"https:\/\/www.sinpro-rio.org.br\/principal\/nota-do-sinpro-rio-orientacoes-aos-as-professores-as\/\",\"url\":\"https:\/\/www.sinpro-rio.org.br\/principal\/nota-do-sinpro-rio-orientacoes-aos-as-professores-as\/\",\"name\":\"Nota do Sinpro-Rio: orienta\u00e7\u00f5es aos\/\u00e0s professores\/as - Sinpro-Rio\",\"isPartOf\":{\"@id\":\"https:\/\/www.sinpro-rio.org.br\/principal\/#website\"},\"primaryImageOfPage\":{\"@id\":\"https:\/\/www.sinpro-rio.org.br\/principal\/nota-do-sinpro-rio-orientacoes-aos-as-professores-as\/#primaryimage\"},\"image\":{\"@id\":\"https:\/\/www.sinpro-rio.org.br\/principal\/nota-do-sinpro-rio-orientacoes-aos-as-professores-as\/#primaryimage\"},\"thumbnailUrl\":\"https:\/\/www.sinpro-rio.org.br\/principal\/wp-content\/uploads\/2020\/07\/IMG-20191220-WA0096.jpg\",\"datePublished\":\"2020-07-09T18:41:10+00:00\",\"dateModified\":\"2020-07-10T19:40:17+00:00\",\"author\":{\"@id\":\"https:\/\/www.sinpro-rio.org.br\/principal\/#\/schema\/person\/ee17219e64d00d037e511ae59ce2227e\"},\"breadcrumb\":{\"@id\":\"https:\/\/www.sinpro-rio.org.br\/principal\/nota-do-sinpro-rio-orientacoes-aos-as-professores-as\/#breadcrumb\"},\"inLanguage\":\"pt-BR\",\"potentialAction\":[{\"@type\":\"ReadAction\",\"target\":[\"https:\/\/www.sinpro-rio.org.br\/principal\/nota-do-sinpro-rio-orientacoes-aos-as-professores-as\/\"]}]},{\"@type\":\"ImageObject\",\"inLanguage\":\"pt-BR\",\"@id\":\"https:\/\/www.sinpro-rio.org.br\/principal\/nota-do-sinpro-rio-orientacoes-aos-as-professores-as\/#primaryimage\",\"url\":\"https:\/\/www.sinpro-rio.org.br\/principal\/wp-content\/uploads\/2020\/07\/IMG-20191220-WA0096.jpg\",\"contentUrl\":\"https:\/\/www.sinpro-rio.org.br\/principal\/wp-content\/uploads\/2020\/07\/IMG-20191220-WA0096.jpg\",\"width\":1280,\"height\":836},{\"@type\":\"BreadcrumbList\",\"@id\":\"https:\/\/www.sinpro-rio.org.br\/principal\/nota-do-sinpro-rio-orientacoes-aos-as-professores-as\/#breadcrumb\",\"itemListElement\":[{\"@type\":\"ListItem\",\"position\":1,\"name\":\"In\u00edcio\",\"item\":\"https:\/\/www.sinpro-rio.org.br\/principal\/\"},{\"@type\":\"ListItem\",\"position\":2,\"name\":\"Nota do Sinpro-Rio: orienta\u00e7\u00f5es aos\/\u00e0s professores\/as\"}]},{\"@type\":\"WebSite\",\"@id\":\"https:\/\/www.sinpro-rio.org.br\/principal\/#website\",\"url\":\"https:\/\/www.sinpro-rio.org.br\/principal\/\",\"name\":\"Sinpro-Rio\",\"description\":\"Sindicato dos Professores do Munic\u00edpio do Rio de Janeiro e Regi\u00e3o\",\"potentialAction\":[{\"@type\":\"SearchAction\",\"target\":{\"@type\":\"EntryPoint\",\"urlTemplate\":\"https:\/\/www.sinpro-rio.org.br\/principal\/?s={search_term_string}\"},\"query-input\":{\"@type\":\"PropertyValueSpecification\",\"valueRequired\":true,\"valueName\":\"search_term_string\"}}],\"inLanguage\":\"pt-BR\"},{\"@type\":\"Person\",\"@id\":\"https:\/\/www.sinpro-rio.org.br\/principal\/#\/schema\/person\/ee17219e64d00d037e511ae59ce2227e\",\"name\":\"alessandra\",\"image\":{\"@type\":\"ImageObject\",\"inLanguage\":\"pt-BR\",\"@id\":\"https:\/\/www.sinpro-rio.org.br\/principal\/#\/schema\/person\/image\/\",\"url\":\"https:\/\/secure.gravatar.com\/avatar\/2b43fa8c0ad8e33b46a4732549f7fb20?s=96&d=mm&r=g\",\"contentUrl\":\"https:\/\/secure.gravatar.com\/avatar\/2b43fa8c0ad8e33b46a4732549f7fb20?s=96&d=mm&r=g\",\"caption\":\"alessandra\"},\"url\":\"https:\/\/www.sinpro-rio.org.br\/principal\/author\/alessandra\/\"}]}<\/script>\n<!-- \/ Yoast SEO plugin. -->","yoast_head_json":{"title":"Nota do Sinpro-Rio: orienta\u00e7\u00f5es aos\/\u00e0s professores\/as - Sinpro-Rio","robots":{"index":"index","follow":"follow","max-snippet":"max-snippet:-1","max-image-preview":"max-image-preview:large","max-video-preview":"max-video-preview:-1"},"canonical":"https:\/\/www.sinpro-rio.org.br\/principal\/nota-do-sinpro-rio-orientacoes-aos-as-professores-as\/","og_locale":"pt_BR","og_type":"article","og_title":"Nota do Sinpro-Rio: orienta\u00e7\u00f5es aos\/\u00e0s professores\/as - Sinpro-Rio","og_description":"A greve foi deflagrada pela categoria para defender a sa\u00fade dos professores\/as, dos alunos, familiares e demais trabalhadores da comunidade escolar. N\u00e3o existem condi\u00e7\u00f5es para o retorno \u00e0s atividades presenciais, conforme estudos elaborados pela Funda\u00e7\u00e3o Oswaldo Cruz. As atividades remotas (teleaulas), embora precarizem o ensino e aumentem o trabalho dos professores\/as, poder\u00e3o seguir. A delibera\u00e7\u00e3o [&hellip;]","og_url":"https:\/\/www.sinpro-rio.org.br\/principal\/nota-do-sinpro-rio-orientacoes-aos-as-professores-as\/","og_site_name":"Sinpro-Rio","article_published_time":"2020-07-09T18:41:10+00:00","article_modified_time":"2020-07-10T19:40:17+00:00","og_image":[{"width":1280,"height":836,"url":"https:\/\/www.sinpro-rio.org.br\/principal\/wp-content\/uploads\/2020\/07\/IMG-20191220-WA0096.jpg","type":"image\/jpeg"}],"author":"alessandra","twitter_card":"summary_large_image","twitter_misc":{"Escrito por":"alessandra","Est. tempo de leitura":"1 minuto"},"schema":{"@context":"https:\/\/schema.org","@graph":[{"@type":"WebPage","@id":"https:\/\/www.sinpro-rio.org.br\/principal\/nota-do-sinpro-rio-orientacoes-aos-as-professores-as\/","url":"https:\/\/www.sinpro-rio.org.br\/principal\/nota-do-sinpro-rio-orientacoes-aos-as-professores-as\/","name":"Nota do Sinpro-Rio: orienta\u00e7\u00f5es aos\/\u00e0s professores\/as - Sinpro-Rio","isPartOf":{"@id":"https:\/\/www.sinpro-rio.org.br\/principal\/#website"},"primaryImageOfPage":{"@id":"https:\/\/www.sinpro-rio.org.br\/principal\/nota-do-sinpro-rio-orientacoes-aos-as-professores-as\/#primaryimage"},"image":{"@id":"https:\/\/www.sinpro-rio.org.br\/principal\/nota-do-sinpro-rio-orientacoes-aos-as-professores-as\/#primaryimage"},"thumbnailUrl":"https:\/\/www.sinpro-rio.org.br\/principal\/wp-content\/uploads\/2020\/07\/IMG-20191220-WA0096.jpg","datePublished":"2020-07-09T18:41:10+00:00","dateModified":"2020-07-10T19:40:17+00:00","author":{"@id":"https:\/\/www.sinpro-rio.org.br\/principal\/#\/schema\/person\/ee17219e64d00d037e511ae59ce2227e"},"breadcrumb":{"@id":"https:\/\/www.sinpro-rio.org.br\/principal\/nota-do-sinpro-rio-orientacoes-aos-as-professores-as\/#breadcrumb"},"inLanguage":"pt-BR","potentialAction":[{"@type":"ReadAction","target":["https:\/\/www.sinpro-rio.org.br\/principal\/nota-do-sinpro-rio-orientacoes-aos-as-professores-as\/"]}]},{"@type":"ImageObject","inLanguage":"pt-BR","@id":"https:\/\/www.sinpro-rio.org.br\/principal\/nota-do-sinpro-rio-orientacoes-aos-as-professores-as\/#primaryimage","url":"https:\/\/www.sinpro-rio.org.br\/principal\/wp-content\/uploads\/2020\/07\/IMG-20191220-WA0096.jpg","contentUrl":"https:\/\/www.sinpro-rio.org.br\/principal\/wp-content\/uploads\/2020\/07\/IMG-20191220-WA0096.jpg","width":1280,"height":836},{"@type":"BreadcrumbList","@id":"https:\/\/www.sinpro-rio.org.br\/principal\/nota-do-sinpro-rio-orientacoes-aos-as-professores-as\/#breadcrumb","itemListElement":[{"@type":"ListItem","position":1,"name":"In\u00edcio","item":"https:\/\/www.sinpro-rio.org.br\/principal\/"},{"@type":"ListItem","position":2,"name":"Nota do Sinpro-Rio: orienta\u00e7\u00f5es aos\/\u00e0s professores\/as"}]},{"@type":"WebSite","@id":"https:\/\/www.sinpro-rio.org.br\/principal\/#website","url":"https:\/\/www.sinpro-rio.org.br\/principal\/","name":"Sinpro-Rio","description":"Sindicato dos Professores do Munic\u00edpio do Rio de Janeiro e Regi\u00e3o","potentialAction":[{"@type":"SearchAction","target":{"@type":"EntryPoint","urlTemplate":"https:\/\/www.sinpro-rio.org.br\/principal\/?s={search_term_string}"},"query-input":{"@type":"PropertyValueSpecification","valueRequired":true,"valueName":"search_term_string"}}],"inLanguage":"pt-BR"},{"@type":"Person","@id":"https:\/\/www.sinpro-rio.org.br\/principal\/#\/schema\/person\/ee17219e64d00d037e511ae59ce2227e","name":"alessandra","image":{"@type":"ImageObject","inLanguage":"pt-BR","@id":"https:\/\/www.sinpro-rio.org.br\/principal\/#\/schema\/person\/image\/","url":"https:\/\/secure.gravatar.com\/avatar\/2b43fa8c0ad8e33b46a4732549f7fb20?s=96&d=mm&r=g","contentUrl":"https:\/\/secure.gravatar.com\/avatar\/2b43fa8c0ad8e33b46a4732549f7fb20?s=96&d=mm&r=g","caption":"alessandra"},"url":"https:\/\/www.sinpro-rio.org.br\/principal\/author\/alessandra\/"}]}},"_links":{"self":[{"href":"https:\/\/www.sinpro-rio.org.br\/principal\/wp-json\/wp\/v2\/posts\/28534","targetHints":{"allow":["GET"]}}],"collection":[{"href":"https:\/\/www.sinpro-rio.org.br\/principal\/wp-json\/wp\/v2\/posts"}],"about":[{"href":"https:\/\/www.sinpro-rio.org.br\/principal\/wp-json\/wp\/v2\/types\/post"}],"author":[{"embeddable":true,"href":"https:\/\/www.sinpro-rio.org.br\/principal\/wp-json\/wp\/v2\/users\/2"}],"replies":[{"embeddable":true,"href":"https:\/\/www.sinpro-rio.org.br\/principal\/wp-json\/wp\/v2\/comments?post=28534"}],"version-history":[{"count":2,"href":"https:\/\/www.sinpro-rio.org.br\/principal\/wp-json\/wp\/v2\/posts\/28534\/revisions"}],"predecessor-version":[{"id":28551,"href":"https:\/\/www.sinpro-rio.org.br\/principal\/wp-json\/wp\/v2\/posts\/28534\/revisions\/28551"}],"wp:featuredmedia":[{"embeddable":true,"href":"https:\/\/www.sinpro-rio.org.br\/principal\/wp-json\/wp\/v2\/media\/28535"}],"wp:attachment":[{"href":"https:\/\/www.sinpro-rio.org.br\/principal\/wp-json\/wp\/v2\/media?parent=28534"}],"wp:term":[{"taxonomy":"category","embeddable":true,"href":"https:\/\/www.sinpro-rio.org.br\/principal\/wp-json\/wp\/v2\/categories?post=28534"},{"taxonomy":"post_tag","embeddable":true,"href":"https:\/\/www.sinpro-rio.org.br\/principal\/wp-json\/wp\/v2\/tags?post=28534"}],"curies":[{"name":"wp","href":"https:\/\/api.w.org\/{rel}","templated":true}]}}