{"id":28514,"date":"2020-07-07T18:20:54","date_gmt":"2020-07-07T21:20:54","guid":{"rendered":"https:\/\/sinpro-rio.org.br\/principal\/?p=28514"},"modified":"2020-07-07T18:20:54","modified_gmt":"2020-07-07T21:20:54","slug":"todo-apoio-a-greve-dos-professores-da-educacao-privada-do-municipio-rj","status":"publish","type":"post","link":"https:\/\/www.sinpro-rio.org.br\/principal\/todo-apoio-a-greve-dos-professores-da-educacao-privada-do-municipio-rj\/","title":{"rendered":"TODO APOIO \u00c0 GREVE DOS PROFESSORES DA EDUCA\u00c7\u00c3O PRIVADA DO MUNIC\u00cdPIO RJ"},"content":{"rendered":"\n<p>A Federa\u00e7\u00e3o dos Trabalhadores em Estabelecimentos de Ensino no Estado do Rio de Janeiro (Feteerj) e os Sindicatos dos Professores (Sinpros) filiados prestam total solidariedade \u00e0 greve das educadoras(es) que trabalham nas institui\u00e7\u00f5es privadas de ensino da capital fluminense contra a reabertura das atividades presenciais em plena pandemia do coronav\u00edrus.<\/p>\n\n\n\n<p>A greve foi aprovada nesse s\u00e1bado (04), quase por unanimidade, em assembleia on-line com mais de 600 pessoas, devidamente cadastradas, convocada pelo Sinpro-Rio. Na assembleia, a categoria se colocou contra a decis\u00e3o da prefeitura de liberar o trabalho a partir de 10 de julho.<\/p>\n\n\n\n<p>A libera\u00e7\u00e3o da volta das atividades presenciais se d\u00e1 sem qualquer base cient\u00edfica e na contram\u00e3o das medidas recomendadas pelos principais organismos de pesquisa que est\u00e3o \u00e0 frente do combate \u00e0 pandemia do coronav\u00edrus, tais como a Fiocruz e universidades p\u00fablicas; se d\u00e1 contra a orienta\u00e7\u00e3o do governo do estado RJ e da Secretaria de Educa\u00e7\u00e3o do Estado (Seeduc), que planejam o retorno \u00e0s aulas na rede apenas para meados de setembro; se d\u00e1 contra a pr\u00f3pria decis\u00e3o da prefeitura RJ em rela\u00e7\u00e3o \u00e0 sua rede municipal, prevista para retornar no in\u00edcio de agosto \u2013 data que poder\u00e1 ser postergada, que \u00e9 o que prop\u00f5e a maioria do Grupo de Trabalho organizado pela SME-RJ para discutir a situa\u00e7\u00e3o na rede publica municipal.<\/p>\n\n\n\n<p>\u00c9 incompreens\u00edvel que os professores(as) das institui\u00e7\u00f5es privadas de ensino sejam tratados de modo diferente das escolas p\u00fablicas, voltando antes \u00e0s aulas presenciais, como se fosse um estratagema perverso de \u201ctestagem\u201d. No entanto, lembramos que estamos falando das vidas de nossos estudantes, professoras, professores, demais funcion\u00e1rios, pais e respons\u00e1veis.<\/p>\n\n\n\n<p>Lembrando a triste nota de que j\u00e1 morreram por covid cerda de 7 mil pessoas somente no munic\u00edpio do Rio, com mais de 60 mil infectados (dados oficiais). Ou seja, a libera\u00e7\u00e3o das escolas privadas da capital, nesse momento, \u00e9 um absurdo que tem que ser combatido por toda a sociedade.<\/p>\n\n\n\n<p>N\u00e3o \u00e0 toa o Sinpro-Rio chama a mobiliza\u00e7\u00e3o de \u201cGreve em Defesa da Vida\u201d.<\/p>\n\n\n\n<p>Com isso, a Feteerj e os demais Sindicatos dos Professores de todo o estado se solidarizam com a categoria do munic\u00edpio do Rio de Janeiro. N\u00e3o \u00e9 hora de reabrir as escolas!<\/p>\n\n\n\n<p>Leia a nota no site da Feteerj <a href=\"https:\/\/www.feteerj.org.br\/todo-apoio-a-greve-da-educacao-privada-de-ensino-do-municipio-rj\/\">AQUI!<\/a><\/p>\n","protected":false},"excerpt":{"rendered":"<p>A Federa\u00e7\u00e3o dos Trabalhadores em Estabelecimentos de Ensino no Estado do Rio de Janeiro (Feteerj) e os Sindicatos dos Professores (Sinpros) filiados prestam total solidariedade \u00e0 greve das educadoras(es) que trabalham nas institui\u00e7\u00f5es privadas de ensino da capital fluminense contra a reabertura das atividades presenciais em plena pandemia do coronav\u00edrus. A greve foi aprovada nesse [&hellip;]<\/p>\n","protected":false},"author":2,"featured_media":28515,"comment_status":"closed","ping_status":"closed","sticky":false,"template":"","format":"standard","meta":{"footnotes":""},"categories":[1],"tags":[],"class_list":["post-28514","post","type-post","status-publish","format-standard","has-post-thumbnail","hentry","category-noticias"],"yoast_head":"<!-- This site is optimized with the Yoast SEO plugin v25.7 - https:\/\/yoast.com\/wordpress\/plugins\/seo\/ -->\n<title>TODO APOIO \u00c0 GREVE DOS PROFESSORES DA EDUCA\u00c7\u00c3O PRIVADA DO MUNIC\u00cdPIO RJ - Sinpro-Rio<\/title>\n<meta name=\"robots\" content=\"index, follow, max-snippet:-1, max-image-preview:large, max-video-preview:-1\" \/>\n<link rel=\"canonical\" href=\"https:\/\/www.sinpro-rio.org.br\/principal\/todo-apoio-a-greve-dos-professores-da-educacao-privada-do-municipio-rj\/\" \/>\n<meta property=\"og:locale\" content=\"pt_BR\" \/>\n<meta property=\"og:type\" content=\"article\" \/>\n<meta property=\"og:title\" content=\"TODO APOIO \u00c0 GREVE DOS PROFESSORES DA EDUCA\u00c7\u00c3O PRIVADA DO MUNIC\u00cdPIO RJ - Sinpro-Rio\" \/>\n<meta property=\"og:description\" content=\"A Federa\u00e7\u00e3o dos Trabalhadores em Estabelecimentos de Ensino no Estado do Rio de Janeiro (Feteerj) e os Sindicatos dos Professores (Sinpros) filiados prestam total solidariedade \u00e0 greve das educadoras(es) que trabalham nas institui\u00e7\u00f5es privadas de ensino da capital fluminense contra a reabertura das atividades presenciais em plena pandemia do coronav\u00edrus. A greve foi aprovada nesse [&hellip;]\" \/>\n<meta property=\"og:url\" content=\"https:\/\/www.sinpro-rio.org.br\/principal\/todo-apoio-a-greve-dos-professores-da-educacao-privada-do-municipio-rj\/\" \/>\n<meta property=\"og:site_name\" content=\"Sinpro-Rio\" \/>\n<meta property=\"article:published_time\" content=\"2020-07-07T21:20:54+00:00\" \/>\n<meta property=\"og:image\" content=\"https:\/\/www.sinpro-rio.org.br\/principal\/wp-content\/uploads\/2020\/07\/IMG-20191220-WA0088.jpg\" \/>\n\t<meta property=\"og:image:width\" content=\"1280\" \/>\n\t<meta property=\"og:image:height\" content=\"862\" \/>\n\t<meta property=\"og:image:type\" content=\"image\/jpeg\" \/>\n<meta name=\"author\" content=\"alessandra\" \/>\n<meta name=\"twitter:card\" content=\"summary_large_image\" \/>\n<meta name=\"twitter:label1\" content=\"Escrito por\" \/>\n\t<meta name=\"twitter:data1\" content=\"alessandra\" \/>\n\t<meta name=\"twitter:label2\" content=\"Est. tempo de leitura\" \/>\n\t<meta name=\"twitter:data2\" content=\"2 minutos\" \/>\n<script type=\"application\/ld+json\" class=\"yoast-schema-graph\">{\"@context\":\"https:\/\/schema.org\",\"@graph\":[{\"@type\":\"WebPage\",\"@id\":\"https:\/\/www.sinpro-rio.org.br\/principal\/todo-apoio-a-greve-dos-professores-da-educacao-privada-do-municipio-rj\/\",\"url\":\"https:\/\/www.sinpro-rio.org.br\/principal\/todo-apoio-a-greve-dos-professores-da-educacao-privada-do-municipio-rj\/\",\"name\":\"TODO APOIO \u00c0 GREVE DOS PROFESSORES DA EDUCA\u00c7\u00c3O PRIVADA DO MUNIC\u00cdPIO RJ - Sinpro-Rio\",\"isPartOf\":{\"@id\":\"https:\/\/www.sinpro-rio.org.br\/principal\/#website\"},\"primaryImageOfPage\":{\"@id\":\"https:\/\/www.sinpro-rio.org.br\/principal\/todo-apoio-a-greve-dos-professores-da-educacao-privada-do-municipio-rj\/#primaryimage\"},\"image\":{\"@id\":\"https:\/\/www.sinpro-rio.org.br\/principal\/todo-apoio-a-greve-dos-professores-da-educacao-privada-do-municipio-rj\/#primaryimage\"},\"thumbnailUrl\":\"https:\/\/www.sinpro-rio.org.br\/principal\/wp-content\/uploads\/2020\/07\/IMG-20191220-WA0088.jpg\",\"datePublished\":\"2020-07-07T21:20:54+00:00\",\"author\":{\"@id\":\"https:\/\/www.sinpro-rio.org.br\/principal\/#\/schema\/person\/ee17219e64d00d037e511ae59ce2227e\"},\"breadcrumb\":{\"@id\":\"https:\/\/www.sinpro-rio.org.br\/principal\/todo-apoio-a-greve-dos-professores-da-educacao-privada-do-municipio-rj\/#breadcrumb\"},\"inLanguage\":\"pt-BR\",\"potentialAction\":[{\"@type\":\"ReadAction\",\"target\":[\"https:\/\/www.sinpro-rio.org.br\/principal\/todo-apoio-a-greve-dos-professores-da-educacao-privada-do-municipio-rj\/\"]}]},{\"@type\":\"ImageObject\",\"inLanguage\":\"pt-BR\",\"@id\":\"https:\/\/www.sinpro-rio.org.br\/principal\/todo-apoio-a-greve-dos-professores-da-educacao-privada-do-municipio-rj\/#primaryimage\",\"url\":\"https:\/\/www.sinpro-rio.org.br\/principal\/wp-content\/uploads\/2020\/07\/IMG-20191220-WA0088.jpg\",\"contentUrl\":\"https:\/\/www.sinpro-rio.org.br\/principal\/wp-content\/uploads\/2020\/07\/IMG-20191220-WA0088.jpg\",\"width\":1280,\"height\":862},{\"@type\":\"BreadcrumbList\",\"@id\":\"https:\/\/www.sinpro-rio.org.br\/principal\/todo-apoio-a-greve-dos-professores-da-educacao-privada-do-municipio-rj\/#breadcrumb\",\"itemListElement\":[{\"@type\":\"ListItem\",\"position\":1,\"name\":\"In\u00edcio\",\"item\":\"https:\/\/www.sinpro-rio.org.br\/principal\/\"},{\"@type\":\"ListItem\",\"position\":2,\"name\":\"TODO APOIO \u00c0 GREVE DOS PROFESSORES DA EDUCA\u00c7\u00c3O PRIVADA DO MUNIC\u00cdPIO RJ\"}]},{\"@type\":\"WebSite\",\"@id\":\"https:\/\/www.sinpro-rio.org.br\/principal\/#website\",\"url\":\"https:\/\/www.sinpro-rio.org.br\/principal\/\",\"name\":\"Sinpro-Rio\",\"description\":\"Sindicato dos Professores do Munic\u00edpio do Rio de Janeiro e Regi\u00e3o\",\"potentialAction\":[{\"@type\":\"SearchAction\",\"target\":{\"@type\":\"EntryPoint\",\"urlTemplate\":\"https:\/\/www.sinpro-rio.org.br\/principal\/?s={search_term_string}\"},\"query-input\":{\"@type\":\"PropertyValueSpecification\",\"valueRequired\":true,\"valueName\":\"search_term_string\"}}],\"inLanguage\":\"pt-BR\"},{\"@type\":\"Person\",\"@id\":\"https:\/\/www.sinpro-rio.org.br\/principal\/#\/schema\/person\/ee17219e64d00d037e511ae59ce2227e\",\"name\":\"alessandra\",\"image\":{\"@type\":\"ImageObject\",\"inLanguage\":\"pt-BR\",\"@id\":\"https:\/\/www.sinpro-rio.org.br\/principal\/#\/schema\/person\/image\/\",\"url\":\"https:\/\/secure.gravatar.com\/avatar\/2b43fa8c0ad8e33b46a4732549f7fb20?s=96&d=mm&r=g\",\"contentUrl\":\"https:\/\/secure.gravatar.com\/avatar\/2b43fa8c0ad8e33b46a4732549f7fb20?s=96&d=mm&r=g\",\"caption\":\"alessandra\"},\"url\":\"https:\/\/www.sinpro-rio.org.br\/principal\/author\/alessandra\/\"}]}<\/script>\n<!-- \/ Yoast SEO plugin. -->","yoast_head_json":{"title":"TODO APOIO \u00c0 GREVE DOS PROFESSORES DA EDUCA\u00c7\u00c3O PRIVADA DO MUNIC\u00cdPIO RJ - Sinpro-Rio","robots":{"index":"index","follow":"follow","max-snippet":"max-snippet:-1","max-image-preview":"max-image-preview:large","max-video-preview":"max-video-preview:-1"},"canonical":"https:\/\/www.sinpro-rio.org.br\/principal\/todo-apoio-a-greve-dos-professores-da-educacao-privada-do-municipio-rj\/","og_locale":"pt_BR","og_type":"article","og_title":"TODO APOIO \u00c0 GREVE DOS PROFESSORES DA EDUCA\u00c7\u00c3O PRIVADA DO MUNIC\u00cdPIO RJ - Sinpro-Rio","og_description":"A Federa\u00e7\u00e3o dos Trabalhadores em Estabelecimentos de Ensino no Estado do Rio de Janeiro (Feteerj) e os Sindicatos dos Professores (Sinpros) filiados prestam total solidariedade \u00e0 greve das educadoras(es) que trabalham nas institui\u00e7\u00f5es privadas de ensino da capital fluminense contra a reabertura das atividades presenciais em plena pandemia do coronav\u00edrus. A greve foi aprovada nesse [&hellip;]","og_url":"https:\/\/www.sinpro-rio.org.br\/principal\/todo-apoio-a-greve-dos-professores-da-educacao-privada-do-municipio-rj\/","og_site_name":"Sinpro-Rio","article_published_time":"2020-07-07T21:20:54+00:00","og_image":[{"width":1280,"height":862,"url":"https:\/\/www.sinpro-rio.org.br\/principal\/wp-content\/uploads\/2020\/07\/IMG-20191220-WA0088.jpg","type":"image\/jpeg"}],"author":"alessandra","twitter_card":"summary_large_image","twitter_misc":{"Escrito por":"alessandra","Est. tempo de leitura":"2 minutos"},"schema":{"@context":"https:\/\/schema.org","@graph":[{"@type":"WebPage","@id":"https:\/\/www.sinpro-rio.org.br\/principal\/todo-apoio-a-greve-dos-professores-da-educacao-privada-do-municipio-rj\/","url":"https:\/\/www.sinpro-rio.org.br\/principal\/todo-apoio-a-greve-dos-professores-da-educacao-privada-do-municipio-rj\/","name":"TODO APOIO \u00c0 GREVE DOS PROFESSORES DA EDUCA\u00c7\u00c3O PRIVADA DO MUNIC\u00cdPIO RJ - Sinpro-Rio","isPartOf":{"@id":"https:\/\/www.sinpro-rio.org.br\/principal\/#website"},"primaryImageOfPage":{"@id":"https:\/\/www.sinpro-rio.org.br\/principal\/todo-apoio-a-greve-dos-professores-da-educacao-privada-do-municipio-rj\/#primaryimage"},"image":{"@id":"https:\/\/www.sinpro-rio.org.br\/principal\/todo-apoio-a-greve-dos-professores-da-educacao-privada-do-municipio-rj\/#primaryimage"},"thumbnailUrl":"https:\/\/www.sinpro-rio.org.br\/principal\/wp-content\/uploads\/2020\/07\/IMG-20191220-WA0088.jpg","datePublished":"2020-07-07T21:20:54+00:00","author":{"@id":"https:\/\/www.sinpro-rio.org.br\/principal\/#\/schema\/person\/ee17219e64d00d037e511ae59ce2227e"},"breadcrumb":{"@id":"https:\/\/www.sinpro-rio.org.br\/principal\/todo-apoio-a-greve-dos-professores-da-educacao-privada-do-municipio-rj\/#breadcrumb"},"inLanguage":"pt-BR","potentialAction":[{"@type":"ReadAction","target":["https:\/\/www.sinpro-rio.org.br\/principal\/todo-apoio-a-greve-dos-professores-da-educacao-privada-do-municipio-rj\/"]}]},{"@type":"ImageObject","inLanguage":"pt-BR","@id":"https:\/\/www.sinpro-rio.org.br\/principal\/todo-apoio-a-greve-dos-professores-da-educacao-privada-do-municipio-rj\/#primaryimage","url":"https:\/\/www.sinpro-rio.org.br\/principal\/wp-content\/uploads\/2020\/07\/IMG-20191220-WA0088.jpg","contentUrl":"https:\/\/www.sinpro-rio.org.br\/principal\/wp-content\/uploads\/2020\/07\/IMG-20191220-WA0088.jpg","width":1280,"height":862},{"@type":"BreadcrumbList","@id":"https:\/\/www.sinpro-rio.org.br\/principal\/todo-apoio-a-greve-dos-professores-da-educacao-privada-do-municipio-rj\/#breadcrumb","itemListElement":[{"@type":"ListItem","position":1,"name":"In\u00edcio","item":"https:\/\/www.sinpro-rio.org.br\/principal\/"},{"@type":"ListItem","position":2,"name":"TODO APOIO \u00c0 GREVE DOS PROFESSORES DA EDUCA\u00c7\u00c3O PRIVADA DO MUNIC\u00cdPIO RJ"}]},{"@type":"WebSite","@id":"https:\/\/www.sinpro-rio.org.br\/principal\/#website","url":"https:\/\/www.sinpro-rio.org.br\/principal\/","name":"Sinpro-Rio","description":"Sindicato dos Professores do Munic\u00edpio do Rio de Janeiro e Regi\u00e3o","potentialAction":[{"@type":"SearchAction","target":{"@type":"EntryPoint","urlTemplate":"https:\/\/www.sinpro-rio.org.br\/principal\/?s={search_term_string}"},"query-input":{"@type":"PropertyValueSpecification","valueRequired":true,"valueName":"search_term_string"}}],"inLanguage":"pt-BR"},{"@type":"Person","@id":"https:\/\/www.sinpro-rio.org.br\/principal\/#\/schema\/person\/ee17219e64d00d037e511ae59ce2227e","name":"alessandra","image":{"@type":"ImageObject","inLanguage":"pt-BR","@id":"https:\/\/www.sinpro-rio.org.br\/principal\/#\/schema\/person\/image\/","url":"https:\/\/secure.gravatar.com\/avatar\/2b43fa8c0ad8e33b46a4732549f7fb20?s=96&d=mm&r=g","contentUrl":"https:\/\/secure.gravatar.com\/avatar\/2b43fa8c0ad8e33b46a4732549f7fb20?s=96&d=mm&r=g","caption":"alessandra"},"url":"https:\/\/www.sinpro-rio.org.br\/principal\/author\/alessandra\/"}]}},"_links":{"self":[{"href":"https:\/\/www.sinpro-rio.org.br\/principal\/wp-json\/wp\/v2\/posts\/28514","targetHints":{"allow":["GET"]}}],"collection":[{"href":"https:\/\/www.sinpro-rio.org.br\/principal\/wp-json\/wp\/v2\/posts"}],"about":[{"href":"https:\/\/www.sinpro-rio.org.br\/principal\/wp-json\/wp\/v2\/types\/post"}],"author":[{"embeddable":true,"href":"https:\/\/www.sinpro-rio.org.br\/principal\/wp-json\/wp\/v2\/users\/2"}],"replies":[{"embeddable":true,"href":"https:\/\/www.sinpro-rio.org.br\/principal\/wp-json\/wp\/v2\/comments?post=28514"}],"version-history":[{"count":1,"href":"https:\/\/www.sinpro-rio.org.br\/principal\/wp-json\/wp\/v2\/posts\/28514\/revisions"}],"predecessor-version":[{"id":28516,"href":"https:\/\/www.sinpro-rio.org.br\/principal\/wp-json\/wp\/v2\/posts\/28514\/revisions\/28516"}],"wp:featuredmedia":[{"embeddable":true,"href":"https:\/\/www.sinpro-rio.org.br\/principal\/wp-json\/wp\/v2\/media\/28515"}],"wp:attachment":[{"href":"https:\/\/www.sinpro-rio.org.br\/principal\/wp-json\/wp\/v2\/media?parent=28514"}],"wp:term":[{"taxonomy":"category","embeddable":true,"href":"https:\/\/www.sinpro-rio.org.br\/principal\/wp-json\/wp\/v2\/categories?post=28514"},{"taxonomy":"post_tag","embeddable":true,"href":"https:\/\/www.sinpro-rio.org.br\/principal\/wp-json\/wp\/v2\/tags?post=28514"}],"curies":[{"name":"wp","href":"https:\/\/api.w.org\/{rel}","templated":true}]}}