{"id":28468,"date":"2020-07-06T13:46:00","date_gmt":"2020-07-06T16:46:00","guid":{"rendered":"https:\/\/sinpro-rio.org.br\/principal\/?p=28468"},"modified":"2020-07-07T09:50:56","modified_gmt":"2020-07-07T12:50:56","slug":"jornal-extra-profs-da-rede-particular-se-recusam-a-voltar-as-aulas-presenciais-neste-momento","status":"publish","type":"post","link":"https:\/\/www.sinpro-rio.org.br\/principal\/jornal-extra-profs-da-rede-particular-se-recusam-a-voltar-as-aulas-presenciais-neste-momento\/","title":{"rendered":"FEPESP e jornais Extra e O Globo: profs. da rede particular se recusam a voltar \u00e0s aulas presenciais neste momento"},"content":{"rendered":"\n<p>Organizada pelo Sindicato dos Professores do Munic\u00edpio do Rio, a assembleia de ontem teve a participa\u00e7\u00e3o de cerca de 600 docentes. Mais de 90% votaram contra o retorno imediato. Diretor da entidade, Afonso Celso disse \u00e0 radio CBN que a categoria espera que a prefeitura mude a data prevista inicialmente.<\/p>\n\n\n\n<p>\u2014 J\u00e1 deixamos uma assembleia marcada para 1\u00ba de agosto, que pode ser antecipada caso haja algum fato novo.<\/p>\n\n\n\n<p>Leia a mat\u00e9ria completa <a href=\"https:\/\/extra.globo.com\/noticias\/rio\/professores-da-rede-particular-se-recusam-voltar-as-aulas-presenciais-neste-momento-24516285.html\">AQUI!<\/a><\/p>\n\n\n\n<p>?FEPESP &#8211; Professores do Rio de Janeiro se unem em exemplo contra volta \u00e0s aulas insegura e apressada. Belo exemplo de determina\u00e7\u00e3o, dignidade e unidade est\u00e1 sendo dado pelas professoras e professores liderados pelo Sinpro-Rio, que em assembleia hist\u00f3rica neste fim de semana decidiram n\u00e3o voltar \u00e0s aulas presenciais neste momento, quando a pandemia n\u00e3o est\u00e1 controlada e sem garantia de seguran\u00e7a sanit\u00e1ria com a reabertura apressada de escolas. Leiaa \u00edntegra da entrevista com o presidente Oswaldo Teles  <a href=\"http:\/\/fepesp.org.br\/noticia\/professores-do-rio-de-janeiro-se-unem-em-exemplo-contra-volta-as-aulas-insegura-e-apressada\/\">AQUI!<\/a><\/p>\n\n\n\n<p>? Jornal O GLOBO tamb\u00e9m publicou a mat\u00e9ria, no dia 05\/07\/2020, p\u00e1gina 18. Veja abaixo!<\/p>\n\n\n\n<figure class=\"wp-block-image size-large\"><img fetchpriority=\"high\" decoding=\"async\" width=\"768\" height=\"1024\" src=\"https:\/\/sinpro-rio.org.br\/principal\/wp-content\/uploads\/2020\/07\/IMG-20200705-WA0004.jpg\" alt=\"\" class=\"wp-image-28476\" srcset=\"https:\/\/www.sinpro-rio.org.br\/principal\/wp-content\/uploads\/2020\/07\/IMG-20200705-WA0004.jpg 768w, https:\/\/www.sinpro-rio.org.br\/principal\/wp-content\/uploads\/2020\/07\/IMG-20200705-WA0004-225x300.jpg 225w, https:\/\/www.sinpro-rio.org.br\/principal\/wp-content\/uploads\/2020\/07\/IMG-20200705-WA0004-75x100.jpg 75w\" sizes=\"(max-width: 768px) 100vw, 768px\" \/><\/figure>\n","protected":false},"excerpt":{"rendered":"<p>Organizada pelo Sindicato dos Professores do Munic\u00edpio do Rio, a assembleia de ontem teve a participa\u00e7\u00e3o de cerca de 600 docentes. Mais de 90% votaram contra o retorno imediato. Diretor da entidade, Afonso Celso disse \u00e0 radio CBN que a categoria espera que a prefeitura mude a data prevista inicialmente. \u2014 J\u00e1 deixamos uma assembleia [&hellip;]<\/p>\n","protected":false},"author":2,"featured_media":28504,"comment_status":"closed","ping_status":"closed","sticky":false,"template":"","format":"standard","meta":{"footnotes":""},"categories":[1],"tags":[],"class_list":["post-28468","post","type-post","status-publish","format-standard","has-post-thumbnail","hentry","category-noticias"],"yoast_head":"<!-- This site is optimized with the Yoast SEO plugin v25.7 - https:\/\/yoast.com\/wordpress\/plugins\/seo\/ -->\n<title>FEPESP e jornais Extra e O Globo: profs. da rede particular se recusam a voltar \u00e0s aulas presenciais neste momento - Sinpro-Rio<\/title>\n<meta name=\"robots\" content=\"index, follow, max-snippet:-1, max-image-preview:large, max-video-preview:-1\" \/>\n<link rel=\"canonical\" href=\"https:\/\/www.sinpro-rio.org.br\/principal\/jornal-extra-profs-da-rede-particular-se-recusam-a-voltar-as-aulas-presenciais-neste-momento\/\" \/>\n<meta property=\"og:locale\" content=\"pt_BR\" \/>\n<meta property=\"og:type\" content=\"article\" \/>\n<meta property=\"og:title\" content=\"FEPESP e jornais Extra e O Globo: profs. da rede particular se recusam a voltar \u00e0s aulas presenciais neste momento - Sinpro-Rio\" \/>\n<meta property=\"og:description\" content=\"Organizada pelo Sindicato dos Professores do Munic\u00edpio do Rio, a assembleia de ontem teve a participa\u00e7\u00e3o de cerca de 600 docentes. Mais de 90% votaram contra o retorno imediato. Diretor da entidade, Afonso Celso disse \u00e0 radio CBN que a categoria espera que a prefeitura mude a data prevista inicialmente. \u2014 J\u00e1 deixamos uma assembleia [&hellip;]\" \/>\n<meta property=\"og:url\" content=\"https:\/\/www.sinpro-rio.org.br\/principal\/jornal-extra-profs-da-rede-particular-se-recusam-a-voltar-as-aulas-presenciais-neste-momento\/\" \/>\n<meta property=\"og:site_name\" content=\"Sinpro-Rio\" \/>\n<meta property=\"article:published_time\" content=\"2020-07-06T16:46:00+00:00\" \/>\n<meta property=\"article:modified_time\" content=\"2020-07-07T12:50:56+00:00\" \/>\n<meta property=\"og:image\" content=\"https:\/\/www.sinpro-rio.org.br\/principal\/wp-content\/uploads\/2020\/07\/imprensa.jpg\" \/>\n\t<meta property=\"og:image:width\" content=\"1080\" \/>\n\t<meta property=\"og:image:height\" content=\"1080\" \/>\n\t<meta property=\"og:image:type\" content=\"image\/jpeg\" \/>\n<meta name=\"author\" content=\"alessandra\" \/>\n<meta name=\"twitter:card\" content=\"summary_large_image\" \/>\n<meta name=\"twitter:label1\" content=\"Escrito por\" \/>\n\t<meta name=\"twitter:data1\" content=\"alessandra\" \/>\n\t<meta name=\"twitter:label2\" content=\"Est. tempo de leitura\" \/>\n\t<meta name=\"twitter:data2\" content=\"1 minuto\" \/>\n<script type=\"application\/ld+json\" class=\"yoast-schema-graph\">{\"@context\":\"https:\/\/schema.org\",\"@graph\":[{\"@type\":\"WebPage\",\"@id\":\"https:\/\/www.sinpro-rio.org.br\/principal\/jornal-extra-profs-da-rede-particular-se-recusam-a-voltar-as-aulas-presenciais-neste-momento\/\",\"url\":\"https:\/\/www.sinpro-rio.org.br\/principal\/jornal-extra-profs-da-rede-particular-se-recusam-a-voltar-as-aulas-presenciais-neste-momento\/\",\"name\":\"FEPESP e jornais Extra e O Globo: profs. da rede particular se recusam a voltar \u00e0s aulas presenciais neste momento - Sinpro-Rio\",\"isPartOf\":{\"@id\":\"https:\/\/www.sinpro-rio.org.br\/principal\/#website\"},\"primaryImageOfPage\":{\"@id\":\"https:\/\/www.sinpro-rio.org.br\/principal\/jornal-extra-profs-da-rede-particular-se-recusam-a-voltar-as-aulas-presenciais-neste-momento\/#primaryimage\"},\"image\":{\"@id\":\"https:\/\/www.sinpro-rio.org.br\/principal\/jornal-extra-profs-da-rede-particular-se-recusam-a-voltar-as-aulas-presenciais-neste-momento\/#primaryimage\"},\"thumbnailUrl\":\"https:\/\/www.sinpro-rio.org.br\/principal\/wp-content\/uploads\/2020\/07\/imprensa.jpg\",\"datePublished\":\"2020-07-06T16:46:00+00:00\",\"dateModified\":\"2020-07-07T12:50:56+00:00\",\"author\":{\"@id\":\"https:\/\/www.sinpro-rio.org.br\/principal\/#\/schema\/person\/ee17219e64d00d037e511ae59ce2227e\"},\"breadcrumb\":{\"@id\":\"https:\/\/www.sinpro-rio.org.br\/principal\/jornal-extra-profs-da-rede-particular-se-recusam-a-voltar-as-aulas-presenciais-neste-momento\/#breadcrumb\"},\"inLanguage\":\"pt-BR\",\"potentialAction\":[{\"@type\":\"ReadAction\",\"target\":[\"https:\/\/www.sinpro-rio.org.br\/principal\/jornal-extra-profs-da-rede-particular-se-recusam-a-voltar-as-aulas-presenciais-neste-momento\/\"]}]},{\"@type\":\"ImageObject\",\"inLanguage\":\"pt-BR\",\"@id\":\"https:\/\/www.sinpro-rio.org.br\/principal\/jornal-extra-profs-da-rede-particular-se-recusam-a-voltar-as-aulas-presenciais-neste-momento\/#primaryimage\",\"url\":\"https:\/\/www.sinpro-rio.org.br\/principal\/wp-content\/uploads\/2020\/07\/imprensa.jpg\",\"contentUrl\":\"https:\/\/www.sinpro-rio.org.br\/principal\/wp-content\/uploads\/2020\/07\/imprensa.jpg\",\"width\":1080,\"height\":1080},{\"@type\":\"BreadcrumbList\",\"@id\":\"https:\/\/www.sinpro-rio.org.br\/principal\/jornal-extra-profs-da-rede-particular-se-recusam-a-voltar-as-aulas-presenciais-neste-momento\/#breadcrumb\",\"itemListElement\":[{\"@type\":\"ListItem\",\"position\":1,\"name\":\"In\u00edcio\",\"item\":\"https:\/\/www.sinpro-rio.org.br\/principal\/\"},{\"@type\":\"ListItem\",\"position\":2,\"name\":\"FEPESP e jornais Extra e O Globo: profs. da rede particular se recusam a voltar \u00e0s aulas presenciais neste momento\"}]},{\"@type\":\"WebSite\",\"@id\":\"https:\/\/www.sinpro-rio.org.br\/principal\/#website\",\"url\":\"https:\/\/www.sinpro-rio.org.br\/principal\/\",\"name\":\"Sinpro-Rio\",\"description\":\"Sindicato dos Professores do Munic\u00edpio do Rio de Janeiro e Regi\u00e3o\",\"potentialAction\":[{\"@type\":\"SearchAction\",\"target\":{\"@type\":\"EntryPoint\",\"urlTemplate\":\"https:\/\/www.sinpro-rio.org.br\/principal\/?s={search_term_string}\"},\"query-input\":{\"@type\":\"PropertyValueSpecification\",\"valueRequired\":true,\"valueName\":\"search_term_string\"}}],\"inLanguage\":\"pt-BR\"},{\"@type\":\"Person\",\"@id\":\"https:\/\/www.sinpro-rio.org.br\/principal\/#\/schema\/person\/ee17219e64d00d037e511ae59ce2227e\",\"name\":\"alessandra\",\"image\":{\"@type\":\"ImageObject\",\"inLanguage\":\"pt-BR\",\"@id\":\"https:\/\/www.sinpro-rio.org.br\/principal\/#\/schema\/person\/image\/\",\"url\":\"https:\/\/secure.gravatar.com\/avatar\/2b43fa8c0ad8e33b46a4732549f7fb20?s=96&d=mm&r=g\",\"contentUrl\":\"https:\/\/secure.gravatar.com\/avatar\/2b43fa8c0ad8e33b46a4732549f7fb20?s=96&d=mm&r=g\",\"caption\":\"alessandra\"},\"url\":\"https:\/\/www.sinpro-rio.org.br\/principal\/author\/alessandra\/\"}]}<\/script>\n<!-- \/ Yoast SEO plugin. -->","yoast_head_json":{"title":"FEPESP e jornais Extra e O Globo: profs. da rede particular se recusam a voltar \u00e0s aulas presenciais neste momento - Sinpro-Rio","robots":{"index":"index","follow":"follow","max-snippet":"max-snippet:-1","max-image-preview":"max-image-preview:large","max-video-preview":"max-video-preview:-1"},"canonical":"https:\/\/www.sinpro-rio.org.br\/principal\/jornal-extra-profs-da-rede-particular-se-recusam-a-voltar-as-aulas-presenciais-neste-momento\/","og_locale":"pt_BR","og_type":"article","og_title":"FEPESP e jornais Extra e O Globo: profs. da rede particular se recusam a voltar \u00e0s aulas presenciais neste momento - Sinpro-Rio","og_description":"Organizada pelo Sindicato dos Professores do Munic\u00edpio do Rio, a assembleia de ontem teve a participa\u00e7\u00e3o de cerca de 600 docentes. Mais de 90% votaram contra o retorno imediato. Diretor da entidade, Afonso Celso disse \u00e0 radio CBN que a categoria espera que a prefeitura mude a data prevista inicialmente. \u2014 J\u00e1 deixamos uma assembleia [&hellip;]","og_url":"https:\/\/www.sinpro-rio.org.br\/principal\/jornal-extra-profs-da-rede-particular-se-recusam-a-voltar-as-aulas-presenciais-neste-momento\/","og_site_name":"Sinpro-Rio","article_published_time":"2020-07-06T16:46:00+00:00","article_modified_time":"2020-07-07T12:50:56+00:00","og_image":[{"width":1080,"height":1080,"url":"https:\/\/www.sinpro-rio.org.br\/principal\/wp-content\/uploads\/2020\/07\/imprensa.jpg","type":"image\/jpeg"}],"author":"alessandra","twitter_card":"summary_large_image","twitter_misc":{"Escrito por":"alessandra","Est. tempo de leitura":"1 minuto"},"schema":{"@context":"https:\/\/schema.org","@graph":[{"@type":"WebPage","@id":"https:\/\/www.sinpro-rio.org.br\/principal\/jornal-extra-profs-da-rede-particular-se-recusam-a-voltar-as-aulas-presenciais-neste-momento\/","url":"https:\/\/www.sinpro-rio.org.br\/principal\/jornal-extra-profs-da-rede-particular-se-recusam-a-voltar-as-aulas-presenciais-neste-momento\/","name":"FEPESP e jornais Extra e O Globo: profs. da rede particular se recusam a voltar \u00e0s aulas presenciais neste momento - Sinpro-Rio","isPartOf":{"@id":"https:\/\/www.sinpro-rio.org.br\/principal\/#website"},"primaryImageOfPage":{"@id":"https:\/\/www.sinpro-rio.org.br\/principal\/jornal-extra-profs-da-rede-particular-se-recusam-a-voltar-as-aulas-presenciais-neste-momento\/#primaryimage"},"image":{"@id":"https:\/\/www.sinpro-rio.org.br\/principal\/jornal-extra-profs-da-rede-particular-se-recusam-a-voltar-as-aulas-presenciais-neste-momento\/#primaryimage"},"thumbnailUrl":"https:\/\/www.sinpro-rio.org.br\/principal\/wp-content\/uploads\/2020\/07\/imprensa.jpg","datePublished":"2020-07-06T16:46:00+00:00","dateModified":"2020-07-07T12:50:56+00:00","author":{"@id":"https:\/\/www.sinpro-rio.org.br\/principal\/#\/schema\/person\/ee17219e64d00d037e511ae59ce2227e"},"breadcrumb":{"@id":"https:\/\/www.sinpro-rio.org.br\/principal\/jornal-extra-profs-da-rede-particular-se-recusam-a-voltar-as-aulas-presenciais-neste-momento\/#breadcrumb"},"inLanguage":"pt-BR","potentialAction":[{"@type":"ReadAction","target":["https:\/\/www.sinpro-rio.org.br\/principal\/jornal-extra-profs-da-rede-particular-se-recusam-a-voltar-as-aulas-presenciais-neste-momento\/"]}]},{"@type":"ImageObject","inLanguage":"pt-BR","@id":"https:\/\/www.sinpro-rio.org.br\/principal\/jornal-extra-profs-da-rede-particular-se-recusam-a-voltar-as-aulas-presenciais-neste-momento\/#primaryimage","url":"https:\/\/www.sinpro-rio.org.br\/principal\/wp-content\/uploads\/2020\/07\/imprensa.jpg","contentUrl":"https:\/\/www.sinpro-rio.org.br\/principal\/wp-content\/uploads\/2020\/07\/imprensa.jpg","width":1080,"height":1080},{"@type":"BreadcrumbList","@id":"https:\/\/www.sinpro-rio.org.br\/principal\/jornal-extra-profs-da-rede-particular-se-recusam-a-voltar-as-aulas-presenciais-neste-momento\/#breadcrumb","itemListElement":[{"@type":"ListItem","position":1,"name":"In\u00edcio","item":"https:\/\/www.sinpro-rio.org.br\/principal\/"},{"@type":"ListItem","position":2,"name":"FEPESP e jornais Extra e O Globo: profs. da rede particular se recusam a voltar \u00e0s aulas presenciais neste momento"}]},{"@type":"WebSite","@id":"https:\/\/www.sinpro-rio.org.br\/principal\/#website","url":"https:\/\/www.sinpro-rio.org.br\/principal\/","name":"Sinpro-Rio","description":"Sindicato dos Professores do Munic\u00edpio do Rio de Janeiro e Regi\u00e3o","potentialAction":[{"@type":"SearchAction","target":{"@type":"EntryPoint","urlTemplate":"https:\/\/www.sinpro-rio.org.br\/principal\/?s={search_term_string}"},"query-input":{"@type":"PropertyValueSpecification","valueRequired":true,"valueName":"search_term_string"}}],"inLanguage":"pt-BR"},{"@type":"Person","@id":"https:\/\/www.sinpro-rio.org.br\/principal\/#\/schema\/person\/ee17219e64d00d037e511ae59ce2227e","name":"alessandra","image":{"@type":"ImageObject","inLanguage":"pt-BR","@id":"https:\/\/www.sinpro-rio.org.br\/principal\/#\/schema\/person\/image\/","url":"https:\/\/secure.gravatar.com\/avatar\/2b43fa8c0ad8e33b46a4732549f7fb20?s=96&d=mm&r=g","contentUrl":"https:\/\/secure.gravatar.com\/avatar\/2b43fa8c0ad8e33b46a4732549f7fb20?s=96&d=mm&r=g","caption":"alessandra"},"url":"https:\/\/www.sinpro-rio.org.br\/principal\/author\/alessandra\/"}]}},"_links":{"self":[{"href":"https:\/\/www.sinpro-rio.org.br\/principal\/wp-json\/wp\/v2\/posts\/28468","targetHints":{"allow":["GET"]}}],"collection":[{"href":"https:\/\/www.sinpro-rio.org.br\/principal\/wp-json\/wp\/v2\/posts"}],"about":[{"href":"https:\/\/www.sinpro-rio.org.br\/principal\/wp-json\/wp\/v2\/types\/post"}],"author":[{"embeddable":true,"href":"https:\/\/www.sinpro-rio.org.br\/principal\/wp-json\/wp\/v2\/users\/2"}],"replies":[{"embeddable":true,"href":"https:\/\/www.sinpro-rio.org.br\/principal\/wp-json\/wp\/v2\/comments?post=28468"}],"version-history":[{"count":5,"href":"https:\/\/www.sinpro-rio.org.br\/principal\/wp-json\/wp\/v2\/posts\/28468\/revisions"}],"predecessor-version":[{"id":28505,"href":"https:\/\/www.sinpro-rio.org.br\/principal\/wp-json\/wp\/v2\/posts\/28468\/revisions\/28505"}],"wp:featuredmedia":[{"embeddable":true,"href":"https:\/\/www.sinpro-rio.org.br\/principal\/wp-json\/wp\/v2\/media\/28504"}],"wp:attachment":[{"href":"https:\/\/www.sinpro-rio.org.br\/principal\/wp-json\/wp\/v2\/media?parent=28468"}],"wp:term":[{"taxonomy":"category","embeddable":true,"href":"https:\/\/www.sinpro-rio.org.br\/principal\/wp-json\/wp\/v2\/categories?post=28468"},{"taxonomy":"post_tag","embeddable":true,"href":"https:\/\/www.sinpro-rio.org.br\/principal\/wp-json\/wp\/v2\/tags?post=28468"}],"curies":[{"name":"wp","href":"https:\/\/api.w.org\/{rel}","templated":true}]}}