{"id":28443,"date":"2020-07-20T10:57:00","date_gmt":"2020-07-20T13:57:00","guid":{"rendered":"https:\/\/sinpro-rio.org.br\/principal\/?p=28443"},"modified":"2020-07-24T15:37:57","modified_gmt":"2020-07-24T18:37:57","slug":"assembleia-unificada-delibera-pelo-nao-retorno-a-escola","status":"publish","type":"post","link":"https:\/\/www.sinpro-rio.org.br\/principal\/assembleia-unificada-delibera-pelo-nao-retorno-a-escola\/","title":{"rendered":"Assembleia hist\u00f3rica aprova, por ampla maioria, greve pela vida!"},"content":{"rendered":"\n<p>Mais de 500 professores e professoras participaram da Assembleia Unificada do Sinpro-Rio, realizada neste s\u00e1bado, dia 04 de julho, de forma virtual. Mais de 90% dos presentes votaram a favor da greve pela Vida, dizendo N\u00c3O ao retorno \u00e0s aulas presenciais, agora! Foi aprovada, ainda, nova assembleia para o dia primeiro de agosto, mas, caso haja necessidade, esta data pode ser antecipada.<br>Para o presidente do Sinpro-Rio, professor Oswaldo Teles, o retorno somente acontecer\u00e1 com a garantia das autoridades de sa\u00fade, com base em r\u00edgidos protocolos sanit\u00e1rios e de seguran\u00e7a, al\u00e9m de ampla discuss\u00e3o na sociedade. \u201cO Sindicato se pauta no respeito \u00e0s institui\u00e7\u00f5es cient\u00edficas de sa\u00fade, como a Fiocruz. Estudos cient\u00edficos deixam claro que n\u00e3o h\u00e1 condi\u00e7\u00f5es para uma volta tranquila e segura neste momento. A GREVE \u00c9 PELA VIDA! Os professores e as professoras continuar\u00e3o trabalhando com base no ensino remoto at\u00e9 as autoridades de sa\u00fade confirmarem o retorno com seguran\u00e7a, com plano de retorno e protocolos r\u00edgidos.\u201d<br>Antes da vota\u00e7\u00e3o, alguns dirigentes se pronunciaram e mais de 20 professoras e professores da base da categoria fizeram falas de avalia\u00e7\u00e3o. A grande maioria dos pronunciamentos se mostrou contra a volta \u00e0s aulas presenciais, neste momento, e a favor da greve pela vida.<\/p>\n\n\n\n<p><em><strong>O QUE FOI APROVADO:<\/strong><\/em><\/p>\n\n\n\n<p>1) GREVE EM DEFESA DA VIDA.<br>2) N\u00c3O AO RETORNO DAS ATIVIDADES PRESENCIAIS NOS ESTABELECIMENTOS DE ENSINO PRIVADO NO MUNIC\u00cdPIO DO RIO DE JANEIRO, AGORA.<br>3) RETORNO SOMENTE COM A GARANTIA DAS AUTORIDADES DE SA\u00daDE, COM BASE EM R\u00cdGIDOS PROTOCOLOS DE SEGURAN\u00c7A.<br>4) PR\u00d3XIMA ASSEMBLEIA: DIA 1\u00ba DE AGOSTO, COM POSSIBILIDADE DE ANTECIPA\u00c7\u00c3O.<\/p>\n\n\n\n<p>&#8212;&#8212;&#8212;&#8212;&#8212;&#8212;&#8212;&#8212;&#8212;&#8212;&#8212;&#8212;&#8212;&#8212;&#8212;-<\/p>\n\n\n\n<p><strong><em>?? <\/em><\/strong><em>VEJA, ABAIXO, O HIST\u00d3RICO DE NOT\u00cdCIAS RELACIONADAS AO TEMA<\/em> &#8211; <em><strong>&#8220;ASSEMBLEIA UNIFICADA E GREVE EM DEFESA DA VIDA&#8221;<\/strong><\/em> E SOBRE O <strong><em>&#8220;RETORNO \u00c0S AULAS PRESENCIAIS NO SETOR PRIVADO DE ENSINO DURANTE A PANDEMIA&#8221;:<\/em><\/strong><\/p>\n\n\n\n<p><\/p>\n\n\n\n<p><strong><em>?AUDI\u00caNCIA P\u00daBLICA DE 16\/07: EM PAUTA, OS PROTOCOLOS PARA O RETORNO \u00c0S AULAS PRESENCIAIS. <\/em><\/strong>A audi\u00eancia foi transmitida ao vivo pelo YouTube <a href=\"https:\/\/youtu.be\/Pgdr408aPYQ\">AQUI<\/a>.<\/p>\n\n\n\n<p><strong><em>?PREFEITURA DO RIO: NOVO DECRETO PREV\u00ca REABERTURA DE CRECHES, ESCOLAS E UNIVERSIDADES EM 01\/08<\/em><\/strong><\/p>\n\n\n\n<p>Creches e escolas, tanto municipais quanto privadas, permanecem fechadas durante a fase 3B.&nbsp;Elas est\u00e3o previstas para abrir a partir de 1\u00b0 de agosto (fase 5). Leia  <a href=\"https:\/\/sinpro-rio.org.br\/principal\/prefeitura-do-rio-novo-decreto-preve-reabertura-de-creches-escolas-e-universidades-em-01-08\/\">AQUI<\/a>.<\/p>\n\n\n\n<p><strong><em>?NOTA DO SINPRO-RIO: ORIENTA\u00c7\u00d5ES AOS\/\u00c0S PROFESSORES\/AS<\/em><\/strong><\/p>\n\n\n\n<p>A greve foi deflagrada pela categoria para defender a sa\u00fade dos professores\/as, dos alunos, familiares e demais trabalhadores da comunidade escolar. Saiba mais <a href=\"https:\/\/sinpro-rio.org.br\/principal\/nota-do-sinpro-rio-orientacoes-aos-as-professores-as\/\">AQUI<\/a>.<\/p>\n\n\n\n<p><strong><em>?DECRETO DO GOVERNADOR FALA EM SUSPENS\u00c3O DO RETORNO \u00c0S ESCOLAS AT\u00c9 21 DE JULHO!<\/em><\/strong><\/p>\n\n\n\n<p>Tendo em vista a publica\u00e7\u00e3o do&nbsp;<strong><em>Decreto n\u00ba 47.152 do governador Wilson Witzel, publicado hoje, dia 07\/07\/2020, no Di\u00e1rio Oficial do Estado do Rio de Janeiro, suspendendo as atividades nas escolas privadas e p\u00fablicas&nbsp;<strong><em>(leia o artigo 5\u00ba, par\u00e1grafo 6\u00ba)<\/em><\/strong>, da Creche \u00e0 Educa\u00e7\u00e3o Superior<\/em><\/strong>, o Sinpro-Rio orienta os professores e as professoras de que&nbsp;<strong><em>n\u00e3o \u00e9 poss\u00edvel ser chamado ao retorno \u00e0s atividades presenciais dentro das escolas at\u00e9 o dia 21 de julho<\/em><\/strong>.Veja o Decreto <a href=\"https:\/\/sinpro-rio.org.br\/principal\/atencao-professores-as-decreto-do-governador-fala-em-suspensao-do-retorno-as-escolas-ate-21-de-julho\/\">AQUI<\/a>.<\/p>\n\n\n\n<p><\/p>\n\n\n\n<p><strong><em>?<\/em><\/strong><em><strong>SINPRO-RIO FALA \u00c0 REDE SINA SOBRE GREVE DOS PROFESSORES EM DEFESA DA VIDA:<\/strong><\/em><\/p>\n\n\n\n<p>No dia 07 de julho, o diretor do Depto Jur\u00eddico, professor Elson Paiva, gravou um v\u00eddeo para o Conecta Rio, sobre a greve dos professores. Veja <a href=\"https:\/\/www.facebook.com\/watch\/?v=2776913229210717\">AQUI.<\/a><\/p>\n\n\n\n<p><\/p>\n\n\n\n<p><strong><em>?<\/em><\/strong><em><strong>SINPRO-RIO DIVULGA V\u00cdDEO PARA A CATEGORIA SOBRE A GREVE PELA VIDA:<\/strong><\/em><br>O diretor do Departamento Jur\u00eddico do Sinpro-Rio, professor Elson Paiva, fala sobre a assembleia unificada do dia 04\/07\/2020 com cerca de 600 docentes, na qual a categoria deliberou, com mais de 90% dos votos, pelo n\u00e3o retorno \u00e0s atividades presenciais dentro das escolas, mantendo as aulas remotas.<br>Veja o v\u00eddeo (2&#8217;30&#8221;) do nosso YouTube <a href=\"https:\/\/www.youtube.com\/watch?v=bzjLTu27vrs\">AQUI!<\/a><\/p>\n\n\n\n<p><em><strong>D\u00daVIDAS? Participe do nosso programa de r\u00e1dio web, pelo Facebook, segunda, dia 06\/07, 15h!<\/strong><\/em><\/p>\n\n\n\n<p><\/p>\n\n\n\n<p><strong><em>?VEJA AS RESPOSTAS PARA AS D\u00daVIDAS FREQUENTES SOBRE A ADES\u00c3O \u00c0 GREVE EM DEFESA DA VIDA<\/em><\/strong><\/p>\n\n\n\n<p>Fique por dentro das mais frequentes quest\u00f5es sobre ades\u00e3o \u00e0 greve!  Aqui voc\u00ea tamb\u00e9m poder\u00e1 baixar a Lei de Greve direto do site Pal\u00e1cio do Planalto. Caso persistam as d\u00favidas, o Sinpro-Rio te ajuda! Leia <a href=\"https:\/\/sinpro-rio.org.br\/principal\/28455-2\/\">AQUI!<\/a><br><\/p>\n\n\n\n<p><strong><em>? SINPRO-RIO NOTIFICA AS ESCOLAS SOBRE O RISCO DA VOLTA \u00c0 ESCOLA<\/em><\/strong><\/p>\n\n\n\n<p>Embora seja facultativa, n\u00e3o h\u00e1 d\u00favidas que o decreto se encontra em desacordo com todas as recomenda\u00e7\u00f5es das autoridades sanit\u00e1rias que afirmam que n\u00e3o h\u00e1 condi\u00e7\u00f5es, no momento atual, para que a comunidade escolar se exponha a n\u00edveis elevados de contamina\u00e7\u00e3o pelo COVID-19. Este fato \u00e9 corroborado pela maioria dos pais que declara que n\u00e3o retornar\u00e1 com seus filhos \u00e0s atividades presenciais neste momento, e pelos professores, notadamente os que apresentam ou moram com parentes que apresentam comorbidades de sa\u00fade.  Leia o texto completo <a href=\"https:\/\/sinpro-rio.org.br\/principal\/sinpro-rio-notifica-escolas-sobre-riscos-de-volta-a-escola\/\">AQUI.<\/a><\/p>\n\n\n\n<p><strong><em>?PROF\u00aa K\u00c1TIA SCHAEFFER FALA OS RISCOS DA VOLTA \u00c0S AULAS E AS INTERA\u00c7\u00d5ES ENTRE AS CRIAN\u00c7AS.<\/em><\/strong> <\/p>\n\n\n\n<p>Durante a Plen\u00e1ria em Defesa da Vida, no dia 13 de junho, a professora K\u00e1tia Schaeffer, do NINA\/UniRio, abordou as quest\u00f5es acima mencionadas. Veja <a href=\"https:\/\/www.youtube.com\/watch?v=rx6mhJNgC-Q\">AQUI<\/a>.<\/p>\n\n\n\n<p><\/p>\n\n\n\n<p><strong><em>?JORNAIS EXTRA E O GLOBO: PROFS. DA REDE PARTICULAR SE RECUSAM A VOLTAR \u00c0S AULAS PRESENCIAIS NESTE MOMENTO<\/em><\/strong><\/p>\n\n\n\n<p>Organizada pelo Sindicato dos Professores do Munic\u00edpio do Rio, a assembleia de ontem teve a participa\u00e7\u00e3o de cerca de 600 docentes. Mais de 90% votaram contra o retorno imediato. Diretor da entidade, Afonso Celso disse \u00e0 radio CBN que a categoria espera que a prefeitura mude a data prevista inicialmente.<br>\u2014 J\u00e1 deixamos uma assembleia marcada para 1\u00ba de agosto, que pode ser antecipada caso haja algum fato novo.<br>Leia a mat\u00e9ria completa <a href=\"https:\/\/sinpro-rio.org.br\/principal\/jornal-extra-profs-da-rede-particular-se-recusam-a-voltar-as-aulas-presenciais-neste-momento\/\">AQUI<\/a>.<\/p>\n\n\n\n<p><\/p>\n\n\n\n<p><strong><em>?SINPRO-RIO FALA \u00c0 CBN, BAND NEWS E EBC SOBRE GREVE EM DEFESA DA VIDA<\/em><\/strong><\/p>\n\n\n\n<p>Ap\u00f3s o fim da assembleia do dia 04 de julho, o vice-presidente do Sinpro-Rio, professor Afonso Celso Teixeira, deu entrevista \u00e0s r\u00e1dios CBN, Band News e R\u00e1dio Nacional (EBC) sobre a decis\u00e3o da categoria de n\u00e3o retornar \u00e0 escola agora.<\/p>\n\n\n\n<p>Ou\u00e7a a entrevista <a href=\"https:\/\/sinpro-rio.org.br\/principal\/sinpro-rio-fala-a-cbn-sobre-resultado-da-assembleia-unificada\/\">AQUI!<\/a><\/p>\n\n\n\n<p><\/p>\n\n\n\n<p><strong><em>?Assembleia Unificada delibera pelo N\u00c3O RETORNO \u00c0 ESCOLA!<\/em><\/strong><\/p>\n\n\n\n<p>Mais de 500 professoras e professores, numa assembleia hist\u00f3rica de unidade e de luta no dia 04 de julho, deliberaram, por ampla maioria dos votos, por:<br>1) GREVE EM DEFESA DA VIDA;<br>2) N\u00c3O AO RETORNO DAS ATIVIDADES PRESENCIAIS NOS ESTABELECIMENTOS DE ENSINO PRIVADO NO MUNIC\u00cdPIO DO RIO DE JANEIRO, AGORA;<br>3) RETORNO SOMENTE COM A GARANTIA DAS AUTORIDADES DE SA\u00daDE COM BASE EM R\u00cdGIDOS PROTOCOLOS DE SEGURAN\u00c7A;<br>4) PR\u00d3XIMA ASSEMBLEIA DIA 1\u00ba DE AGOSTO, COM POSSIBILIDADE DE ANTECIPA\u00c7\u00c3O.<\/p>\n\n\n\n<p><strong><em>Mais informa\u00e7\u00f5es a qualquer momento, pelo site e redes sociais do Sinpro-Rio.<\/em><\/strong><\/p>\n\n\n\n<p>_________________________________<\/p>\n\n\n\n<p>(IMPORTANTE! <em style=\"font-weight: bold;\">Not\u00edcia originalmente publicada no dia 04 de julho, logo ap\u00f3s o fim da assembleia.<\/em> A data poder\u00e1 ser alterada apenas para que fique em evid\u00eancia no site e de mais f\u00e1cil acesso \u00e0 categoria.)<\/p>\n\n\n\n<figure class=\"wp-block-image size-large\"><img fetchpriority=\"high\" decoding=\"async\" width=\"1024\" height=\"1024\" src=\"https:\/\/sinpro-rio.org.br\/principal\/wp-content\/uploads\/2020\/07\/IMG-20200702-WA0036-1-1024x1024.jpg\" alt=\"\" class=\"wp-image-28517\" srcset=\"https:\/\/www.sinpro-rio.org.br\/principal\/wp-content\/uploads\/2020\/07\/IMG-20200702-WA0036-1-1024x1024.jpg 1024w, https:\/\/www.sinpro-rio.org.br\/principal\/wp-content\/uploads\/2020\/07\/IMG-20200702-WA0036-1-300x300.jpg 300w, https:\/\/www.sinpro-rio.org.br\/principal\/wp-content\/uploads\/2020\/07\/IMG-20200702-WA0036-1-100x100.jpg 100w, https:\/\/www.sinpro-rio.org.br\/principal\/wp-content\/uploads\/2020\/07\/IMG-20200702-WA0036-1-768x768.jpg 768w, https:\/\/www.sinpro-rio.org.br\/principal\/wp-content\/uploads\/2020\/07\/IMG-20200702-WA0036-1.jpg 1080w\" sizes=\"(max-width: 1024px) 100vw, 1024px\" \/><\/figure>\n\n\n\n<figure class=\"wp-block-image size-large\"><img decoding=\"async\" width=\"1024\" height=\"1024\" src=\"https:\/\/sinpro-rio.org.br\/principal\/wp-content\/uploads\/2020\/07\/IMG-20200707-WA0078-1024x1024.jpg\" alt=\"\" class=\"wp-image-28518\" srcset=\"https:\/\/www.sinpro-rio.org.br\/principal\/wp-content\/uploads\/2020\/07\/IMG-20200707-WA0078-1024x1024.jpg 1024w, https:\/\/www.sinpro-rio.org.br\/principal\/wp-content\/uploads\/2020\/07\/IMG-20200707-WA0078-300x300.jpg 300w, https:\/\/www.sinpro-rio.org.br\/principal\/wp-content\/uploads\/2020\/07\/IMG-20200707-WA0078-100x100.jpg 100w, https:\/\/www.sinpro-rio.org.br\/principal\/wp-content\/uploads\/2020\/07\/IMG-20200707-WA0078-768x768.jpg 768w, https:\/\/www.sinpro-rio.org.br\/principal\/wp-content\/uploads\/2020\/07\/IMG-20200707-WA0078.jpg 1080w\" sizes=\"(max-width: 1024px) 100vw, 1024px\" \/><\/figure>\n\n\n\n<figure class=\"wp-block-image size-large\"><img decoding=\"async\" width=\"1024\" height=\"1024\" src=\"https:\/\/sinpro-rio.org.br\/principal\/wp-content\/uploads\/2020\/07\/IMG-20200706-WA0030-1024x1024.jpg\" alt=\"\" class=\"wp-image-28519\" srcset=\"https:\/\/www.sinpro-rio.org.br\/principal\/wp-content\/uploads\/2020\/07\/IMG-20200706-WA0030-1024x1024.jpg 1024w, https:\/\/www.sinpro-rio.org.br\/principal\/wp-content\/uploads\/2020\/07\/IMG-20200706-WA0030-300x300.jpg 300w, https:\/\/www.sinpro-rio.org.br\/principal\/wp-content\/uploads\/2020\/07\/IMG-20200706-WA0030-100x100.jpg 100w, https:\/\/www.sinpro-rio.org.br\/principal\/wp-content\/uploads\/2020\/07\/IMG-20200706-WA0030-768x768.jpg 768w, https:\/\/www.sinpro-rio.org.br\/principal\/wp-content\/uploads\/2020\/07\/IMG-20200706-WA0030.jpg 1080w\" sizes=\"(max-width: 1024px) 100vw, 1024px\" \/><\/figure>\n\n\n\n<figure class=\"wp-block-image size-large\"><img loading=\"lazy\" decoding=\"async\" width=\"1024\" height=\"1024\" src=\"https:\/\/sinpro-rio.org.br\/principal\/wp-content\/uploads\/2020\/07\/20200724_142149_0039-1024x1024.png\" alt=\"\" class=\"wp-image-28727\" srcset=\"https:\/\/www.sinpro-rio.org.br\/principal\/wp-content\/uploads\/2020\/07\/20200724_142149_0039-1024x1024.png 1024w, https:\/\/www.sinpro-rio.org.br\/principal\/wp-content\/uploads\/2020\/07\/20200724_142149_0039-300x300.png 300w, https:\/\/www.sinpro-rio.org.br\/principal\/wp-content\/uploads\/2020\/07\/20200724_142149_0039-100x100.png 100w, https:\/\/www.sinpro-rio.org.br\/principal\/wp-content\/uploads\/2020\/07\/20200724_142149_0039-768x768.png 768w, https:\/\/www.sinpro-rio.org.br\/principal\/wp-content\/uploads\/2020\/07\/20200724_142149_0039.png 1080w\" sizes=\"(max-width: 1024px) 100vw, 1024px\" \/><\/figure>\n\n\n\n<figure class=\"wp-block-image size-large\"><img loading=\"lazy\" decoding=\"async\" width=\"1024\" height=\"1024\" src=\"https:\/\/sinpro-rio.org.br\/principal\/wp-content\/uploads\/2020\/07\/IMG-20200705-WA0027-1024x1024.jpg\" alt=\"\" class=\"wp-image-28520\" srcset=\"https:\/\/www.sinpro-rio.org.br\/principal\/wp-content\/uploads\/2020\/07\/IMG-20200705-WA0027-1024x1024.jpg 1024w, https:\/\/www.sinpro-rio.org.br\/principal\/wp-content\/uploads\/2020\/07\/IMG-20200705-WA0027-300x300.jpg 300w, https:\/\/www.sinpro-rio.org.br\/principal\/wp-content\/uploads\/2020\/07\/IMG-20200705-WA0027-100x100.jpg 100w, https:\/\/www.sinpro-rio.org.br\/principal\/wp-content\/uploads\/2020\/07\/IMG-20200705-WA0027-768x768.jpg 768w, https:\/\/www.sinpro-rio.org.br\/principal\/wp-content\/uploads\/2020\/07\/IMG-20200705-WA0027.jpg 1080w\" sizes=\"(max-width: 1024px) 100vw, 1024px\" \/><\/figure>\n\n\n\n<figure class=\"wp-block-image size-large\"><img loading=\"lazy\" decoding=\"async\" width=\"1024\" height=\"1024\" src=\"https:\/\/sinpro-rio.org.br\/principal\/wp-content\/uploads\/2020\/07\/card2-1024x1024.jpg\" alt=\"\" class=\"wp-image-28570\" srcset=\"https:\/\/www.sinpro-rio.org.br\/principal\/wp-content\/uploads\/2020\/07\/card2-1024x1024.jpg 1024w, https:\/\/www.sinpro-rio.org.br\/principal\/wp-content\/uploads\/2020\/07\/card2-300x300.jpg 300w, https:\/\/www.sinpro-rio.org.br\/principal\/wp-content\/uploads\/2020\/07\/card2-100x100.jpg 100w, https:\/\/www.sinpro-rio.org.br\/principal\/wp-content\/uploads\/2020\/07\/card2-768x768.jpg 768w, https:\/\/www.sinpro-rio.org.br\/principal\/wp-content\/uploads\/2020\/07\/card2.jpg 1080w\" sizes=\"(max-width: 1024px) 100vw, 1024px\" \/><\/figure>\n\n\n\n<figure class=\"wp-block-image size-large\"><img loading=\"lazy\" decoding=\"async\" width=\"1024\" height=\"1024\" src=\"https:\/\/sinpro-rio.org.br\/principal\/wp-content\/uploads\/2020\/07\/IMG-20200710-WA0051-1-1024x1024.jpg\" alt=\"\" class=\"wp-image-28559\" srcset=\"https:\/\/www.sinpro-rio.org.br\/principal\/wp-content\/uploads\/2020\/07\/IMG-20200710-WA0051-1-1024x1024.jpg 1024w, https:\/\/www.sinpro-rio.org.br\/principal\/wp-content\/uploads\/2020\/07\/IMG-20200710-WA0051-1-300x300.jpg 300w, https:\/\/www.sinpro-rio.org.br\/principal\/wp-content\/uploads\/2020\/07\/IMG-20200710-WA0051-1-100x100.jpg 100w, https:\/\/www.sinpro-rio.org.br\/principal\/wp-content\/uploads\/2020\/07\/IMG-20200710-WA0051-1-768x768.jpg 768w, https:\/\/www.sinpro-rio.org.br\/principal\/wp-content\/uploads\/2020\/07\/IMG-20200710-WA0051-1.jpg 1080w\" sizes=\"(max-width: 1024px) 100vw, 1024px\" \/><\/figure>\n\n\n\n<figure class=\"wp-block-image size-large\"><img loading=\"lazy\" decoding=\"async\" width=\"1024\" height=\"1024\" src=\"https:\/\/sinpro-rio.org.br\/principal\/wp-content\/uploads\/2020\/07\/20200721_204617_0009-1024x1024.png\" alt=\"\" class=\"wp-image-28709\" srcset=\"https:\/\/www.sinpro-rio.org.br\/principal\/wp-content\/uploads\/2020\/07\/20200721_204617_0009-1024x1024.png 1024w, https:\/\/www.sinpro-rio.org.br\/principal\/wp-content\/uploads\/2020\/07\/20200721_204617_0009-300x300.png 300w, https:\/\/www.sinpro-rio.org.br\/principal\/wp-content\/uploads\/2020\/07\/20200721_204617_0009-100x100.png 100w, https:\/\/www.sinpro-rio.org.br\/principal\/wp-content\/uploads\/2020\/07\/20200721_204617_0009-768x768.png 768w, https:\/\/www.sinpro-rio.org.br\/principal\/wp-content\/uploads\/2020\/07\/20200721_204617_0009.png 1080w\" sizes=\"(max-width: 1024px) 100vw, 1024px\" \/><\/figure>\n\n\n\n<figure class=\"wp-block-image size-large\"><img loading=\"lazy\" decoding=\"async\" width=\"1024\" height=\"1024\" src=\"https:\/\/sinpro-rio.org.br\/principal\/wp-content\/uploads\/2020\/07\/20200721_204617_0013-1024x1024.png\" alt=\"\" class=\"wp-image-28708\" srcset=\"https:\/\/www.sinpro-rio.org.br\/principal\/wp-content\/uploads\/2020\/07\/20200721_204617_0013-1024x1024.png 1024w, https:\/\/www.sinpro-rio.org.br\/principal\/wp-content\/uploads\/2020\/07\/20200721_204617_0013-300x300.png 300w, https:\/\/www.sinpro-rio.org.br\/principal\/wp-content\/uploads\/2020\/07\/20200721_204617_0013-100x100.png 100w, https:\/\/www.sinpro-rio.org.br\/principal\/wp-content\/uploads\/2020\/07\/20200721_204617_0013-768x768.png 768w, https:\/\/www.sinpro-rio.org.br\/principal\/wp-content\/uploads\/2020\/07\/20200721_204617_0013.png 1080w\" sizes=\"(max-width: 1024px) 100vw, 1024px\" \/><\/figure>\n\n\n\n<figure class=\"wp-block-image size-large\"><img loading=\"lazy\" decoding=\"async\" width=\"1024\" height=\"1024\" src=\"https:\/\/sinpro-rio.org.br\/principal\/wp-content\/uploads\/2020\/07\/20200714_222929_0011-1024x1024.png\" alt=\"\" class=\"wp-image-28614\" srcset=\"https:\/\/www.sinpro-rio.org.br\/principal\/wp-content\/uploads\/2020\/07\/20200714_222929_0011-1024x1024.png 1024w, https:\/\/www.sinpro-rio.org.br\/principal\/wp-content\/uploads\/2020\/07\/20200714_222929_0011-300x300.png 300w, https:\/\/www.sinpro-rio.org.br\/principal\/wp-content\/uploads\/2020\/07\/20200714_222929_0011-100x100.png 100w, https:\/\/www.sinpro-rio.org.br\/principal\/wp-content\/uploads\/2020\/07\/20200714_222929_0011-768x768.png 768w, https:\/\/www.sinpro-rio.org.br\/principal\/wp-content\/uploads\/2020\/07\/20200714_222929_0011.png 1080w\" sizes=\"(max-width: 1024px) 100vw, 1024px\" \/><\/figure>\n\n\n\n<figure class=\"wp-block-image size-large\"><img loading=\"lazy\" decoding=\"async\" width=\"1024\" height=\"1024\" src=\"https:\/\/sinpro-rio.org.br\/principal\/wp-content\/uploads\/2020\/07\/20200721_204617_0005-1024x1024.png\" alt=\"\" class=\"wp-image-28706\" srcset=\"https:\/\/www.sinpro-rio.org.br\/principal\/wp-content\/uploads\/2020\/07\/20200721_204617_0005-1024x1024.png 1024w, https:\/\/www.sinpro-rio.org.br\/principal\/wp-content\/uploads\/2020\/07\/20200721_204617_0005-300x300.png 300w, https:\/\/www.sinpro-rio.org.br\/principal\/wp-content\/uploads\/2020\/07\/20200721_204617_0005-100x100.png 100w, https:\/\/www.sinpro-rio.org.br\/principal\/wp-content\/uploads\/2020\/07\/20200721_204617_0005-768x768.png 768w, https:\/\/www.sinpro-rio.org.br\/principal\/wp-content\/uploads\/2020\/07\/20200721_204617_0005.png 1080w\" sizes=\"(max-width: 1024px) 100vw, 1024px\" \/><\/figure>\n\n\n\n<figure class=\"wp-block-image size-large\"><img loading=\"lazy\" decoding=\"async\" width=\"1024\" height=\"1024\" src=\"https:\/\/sinpro-rio.org.br\/principal\/wp-content\/uploads\/2020\/07\/IMG-20200715-WA0026-1024x1024.jpg\" alt=\"\" class=\"wp-image-28592\" srcset=\"https:\/\/www.sinpro-rio.org.br\/principal\/wp-content\/uploads\/2020\/07\/IMG-20200715-WA0026-1024x1024.jpg 1024w, https:\/\/www.sinpro-rio.org.br\/principal\/wp-content\/uploads\/2020\/07\/IMG-20200715-WA0026-300x300.jpg 300w, https:\/\/www.sinpro-rio.org.br\/principal\/wp-content\/uploads\/2020\/07\/IMG-20200715-WA0026-100x100.jpg 100w, https:\/\/www.sinpro-rio.org.br\/principal\/wp-content\/uploads\/2020\/07\/IMG-20200715-WA0026-768x768.jpg 768w, https:\/\/www.sinpro-rio.org.br\/principal\/wp-content\/uploads\/2020\/07\/IMG-20200715-WA0026.jpg 1080w\" sizes=\"(max-width: 1024px) 100vw, 1024px\" \/><\/figure>\n\n\n\n<figure class=\"wp-block-image size-large\"><img loading=\"lazy\" decoding=\"async\" width=\"1024\" height=\"1024\" src=\"https:\/\/sinpro-rio.org.br\/principal\/wp-content\/uploads\/2020\/07\/20200714_222929_0010-1024x1024.png\" alt=\"\" class=\"wp-image-28597\" srcset=\"https:\/\/www.sinpro-rio.org.br\/principal\/wp-content\/uploads\/2020\/07\/20200714_222929_0010-1024x1024.png 1024w, https:\/\/www.sinpro-rio.org.br\/principal\/wp-content\/uploads\/2020\/07\/20200714_222929_0010-300x300.png 300w, https:\/\/www.sinpro-rio.org.br\/principal\/wp-content\/uploads\/2020\/07\/20200714_222929_0010-100x100.png 100w, https:\/\/www.sinpro-rio.org.br\/principal\/wp-content\/uploads\/2020\/07\/20200714_222929_0010-768x768.png 768w, https:\/\/www.sinpro-rio.org.br\/principal\/wp-content\/uploads\/2020\/07\/20200714_222929_0010.png 1080w\" sizes=\"(max-width: 1024px) 100vw, 1024px\" \/><\/figure>\n\n\n\n<figure class=\"wp-block-image size-large\"><img loading=\"lazy\" decoding=\"async\" width=\"1024\" height=\"1024\" src=\"https:\/\/sinpro-rio.org.br\/principal\/wp-content\/uploads\/2020\/07\/IMG-20200715-WA0010-1024x1024.jpg\" alt=\"\" class=\"wp-image-28593\" srcset=\"https:\/\/www.sinpro-rio.org.br\/principal\/wp-content\/uploads\/2020\/07\/IMG-20200715-WA0010-1024x1024.jpg 1024w, https:\/\/www.sinpro-rio.org.br\/principal\/wp-content\/uploads\/2020\/07\/IMG-20200715-WA0010-300x300.jpg 300w, https:\/\/www.sinpro-rio.org.br\/principal\/wp-content\/uploads\/2020\/07\/IMG-20200715-WA0010-100x100.jpg 100w, https:\/\/www.sinpro-rio.org.br\/principal\/wp-content\/uploads\/2020\/07\/IMG-20200715-WA0010-768x768.jpg 768w, https:\/\/www.sinpro-rio.org.br\/principal\/wp-content\/uploads\/2020\/07\/IMG-20200715-WA0010.jpg 1080w\" sizes=\"(max-width: 1024px) 100vw, 1024px\" \/><\/figure>\n\n\n\n<figure class=\"wp-block-image size-large\"><img loading=\"lazy\" decoding=\"async\" width=\"1024\" height=\"1024\" src=\"https:\/\/sinpro-rio.org.br\/principal\/wp-content\/uploads\/2020\/07\/20200714_222929_0012-1024x1024.png\" alt=\"\" class=\"wp-image-28613\" srcset=\"https:\/\/www.sinpro-rio.org.br\/principal\/wp-content\/uploads\/2020\/07\/20200714_222929_0012-1024x1024.png 1024w, https:\/\/www.sinpro-rio.org.br\/principal\/wp-content\/uploads\/2020\/07\/20200714_222929_0012-300x300.png 300w, https:\/\/www.sinpro-rio.org.br\/principal\/wp-content\/uploads\/2020\/07\/20200714_222929_0012-100x100.png 100w, https:\/\/www.sinpro-rio.org.br\/principal\/wp-content\/uploads\/2020\/07\/20200714_222929_0012-768x768.png 768w, https:\/\/www.sinpro-rio.org.br\/principal\/wp-content\/uploads\/2020\/07\/20200714_222929_0012.png 1080w\" sizes=\"(max-width: 1024px) 100vw, 1024px\" \/><\/figure>\n\n\n\n<figure class=\"wp-block-image size-large\"><img loading=\"lazy\" decoding=\"async\" width=\"1024\" height=\"1024\" src=\"https:\/\/sinpro-rio.org.br\/principal\/wp-content\/uploads\/2020\/07\/20200721_204617_0004-1024x1024.png\" alt=\"\" class=\"wp-image-28711\" srcset=\"https:\/\/www.sinpro-rio.org.br\/principal\/wp-content\/uploads\/2020\/07\/20200721_204617_0004-1024x1024.png 1024w, https:\/\/www.sinpro-rio.org.br\/principal\/wp-content\/uploads\/2020\/07\/20200721_204617_0004-300x300.png 300w, https:\/\/www.sinpro-rio.org.br\/principal\/wp-content\/uploads\/2020\/07\/20200721_204617_0004-100x100.png 100w, https:\/\/www.sinpro-rio.org.br\/principal\/wp-content\/uploads\/2020\/07\/20200721_204617_0004-768x768.png 768w, https:\/\/www.sinpro-rio.org.br\/principal\/wp-content\/uploads\/2020\/07\/20200721_204617_0004.png 1080w\" sizes=\"(max-width: 1024px) 100vw, 1024px\" \/><\/figure>\n\n\n\n<figure class=\"wp-block-image size-large\"><img loading=\"lazy\" decoding=\"async\" width=\"1024\" height=\"1024\" src=\"https:\/\/sinpro-rio.org.br\/principal\/wp-content\/uploads\/2020\/07\/20200714_222929_0003-1024x1024.png\" alt=\"\" class=\"wp-image-28594\" srcset=\"https:\/\/www.sinpro-rio.org.br\/principal\/wp-content\/uploads\/2020\/07\/20200714_222929_0003-1024x1024.png 1024w, https:\/\/www.sinpro-rio.org.br\/principal\/wp-content\/uploads\/2020\/07\/20200714_222929_0003-300x300.png 300w, https:\/\/www.sinpro-rio.org.br\/principal\/wp-content\/uploads\/2020\/07\/20200714_222929_0003-100x100.png 100w, https:\/\/www.sinpro-rio.org.br\/principal\/wp-content\/uploads\/2020\/07\/20200714_222929_0003-768x768.png 768w, https:\/\/www.sinpro-rio.org.br\/principal\/wp-content\/uploads\/2020\/07\/20200714_222929_0003.png 1080w\" sizes=\"(max-width: 1024px) 100vw, 1024px\" \/><\/figure>\n\n\n\n<figure class=\"wp-block-image size-large\"><img loading=\"lazy\" decoding=\"async\" width=\"1024\" height=\"1024\" src=\"https:\/\/sinpro-rio.org.br\/principal\/wp-content\/uploads\/2020\/07\/20200721_204617_0002-1-1024x1024.png\" alt=\"\" class=\"wp-image-28705\" srcset=\"https:\/\/www.sinpro-rio.org.br\/principal\/wp-content\/uploads\/2020\/07\/20200721_204617_0002-1-1024x1024.png 1024w, https:\/\/www.sinpro-rio.org.br\/principal\/wp-content\/uploads\/2020\/07\/20200721_204617_0002-1-300x300.png 300w, https:\/\/www.sinpro-rio.org.br\/principal\/wp-content\/uploads\/2020\/07\/20200721_204617_0002-1-100x100.png 100w, https:\/\/www.sinpro-rio.org.br\/principal\/wp-content\/uploads\/2020\/07\/20200721_204617_0002-1-768x768.png 768w, https:\/\/www.sinpro-rio.org.br\/principal\/wp-content\/uploads\/2020\/07\/20200721_204617_0002-1.png 1080w\" sizes=\"(max-width: 1024px) 100vw, 1024px\" \/><\/figure>\n\n\n\n<figure class=\"wp-block-image size-large\"><img loading=\"lazy\" decoding=\"async\" width=\"1024\" height=\"1024\" src=\"https:\/\/sinpro-rio.org.br\/principal\/wp-content\/uploads\/2020\/07\/IMG-20200702-WA0035-2-1024x1024.jpg\" alt=\"\" class=\"wp-image-28521\" srcset=\"https:\/\/www.sinpro-rio.org.br\/principal\/wp-content\/uploads\/2020\/07\/IMG-20200702-WA0035-2-1024x1024.jpg 1024w, https:\/\/www.sinpro-rio.org.br\/principal\/wp-content\/uploads\/2020\/07\/IMG-20200702-WA0035-2-300x300.jpg 300w, https:\/\/www.sinpro-rio.org.br\/principal\/wp-content\/uploads\/2020\/07\/IMG-20200702-WA0035-2-100x100.jpg 100w, https:\/\/www.sinpro-rio.org.br\/principal\/wp-content\/uploads\/2020\/07\/IMG-20200702-WA0035-2-768x768.jpg 768w, https:\/\/www.sinpro-rio.org.br\/principal\/wp-content\/uploads\/2020\/07\/IMG-20200702-WA0035-2.jpg 1080w\" sizes=\"(max-width: 1024px) 100vw, 1024px\" \/><\/figure>\n\n\n\n<figure class=\"wp-block-image size-large\"><img loading=\"lazy\" decoding=\"async\" width=\"1024\" height=\"1024\" src=\"https:\/\/sinpro-rio.org.br\/principal\/wp-content\/uploads\/2020\/07\/20200721_204617_0007-1024x1024.png\" alt=\"\" class=\"wp-image-28710\" srcset=\"https:\/\/www.sinpro-rio.org.br\/principal\/wp-content\/uploads\/2020\/07\/20200721_204617_0007-1024x1024.png 1024w, https:\/\/www.sinpro-rio.org.br\/principal\/wp-content\/uploads\/2020\/07\/20200721_204617_0007-300x300.png 300w, https:\/\/www.sinpro-rio.org.br\/principal\/wp-content\/uploads\/2020\/07\/20200721_204617_0007-100x100.png 100w, https:\/\/www.sinpro-rio.org.br\/principal\/wp-content\/uploads\/2020\/07\/20200721_204617_0007-768x768.png 768w, https:\/\/www.sinpro-rio.org.br\/principal\/wp-content\/uploads\/2020\/07\/20200721_204617_0007.png 1080w\" sizes=\"(max-width: 1024px) 100vw, 1024px\" \/><\/figure>\n\n\n\n<figure class=\"wp-block-image size-large\"><img loading=\"lazy\" decoding=\"async\" width=\"1024\" height=\"1024\" src=\"https:\/\/sinpro-rio.org.br\/principal\/wp-content\/uploads\/2020\/07\/20200721_204617_0001-1024x1024.png\" alt=\"\" class=\"wp-image-28704\" srcset=\"https:\/\/www.sinpro-rio.org.br\/principal\/wp-content\/uploads\/2020\/07\/20200721_204617_0001-1024x1024.png 1024w, https:\/\/www.sinpro-rio.org.br\/principal\/wp-content\/uploads\/2020\/07\/20200721_204617_0001-300x300.png 300w, https:\/\/www.sinpro-rio.org.br\/principal\/wp-content\/uploads\/2020\/07\/20200721_204617_0001-100x100.png 100w, https:\/\/www.sinpro-rio.org.br\/principal\/wp-content\/uploads\/2020\/07\/20200721_204617_0001-768x768.png 768w, https:\/\/www.sinpro-rio.org.br\/principal\/wp-content\/uploads\/2020\/07\/20200721_204617_0001.png 1080w\" sizes=\"(max-width: 1024px) 100vw, 1024px\" \/><\/figure>\n\n\n\n<figure class=\"wp-block-image size-large\"><img loading=\"lazy\" decoding=\"async\" width=\"1024\" height=\"1024\" src=\"https:\/\/sinpro-rio.org.br\/principal\/wp-content\/uploads\/2020\/07\/1-1024x1024.jpg\" alt=\"\" class=\"wp-image-28532\" srcset=\"https:\/\/www.sinpro-rio.org.br\/principal\/wp-content\/uploads\/2020\/07\/1-1024x1024.jpg 1024w, https:\/\/www.sinpro-rio.org.br\/principal\/wp-content\/uploads\/2020\/07\/1-300x300.jpg 300w, https:\/\/www.sinpro-rio.org.br\/principal\/wp-content\/uploads\/2020\/07\/1-100x100.jpg 100w, https:\/\/www.sinpro-rio.org.br\/principal\/wp-content\/uploads\/2020\/07\/1-768x768.jpg 768w, https:\/\/www.sinpro-rio.org.br\/principal\/wp-content\/uploads\/2020\/07\/1.jpg 1080w\" sizes=\"(max-width: 1024px) 100vw, 1024px\" \/><\/figure>\n\n\n\n<figure class=\"wp-block-image size-large\"><img loading=\"lazy\" decoding=\"async\" width=\"1024\" height=\"1024\" src=\"https:\/\/sinpro-rio.org.br\/principal\/wp-content\/uploads\/2020\/07\/20200721_204617_0014-1024x1024.png\" alt=\"\" class=\"wp-image-28707\" srcset=\"https:\/\/www.sinpro-rio.org.br\/principal\/wp-content\/uploads\/2020\/07\/20200721_204617_0014-1024x1024.png 1024w, https:\/\/www.sinpro-rio.org.br\/principal\/wp-content\/uploads\/2020\/07\/20200721_204617_0014-300x300.png 300w, https:\/\/www.sinpro-rio.org.br\/principal\/wp-content\/uploads\/2020\/07\/20200721_204617_0014-100x100.png 100w, https:\/\/www.sinpro-rio.org.br\/principal\/wp-content\/uploads\/2020\/07\/20200721_204617_0014-768x768.png 768w, https:\/\/www.sinpro-rio.org.br\/principal\/wp-content\/uploads\/2020\/07\/20200721_204617_0014.png 1080w\" sizes=\"(max-width: 1024px) 100vw, 1024px\" \/><\/figure>\n\n\n\n<figure class=\"wp-block-image size-large\"><img loading=\"lazy\" decoding=\"async\" width=\"706\" height=\"706\" src=\"https:\/\/sinpro-rio.org.br\/principal\/wp-content\/uploads\/2020\/07\/IMG-20200707-WA0005.jpg\" alt=\"\" class=\"wp-image-28522\" srcset=\"https:\/\/www.sinpro-rio.org.br\/principal\/wp-content\/uploads\/2020\/07\/IMG-20200707-WA0005.jpg 706w, https:\/\/www.sinpro-rio.org.br\/principal\/wp-content\/uploads\/2020\/07\/IMG-20200707-WA0005-300x300.jpg 300w, https:\/\/www.sinpro-rio.org.br\/principal\/wp-content\/uploads\/2020\/07\/IMG-20200707-WA0005-100x100.jpg 100w\" sizes=\"(max-width: 706px) 100vw, 706px\" \/><\/figure>\n","protected":false},"excerpt":{"rendered":"<p>Mais de 500 professores e professoras participaram da Assembleia Unificada do Sinpro-Rio, realizada neste s\u00e1bado, dia 04 de julho, de forma virtual. Mais de 90% dos presentes votaram a favor da greve pela Vida, dizendo N\u00c3O ao retorno \u00e0s aulas presenciais, agora! Foi aprovada, ainda, nova assembleia para o dia primeiro de agosto, mas, caso [&hellip;]<\/p>\n","protected":false},"author":2,"featured_media":28440,"comment_status":"closed","ping_status":"closed","sticky":false,"template":"","format":"standard","meta":{"footnotes":""},"categories":[1,25],"tags":[],"class_list":["post-28443","post","type-post","status-publish","format-standard","has-post-thumbnail","hentry","category-noticias","category-destaque-primeira-pagina"],"yoast_head":"<!-- This site is optimized with the Yoast SEO plugin v25.7 - https:\/\/yoast.com\/wordpress\/plugins\/seo\/ -->\n<title>Assembleia hist\u00f3rica aprova, por ampla maioria, greve pela vida! - Sinpro-Rio<\/title>\n<meta name=\"robots\" content=\"index, follow, max-snippet:-1, max-image-preview:large, max-video-preview:-1\" \/>\n<link rel=\"canonical\" href=\"https:\/\/www.sinpro-rio.org.br\/principal\/assembleia-unificada-delibera-pelo-nao-retorno-a-escola\/\" \/>\n<meta property=\"og:locale\" content=\"pt_BR\" \/>\n<meta property=\"og:type\" content=\"article\" \/>\n<meta property=\"og:title\" content=\"Assembleia hist\u00f3rica aprova, por ampla maioria, greve pela vida! - Sinpro-Rio\" \/>\n<meta property=\"og:description\" content=\"Mais de 500 professores e professoras participaram da Assembleia Unificada do Sinpro-Rio, realizada neste s\u00e1bado, dia 04 de julho, de forma virtual. Mais de 90% dos presentes votaram a favor da greve pela Vida, dizendo N\u00c3O ao retorno \u00e0s aulas presenciais, agora! Foi aprovada, ainda, nova assembleia para o dia primeiro de agosto, mas, caso [&hellip;]\" \/>\n<meta property=\"og:url\" content=\"https:\/\/www.sinpro-rio.org.br\/principal\/assembleia-unificada-delibera-pelo-nao-retorno-a-escola\/\" \/>\n<meta property=\"og:site_name\" content=\"Sinpro-Rio\" \/>\n<meta property=\"article:published_time\" content=\"2020-07-20T13:57:00+00:00\" \/>\n<meta property=\"article:modified_time\" content=\"2020-07-24T18:37:57+00:00\" \/>\n<meta property=\"og:image\" content=\"https:\/\/www.sinpro-rio.org.br\/principal\/wp-content\/uploads\/2020\/07\/logo.jpg\" \/>\n\t<meta property=\"og:image:width\" content=\"1079\" \/>\n\t<meta property=\"og:image:height\" content=\"1067\" \/>\n\t<meta property=\"og:image:type\" content=\"image\/jpeg\" \/>\n<meta name=\"author\" content=\"alessandra\" \/>\n<meta name=\"twitter:card\" content=\"summary_large_image\" \/>\n<meta name=\"twitter:label1\" content=\"Escrito por\" \/>\n\t<meta name=\"twitter:data1\" content=\"alessandra\" \/>\n\t<meta name=\"twitter:label2\" content=\"Est. tempo de leitura\" \/>\n\t<meta name=\"twitter:data2\" content=\"6 minutos\" \/>\n<script type=\"application\/ld+json\" class=\"yoast-schema-graph\">{\"@context\":\"https:\/\/schema.org\",\"@graph\":[{\"@type\":\"WebPage\",\"@id\":\"https:\/\/www.sinpro-rio.org.br\/principal\/assembleia-unificada-delibera-pelo-nao-retorno-a-escola\/\",\"url\":\"https:\/\/www.sinpro-rio.org.br\/principal\/assembleia-unificada-delibera-pelo-nao-retorno-a-escola\/\",\"name\":\"Assembleia hist\u00f3rica aprova, por ampla maioria, greve pela vida! - Sinpro-Rio\",\"isPartOf\":{\"@id\":\"https:\/\/www.sinpro-rio.org.br\/principal\/#website\"},\"primaryImageOfPage\":{\"@id\":\"https:\/\/www.sinpro-rio.org.br\/principal\/assembleia-unificada-delibera-pelo-nao-retorno-a-escola\/#primaryimage\"},\"image\":{\"@id\":\"https:\/\/www.sinpro-rio.org.br\/principal\/assembleia-unificada-delibera-pelo-nao-retorno-a-escola\/#primaryimage\"},\"thumbnailUrl\":\"https:\/\/www.sinpro-rio.org.br\/principal\/wp-content\/uploads\/2020\/07\/logo.jpg\",\"datePublished\":\"2020-07-20T13:57:00+00:00\",\"dateModified\":\"2020-07-24T18:37:57+00:00\",\"author\":{\"@id\":\"https:\/\/www.sinpro-rio.org.br\/principal\/#\/schema\/person\/ee17219e64d00d037e511ae59ce2227e\"},\"breadcrumb\":{\"@id\":\"https:\/\/www.sinpro-rio.org.br\/principal\/assembleia-unificada-delibera-pelo-nao-retorno-a-escola\/#breadcrumb\"},\"inLanguage\":\"pt-BR\",\"potentialAction\":[{\"@type\":\"ReadAction\",\"target\":[\"https:\/\/www.sinpro-rio.org.br\/principal\/assembleia-unificada-delibera-pelo-nao-retorno-a-escola\/\"]}]},{\"@type\":\"ImageObject\",\"inLanguage\":\"pt-BR\",\"@id\":\"https:\/\/www.sinpro-rio.org.br\/principal\/assembleia-unificada-delibera-pelo-nao-retorno-a-escola\/#primaryimage\",\"url\":\"https:\/\/www.sinpro-rio.org.br\/principal\/wp-content\/uploads\/2020\/07\/logo.jpg\",\"contentUrl\":\"https:\/\/www.sinpro-rio.org.br\/principal\/wp-content\/uploads\/2020\/07\/logo.jpg\",\"width\":1079,\"height\":1067},{\"@type\":\"BreadcrumbList\",\"@id\":\"https:\/\/www.sinpro-rio.org.br\/principal\/assembleia-unificada-delibera-pelo-nao-retorno-a-escola\/#breadcrumb\",\"itemListElement\":[{\"@type\":\"ListItem\",\"position\":1,\"name\":\"In\u00edcio\",\"item\":\"https:\/\/www.sinpro-rio.org.br\/principal\/\"},{\"@type\":\"ListItem\",\"position\":2,\"name\":\"Assembleia hist\u00f3rica aprova, por ampla maioria, greve pela vida!\"}]},{\"@type\":\"WebSite\",\"@id\":\"https:\/\/www.sinpro-rio.org.br\/principal\/#website\",\"url\":\"https:\/\/www.sinpro-rio.org.br\/principal\/\",\"name\":\"Sinpro-Rio\",\"description\":\"Sindicato dos Professores do Munic\u00edpio do Rio de Janeiro e Regi\u00e3o\",\"potentialAction\":[{\"@type\":\"SearchAction\",\"target\":{\"@type\":\"EntryPoint\",\"urlTemplate\":\"https:\/\/www.sinpro-rio.org.br\/principal\/?s={search_term_string}\"},\"query-input\":{\"@type\":\"PropertyValueSpecification\",\"valueRequired\":true,\"valueName\":\"search_term_string\"}}],\"inLanguage\":\"pt-BR\"},{\"@type\":\"Person\",\"@id\":\"https:\/\/www.sinpro-rio.org.br\/principal\/#\/schema\/person\/ee17219e64d00d037e511ae59ce2227e\",\"name\":\"alessandra\",\"image\":{\"@type\":\"ImageObject\",\"inLanguage\":\"pt-BR\",\"@id\":\"https:\/\/www.sinpro-rio.org.br\/principal\/#\/schema\/person\/image\/\",\"url\":\"https:\/\/secure.gravatar.com\/avatar\/2b43fa8c0ad8e33b46a4732549f7fb20?s=96&d=mm&r=g\",\"contentUrl\":\"https:\/\/secure.gravatar.com\/avatar\/2b43fa8c0ad8e33b46a4732549f7fb20?s=96&d=mm&r=g\",\"caption\":\"alessandra\"},\"url\":\"https:\/\/www.sinpro-rio.org.br\/principal\/author\/alessandra\/\"}]}<\/script>\n<!-- \/ Yoast SEO plugin. -->","yoast_head_json":{"title":"Assembleia hist\u00f3rica aprova, por ampla maioria, greve pela vida! - Sinpro-Rio","robots":{"index":"index","follow":"follow","max-snippet":"max-snippet:-1","max-image-preview":"max-image-preview:large","max-video-preview":"max-video-preview:-1"},"canonical":"https:\/\/www.sinpro-rio.org.br\/principal\/assembleia-unificada-delibera-pelo-nao-retorno-a-escola\/","og_locale":"pt_BR","og_type":"article","og_title":"Assembleia hist\u00f3rica aprova, por ampla maioria, greve pela vida! - Sinpro-Rio","og_description":"Mais de 500 professores e professoras participaram da Assembleia Unificada do Sinpro-Rio, realizada neste s\u00e1bado, dia 04 de julho, de forma virtual. Mais de 90% dos presentes votaram a favor da greve pela Vida, dizendo N\u00c3O ao retorno \u00e0s aulas presenciais, agora! Foi aprovada, ainda, nova assembleia para o dia primeiro de agosto, mas, caso [&hellip;]","og_url":"https:\/\/www.sinpro-rio.org.br\/principal\/assembleia-unificada-delibera-pelo-nao-retorno-a-escola\/","og_site_name":"Sinpro-Rio","article_published_time":"2020-07-20T13:57:00+00:00","article_modified_time":"2020-07-24T18:37:57+00:00","og_image":[{"width":1079,"height":1067,"url":"https:\/\/www.sinpro-rio.org.br\/principal\/wp-content\/uploads\/2020\/07\/logo.jpg","type":"image\/jpeg"}],"author":"alessandra","twitter_card":"summary_large_image","twitter_misc":{"Escrito por":"alessandra","Est. tempo de leitura":"6 minutos"},"schema":{"@context":"https:\/\/schema.org","@graph":[{"@type":"WebPage","@id":"https:\/\/www.sinpro-rio.org.br\/principal\/assembleia-unificada-delibera-pelo-nao-retorno-a-escola\/","url":"https:\/\/www.sinpro-rio.org.br\/principal\/assembleia-unificada-delibera-pelo-nao-retorno-a-escola\/","name":"Assembleia hist\u00f3rica aprova, por ampla maioria, greve pela vida! - Sinpro-Rio","isPartOf":{"@id":"https:\/\/www.sinpro-rio.org.br\/principal\/#website"},"primaryImageOfPage":{"@id":"https:\/\/www.sinpro-rio.org.br\/principal\/assembleia-unificada-delibera-pelo-nao-retorno-a-escola\/#primaryimage"},"image":{"@id":"https:\/\/www.sinpro-rio.org.br\/principal\/assembleia-unificada-delibera-pelo-nao-retorno-a-escola\/#primaryimage"},"thumbnailUrl":"https:\/\/www.sinpro-rio.org.br\/principal\/wp-content\/uploads\/2020\/07\/logo.jpg","datePublished":"2020-07-20T13:57:00+00:00","dateModified":"2020-07-24T18:37:57+00:00","author":{"@id":"https:\/\/www.sinpro-rio.org.br\/principal\/#\/schema\/person\/ee17219e64d00d037e511ae59ce2227e"},"breadcrumb":{"@id":"https:\/\/www.sinpro-rio.org.br\/principal\/assembleia-unificada-delibera-pelo-nao-retorno-a-escola\/#breadcrumb"},"inLanguage":"pt-BR","potentialAction":[{"@type":"ReadAction","target":["https:\/\/www.sinpro-rio.org.br\/principal\/assembleia-unificada-delibera-pelo-nao-retorno-a-escola\/"]}]},{"@type":"ImageObject","inLanguage":"pt-BR","@id":"https:\/\/www.sinpro-rio.org.br\/principal\/assembleia-unificada-delibera-pelo-nao-retorno-a-escola\/#primaryimage","url":"https:\/\/www.sinpro-rio.org.br\/principal\/wp-content\/uploads\/2020\/07\/logo.jpg","contentUrl":"https:\/\/www.sinpro-rio.org.br\/principal\/wp-content\/uploads\/2020\/07\/logo.jpg","width":1079,"height":1067},{"@type":"BreadcrumbList","@id":"https:\/\/www.sinpro-rio.org.br\/principal\/assembleia-unificada-delibera-pelo-nao-retorno-a-escola\/#breadcrumb","itemListElement":[{"@type":"ListItem","position":1,"name":"In\u00edcio","item":"https:\/\/www.sinpro-rio.org.br\/principal\/"},{"@type":"ListItem","position":2,"name":"Assembleia hist\u00f3rica aprova, por ampla maioria, greve pela vida!"}]},{"@type":"WebSite","@id":"https:\/\/www.sinpro-rio.org.br\/principal\/#website","url":"https:\/\/www.sinpro-rio.org.br\/principal\/","name":"Sinpro-Rio","description":"Sindicato dos Professores do Munic\u00edpio do Rio de Janeiro e Regi\u00e3o","potentialAction":[{"@type":"SearchAction","target":{"@type":"EntryPoint","urlTemplate":"https:\/\/www.sinpro-rio.org.br\/principal\/?s={search_term_string}"},"query-input":{"@type":"PropertyValueSpecification","valueRequired":true,"valueName":"search_term_string"}}],"inLanguage":"pt-BR"},{"@type":"Person","@id":"https:\/\/www.sinpro-rio.org.br\/principal\/#\/schema\/person\/ee17219e64d00d037e511ae59ce2227e","name":"alessandra","image":{"@type":"ImageObject","inLanguage":"pt-BR","@id":"https:\/\/www.sinpro-rio.org.br\/principal\/#\/schema\/person\/image\/","url":"https:\/\/secure.gravatar.com\/avatar\/2b43fa8c0ad8e33b46a4732549f7fb20?s=96&d=mm&r=g","contentUrl":"https:\/\/secure.gravatar.com\/avatar\/2b43fa8c0ad8e33b46a4732549f7fb20?s=96&d=mm&r=g","caption":"alessandra"},"url":"https:\/\/www.sinpro-rio.org.br\/principal\/author\/alessandra\/"}]}},"_links":{"self":[{"href":"https:\/\/www.sinpro-rio.org.br\/principal\/wp-json\/wp\/v2\/posts\/28443","targetHints":{"allow":["GET"]}}],"collection":[{"href":"https:\/\/www.sinpro-rio.org.br\/principal\/wp-json\/wp\/v2\/posts"}],"about":[{"href":"https:\/\/www.sinpro-rio.org.br\/principal\/wp-json\/wp\/v2\/types\/post"}],"author":[{"embeddable":true,"href":"https:\/\/www.sinpro-rio.org.br\/principal\/wp-json\/wp\/v2\/users\/2"}],"replies":[{"embeddable":true,"href":"https:\/\/www.sinpro-rio.org.br\/principal\/wp-json\/wp\/v2\/comments?post=28443"}],"version-history":[{"count":32,"href":"https:\/\/www.sinpro-rio.org.br\/principal\/wp-json\/wp\/v2\/posts\/28443\/revisions"}],"predecessor-version":[{"id":28728,"href":"https:\/\/www.sinpro-rio.org.br\/principal\/wp-json\/wp\/v2\/posts\/28443\/revisions\/28728"}],"wp:featuredmedia":[{"embeddable":true,"href":"https:\/\/www.sinpro-rio.org.br\/principal\/wp-json\/wp\/v2\/media\/28440"}],"wp:attachment":[{"href":"https:\/\/www.sinpro-rio.org.br\/principal\/wp-json\/wp\/v2\/media?parent=28443"}],"wp:term":[{"taxonomy":"category","embeddable":true,"href":"https:\/\/www.sinpro-rio.org.br\/principal\/wp-json\/wp\/v2\/categories?post=28443"},{"taxonomy":"post_tag","embeddable":true,"href":"https:\/\/www.sinpro-rio.org.br\/principal\/wp-json\/wp\/v2\/tags?post=28443"}],"curies":[{"name":"wp","href":"https:\/\/api.w.org\/{rel}","templated":true}]}}