{"id":28428,"date":"2020-07-03T18:26:58","date_gmt":"2020-07-03T21:26:58","guid":{"rendered":"https:\/\/sinpro-rio.org.br\/principal\/?p=28428"},"modified":"2020-07-06T06:48:28","modified_gmt":"2020-07-06T09:48:28","slug":"sinpro-rio-notifica-escolas-sobre-riscos-de-volta-a-escola","status":"publish","type":"post","link":"https:\/\/www.sinpro-rio.org.br\/principal\/sinpro-rio-notifica-escolas-sobre-riscos-de-volta-a-escola\/","title":{"rendered":"Sinpro-Rio notifica escolas sobre riscos de volta \u00e0 escola"},"content":{"rendered":"\n<p>O decreto municipal n\u00ba 47551\/26 de junho de 2020 faculta a abertura das escolas privadas a partir do dia 10 de julho. \u00c9 fato, contudo, que qualquer ato de chamamento dos professores para o trabalho \u00e9 vedado, em raz\u00e3o da opcionalidade registrada no decreto.<\/p>\n\n\n\n<p>Embora seja facultativa, n\u00e3o h\u00e1 d\u00favidas que o decreto se encontra em desacordo com todas as recomenda\u00e7\u00f5es das autoridades sanit\u00e1rias que afirmam que n\u00e3o h\u00e1 condi\u00e7\u00f5es, no momento atual, para que a comunidade escolar se exponha a n\u00edveis elevados de contamina\u00e7\u00e3o pelo COVID-19. Este fato \u00e9 corroborado pela maioria dos pais que declara que n\u00e3o retornar\u00e1 com seus filhos \u00e0s atividades presenciais neste momento, e pelos professores, notadamente os que apresentam ou moram com parentes que apresentam comorbidades de sa\u00fade.<\/p>\n\n\n\n<p>Ademais da aus\u00eancia de condi\u00e7\u00f5es de trabalho, fato \u00e9 que a insist\u00eancia da institui\u00e7\u00e3o na retomada das atividades ser\u00e1 evidente afronta ao projeto pedag\u00f3gico, posto que a receptividade, o contato e o abra\u00e7o entre professores e alunos faz parte do projeto educacional de todas as institui\u00e7\u00f5es de ensino.<\/p>\n\n\n\n<p>Sendo assim, o Sinpro-Rio notifica as dire\u00e7\u00f5es de escola quanto \u00e0 responsabilidade de assumir os riscos em rela\u00e7\u00e3o \u00e0 exposi\u00e7\u00e3o das crian\u00e7as, adolescentes, jovens, professores, funcion\u00e1rios administrativos, funcion\u00e1rios de limpeza e os pais dos alunos que venham a se contaminar e, por infelicidade, venham a falecer pelo Covid -19.<\/p>\n\n\n\n<p>A presente notifica\u00e7\u00e3o se faz necess\u00e1ria, uma vez que, n\u00e3o havendo qualquer laudo ou parecer t\u00e9cnico-cient\u00edfico que garanta o exerc\u00edcio profissional dos professores sem risco iminente de contamina\u00e7\u00e3o, o Sinpro afirma que ser\u00e3o tomadas todas as medidas administrativas, c\u00edveis e criminais em caso de contamina\u00e7\u00e3o dos profissionais da categoria docente, por falta de estrutura e seguran\u00e7a que garanta o exerc\u00edcio profissional sem risco, bem como omiss\u00e3o ou a\u00e7\u00e3o que corrobore com a incid\u00eancia do artigo 132 do c\u00f3digo penal brasileiro, que transcrevemos abaixo:<br>Art. 132 &#8211; Expor a vida ou a sa\u00fade de outrem a perigo direto e iminente.<\/p>\n\n\n\n<p>Temos a certeza de que a maioria dos gestores escolares tem ci\u00eancia de suas responsabilidades e de que, mesmo havendo uma poss\u00edvel libera\u00e7\u00e3o por parte de gestores p\u00fablicos, tais responsabilidades n\u00e3o se encerram, fazendo assim que tais penalidades sejam assumidas. Reafirmamos a posi\u00e7\u00e3o de n\u00e3o retorno das atividades presenciais, nesse momento, nos estabelecimentos de ensino privado.<\/p>\n\n\n\n<p>O Sinpro-Rio est\u00e1 e sempre estar\u00e1 ao lado das institui\u00e7\u00f5es que, de forma respons\u00e1vel, entendem e seguem os princ\u00edpios da preserva\u00e7\u00e3o da vida acima do lucro, e que j\u00e1 se posicionaram sobre um n\u00e3o retorno sem seguran\u00e7a. Muitas institui\u00e7\u00f5es, inclusive, sabendo que o trabalho pedag\u00f3gico n\u00e3o foi paralisado, pelo contr\u00e1rio, triplicou, j\u00e1 definiram per\u00edodos de recesso escolar, ainda no m\u00eas de julho.<\/p>\n\n\n\n<p>O Sinpro-Rio se coloca \u00e0 disposi\u00e7\u00e3o para quaisquer esclarecimentos.<br>A preserva\u00e7\u00e3o da vida vem em primeiro lugar.<\/p>\n\n\n\n<p><strong><em>Diretoria do Sinpro-Rio <\/em><\/strong><\/p>\n\n\n\n<p><\/p>\n\n\n\n<p>Esperamos voc\u00eas na assembleia!<\/p>\n\n\n\n<figure class=\"wp-block-image size-large\"><img fetchpriority=\"high\" decoding=\"async\" width=\"1000\" height=\"1000\" src=\"https:\/\/sinpro-rio.org.br\/principal\/wp-content\/uploads\/2020\/07\/IMG-20200701-WA0031.jpg\" alt=\"\" class=\"wp-image-28429\" srcset=\"https:\/\/www.sinpro-rio.org.br\/principal\/wp-content\/uploads\/2020\/07\/IMG-20200701-WA0031.jpg 1000w, https:\/\/www.sinpro-rio.org.br\/principal\/wp-content\/uploads\/2020\/07\/IMG-20200701-WA0031-300x300.jpg 300w, https:\/\/www.sinpro-rio.org.br\/principal\/wp-content\/uploads\/2020\/07\/IMG-20200701-WA0031-100x100.jpg 100w, https:\/\/www.sinpro-rio.org.br\/principal\/wp-content\/uploads\/2020\/07\/IMG-20200701-WA0031-768x768.jpg 768w\" sizes=\"(max-width: 1000px) 100vw, 1000px\" \/><\/figure>\n","protected":false},"excerpt":{"rendered":"<p>O decreto municipal n\u00ba 47551\/26 de junho de 2020 faculta a abertura das escolas privadas a partir do dia 10 de julho. \u00c9 fato, contudo, que qualquer ato de chamamento dos professores para o trabalho \u00e9 vedado, em raz\u00e3o da opcionalidade registrada no decreto. Embora seja facultativa, n\u00e3o h\u00e1 d\u00favidas que o decreto se encontra [&hellip;]<\/p>\n","protected":false},"author":2,"featured_media":28430,"comment_status":"closed","ping_status":"closed","sticky":false,"template":"","format":"standard","meta":{"footnotes":""},"categories":[1],"tags":[],"class_list":["post-28428","post","type-post","status-publish","format-standard","has-post-thumbnail","hentry","category-noticias"],"yoast_head":"<!-- This site is optimized with the Yoast SEO plugin v25.7 - https:\/\/yoast.com\/wordpress\/plugins\/seo\/ -->\n<title>Sinpro-Rio notifica escolas sobre riscos de volta \u00e0 escola - Sinpro-Rio<\/title>\n<meta name=\"robots\" content=\"index, follow, max-snippet:-1, max-image-preview:large, max-video-preview:-1\" \/>\n<link rel=\"canonical\" href=\"https:\/\/www.sinpro-rio.org.br\/principal\/sinpro-rio-notifica-escolas-sobre-riscos-de-volta-a-escola\/\" \/>\n<meta property=\"og:locale\" content=\"pt_BR\" \/>\n<meta property=\"og:type\" content=\"article\" \/>\n<meta property=\"og:title\" content=\"Sinpro-Rio notifica escolas sobre riscos de volta \u00e0 escola - Sinpro-Rio\" \/>\n<meta property=\"og:description\" content=\"O decreto municipal n\u00ba 47551\/26 de junho de 2020 faculta a abertura das escolas privadas a partir do dia 10 de julho. \u00c9 fato, contudo, que qualquer ato de chamamento dos professores para o trabalho \u00e9 vedado, em raz\u00e3o da opcionalidade registrada no decreto. Embora seja facultativa, n\u00e3o h\u00e1 d\u00favidas que o decreto se encontra [&hellip;]\" \/>\n<meta property=\"og:url\" content=\"https:\/\/www.sinpro-rio.org.br\/principal\/sinpro-rio-notifica-escolas-sobre-riscos-de-volta-a-escola\/\" \/>\n<meta property=\"og:site_name\" content=\"Sinpro-Rio\" \/>\n<meta property=\"article:published_time\" content=\"2020-07-03T21:26:58+00:00\" \/>\n<meta property=\"article:modified_time\" content=\"2020-07-06T09:48:28+00:00\" \/>\n<meta property=\"og:image\" content=\"https:\/\/www.sinpro-rio.org.br\/principal\/wp-content\/uploads\/2020\/07\/IMG-20200702-WA0035-1.jpg\" \/>\n\t<meta property=\"og:image:width\" content=\"1080\" \/>\n\t<meta property=\"og:image:height\" content=\"1080\" \/>\n\t<meta property=\"og:image:type\" content=\"image\/jpeg\" \/>\n<meta name=\"author\" content=\"alessandra\" \/>\n<meta name=\"twitter:card\" content=\"summary_large_image\" \/>\n<meta name=\"twitter:label1\" content=\"Escrito por\" \/>\n\t<meta name=\"twitter:data1\" content=\"alessandra\" \/>\n\t<meta name=\"twitter:label2\" content=\"Est. tempo de leitura\" \/>\n\t<meta name=\"twitter:data2\" content=\"3 minutos\" \/>\n<script type=\"application\/ld+json\" class=\"yoast-schema-graph\">{\"@context\":\"https:\/\/schema.org\",\"@graph\":[{\"@type\":\"WebPage\",\"@id\":\"https:\/\/www.sinpro-rio.org.br\/principal\/sinpro-rio-notifica-escolas-sobre-riscos-de-volta-a-escola\/\",\"url\":\"https:\/\/www.sinpro-rio.org.br\/principal\/sinpro-rio-notifica-escolas-sobre-riscos-de-volta-a-escola\/\",\"name\":\"Sinpro-Rio notifica escolas sobre riscos de volta \u00e0 escola - Sinpro-Rio\",\"isPartOf\":{\"@id\":\"https:\/\/www.sinpro-rio.org.br\/principal\/#website\"},\"primaryImageOfPage\":{\"@id\":\"https:\/\/www.sinpro-rio.org.br\/principal\/sinpro-rio-notifica-escolas-sobre-riscos-de-volta-a-escola\/#primaryimage\"},\"image\":{\"@id\":\"https:\/\/www.sinpro-rio.org.br\/principal\/sinpro-rio-notifica-escolas-sobre-riscos-de-volta-a-escola\/#primaryimage\"},\"thumbnailUrl\":\"https:\/\/www.sinpro-rio.org.br\/principal\/wp-content\/uploads\/2020\/07\/IMG-20200702-WA0035-1.jpg\",\"datePublished\":\"2020-07-03T21:26:58+00:00\",\"dateModified\":\"2020-07-06T09:48:28+00:00\",\"author\":{\"@id\":\"https:\/\/www.sinpro-rio.org.br\/principal\/#\/schema\/person\/ee17219e64d00d037e511ae59ce2227e\"},\"breadcrumb\":{\"@id\":\"https:\/\/www.sinpro-rio.org.br\/principal\/sinpro-rio-notifica-escolas-sobre-riscos-de-volta-a-escola\/#breadcrumb\"},\"inLanguage\":\"pt-BR\",\"potentialAction\":[{\"@type\":\"ReadAction\",\"target\":[\"https:\/\/www.sinpro-rio.org.br\/principal\/sinpro-rio-notifica-escolas-sobre-riscos-de-volta-a-escola\/\"]}]},{\"@type\":\"ImageObject\",\"inLanguage\":\"pt-BR\",\"@id\":\"https:\/\/www.sinpro-rio.org.br\/principal\/sinpro-rio-notifica-escolas-sobre-riscos-de-volta-a-escola\/#primaryimage\",\"url\":\"https:\/\/www.sinpro-rio.org.br\/principal\/wp-content\/uploads\/2020\/07\/IMG-20200702-WA0035-1.jpg\",\"contentUrl\":\"https:\/\/www.sinpro-rio.org.br\/principal\/wp-content\/uploads\/2020\/07\/IMG-20200702-WA0035-1.jpg\",\"width\":1080,\"height\":1080},{\"@type\":\"BreadcrumbList\",\"@id\":\"https:\/\/www.sinpro-rio.org.br\/principal\/sinpro-rio-notifica-escolas-sobre-riscos-de-volta-a-escola\/#breadcrumb\",\"itemListElement\":[{\"@type\":\"ListItem\",\"position\":1,\"name\":\"In\u00edcio\",\"item\":\"https:\/\/www.sinpro-rio.org.br\/principal\/\"},{\"@type\":\"ListItem\",\"position\":2,\"name\":\"Sinpro-Rio notifica escolas sobre riscos de volta \u00e0 escola\"}]},{\"@type\":\"WebSite\",\"@id\":\"https:\/\/www.sinpro-rio.org.br\/principal\/#website\",\"url\":\"https:\/\/www.sinpro-rio.org.br\/principal\/\",\"name\":\"Sinpro-Rio\",\"description\":\"Sindicato dos Professores do Munic\u00edpio do Rio de Janeiro e Regi\u00e3o\",\"potentialAction\":[{\"@type\":\"SearchAction\",\"target\":{\"@type\":\"EntryPoint\",\"urlTemplate\":\"https:\/\/www.sinpro-rio.org.br\/principal\/?s={search_term_string}\"},\"query-input\":{\"@type\":\"PropertyValueSpecification\",\"valueRequired\":true,\"valueName\":\"search_term_string\"}}],\"inLanguage\":\"pt-BR\"},{\"@type\":\"Person\",\"@id\":\"https:\/\/www.sinpro-rio.org.br\/principal\/#\/schema\/person\/ee17219e64d00d037e511ae59ce2227e\",\"name\":\"alessandra\",\"image\":{\"@type\":\"ImageObject\",\"inLanguage\":\"pt-BR\",\"@id\":\"https:\/\/www.sinpro-rio.org.br\/principal\/#\/schema\/person\/image\/\",\"url\":\"https:\/\/secure.gravatar.com\/avatar\/2b43fa8c0ad8e33b46a4732549f7fb20?s=96&d=mm&r=g\",\"contentUrl\":\"https:\/\/secure.gravatar.com\/avatar\/2b43fa8c0ad8e33b46a4732549f7fb20?s=96&d=mm&r=g\",\"caption\":\"alessandra\"},\"url\":\"https:\/\/www.sinpro-rio.org.br\/principal\/author\/alessandra\/\"}]}<\/script>\n<!-- \/ Yoast SEO plugin. -->","yoast_head_json":{"title":"Sinpro-Rio notifica escolas sobre riscos de volta \u00e0 escola - Sinpro-Rio","robots":{"index":"index","follow":"follow","max-snippet":"max-snippet:-1","max-image-preview":"max-image-preview:large","max-video-preview":"max-video-preview:-1"},"canonical":"https:\/\/www.sinpro-rio.org.br\/principal\/sinpro-rio-notifica-escolas-sobre-riscos-de-volta-a-escola\/","og_locale":"pt_BR","og_type":"article","og_title":"Sinpro-Rio notifica escolas sobre riscos de volta \u00e0 escola - Sinpro-Rio","og_description":"O decreto municipal n\u00ba 47551\/26 de junho de 2020 faculta a abertura das escolas privadas a partir do dia 10 de julho. \u00c9 fato, contudo, que qualquer ato de chamamento dos professores para o trabalho \u00e9 vedado, em raz\u00e3o da opcionalidade registrada no decreto. Embora seja facultativa, n\u00e3o h\u00e1 d\u00favidas que o decreto se encontra [&hellip;]","og_url":"https:\/\/www.sinpro-rio.org.br\/principal\/sinpro-rio-notifica-escolas-sobre-riscos-de-volta-a-escola\/","og_site_name":"Sinpro-Rio","article_published_time":"2020-07-03T21:26:58+00:00","article_modified_time":"2020-07-06T09:48:28+00:00","og_image":[{"width":1080,"height":1080,"url":"https:\/\/www.sinpro-rio.org.br\/principal\/wp-content\/uploads\/2020\/07\/IMG-20200702-WA0035-1.jpg","type":"image\/jpeg"}],"author":"alessandra","twitter_card":"summary_large_image","twitter_misc":{"Escrito por":"alessandra","Est. tempo de leitura":"3 minutos"},"schema":{"@context":"https:\/\/schema.org","@graph":[{"@type":"WebPage","@id":"https:\/\/www.sinpro-rio.org.br\/principal\/sinpro-rio-notifica-escolas-sobre-riscos-de-volta-a-escola\/","url":"https:\/\/www.sinpro-rio.org.br\/principal\/sinpro-rio-notifica-escolas-sobre-riscos-de-volta-a-escola\/","name":"Sinpro-Rio notifica escolas sobre riscos de volta \u00e0 escola - Sinpro-Rio","isPartOf":{"@id":"https:\/\/www.sinpro-rio.org.br\/principal\/#website"},"primaryImageOfPage":{"@id":"https:\/\/www.sinpro-rio.org.br\/principal\/sinpro-rio-notifica-escolas-sobre-riscos-de-volta-a-escola\/#primaryimage"},"image":{"@id":"https:\/\/www.sinpro-rio.org.br\/principal\/sinpro-rio-notifica-escolas-sobre-riscos-de-volta-a-escola\/#primaryimage"},"thumbnailUrl":"https:\/\/www.sinpro-rio.org.br\/principal\/wp-content\/uploads\/2020\/07\/IMG-20200702-WA0035-1.jpg","datePublished":"2020-07-03T21:26:58+00:00","dateModified":"2020-07-06T09:48:28+00:00","author":{"@id":"https:\/\/www.sinpro-rio.org.br\/principal\/#\/schema\/person\/ee17219e64d00d037e511ae59ce2227e"},"breadcrumb":{"@id":"https:\/\/www.sinpro-rio.org.br\/principal\/sinpro-rio-notifica-escolas-sobre-riscos-de-volta-a-escola\/#breadcrumb"},"inLanguage":"pt-BR","potentialAction":[{"@type":"ReadAction","target":["https:\/\/www.sinpro-rio.org.br\/principal\/sinpro-rio-notifica-escolas-sobre-riscos-de-volta-a-escola\/"]}]},{"@type":"ImageObject","inLanguage":"pt-BR","@id":"https:\/\/www.sinpro-rio.org.br\/principal\/sinpro-rio-notifica-escolas-sobre-riscos-de-volta-a-escola\/#primaryimage","url":"https:\/\/www.sinpro-rio.org.br\/principal\/wp-content\/uploads\/2020\/07\/IMG-20200702-WA0035-1.jpg","contentUrl":"https:\/\/www.sinpro-rio.org.br\/principal\/wp-content\/uploads\/2020\/07\/IMG-20200702-WA0035-1.jpg","width":1080,"height":1080},{"@type":"BreadcrumbList","@id":"https:\/\/www.sinpro-rio.org.br\/principal\/sinpro-rio-notifica-escolas-sobre-riscos-de-volta-a-escola\/#breadcrumb","itemListElement":[{"@type":"ListItem","position":1,"name":"In\u00edcio","item":"https:\/\/www.sinpro-rio.org.br\/principal\/"},{"@type":"ListItem","position":2,"name":"Sinpro-Rio notifica escolas sobre riscos de volta \u00e0 escola"}]},{"@type":"WebSite","@id":"https:\/\/www.sinpro-rio.org.br\/principal\/#website","url":"https:\/\/www.sinpro-rio.org.br\/principal\/","name":"Sinpro-Rio","description":"Sindicato dos Professores do Munic\u00edpio do Rio de Janeiro e Regi\u00e3o","potentialAction":[{"@type":"SearchAction","target":{"@type":"EntryPoint","urlTemplate":"https:\/\/www.sinpro-rio.org.br\/principal\/?s={search_term_string}"},"query-input":{"@type":"PropertyValueSpecification","valueRequired":true,"valueName":"search_term_string"}}],"inLanguage":"pt-BR"},{"@type":"Person","@id":"https:\/\/www.sinpro-rio.org.br\/principal\/#\/schema\/person\/ee17219e64d00d037e511ae59ce2227e","name":"alessandra","image":{"@type":"ImageObject","inLanguage":"pt-BR","@id":"https:\/\/www.sinpro-rio.org.br\/principal\/#\/schema\/person\/image\/","url":"https:\/\/secure.gravatar.com\/avatar\/2b43fa8c0ad8e33b46a4732549f7fb20?s=96&d=mm&r=g","contentUrl":"https:\/\/secure.gravatar.com\/avatar\/2b43fa8c0ad8e33b46a4732549f7fb20?s=96&d=mm&r=g","caption":"alessandra"},"url":"https:\/\/www.sinpro-rio.org.br\/principal\/author\/alessandra\/"}]}},"_links":{"self":[{"href":"https:\/\/www.sinpro-rio.org.br\/principal\/wp-json\/wp\/v2\/posts\/28428","targetHints":{"allow":["GET"]}}],"collection":[{"href":"https:\/\/www.sinpro-rio.org.br\/principal\/wp-json\/wp\/v2\/posts"}],"about":[{"href":"https:\/\/www.sinpro-rio.org.br\/principal\/wp-json\/wp\/v2\/types\/post"}],"author":[{"embeddable":true,"href":"https:\/\/www.sinpro-rio.org.br\/principal\/wp-json\/wp\/v2\/users\/2"}],"replies":[{"embeddable":true,"href":"https:\/\/www.sinpro-rio.org.br\/principal\/wp-json\/wp\/v2\/comments?post=28428"}],"version-history":[{"count":1,"href":"https:\/\/www.sinpro-rio.org.br\/principal\/wp-json\/wp\/v2\/posts\/28428\/revisions"}],"predecessor-version":[{"id":28431,"href":"https:\/\/www.sinpro-rio.org.br\/principal\/wp-json\/wp\/v2\/posts\/28428\/revisions\/28431"}],"wp:featuredmedia":[{"embeddable":true,"href":"https:\/\/www.sinpro-rio.org.br\/principal\/wp-json\/wp\/v2\/media\/28430"}],"wp:attachment":[{"href":"https:\/\/www.sinpro-rio.org.br\/principal\/wp-json\/wp\/v2\/media?parent=28428"}],"wp:term":[{"taxonomy":"category","embeddable":true,"href":"https:\/\/www.sinpro-rio.org.br\/principal\/wp-json\/wp\/v2\/categories?post=28428"},{"taxonomy":"post_tag","embeddable":true,"href":"https:\/\/www.sinpro-rio.org.br\/principal\/wp-json\/wp\/v2\/tags?post=28428"}],"curies":[{"name":"wp","href":"https:\/\/api.w.org\/{rel}","templated":true}]}}