{"id":28392,"date":"2020-07-01T08:05:00","date_gmt":"2020-07-01T11:05:00","guid":{"rendered":"https:\/\/sinpro-rio.org.br\/principal\/?p=28392"},"modified":"2020-07-04T10:32:40","modified_gmt":"2020-07-04T13:32:40","slug":"prof-elson-paiva-da-entrevista-ao-programa-da-isabela-benito-da-radio-tupi","status":"publish","type":"post","link":"https:\/\/www.sinpro-rio.org.br\/principal\/prof-elson-paiva-da-entrevista-ao-programa-da-isabela-benito-da-radio-tupi\/","title":{"rendered":"Sinpro-Rio d\u00e1 entrevista \u00e0 R\u00e1dio Tupi sobre o n\u00e3o retorno \u00e0 escola"},"content":{"rendered":"\n<p>Nessa quarta-feira, dia 1\u00ba de julho, o Sinpro-Rio deu entrevista ao programa da Isabela Benito, da R\u00e1dio Tupi, onde o diretor Elson Paiva falou sobre o que leva o sindicato a defender o n\u00e3o retorno \u00e0 escola agora. Ou\u00e7a abaixo!<\/p>\n\n\n\n<figure class=\"wp-block-audio aligncenter\"><audio controls src=\"https:\/\/sinpro-rio.org.br\/principal\/wp-content\/uploads\/2020\/07\/audio_para_site.ogg\"><\/audio><\/figure>\n\n\n\n<p><\/p>\n","protected":false},"excerpt":{"rendered":"<p>Nessa quarta-feira, dia 1\u00ba de julho, o Sinpro-Rio deu entrevista ao programa da Isabela Benito, da R\u00e1dio Tupi, onde o diretor Elson Paiva falou sobre o que leva o sindicato a defender o n\u00e3o retorno \u00e0 escola agora. Ou\u00e7a abaixo!<\/p>\n","protected":false},"author":1,"featured_media":28415,"comment_status":"closed","ping_status":"closed","sticky":false,"template":"","format":"standard","meta":{"footnotes":""},"categories":[1],"tags":[],"class_list":["post-28392","post","type-post","status-publish","format-standard","has-post-thumbnail","hentry","category-noticias"],"yoast_head":"<!-- This site is optimized with the Yoast SEO plugin v25.7 - https:\/\/yoast.com\/wordpress\/plugins\/seo\/ -->\n<title>Sinpro-Rio d\u00e1 entrevista \u00e0 R\u00e1dio Tupi sobre o n\u00e3o retorno \u00e0 escola - Sinpro-Rio<\/title>\n<meta name=\"robots\" content=\"index, follow, max-snippet:-1, max-image-preview:large, max-video-preview:-1\" \/>\n<link rel=\"canonical\" href=\"https:\/\/www.sinpro-rio.org.br\/principal\/prof-elson-paiva-da-entrevista-ao-programa-da-isabela-benito-da-radio-tupi\/\" \/>\n<meta property=\"og:locale\" content=\"pt_BR\" \/>\n<meta property=\"og:type\" content=\"article\" \/>\n<meta property=\"og:title\" content=\"Sinpro-Rio d\u00e1 entrevista \u00e0 R\u00e1dio Tupi sobre o n\u00e3o retorno \u00e0 escola - Sinpro-Rio\" \/>\n<meta property=\"og:description\" content=\"Nessa quarta-feira, dia 1\u00ba de julho, o Sinpro-Rio deu entrevista ao programa da Isabela Benito, da R\u00e1dio Tupi, onde o diretor Elson Paiva falou sobre o que leva o sindicato a defender o n\u00e3o retorno \u00e0 escola agora. Ou\u00e7a abaixo!\" \/>\n<meta property=\"og:url\" content=\"https:\/\/www.sinpro-rio.org.br\/principal\/prof-elson-paiva-da-entrevista-ao-programa-da-isabela-benito-da-radio-tupi\/\" \/>\n<meta property=\"og:site_name\" content=\"Sinpro-Rio\" \/>\n<meta property=\"article:published_time\" content=\"2020-07-01T11:05:00+00:00\" \/>\n<meta property=\"article:modified_time\" content=\"2020-07-04T13:32:40+00:00\" \/>\n<meta property=\"og:image\" content=\"https:\/\/www.sinpro-rio.org.br\/principal\/wp-content\/uploads\/2020\/07\/radio.jpg\" \/>\n\t<meta property=\"og:image:width\" content=\"1000\" \/>\n\t<meta property=\"og:image:height\" content=\"799\" \/>\n\t<meta property=\"og:image:type\" content=\"image\/jpeg\" \/>\n<meta name=\"author\" content=\"rafaelrjp\" \/>\n<meta name=\"twitter:card\" content=\"summary_large_image\" \/>\n<meta name=\"twitter:label1\" content=\"Escrito por\" \/>\n\t<meta name=\"twitter:data1\" content=\"rafaelrjp\" \/>\n<script type=\"application\/ld+json\" class=\"yoast-schema-graph\">{\"@context\":\"https:\/\/schema.org\",\"@graph\":[{\"@type\":\"WebPage\",\"@id\":\"https:\/\/www.sinpro-rio.org.br\/principal\/prof-elson-paiva-da-entrevista-ao-programa-da-isabela-benito-da-radio-tupi\/\",\"url\":\"https:\/\/www.sinpro-rio.org.br\/principal\/prof-elson-paiva-da-entrevista-ao-programa-da-isabela-benito-da-radio-tupi\/\",\"name\":\"Sinpro-Rio d\u00e1 entrevista \u00e0 R\u00e1dio Tupi sobre o n\u00e3o retorno \u00e0 escola - Sinpro-Rio\",\"isPartOf\":{\"@id\":\"https:\/\/www.sinpro-rio.org.br\/principal\/#website\"},\"primaryImageOfPage\":{\"@id\":\"https:\/\/www.sinpro-rio.org.br\/principal\/prof-elson-paiva-da-entrevista-ao-programa-da-isabela-benito-da-radio-tupi\/#primaryimage\"},\"image\":{\"@id\":\"https:\/\/www.sinpro-rio.org.br\/principal\/prof-elson-paiva-da-entrevista-ao-programa-da-isabela-benito-da-radio-tupi\/#primaryimage\"},\"thumbnailUrl\":\"https:\/\/www.sinpro-rio.org.br\/principal\/wp-content\/uploads\/2020\/07\/radio.jpg\",\"datePublished\":\"2020-07-01T11:05:00+00:00\",\"dateModified\":\"2020-07-04T13:32:40+00:00\",\"author\":{\"@id\":\"https:\/\/www.sinpro-rio.org.br\/principal\/#\/schema\/person\/49feb585a2f57a31a6bd9f16f78e5be6\"},\"breadcrumb\":{\"@id\":\"https:\/\/www.sinpro-rio.org.br\/principal\/prof-elson-paiva-da-entrevista-ao-programa-da-isabela-benito-da-radio-tupi\/#breadcrumb\"},\"inLanguage\":\"pt-BR\",\"potentialAction\":[{\"@type\":\"ReadAction\",\"target\":[\"https:\/\/www.sinpro-rio.org.br\/principal\/prof-elson-paiva-da-entrevista-ao-programa-da-isabela-benito-da-radio-tupi\/\"]}]},{\"@type\":\"ImageObject\",\"inLanguage\":\"pt-BR\",\"@id\":\"https:\/\/www.sinpro-rio.org.br\/principal\/prof-elson-paiva-da-entrevista-ao-programa-da-isabela-benito-da-radio-tupi\/#primaryimage\",\"url\":\"https:\/\/www.sinpro-rio.org.br\/principal\/wp-content\/uploads\/2020\/07\/radio.jpg\",\"contentUrl\":\"https:\/\/www.sinpro-rio.org.br\/principal\/wp-content\/uploads\/2020\/07\/radio.jpg\",\"width\":1000,\"height\":799},{\"@type\":\"BreadcrumbList\",\"@id\":\"https:\/\/www.sinpro-rio.org.br\/principal\/prof-elson-paiva-da-entrevista-ao-programa-da-isabela-benito-da-radio-tupi\/#breadcrumb\",\"itemListElement\":[{\"@type\":\"ListItem\",\"position\":1,\"name\":\"In\u00edcio\",\"item\":\"https:\/\/www.sinpro-rio.org.br\/principal\/\"},{\"@type\":\"ListItem\",\"position\":2,\"name\":\"Sinpro-Rio d\u00e1 entrevista \u00e0 R\u00e1dio Tupi sobre o n\u00e3o retorno \u00e0 escola\"}]},{\"@type\":\"WebSite\",\"@id\":\"https:\/\/www.sinpro-rio.org.br\/principal\/#website\",\"url\":\"https:\/\/www.sinpro-rio.org.br\/principal\/\",\"name\":\"Sinpro-Rio\",\"description\":\"Sindicato dos Professores do Munic\u00edpio do Rio de Janeiro e Regi\u00e3o\",\"potentialAction\":[{\"@type\":\"SearchAction\",\"target\":{\"@type\":\"EntryPoint\",\"urlTemplate\":\"https:\/\/www.sinpro-rio.org.br\/principal\/?s={search_term_string}\"},\"query-input\":{\"@type\":\"PropertyValueSpecification\",\"valueRequired\":true,\"valueName\":\"search_term_string\"}}],\"inLanguage\":\"pt-BR\"},{\"@type\":\"Person\",\"@id\":\"https:\/\/www.sinpro-rio.org.br\/principal\/#\/schema\/person\/49feb585a2f57a31a6bd9f16f78e5be6\",\"name\":\"rafaelrjp\",\"image\":{\"@type\":\"ImageObject\",\"inLanguage\":\"pt-BR\",\"@id\":\"https:\/\/www.sinpro-rio.org.br\/principal\/#\/schema\/person\/image\/\",\"url\":\"https:\/\/secure.gravatar.com\/avatar\/489371a0ba4655c340b519882c68cf68?s=96&d=mm&r=g\",\"contentUrl\":\"https:\/\/secure.gravatar.com\/avatar\/489371a0ba4655c340b519882c68cf68?s=96&d=mm&r=g\",\"caption\":\"rafaelrjp\"},\"url\":\"https:\/\/www.sinpro-rio.org.br\/principal\/author\/rafaelrjp\/\"}]}<\/script>\n<!-- \/ Yoast SEO plugin. -->","yoast_head_json":{"title":"Sinpro-Rio d\u00e1 entrevista \u00e0 R\u00e1dio Tupi sobre o n\u00e3o retorno \u00e0 escola - Sinpro-Rio","robots":{"index":"index","follow":"follow","max-snippet":"max-snippet:-1","max-image-preview":"max-image-preview:large","max-video-preview":"max-video-preview:-1"},"canonical":"https:\/\/www.sinpro-rio.org.br\/principal\/prof-elson-paiva-da-entrevista-ao-programa-da-isabela-benito-da-radio-tupi\/","og_locale":"pt_BR","og_type":"article","og_title":"Sinpro-Rio d\u00e1 entrevista \u00e0 R\u00e1dio Tupi sobre o n\u00e3o retorno \u00e0 escola - Sinpro-Rio","og_description":"Nessa quarta-feira, dia 1\u00ba de julho, o Sinpro-Rio deu entrevista ao programa da Isabela Benito, da R\u00e1dio Tupi, onde o diretor Elson Paiva falou sobre o que leva o sindicato a defender o n\u00e3o retorno \u00e0 escola agora. Ou\u00e7a abaixo!","og_url":"https:\/\/www.sinpro-rio.org.br\/principal\/prof-elson-paiva-da-entrevista-ao-programa-da-isabela-benito-da-radio-tupi\/","og_site_name":"Sinpro-Rio","article_published_time":"2020-07-01T11:05:00+00:00","article_modified_time":"2020-07-04T13:32:40+00:00","og_image":[{"width":1000,"height":799,"url":"https:\/\/www.sinpro-rio.org.br\/principal\/wp-content\/uploads\/2020\/07\/radio.jpg","type":"image\/jpeg"}],"author":"rafaelrjp","twitter_card":"summary_large_image","twitter_misc":{"Escrito por":"rafaelrjp"},"schema":{"@context":"https:\/\/schema.org","@graph":[{"@type":"WebPage","@id":"https:\/\/www.sinpro-rio.org.br\/principal\/prof-elson-paiva-da-entrevista-ao-programa-da-isabela-benito-da-radio-tupi\/","url":"https:\/\/www.sinpro-rio.org.br\/principal\/prof-elson-paiva-da-entrevista-ao-programa-da-isabela-benito-da-radio-tupi\/","name":"Sinpro-Rio d\u00e1 entrevista \u00e0 R\u00e1dio Tupi sobre o n\u00e3o retorno \u00e0 escola - Sinpro-Rio","isPartOf":{"@id":"https:\/\/www.sinpro-rio.org.br\/principal\/#website"},"primaryImageOfPage":{"@id":"https:\/\/www.sinpro-rio.org.br\/principal\/prof-elson-paiva-da-entrevista-ao-programa-da-isabela-benito-da-radio-tupi\/#primaryimage"},"image":{"@id":"https:\/\/www.sinpro-rio.org.br\/principal\/prof-elson-paiva-da-entrevista-ao-programa-da-isabela-benito-da-radio-tupi\/#primaryimage"},"thumbnailUrl":"https:\/\/www.sinpro-rio.org.br\/principal\/wp-content\/uploads\/2020\/07\/radio.jpg","datePublished":"2020-07-01T11:05:00+00:00","dateModified":"2020-07-04T13:32:40+00:00","author":{"@id":"https:\/\/www.sinpro-rio.org.br\/principal\/#\/schema\/person\/49feb585a2f57a31a6bd9f16f78e5be6"},"breadcrumb":{"@id":"https:\/\/www.sinpro-rio.org.br\/principal\/prof-elson-paiva-da-entrevista-ao-programa-da-isabela-benito-da-radio-tupi\/#breadcrumb"},"inLanguage":"pt-BR","potentialAction":[{"@type":"ReadAction","target":["https:\/\/www.sinpro-rio.org.br\/principal\/prof-elson-paiva-da-entrevista-ao-programa-da-isabela-benito-da-radio-tupi\/"]}]},{"@type":"ImageObject","inLanguage":"pt-BR","@id":"https:\/\/www.sinpro-rio.org.br\/principal\/prof-elson-paiva-da-entrevista-ao-programa-da-isabela-benito-da-radio-tupi\/#primaryimage","url":"https:\/\/www.sinpro-rio.org.br\/principal\/wp-content\/uploads\/2020\/07\/radio.jpg","contentUrl":"https:\/\/www.sinpro-rio.org.br\/principal\/wp-content\/uploads\/2020\/07\/radio.jpg","width":1000,"height":799},{"@type":"BreadcrumbList","@id":"https:\/\/www.sinpro-rio.org.br\/principal\/prof-elson-paiva-da-entrevista-ao-programa-da-isabela-benito-da-radio-tupi\/#breadcrumb","itemListElement":[{"@type":"ListItem","position":1,"name":"In\u00edcio","item":"https:\/\/www.sinpro-rio.org.br\/principal\/"},{"@type":"ListItem","position":2,"name":"Sinpro-Rio d\u00e1 entrevista \u00e0 R\u00e1dio Tupi sobre o n\u00e3o retorno \u00e0 escola"}]},{"@type":"WebSite","@id":"https:\/\/www.sinpro-rio.org.br\/principal\/#website","url":"https:\/\/www.sinpro-rio.org.br\/principal\/","name":"Sinpro-Rio","description":"Sindicato dos Professores do Munic\u00edpio do Rio de Janeiro e Regi\u00e3o","potentialAction":[{"@type":"SearchAction","target":{"@type":"EntryPoint","urlTemplate":"https:\/\/www.sinpro-rio.org.br\/principal\/?s={search_term_string}"},"query-input":{"@type":"PropertyValueSpecification","valueRequired":true,"valueName":"search_term_string"}}],"inLanguage":"pt-BR"},{"@type":"Person","@id":"https:\/\/www.sinpro-rio.org.br\/principal\/#\/schema\/person\/49feb585a2f57a31a6bd9f16f78e5be6","name":"rafaelrjp","image":{"@type":"ImageObject","inLanguage":"pt-BR","@id":"https:\/\/www.sinpro-rio.org.br\/principal\/#\/schema\/person\/image\/","url":"https:\/\/secure.gravatar.com\/avatar\/489371a0ba4655c340b519882c68cf68?s=96&d=mm&r=g","contentUrl":"https:\/\/secure.gravatar.com\/avatar\/489371a0ba4655c340b519882c68cf68?s=96&d=mm&r=g","caption":"rafaelrjp"},"url":"https:\/\/www.sinpro-rio.org.br\/principal\/author\/rafaelrjp\/"}]}},"_links":{"self":[{"href":"https:\/\/www.sinpro-rio.org.br\/principal\/wp-json\/wp\/v2\/posts\/28392","targetHints":{"allow":["GET"]}}],"collection":[{"href":"https:\/\/www.sinpro-rio.org.br\/principal\/wp-json\/wp\/v2\/posts"}],"about":[{"href":"https:\/\/www.sinpro-rio.org.br\/principal\/wp-json\/wp\/v2\/types\/post"}],"author":[{"embeddable":true,"href":"https:\/\/www.sinpro-rio.org.br\/principal\/wp-json\/wp\/v2\/users\/1"}],"replies":[{"embeddable":true,"href":"https:\/\/www.sinpro-rio.org.br\/principal\/wp-json\/wp\/v2\/comments?post=28392"}],"version-history":[{"count":4,"href":"https:\/\/www.sinpro-rio.org.br\/principal\/wp-json\/wp\/v2\/posts\/28392\/revisions"}],"predecessor-version":[{"id":28401,"href":"https:\/\/www.sinpro-rio.org.br\/principal\/wp-json\/wp\/v2\/posts\/28392\/revisions\/28401"}],"wp:featuredmedia":[{"embeddable":true,"href":"https:\/\/www.sinpro-rio.org.br\/principal\/wp-json\/wp\/v2\/media\/28415"}],"wp:attachment":[{"href":"https:\/\/www.sinpro-rio.org.br\/principal\/wp-json\/wp\/v2\/media?parent=28392"}],"wp:term":[{"taxonomy":"category","embeddable":true,"href":"https:\/\/www.sinpro-rio.org.br\/principal\/wp-json\/wp\/v2\/categories?post=28392"},{"taxonomy":"post_tag","embeddable":true,"href":"https:\/\/www.sinpro-rio.org.br\/principal\/wp-json\/wp\/v2\/tags?post=28392"}],"curies":[{"name":"wp","href":"https:\/\/api.w.org\/{rel}","templated":true}]}}