{"id":28372,"date":"2020-07-01T10:15:41","date_gmt":"2020-07-01T13:15:41","guid":{"rendered":"https:\/\/sinpro-rio.org.br\/principal\/?p=28372"},"modified":"2020-07-04T16:14:18","modified_gmt":"2020-07-04T19:14:18","slug":"assembleia-virtual-unificada-dia-04-07-10h-pelo-zoom","status":"publish","type":"post","link":"https:\/\/www.sinpro-rio.org.br\/principal\/assembleia-virtual-unificada-dia-04-07-10h-pelo-zoom\/","title":{"rendered":"Assembleia virtual UNIFICADA: dia 04\/07, s\u00e1bado, \u00e0s 10h, pelo &#8216;Zoom&#8217;"},"content":{"rendered":"\n<p>? <strong><em>Edital de convoca\u00e7\u00e3o publicado no dia 01\/07\/2020, no jornal Monitor Mercantil, p\u00e1gina 4.<\/em><\/strong> Veja o pdf da p\u00e1gina do Jornal <a href=\"https:\/\/sinpro-rio.org.br\/principal\/wp-content\/uploads\/2020\/07\/mm04_RJ.pdf\">AQUI!<\/a><\/p>\n\n\n\n<p><\/p>\n\n\n\n<p>Ap\u00f3s n\u00e3o haver acordo sobre a data para o retorno \u00e0s aulas presenciais dentro das escolas (leia a mat\u00e9ria <a href=\"https:\/\/sinpro-rio.org.br\/principal\/resultado-da-reuniao-com-prefeito-crivella-dia-29-06-2020-sobre-o-retorno-as-aulas-presenciais\/\">AQUI)<\/a>, o Sinpro-Rio convocou assembleia para o dia 04 de julho, s\u00e1bado, \u00e0s 10 horas, pelo aplicativo &#8216;Zoom&#8217;. A assembleia \u00e9 para todos os professores e todas as professoras da Educa\u00e7\u00e3o Infantil \u00e0 Educa\u00e7\u00e3o Superior, do setor privado do munic\u00edpio do Rio de Janeiro, filiados\/as ou n\u00e3o ao sindicato, que se inscreverem at\u00e9 as 18 horas do dia 03 de julho, pelo e-mail criado especificamente para essa assembleia.<\/p>\n\n\n\n<p class=\"has-text-align-center\"><strong><em>Sua participa\u00e7\u00e3o \u00e9 fundamental!<\/em><\/strong><\/p>\n\n\n\n<p><strong><em>IMPORTANTE!<\/em><\/strong> Fique atento ao prazo e  ao processo para inscri\u00e7\u00e3o na assembleia, que est\u00e3o no card abaixo:<\/p>\n\n\n\n<figure class=\"wp-block-image size-large\"><img fetchpriority=\"high\" decoding=\"async\" width=\"1024\" height=\"1024\" src=\"https:\/\/sinpro-rio.org.br\/principal\/wp-content\/uploads\/2020\/07\/card1-1024x1024.jpg\" alt=\"\" class=\"wp-image-28373\" srcset=\"https:\/\/www.sinpro-rio.org.br\/principal\/wp-content\/uploads\/2020\/07\/card1-1024x1024.jpg 1024w, https:\/\/www.sinpro-rio.org.br\/principal\/wp-content\/uploads\/2020\/07\/card1-300x300.jpg 300w, https:\/\/www.sinpro-rio.org.br\/principal\/wp-content\/uploads\/2020\/07\/card1-100x100.jpg 100w, https:\/\/www.sinpro-rio.org.br\/principal\/wp-content\/uploads\/2020\/07\/card1-768x768.jpg 768w, https:\/\/www.sinpro-rio.org.br\/principal\/wp-content\/uploads\/2020\/07\/card1.jpg 1080w\" sizes=\"(max-width: 1024px) 100vw, 1024px\" \/><\/figure>\n\n\n\n<p>?<strong><em>SINPRO-RIO D\u00c1 ENTREVISTA \u00c0 R\u00c1DIO TUPI SOBRE O N\u00c3O RETORNO \u00c0 ESCOLA! <\/em><\/strong>Nessa quarta-feira, dia 1\u00ba de julho, o Sinpro-Rio deu entrevista ao programa da Isabela Benito, da R\u00e1dio Tupi, onde o diretor Elson Paiva falou sobre <strong><em>o que leva o sindicato a defender o n\u00e3o retorno \u00e0 escola agora<\/em><\/strong>. Ou\u00e7a <a href=\"https:\/\/sinpro-rio.org.br\/principal\/prof-elson-paiva-da-entrevista-ao-programa-da-isabela-benito-da-radio-tupi\/\">AQUI!<\/a><\/p>\n\n\n\n<p>?Caso n\u00e3o tenha conseguido baixar pdf da p\u00e1gina do jornal que cont\u00e9m o edital, veja o documento abaixo:<\/p>\n\n\n\n<div class=\"wp-block-file\"><a href=\"https:\/\/sinpro-rio.org.br\/principal\/wp-content\/uploads\/2020\/07\/mm04_RJ.pdf\" class=\"wp-block-file__button\" download><\/a><\/div>\n\n\n\n<figure class=\"wp-block-image size-large\"><img decoding=\"async\" width=\"697\" height=\"1024\" src=\"https:\/\/sinpro-rio.org.br\/principal\/wp-content\/uploads\/2020\/07\/Screenshot_20200630-134044_Word-697x1024.jpg\" alt=\"\" class=\"wp-image-28378\" srcset=\"https:\/\/www.sinpro-rio.org.br\/principal\/wp-content\/uploads\/2020\/07\/Screenshot_20200630-134044_Word-697x1024.jpg 697w, https:\/\/www.sinpro-rio.org.br\/principal\/wp-content\/uploads\/2020\/07\/Screenshot_20200630-134044_Word-204x300.jpg 204w, https:\/\/www.sinpro-rio.org.br\/principal\/wp-content\/uploads\/2020\/07\/Screenshot_20200630-134044_Word-68x100.jpg 68w, https:\/\/www.sinpro-rio.org.br\/principal\/wp-content\/uploads\/2020\/07\/Screenshot_20200630-134044_Word-768x1128.jpg 768w, https:\/\/www.sinpro-rio.org.br\/principal\/wp-content\/uploads\/2020\/07\/Screenshot_20200630-134044_Word.jpg 895w\" sizes=\"(max-width: 697px) 100vw, 697px\" \/><\/figure>\n\n\n\n<figure class=\"wp-block-image size-large\"><img decoding=\"async\" width=\"1024\" height=\"1024\" src=\"https:\/\/sinpro-rio.org.br\/principal\/wp-content\/uploads\/2020\/07\/IMG-20200702-WA0035-1024x1024.jpg\" alt=\"\" class=\"wp-image-28419\" srcset=\"https:\/\/www.sinpro-rio.org.br\/principal\/wp-content\/uploads\/2020\/07\/IMG-20200702-WA0035-1024x1024.jpg 1024w, https:\/\/www.sinpro-rio.org.br\/principal\/wp-content\/uploads\/2020\/07\/IMG-20200702-WA0035-300x300.jpg 300w, https:\/\/www.sinpro-rio.org.br\/principal\/wp-content\/uploads\/2020\/07\/IMG-20200702-WA0035-100x100.jpg 100w, https:\/\/www.sinpro-rio.org.br\/principal\/wp-content\/uploads\/2020\/07\/IMG-20200702-WA0035-768x768.jpg 768w, https:\/\/www.sinpro-rio.org.br\/principal\/wp-content\/uploads\/2020\/07\/IMG-20200702-WA0035.jpg 1080w\" sizes=\"(max-width: 1024px) 100vw, 1024px\" \/><\/figure>\n\n\n\n<figure class=\"wp-block-image size-large\"><img loading=\"lazy\" decoding=\"async\" width=\"1024\" height=\"1024\" src=\"https:\/\/sinpro-rio.org.br\/principal\/wp-content\/uploads\/2020\/07\/IMG-20200702-WA0036-1024x1024.jpg\" alt=\"\" class=\"wp-image-28420\" srcset=\"https:\/\/www.sinpro-rio.org.br\/principal\/wp-content\/uploads\/2020\/07\/IMG-20200702-WA0036-1024x1024.jpg 1024w, https:\/\/www.sinpro-rio.org.br\/principal\/wp-content\/uploads\/2020\/07\/IMG-20200702-WA0036-300x300.jpg 300w, https:\/\/www.sinpro-rio.org.br\/principal\/wp-content\/uploads\/2020\/07\/IMG-20200702-WA0036-100x100.jpg 100w, https:\/\/www.sinpro-rio.org.br\/principal\/wp-content\/uploads\/2020\/07\/IMG-20200702-WA0036-768x768.jpg 768w, https:\/\/www.sinpro-rio.org.br\/principal\/wp-content\/uploads\/2020\/07\/IMG-20200702-WA0036.jpg 1080w\" sizes=\"(max-width: 1024px) 100vw, 1024px\" \/><\/figure>\n\n\n\n<figure class=\"wp-block-image size-large\"><img loading=\"lazy\" decoding=\"async\" width=\"1024\" height=\"1016\" src=\"https:\/\/sinpro-rio.org.br\/principal\/wp-content\/uploads\/2020\/07\/Screenshot_20200701-111214_WhatsApp-1-1024x1016.jpg\" alt=\"\" class=\"wp-image-28390\" srcset=\"https:\/\/www.sinpro-rio.org.br\/principal\/wp-content\/uploads\/2020\/07\/Screenshot_20200701-111214_WhatsApp-1-1024x1016.jpg 1024w, https:\/\/www.sinpro-rio.org.br\/principal\/wp-content\/uploads\/2020\/07\/Screenshot_20200701-111214_WhatsApp-1-302x300.jpg 302w, https:\/\/www.sinpro-rio.org.br\/principal\/wp-content\/uploads\/2020\/07\/Screenshot_20200701-111214_WhatsApp-1-101x100.jpg 101w, https:\/\/www.sinpro-rio.org.br\/principal\/wp-content\/uploads\/2020\/07\/Screenshot_20200701-111214_WhatsApp-1-768x762.jpg 768w, https:\/\/www.sinpro-rio.org.br\/principal\/wp-content\/uploads\/2020\/07\/Screenshot_20200701-111214_WhatsApp-1.jpg 1079w\" sizes=\"(max-width: 1024px) 100vw, 1024px\" \/><\/figure>\n\n\n\n<p><strong><em>Not\u00edcia inicialmente publicado no dia 01\/07\/2020, data da publica\u00e7\u00e3o do edital de convoca\u00e7\u00e3o no jornal MONITOR MERCANTIL. No entanto, a data pode ser alterada no site para que fique em evid\u00eancia e de f\u00e1cil acesso \u00e0 categoria. <\/em><\/strong><\/p>\n","protected":false},"excerpt":{"rendered":"<p>? Edital de convoca\u00e7\u00e3o publicado no dia 01\/07\/2020, no jornal Monitor Mercantil, p\u00e1gina 4. Veja o pdf da p\u00e1gina do Jornal AQUI! Ap\u00f3s n\u00e3o haver acordo sobre a data para o retorno \u00e0s aulas presenciais dentro das escolas (leia a mat\u00e9ria AQUI), o Sinpro-Rio convocou assembleia para o dia 04 de julho, s\u00e1bado, \u00e0s 10 [&hellip;]<\/p>\n","protected":false},"author":2,"featured_media":28380,"comment_status":"closed","ping_status":"closed","sticky":false,"template":"","format":"standard","meta":{"footnotes":""},"categories":[1],"tags":[],"class_list":["post-28372","post","type-post","status-publish","format-standard","has-post-thumbnail","hentry","category-noticias"],"yoast_head":"<!-- This site is optimized with the Yoast SEO plugin v25.7 - https:\/\/yoast.com\/wordpress\/plugins\/seo\/ -->\n<title>Assembleia virtual UNIFICADA: dia 04\/07, s\u00e1bado, \u00e0s 10h, pelo &#039;Zoom&#039; - Sinpro-Rio<\/title>\n<meta name=\"robots\" content=\"index, follow, max-snippet:-1, max-image-preview:large, max-video-preview:-1\" \/>\n<link rel=\"canonical\" href=\"https:\/\/www.sinpro-rio.org.br\/principal\/assembleia-virtual-unificada-dia-04-07-10h-pelo-zoom\/\" \/>\n<meta property=\"og:locale\" content=\"pt_BR\" \/>\n<meta property=\"og:type\" content=\"article\" \/>\n<meta property=\"og:title\" content=\"Assembleia virtual UNIFICADA: dia 04\/07, s\u00e1bado, \u00e0s 10h, pelo &#039;Zoom&#039; - Sinpro-Rio\" \/>\n<meta property=\"og:description\" content=\"? Edital de convoca\u00e7\u00e3o publicado no dia 01\/07\/2020, no jornal Monitor Mercantil, p\u00e1gina 4. Veja o pdf da p\u00e1gina do Jornal AQUI! Ap\u00f3s n\u00e3o haver acordo sobre a data para o retorno \u00e0s aulas presenciais dentro das escolas (leia a mat\u00e9ria AQUI), o Sinpro-Rio convocou assembleia para o dia 04 de julho, s\u00e1bado, \u00e0s 10 [&hellip;]\" \/>\n<meta property=\"og:url\" content=\"https:\/\/www.sinpro-rio.org.br\/principal\/assembleia-virtual-unificada-dia-04-07-10h-pelo-zoom\/\" \/>\n<meta property=\"og:site_name\" content=\"Sinpro-Rio\" \/>\n<meta property=\"article:published_time\" content=\"2020-07-01T13:15:41+00:00\" \/>\n<meta property=\"article:modified_time\" content=\"2020-07-04T19:14:18+00:00\" \/>\n<meta property=\"og:image\" content=\"https:\/\/www.sinpro-rio.org.br\/principal\/wp-content\/uploads\/2020\/07\/20200701_102502_0000.png\" \/>\n\t<meta property=\"og:image:width\" content=\"1005\" \/>\n\t<meta property=\"og:image:height\" content=\"591\" \/>\n\t<meta property=\"og:image:type\" content=\"image\/png\" \/>\n<meta name=\"author\" content=\"alessandra\" \/>\n<meta name=\"twitter:card\" content=\"summary_large_image\" \/>\n<meta name=\"twitter:label1\" content=\"Escrito por\" \/>\n\t<meta name=\"twitter:data1\" content=\"alessandra\" \/>\n\t<meta name=\"twitter:label2\" content=\"Est. tempo de leitura\" \/>\n\t<meta name=\"twitter:data2\" content=\"1 minuto\" \/>\n<script type=\"application\/ld+json\" class=\"yoast-schema-graph\">{\"@context\":\"https:\/\/schema.org\",\"@graph\":[{\"@type\":\"WebPage\",\"@id\":\"https:\/\/www.sinpro-rio.org.br\/principal\/assembleia-virtual-unificada-dia-04-07-10h-pelo-zoom\/\",\"url\":\"https:\/\/www.sinpro-rio.org.br\/principal\/assembleia-virtual-unificada-dia-04-07-10h-pelo-zoom\/\",\"name\":\"Assembleia virtual UNIFICADA: dia 04\/07, s\u00e1bado, \u00e0s 10h, pelo 'Zoom' - Sinpro-Rio\",\"isPartOf\":{\"@id\":\"https:\/\/www.sinpro-rio.org.br\/principal\/#website\"},\"primaryImageOfPage\":{\"@id\":\"https:\/\/www.sinpro-rio.org.br\/principal\/assembleia-virtual-unificada-dia-04-07-10h-pelo-zoom\/#primaryimage\"},\"image\":{\"@id\":\"https:\/\/www.sinpro-rio.org.br\/principal\/assembleia-virtual-unificada-dia-04-07-10h-pelo-zoom\/#primaryimage\"},\"thumbnailUrl\":\"https:\/\/www.sinpro-rio.org.br\/principal\/wp-content\/uploads\/2020\/07\/20200701_102502_0000.png\",\"datePublished\":\"2020-07-01T13:15:41+00:00\",\"dateModified\":\"2020-07-04T19:14:18+00:00\",\"author\":{\"@id\":\"https:\/\/www.sinpro-rio.org.br\/principal\/#\/schema\/person\/ee17219e64d00d037e511ae59ce2227e\"},\"breadcrumb\":{\"@id\":\"https:\/\/www.sinpro-rio.org.br\/principal\/assembleia-virtual-unificada-dia-04-07-10h-pelo-zoom\/#breadcrumb\"},\"inLanguage\":\"pt-BR\",\"potentialAction\":[{\"@type\":\"ReadAction\",\"target\":[\"https:\/\/www.sinpro-rio.org.br\/principal\/assembleia-virtual-unificada-dia-04-07-10h-pelo-zoom\/\"]}]},{\"@type\":\"ImageObject\",\"inLanguage\":\"pt-BR\",\"@id\":\"https:\/\/www.sinpro-rio.org.br\/principal\/assembleia-virtual-unificada-dia-04-07-10h-pelo-zoom\/#primaryimage\",\"url\":\"https:\/\/www.sinpro-rio.org.br\/principal\/wp-content\/uploads\/2020\/07\/20200701_102502_0000.png\",\"contentUrl\":\"https:\/\/www.sinpro-rio.org.br\/principal\/wp-content\/uploads\/2020\/07\/20200701_102502_0000.png\",\"width\":1005,\"height\":591},{\"@type\":\"BreadcrumbList\",\"@id\":\"https:\/\/www.sinpro-rio.org.br\/principal\/assembleia-virtual-unificada-dia-04-07-10h-pelo-zoom\/#breadcrumb\",\"itemListElement\":[{\"@type\":\"ListItem\",\"position\":1,\"name\":\"In\u00edcio\",\"item\":\"https:\/\/www.sinpro-rio.org.br\/principal\/\"},{\"@type\":\"ListItem\",\"position\":2,\"name\":\"Assembleia virtual UNIFICADA: dia 04\/07, s\u00e1bado, \u00e0s 10h, pelo &#8216;Zoom&#8217;\"}]},{\"@type\":\"WebSite\",\"@id\":\"https:\/\/www.sinpro-rio.org.br\/principal\/#website\",\"url\":\"https:\/\/www.sinpro-rio.org.br\/principal\/\",\"name\":\"Sinpro-Rio\",\"description\":\"Sindicato dos Professores do Munic\u00edpio do Rio de Janeiro e Regi\u00e3o\",\"potentialAction\":[{\"@type\":\"SearchAction\",\"target\":{\"@type\":\"EntryPoint\",\"urlTemplate\":\"https:\/\/www.sinpro-rio.org.br\/principal\/?s={search_term_string}\"},\"query-input\":{\"@type\":\"PropertyValueSpecification\",\"valueRequired\":true,\"valueName\":\"search_term_string\"}}],\"inLanguage\":\"pt-BR\"},{\"@type\":\"Person\",\"@id\":\"https:\/\/www.sinpro-rio.org.br\/principal\/#\/schema\/person\/ee17219e64d00d037e511ae59ce2227e\",\"name\":\"alessandra\",\"image\":{\"@type\":\"ImageObject\",\"inLanguage\":\"pt-BR\",\"@id\":\"https:\/\/www.sinpro-rio.org.br\/principal\/#\/schema\/person\/image\/\",\"url\":\"https:\/\/secure.gravatar.com\/avatar\/2b43fa8c0ad8e33b46a4732549f7fb20?s=96&d=mm&r=g\",\"contentUrl\":\"https:\/\/secure.gravatar.com\/avatar\/2b43fa8c0ad8e33b46a4732549f7fb20?s=96&d=mm&r=g\",\"caption\":\"alessandra\"},\"url\":\"https:\/\/www.sinpro-rio.org.br\/principal\/author\/alessandra\/\"}]}<\/script>\n<!-- \/ Yoast SEO plugin. -->","yoast_head_json":{"title":"Assembleia virtual UNIFICADA: dia 04\/07, s\u00e1bado, \u00e0s 10h, pelo 'Zoom' - Sinpro-Rio","robots":{"index":"index","follow":"follow","max-snippet":"max-snippet:-1","max-image-preview":"max-image-preview:large","max-video-preview":"max-video-preview:-1"},"canonical":"https:\/\/www.sinpro-rio.org.br\/principal\/assembleia-virtual-unificada-dia-04-07-10h-pelo-zoom\/","og_locale":"pt_BR","og_type":"article","og_title":"Assembleia virtual UNIFICADA: dia 04\/07, s\u00e1bado, \u00e0s 10h, pelo 'Zoom' - Sinpro-Rio","og_description":"? Edital de convoca\u00e7\u00e3o publicado no dia 01\/07\/2020, no jornal Monitor Mercantil, p\u00e1gina 4. Veja o pdf da p\u00e1gina do Jornal AQUI! Ap\u00f3s n\u00e3o haver acordo sobre a data para o retorno \u00e0s aulas presenciais dentro das escolas (leia a mat\u00e9ria AQUI), o Sinpro-Rio convocou assembleia para o dia 04 de julho, s\u00e1bado, \u00e0s 10 [&hellip;]","og_url":"https:\/\/www.sinpro-rio.org.br\/principal\/assembleia-virtual-unificada-dia-04-07-10h-pelo-zoom\/","og_site_name":"Sinpro-Rio","article_published_time":"2020-07-01T13:15:41+00:00","article_modified_time":"2020-07-04T19:14:18+00:00","og_image":[{"width":1005,"height":591,"url":"https:\/\/www.sinpro-rio.org.br\/principal\/wp-content\/uploads\/2020\/07\/20200701_102502_0000.png","type":"image\/png"}],"author":"alessandra","twitter_card":"summary_large_image","twitter_misc":{"Escrito por":"alessandra","Est. tempo de leitura":"1 minuto"},"schema":{"@context":"https:\/\/schema.org","@graph":[{"@type":"WebPage","@id":"https:\/\/www.sinpro-rio.org.br\/principal\/assembleia-virtual-unificada-dia-04-07-10h-pelo-zoom\/","url":"https:\/\/www.sinpro-rio.org.br\/principal\/assembleia-virtual-unificada-dia-04-07-10h-pelo-zoom\/","name":"Assembleia virtual UNIFICADA: dia 04\/07, s\u00e1bado, \u00e0s 10h, pelo 'Zoom' - Sinpro-Rio","isPartOf":{"@id":"https:\/\/www.sinpro-rio.org.br\/principal\/#website"},"primaryImageOfPage":{"@id":"https:\/\/www.sinpro-rio.org.br\/principal\/assembleia-virtual-unificada-dia-04-07-10h-pelo-zoom\/#primaryimage"},"image":{"@id":"https:\/\/www.sinpro-rio.org.br\/principal\/assembleia-virtual-unificada-dia-04-07-10h-pelo-zoom\/#primaryimage"},"thumbnailUrl":"https:\/\/www.sinpro-rio.org.br\/principal\/wp-content\/uploads\/2020\/07\/20200701_102502_0000.png","datePublished":"2020-07-01T13:15:41+00:00","dateModified":"2020-07-04T19:14:18+00:00","author":{"@id":"https:\/\/www.sinpro-rio.org.br\/principal\/#\/schema\/person\/ee17219e64d00d037e511ae59ce2227e"},"breadcrumb":{"@id":"https:\/\/www.sinpro-rio.org.br\/principal\/assembleia-virtual-unificada-dia-04-07-10h-pelo-zoom\/#breadcrumb"},"inLanguage":"pt-BR","potentialAction":[{"@type":"ReadAction","target":["https:\/\/www.sinpro-rio.org.br\/principal\/assembleia-virtual-unificada-dia-04-07-10h-pelo-zoom\/"]}]},{"@type":"ImageObject","inLanguage":"pt-BR","@id":"https:\/\/www.sinpro-rio.org.br\/principal\/assembleia-virtual-unificada-dia-04-07-10h-pelo-zoom\/#primaryimage","url":"https:\/\/www.sinpro-rio.org.br\/principal\/wp-content\/uploads\/2020\/07\/20200701_102502_0000.png","contentUrl":"https:\/\/www.sinpro-rio.org.br\/principal\/wp-content\/uploads\/2020\/07\/20200701_102502_0000.png","width":1005,"height":591},{"@type":"BreadcrumbList","@id":"https:\/\/www.sinpro-rio.org.br\/principal\/assembleia-virtual-unificada-dia-04-07-10h-pelo-zoom\/#breadcrumb","itemListElement":[{"@type":"ListItem","position":1,"name":"In\u00edcio","item":"https:\/\/www.sinpro-rio.org.br\/principal\/"},{"@type":"ListItem","position":2,"name":"Assembleia virtual UNIFICADA: dia 04\/07, s\u00e1bado, \u00e0s 10h, pelo &#8216;Zoom&#8217;"}]},{"@type":"WebSite","@id":"https:\/\/www.sinpro-rio.org.br\/principal\/#website","url":"https:\/\/www.sinpro-rio.org.br\/principal\/","name":"Sinpro-Rio","description":"Sindicato dos Professores do Munic\u00edpio do Rio de Janeiro e Regi\u00e3o","potentialAction":[{"@type":"SearchAction","target":{"@type":"EntryPoint","urlTemplate":"https:\/\/www.sinpro-rio.org.br\/principal\/?s={search_term_string}"},"query-input":{"@type":"PropertyValueSpecification","valueRequired":true,"valueName":"search_term_string"}}],"inLanguage":"pt-BR"},{"@type":"Person","@id":"https:\/\/www.sinpro-rio.org.br\/principal\/#\/schema\/person\/ee17219e64d00d037e511ae59ce2227e","name":"alessandra","image":{"@type":"ImageObject","inLanguage":"pt-BR","@id":"https:\/\/www.sinpro-rio.org.br\/principal\/#\/schema\/person\/image\/","url":"https:\/\/secure.gravatar.com\/avatar\/2b43fa8c0ad8e33b46a4732549f7fb20?s=96&d=mm&r=g","contentUrl":"https:\/\/secure.gravatar.com\/avatar\/2b43fa8c0ad8e33b46a4732549f7fb20?s=96&d=mm&r=g","caption":"alessandra"},"url":"https:\/\/www.sinpro-rio.org.br\/principal\/author\/alessandra\/"}]}},"_links":{"self":[{"href":"https:\/\/www.sinpro-rio.org.br\/principal\/wp-json\/wp\/v2\/posts\/28372","targetHints":{"allow":["GET"]}}],"collection":[{"href":"https:\/\/www.sinpro-rio.org.br\/principal\/wp-json\/wp\/v2\/posts"}],"about":[{"href":"https:\/\/www.sinpro-rio.org.br\/principal\/wp-json\/wp\/v2\/types\/post"}],"author":[{"embeddable":true,"href":"https:\/\/www.sinpro-rio.org.br\/principal\/wp-json\/wp\/v2\/users\/2"}],"replies":[{"embeddable":true,"href":"https:\/\/www.sinpro-rio.org.br\/principal\/wp-json\/wp\/v2\/comments?post=28372"}],"version-history":[{"count":15,"href":"https:\/\/www.sinpro-rio.org.br\/principal\/wp-json\/wp\/v2\/posts\/28372\/revisions"}],"predecessor-version":[{"id":28422,"href":"https:\/\/www.sinpro-rio.org.br\/principal\/wp-json\/wp\/v2\/posts\/28372\/revisions\/28422"}],"wp:featuredmedia":[{"embeddable":true,"href":"https:\/\/www.sinpro-rio.org.br\/principal\/wp-json\/wp\/v2\/media\/28380"}],"wp:attachment":[{"href":"https:\/\/www.sinpro-rio.org.br\/principal\/wp-json\/wp\/v2\/media?parent=28372"}],"wp:term":[{"taxonomy":"category","embeddable":true,"href":"https:\/\/www.sinpro-rio.org.br\/principal\/wp-json\/wp\/v2\/categories?post=28372"},{"taxonomy":"post_tag","embeddable":true,"href":"https:\/\/www.sinpro-rio.org.br\/principal\/wp-json\/wp\/v2\/tags?post=28372"}],"curies":[{"name":"wp","href":"https:\/\/api.w.org\/{rel}","templated":true}]}}