{"id":28366,"date":"2020-07-04T09:18:12","date_gmt":"2020-07-04T12:18:12","guid":{"rendered":"https:\/\/sinpro-rio.org.br\/principal\/?p=28366"},"modified":"2020-07-09T11:01:11","modified_gmt":"2020-07-09T14:01:11","slug":"ago-de-prestacao-de-contas-2019-contas-sao-aprovadas-por-unanimidade","status":"publish","type":"post","link":"https:\/\/www.sinpro-rio.org.br\/principal\/ago-de-prestacao-de-contas-2019-contas-sao-aprovadas-por-unanimidade\/","title":{"rendered":"AGO de Presta\u00e7\u00e3o de Contas 2019: contas s\u00e3o aprovadas por unanimidade"},"content":{"rendered":"\n<p>No pr\u00f3ximo ano de 2021, o Sinpro-Rio completa 90 anos de exist\u00eancia.  Uma hist\u00f3ria de sobreviv\u00eancia, resist\u00eancia e luta.<\/p>\n\n\n\n<p>A chegada at\u00e9 nossos dias na sua plenitude,  diante de uma pandemia e da crise pol\u00edtico-institucional que atinge a todos n\u00f3s, s\u00f3 se tornou poss\u00edvel, temos certeza disso, gra\u00e7as ao reconhecimento e identifica\u00e7\u00e3o dos professores ao seu sindicato e que agora est\u00e1 tendo que se reinventar na sua forma de fazer pol\u00edtica passando a atuar n\u00e3o s\u00f3 na defesa do emprego, sal\u00e1rios, como tamb\u00e9m da pr\u00f3pria vida. <\/p>\n\n\n\n<p>Cabe-nos ressaltar ainda que, em 2018 foi extinto o imposto sindical e, dessa forma, o sindicato perdeu parte significativa de sua sustenta\u00e7\u00e3o financeira. <\/p>\n\n\n\n<p>Hoje, todo o movimento dos trabalhadores se encontra num estado de perplexidade diante dos recuos impostos pelo governo federal atrav\u00e9s das medidas de desmonte de direitos e mesmo nas formas de sustenta\u00e7\u00e3o das pr\u00f3prias entidades sindicais. <\/p>\n\n\n\n<p>Entre n\u00f3s, no entanto, o apoio da categoria que nunca nos faltou, se expressou na Assembleia Ordin\u00e1ria de Presta\u00e7\u00e3o de Contas relativa ao exerc\u00edcio fiscal de 2019, realizada no dia 29 de junho  de 2020, virtualmente &#8211; via aplicativo <em>Zoom<\/em>, convocada em cumprimento \u00e0 determina\u00e7\u00e3o estatut\u00e1ria que estabelece o m\u00eas de junho para a referida obriga\u00e7\u00e3o. <\/p>\n\n\n\n<p>Ap\u00f3s proje\u00e7\u00e3o dos n\u00fameros que tratam das receitas e despesas relativas ao supracitado per\u00edodo conforme planilhas abaixo e ampla interven\u00e7\u00e3o da plen\u00e1ria, por unanimidade, o Sindicato teve suas compras aprovadas.<\/p>\n\n\n\n<p>Nos debates, as discuss\u00f5es giraram tamb\u00e9m em torno do papel que vem sendo desempenhado pelo Sinpro-Rio diante das novas demandas da categoria e das mudan\u00e7as no mundo do trabalho.  Houve tamb\u00e9m consenso ao princ\u00edpio de que, diante de um quadro que est\u00e1 a exigir um sindicato forte e antenado perante \u00e0s novas exig\u00eancias da legisla\u00e7\u00e3o e das demandas dos pr\u00f3prios professores, cada vez mais, torna-se evidente a necessidade da categoria assumir ainda mais a sustenta\u00e7\u00e3o financeira da sua entidade de classe na medida em que com ela se identifique e a veja como seu principal instrumento de resist\u00eancia dessa luta. <\/p>\n\n\n\n<p>_______________________________________<\/p>\n\n\n\n<p><strong><em>30\/07\/2020 &#8211; <\/em><\/strong>Assembleia Geral Ordin\u00e1ria do Sinpro-Rio (virtual) aprovou, em 29 de junho, por unanimidade, a presta\u00e7\u00e3o de contas relativa ao exerc\u00edcio de 2019. As contas apresentam saldo positivo, demonstrando a gest\u00e3o respons\u00e1vel das contas da entidade.<br>Na ocasi\u00e3o, o presidente do Sindicato, Oswaldo Teles, ressaltou que desde 2014, quando esta diretoria tomou posse no primeiro mandato, \u00e9 mantida a premissa de s\u00f3 gastar de acordo o arrecadado, sem deixar de fazer investimentos em prol das professoras e professores. \u201cO Sindicato continua firme e forte em defesa de sua categoria\u201d.<\/p>\n\n\n\n<p>Veja abaixo as contas de 2019:<\/p>\n\n\n\n<figure class=\"wp-block-image size-large\"><img fetchpriority=\"high\" decoding=\"async\" width=\"1024\" height=\"649\" src=\"https:\/\/sinpro-rio.org.br\/principal\/wp-content\/uploads\/2020\/06\/receita-1024x649.png\" alt=\"\" class=\"wp-image-28368\" srcset=\"https:\/\/www.sinpro-rio.org.br\/principal\/wp-content\/uploads\/2020\/06\/receita-1024x649.png 1024w, https:\/\/www.sinpro-rio.org.br\/principal\/wp-content\/uploads\/2020\/06\/receita-473x300.png 473w, https:\/\/www.sinpro-rio.org.br\/principal\/wp-content\/uploads\/2020\/06\/receita-158x100.png 158w, https:\/\/www.sinpro-rio.org.br\/principal\/wp-content\/uploads\/2020\/06\/receita-768x487.png 768w, https:\/\/www.sinpro-rio.org.br\/principal\/wp-content\/uploads\/2020\/06\/receita.png 1179w\" sizes=\"(max-width: 1024px) 100vw, 1024px\" \/><\/figure>\n\n\n\n<figure class=\"wp-block-image size-large\"><img decoding=\"async\" width=\"1024\" height=\"576\" src=\"https:\/\/sinpro-rio.org.br\/principal\/wp-content\/uploads\/2020\/06\/despesa-1024x576.png\" alt=\"\" class=\"wp-image-28369\" srcset=\"https:\/\/www.sinpro-rio.org.br\/principal\/wp-content\/uploads\/2020\/06\/despesa-1024x576.png 1024w, https:\/\/www.sinpro-rio.org.br\/principal\/wp-content\/uploads\/2020\/06\/despesa-534x300.png 534w, https:\/\/www.sinpro-rio.org.br\/principal\/wp-content\/uploads\/2020\/06\/despesa-178x100.png 178w, https:\/\/www.sinpro-rio.org.br\/principal\/wp-content\/uploads\/2020\/06\/despesa-768x432.png 768w, https:\/\/www.sinpro-rio.org.br\/principal\/wp-content\/uploads\/2020\/06\/despesa.png 1119w\" sizes=\"(max-width: 1024px) 100vw, 1024px\" \/><\/figure>\n\n\n\n<p><strong><em>Esta not\u00edcia foi originalmente publicada no dia 30 de junho de 2020. A data pode ser alterada para que fique em evid\u00eancia no site e de mais f\u00e1cil acesso \u00e0 categoria.<\/em><\/strong><\/p>\n","protected":false},"excerpt":{"rendered":"<p>No pr\u00f3ximo ano de 2021, o Sinpro-Rio completa 90 anos de exist\u00eancia. Uma hist\u00f3ria de sobreviv\u00eancia, resist\u00eancia e luta. A chegada at\u00e9 nossos dias na sua plenitude, diante de uma pandemia e da crise pol\u00edtico-institucional que atinge a todos n\u00f3s, s\u00f3 se tornou poss\u00edvel, temos certeza disso, gra\u00e7as ao reconhecimento e identifica\u00e7\u00e3o dos professores ao [&hellip;]<\/p>\n","protected":false},"author":2,"featured_media":28367,"comment_status":"closed","ping_status":"closed","sticky":false,"template":"","format":"standard","meta":{"footnotes":""},"categories":[1,25],"tags":[],"class_list":["post-28366","post","type-post","status-publish","format-standard","has-post-thumbnail","hentry","category-noticias","category-destaque-primeira-pagina"],"yoast_head":"<!-- This site is optimized with the Yoast SEO plugin v25.7 - https:\/\/yoast.com\/wordpress\/plugins\/seo\/ -->\n<title>AGO de Presta\u00e7\u00e3o de Contas 2019: contas s\u00e3o aprovadas por unanimidade - Sinpro-Rio<\/title>\n<meta name=\"robots\" content=\"index, follow, max-snippet:-1, max-image-preview:large, max-video-preview:-1\" \/>\n<link rel=\"canonical\" href=\"https:\/\/www.sinpro-rio.org.br\/principal\/ago-de-prestacao-de-contas-2019-contas-sao-aprovadas-por-unanimidade\/\" \/>\n<meta property=\"og:locale\" content=\"pt_BR\" \/>\n<meta property=\"og:type\" content=\"article\" \/>\n<meta property=\"og:title\" content=\"AGO de Presta\u00e7\u00e3o de Contas 2019: contas s\u00e3o aprovadas por unanimidade - Sinpro-Rio\" \/>\n<meta property=\"og:description\" content=\"No pr\u00f3ximo ano de 2021, o Sinpro-Rio completa 90 anos de exist\u00eancia. Uma hist\u00f3ria de sobreviv\u00eancia, resist\u00eancia e luta. A chegada at\u00e9 nossos dias na sua plenitude, diante de uma pandemia e da crise pol\u00edtico-institucional que atinge a todos n\u00f3s, s\u00f3 se tornou poss\u00edvel, temos certeza disso, gra\u00e7as ao reconhecimento e identifica\u00e7\u00e3o dos professores ao [&hellip;]\" \/>\n<meta property=\"og:url\" content=\"https:\/\/www.sinpro-rio.org.br\/principal\/ago-de-prestacao-de-contas-2019-contas-sao-aprovadas-por-unanimidade\/\" \/>\n<meta property=\"og:site_name\" content=\"Sinpro-Rio\" \/>\n<meta property=\"article:published_time\" content=\"2020-07-04T12:18:12+00:00\" \/>\n<meta property=\"article:modified_time\" content=\"2020-07-09T14:01:11+00:00\" \/>\n<meta property=\"og:image\" content=\"https:\/\/www.sinpro-rio.org.br\/principal\/wp-content\/uploads\/2020\/06\/1cb97317-ef24-44e6-8d35-43315f9e6eab.jpg\" \/>\n\t<meta property=\"og:image:width\" content=\"978\" \/>\n\t<meta property=\"og:image:height\" content=\"590\" \/>\n\t<meta property=\"og:image:type\" content=\"image\/jpeg\" \/>\n<meta name=\"author\" content=\"alessandra\" \/>\n<meta name=\"twitter:card\" content=\"summary_large_image\" \/>\n<meta name=\"twitter:label1\" content=\"Escrito por\" \/>\n\t<meta name=\"twitter:data1\" content=\"alessandra\" \/>\n\t<meta name=\"twitter:label2\" content=\"Est. tempo de leitura\" \/>\n\t<meta name=\"twitter:data2\" content=\"2 minutos\" \/>\n<script type=\"application\/ld+json\" class=\"yoast-schema-graph\">{\"@context\":\"https:\/\/schema.org\",\"@graph\":[{\"@type\":\"WebPage\",\"@id\":\"https:\/\/www.sinpro-rio.org.br\/principal\/ago-de-prestacao-de-contas-2019-contas-sao-aprovadas-por-unanimidade\/\",\"url\":\"https:\/\/www.sinpro-rio.org.br\/principal\/ago-de-prestacao-de-contas-2019-contas-sao-aprovadas-por-unanimidade\/\",\"name\":\"AGO de Presta\u00e7\u00e3o de Contas 2019: contas s\u00e3o aprovadas por unanimidade - Sinpro-Rio\",\"isPartOf\":{\"@id\":\"https:\/\/www.sinpro-rio.org.br\/principal\/#website\"},\"primaryImageOfPage\":{\"@id\":\"https:\/\/www.sinpro-rio.org.br\/principal\/ago-de-prestacao-de-contas-2019-contas-sao-aprovadas-por-unanimidade\/#primaryimage\"},\"image\":{\"@id\":\"https:\/\/www.sinpro-rio.org.br\/principal\/ago-de-prestacao-de-contas-2019-contas-sao-aprovadas-por-unanimidade\/#primaryimage\"},\"thumbnailUrl\":\"https:\/\/www.sinpro-rio.org.br\/principal\/wp-content\/uploads\/2020\/06\/1cb97317-ef24-44e6-8d35-43315f9e6eab.jpg\",\"datePublished\":\"2020-07-04T12:18:12+00:00\",\"dateModified\":\"2020-07-09T14:01:11+00:00\",\"author\":{\"@id\":\"https:\/\/www.sinpro-rio.org.br\/principal\/#\/schema\/person\/ee17219e64d00d037e511ae59ce2227e\"},\"breadcrumb\":{\"@id\":\"https:\/\/www.sinpro-rio.org.br\/principal\/ago-de-prestacao-de-contas-2019-contas-sao-aprovadas-por-unanimidade\/#breadcrumb\"},\"inLanguage\":\"pt-BR\",\"potentialAction\":[{\"@type\":\"ReadAction\",\"target\":[\"https:\/\/www.sinpro-rio.org.br\/principal\/ago-de-prestacao-de-contas-2019-contas-sao-aprovadas-por-unanimidade\/\"]}]},{\"@type\":\"ImageObject\",\"inLanguage\":\"pt-BR\",\"@id\":\"https:\/\/www.sinpro-rio.org.br\/principal\/ago-de-prestacao-de-contas-2019-contas-sao-aprovadas-por-unanimidade\/#primaryimage\",\"url\":\"https:\/\/www.sinpro-rio.org.br\/principal\/wp-content\/uploads\/2020\/06\/1cb97317-ef24-44e6-8d35-43315f9e6eab.jpg\",\"contentUrl\":\"https:\/\/www.sinpro-rio.org.br\/principal\/wp-content\/uploads\/2020\/06\/1cb97317-ef24-44e6-8d35-43315f9e6eab.jpg\",\"width\":978,\"height\":590},{\"@type\":\"BreadcrumbList\",\"@id\":\"https:\/\/www.sinpro-rio.org.br\/principal\/ago-de-prestacao-de-contas-2019-contas-sao-aprovadas-por-unanimidade\/#breadcrumb\",\"itemListElement\":[{\"@type\":\"ListItem\",\"position\":1,\"name\":\"In\u00edcio\",\"item\":\"https:\/\/www.sinpro-rio.org.br\/principal\/\"},{\"@type\":\"ListItem\",\"position\":2,\"name\":\"AGO de Presta\u00e7\u00e3o de Contas 2019: contas s\u00e3o aprovadas por unanimidade\"}]},{\"@type\":\"WebSite\",\"@id\":\"https:\/\/www.sinpro-rio.org.br\/principal\/#website\",\"url\":\"https:\/\/www.sinpro-rio.org.br\/principal\/\",\"name\":\"Sinpro-Rio\",\"description\":\"Sindicato dos Professores do Munic\u00edpio do Rio de Janeiro e Regi\u00e3o\",\"potentialAction\":[{\"@type\":\"SearchAction\",\"target\":{\"@type\":\"EntryPoint\",\"urlTemplate\":\"https:\/\/www.sinpro-rio.org.br\/principal\/?s={search_term_string}\"},\"query-input\":{\"@type\":\"PropertyValueSpecification\",\"valueRequired\":true,\"valueName\":\"search_term_string\"}}],\"inLanguage\":\"pt-BR\"},{\"@type\":\"Person\",\"@id\":\"https:\/\/www.sinpro-rio.org.br\/principal\/#\/schema\/person\/ee17219e64d00d037e511ae59ce2227e\",\"name\":\"alessandra\",\"image\":{\"@type\":\"ImageObject\",\"inLanguage\":\"pt-BR\",\"@id\":\"https:\/\/www.sinpro-rio.org.br\/principal\/#\/schema\/person\/image\/\",\"url\":\"https:\/\/secure.gravatar.com\/avatar\/2b43fa8c0ad8e33b46a4732549f7fb20?s=96&d=mm&r=g\",\"contentUrl\":\"https:\/\/secure.gravatar.com\/avatar\/2b43fa8c0ad8e33b46a4732549f7fb20?s=96&d=mm&r=g\",\"caption\":\"alessandra\"},\"url\":\"https:\/\/www.sinpro-rio.org.br\/principal\/author\/alessandra\/\"}]}<\/script>\n<!-- \/ Yoast SEO plugin. -->","yoast_head_json":{"title":"AGO de Presta\u00e7\u00e3o de Contas 2019: contas s\u00e3o aprovadas por unanimidade - Sinpro-Rio","robots":{"index":"index","follow":"follow","max-snippet":"max-snippet:-1","max-image-preview":"max-image-preview:large","max-video-preview":"max-video-preview:-1"},"canonical":"https:\/\/www.sinpro-rio.org.br\/principal\/ago-de-prestacao-de-contas-2019-contas-sao-aprovadas-por-unanimidade\/","og_locale":"pt_BR","og_type":"article","og_title":"AGO de Presta\u00e7\u00e3o de Contas 2019: contas s\u00e3o aprovadas por unanimidade - Sinpro-Rio","og_description":"No pr\u00f3ximo ano de 2021, o Sinpro-Rio completa 90 anos de exist\u00eancia. Uma hist\u00f3ria de sobreviv\u00eancia, resist\u00eancia e luta. A chegada at\u00e9 nossos dias na sua plenitude, diante de uma pandemia e da crise pol\u00edtico-institucional que atinge a todos n\u00f3s, s\u00f3 se tornou poss\u00edvel, temos certeza disso, gra\u00e7as ao reconhecimento e identifica\u00e7\u00e3o dos professores ao [&hellip;]","og_url":"https:\/\/www.sinpro-rio.org.br\/principal\/ago-de-prestacao-de-contas-2019-contas-sao-aprovadas-por-unanimidade\/","og_site_name":"Sinpro-Rio","article_published_time":"2020-07-04T12:18:12+00:00","article_modified_time":"2020-07-09T14:01:11+00:00","og_image":[{"width":978,"height":590,"url":"https:\/\/www.sinpro-rio.org.br\/principal\/wp-content\/uploads\/2020\/06\/1cb97317-ef24-44e6-8d35-43315f9e6eab.jpg","type":"image\/jpeg"}],"author":"alessandra","twitter_card":"summary_large_image","twitter_misc":{"Escrito por":"alessandra","Est. tempo de leitura":"2 minutos"},"schema":{"@context":"https:\/\/schema.org","@graph":[{"@type":"WebPage","@id":"https:\/\/www.sinpro-rio.org.br\/principal\/ago-de-prestacao-de-contas-2019-contas-sao-aprovadas-por-unanimidade\/","url":"https:\/\/www.sinpro-rio.org.br\/principal\/ago-de-prestacao-de-contas-2019-contas-sao-aprovadas-por-unanimidade\/","name":"AGO de Presta\u00e7\u00e3o de Contas 2019: contas s\u00e3o aprovadas por unanimidade - Sinpro-Rio","isPartOf":{"@id":"https:\/\/www.sinpro-rio.org.br\/principal\/#website"},"primaryImageOfPage":{"@id":"https:\/\/www.sinpro-rio.org.br\/principal\/ago-de-prestacao-de-contas-2019-contas-sao-aprovadas-por-unanimidade\/#primaryimage"},"image":{"@id":"https:\/\/www.sinpro-rio.org.br\/principal\/ago-de-prestacao-de-contas-2019-contas-sao-aprovadas-por-unanimidade\/#primaryimage"},"thumbnailUrl":"https:\/\/www.sinpro-rio.org.br\/principal\/wp-content\/uploads\/2020\/06\/1cb97317-ef24-44e6-8d35-43315f9e6eab.jpg","datePublished":"2020-07-04T12:18:12+00:00","dateModified":"2020-07-09T14:01:11+00:00","author":{"@id":"https:\/\/www.sinpro-rio.org.br\/principal\/#\/schema\/person\/ee17219e64d00d037e511ae59ce2227e"},"breadcrumb":{"@id":"https:\/\/www.sinpro-rio.org.br\/principal\/ago-de-prestacao-de-contas-2019-contas-sao-aprovadas-por-unanimidade\/#breadcrumb"},"inLanguage":"pt-BR","potentialAction":[{"@type":"ReadAction","target":["https:\/\/www.sinpro-rio.org.br\/principal\/ago-de-prestacao-de-contas-2019-contas-sao-aprovadas-por-unanimidade\/"]}]},{"@type":"ImageObject","inLanguage":"pt-BR","@id":"https:\/\/www.sinpro-rio.org.br\/principal\/ago-de-prestacao-de-contas-2019-contas-sao-aprovadas-por-unanimidade\/#primaryimage","url":"https:\/\/www.sinpro-rio.org.br\/principal\/wp-content\/uploads\/2020\/06\/1cb97317-ef24-44e6-8d35-43315f9e6eab.jpg","contentUrl":"https:\/\/www.sinpro-rio.org.br\/principal\/wp-content\/uploads\/2020\/06\/1cb97317-ef24-44e6-8d35-43315f9e6eab.jpg","width":978,"height":590},{"@type":"BreadcrumbList","@id":"https:\/\/www.sinpro-rio.org.br\/principal\/ago-de-prestacao-de-contas-2019-contas-sao-aprovadas-por-unanimidade\/#breadcrumb","itemListElement":[{"@type":"ListItem","position":1,"name":"In\u00edcio","item":"https:\/\/www.sinpro-rio.org.br\/principal\/"},{"@type":"ListItem","position":2,"name":"AGO de Presta\u00e7\u00e3o de Contas 2019: contas s\u00e3o aprovadas por unanimidade"}]},{"@type":"WebSite","@id":"https:\/\/www.sinpro-rio.org.br\/principal\/#website","url":"https:\/\/www.sinpro-rio.org.br\/principal\/","name":"Sinpro-Rio","description":"Sindicato dos Professores do Munic\u00edpio do Rio de Janeiro e Regi\u00e3o","potentialAction":[{"@type":"SearchAction","target":{"@type":"EntryPoint","urlTemplate":"https:\/\/www.sinpro-rio.org.br\/principal\/?s={search_term_string}"},"query-input":{"@type":"PropertyValueSpecification","valueRequired":true,"valueName":"search_term_string"}}],"inLanguage":"pt-BR"},{"@type":"Person","@id":"https:\/\/www.sinpro-rio.org.br\/principal\/#\/schema\/person\/ee17219e64d00d037e511ae59ce2227e","name":"alessandra","image":{"@type":"ImageObject","inLanguage":"pt-BR","@id":"https:\/\/www.sinpro-rio.org.br\/principal\/#\/schema\/person\/image\/","url":"https:\/\/secure.gravatar.com\/avatar\/2b43fa8c0ad8e33b46a4732549f7fb20?s=96&d=mm&r=g","contentUrl":"https:\/\/secure.gravatar.com\/avatar\/2b43fa8c0ad8e33b46a4732549f7fb20?s=96&d=mm&r=g","caption":"alessandra"},"url":"https:\/\/www.sinpro-rio.org.br\/principal\/author\/alessandra\/"}]}},"_links":{"self":[{"href":"https:\/\/www.sinpro-rio.org.br\/principal\/wp-json\/wp\/v2\/posts\/28366","targetHints":{"allow":["GET"]}}],"collection":[{"href":"https:\/\/www.sinpro-rio.org.br\/principal\/wp-json\/wp\/v2\/posts"}],"about":[{"href":"https:\/\/www.sinpro-rio.org.br\/principal\/wp-json\/wp\/v2\/types\/post"}],"author":[{"embeddable":true,"href":"https:\/\/www.sinpro-rio.org.br\/principal\/wp-json\/wp\/v2\/users\/2"}],"replies":[{"embeddable":true,"href":"https:\/\/www.sinpro-rio.org.br\/principal\/wp-json\/wp\/v2\/comments?post=28366"}],"version-history":[{"count":5,"href":"https:\/\/www.sinpro-rio.org.br\/principal\/wp-json\/wp\/v2\/posts\/28366\/revisions"}],"predecessor-version":[{"id":28531,"href":"https:\/\/www.sinpro-rio.org.br\/principal\/wp-json\/wp\/v2\/posts\/28366\/revisions\/28531"}],"wp:featuredmedia":[{"embeddable":true,"href":"https:\/\/www.sinpro-rio.org.br\/principal\/wp-json\/wp\/v2\/media\/28367"}],"wp:attachment":[{"href":"https:\/\/www.sinpro-rio.org.br\/principal\/wp-json\/wp\/v2\/media?parent=28366"}],"wp:term":[{"taxonomy":"category","embeddable":true,"href":"https:\/\/www.sinpro-rio.org.br\/principal\/wp-json\/wp\/v2\/categories?post=28366"},{"taxonomy":"post_tag","embeddable":true,"href":"https:\/\/www.sinpro-rio.org.br\/principal\/wp-json\/wp\/v2\/tags?post=28366"}],"curies":[{"name":"wp","href":"https:\/\/api.w.org\/{rel}","templated":true}]}}