{"id":28349,"date":"2020-06-28T12:52:43","date_gmt":"2020-06-28T15:52:43","guid":{"rendered":"https:\/\/sinpro-rio.org.br\/principal\/?p=28349"},"modified":"2020-06-28T13:00:41","modified_gmt":"2020-06-28T16:00:41","slug":"sinpro-rio-em-defesa-da-vida-contra-o-decreto-de-flexibilizacao-da-prefeitura","status":"publish","type":"post","link":"https:\/\/www.sinpro-rio.org.br\/principal\/sinpro-rio-em-defesa-da-vida-contra-o-decreto-de-flexibilizacao-da-prefeitura\/","title":{"rendered":"Sinpro-Rio em defesa da vida contra o decreto de flexibiliza\u00e7\u00e3o da prefeitura"},"content":{"rendered":"\n<p>Neste s\u00e1bado, dia 27\/06, a prefeitura do Rio de Janeiro publicou mais um decreto que amplia a flexibiliza\u00e7\u00e3o do isolamento social e aumenta a libera\u00e7\u00e3o do funcionamento de mais atividades comerciais e de servi\u00e7os, sem apresentar nenhum estudo ou base cient\u00edfica que assegure \u00e0 popula\u00e7\u00e3o a preserva\u00e7\u00e3o de suas vidas e a diminui\u00e7\u00e3o da probabilidade de contamina\u00e7\u00e3o pelo coronav\u00edrus.<\/p>\n\n\n\n<p>Al\u00e9m disso, permite de forma &#8220;volunt\u00e1ria&#8221; a abertura de creches e escolas privadas, como se as mesmas fossem servi\u00e7os de tomadores de conta de crian\u00e7as, um desrespeito aos profissionais de educa\u00e7\u00e3o destas institui\u00e7\u00f5es e, mais do que isso, uma neglig\u00eancia com o aumento da exposi\u00e7\u00e3o de toda a comunidade escolar ao cont\u00e1gio.<\/p>\n\n\n\n<p>Como agravante, distingue a rede p\u00fablica da rede privada, como se a Educa\u00e7\u00e3o fosse uma mercadoria que estivesse na prateleira, esperando para ser consumida. Esta distin\u00e7\u00e3o causa inseguran\u00e7a jur\u00eddica trabalhista aos profissionais de educa\u00e7\u00e3o das escolas.<\/p>\n\n\n\n<p>Tudo \u00e9 uma flagrante falta de compromisso com a vida da sociedade carioca, pois ainda nesta semana, em audi\u00eancia p\u00fablica registrada por v\u00e1rios ve\u00edculos de comunica\u00e7\u00e3o, as secret\u00e1rias de educa\u00e7\u00e3o e de sa\u00fade do munic\u00edpio do Rio afirmaram que as escolas s\u00f3 teriam o seu retorno, para atividades presenciais, previsto para o final de agosto, ainda assim, caso a pandemia estivesse mais controlada e a situa\u00e7\u00e3o oferecesse maior seguran\u00e7a. As secret\u00e1rias afirmaram que o futuro retorno das aulas presenciais seria pautado pelo cumprimento de um protocolo r\u00edgido, proposto pela pr\u00f3pria Vigil\u00e2ncia Sanit\u00e1ria.<\/p>\n\n\n\n<p>O <strong><em>Sinpro-Rio<\/em><\/strong> vem a p\u00fablico reafirmar, como j\u00e1 foi dito ao pr\u00f3prio prefeito em reuni\u00e3o realizada com a participa\u00e7\u00e3o dos donos de escola, que o retorno das atividades presenciais, de qualquer segmento da Educa\u00e7\u00e3o, somente poder\u00e1 ocorrer com a anu\u00eancia de \u00f3rg\u00e3os sanit\u00e1rios e cient\u00edficos, tal como a Fiocruz, para atestar este retorno.<\/p>\n\n\n\n<p>Solicitamos ao prefeito Crivella que modifique este \u00faltimo decreto e siga as orienta\u00e7\u00f5es de suas secretarias e dos \u00f3rg\u00e3os de sa\u00fade, com base cient\u00edfica, para que n\u00e3o aconte\u00e7a o aumento ainda maior da contamina\u00e7\u00e3o e mortes pelo coronav\u00edrus, no munic\u00edpio do Rio, como j\u00e1 acontece em estados como Minas Gerais e Rio Grande do Sul, e pa\u00edses como EUA e Su\u00e9cia, que fizeram a flexibiliza\u00e7\u00e3o de maneira prematura e agora pagam com seus mortos. Cabe ao gestor a responsabilidade civil e criminal nesse momento, tendo em vista que vidas est\u00e3o em primeiro lugar, n\u00e3o o lucro.<\/p>\n\n\n\n<p>Caso seja necess\u00e1rio, a categoria de professoras e professores do setor privado do Rio de Janeiro poder\u00e1 discutir e deliberar por uma greve das atividades presenciais, pela vida e sa\u00fade. N\u00e3o h\u00e1 condi\u00e7\u00f5es de retorno \u00e0s aulas presenciais neste momento. Esta atitude inesperada e inoportuna apenas favorece \u00e0queles que preservam seus lucros, acima da vida de sua comunidade escolar e da popula\u00e7\u00e3o em geral.<\/p>\n\n\n\n<p><strong><em>Diretoria do SINPRO-RIO.<\/em><\/strong><\/p>\n","protected":false},"excerpt":{"rendered":"<p>Neste s\u00e1bado, dia 27\/06, a prefeitura do Rio de Janeiro publicou mais um decreto que amplia a flexibiliza\u00e7\u00e3o do isolamento social e aumenta a libera\u00e7\u00e3o do funcionamento de mais atividades comerciais e de servi\u00e7os, sem apresentar nenhum estudo ou base cient\u00edfica que assegure \u00e0 popula\u00e7\u00e3o a preserva\u00e7\u00e3o de suas vidas e a diminui\u00e7\u00e3o da probabilidade [&hellip;]<\/p>\n","protected":false},"author":2,"featured_media":27957,"comment_status":"closed","ping_status":"closed","sticky":false,"template":"","format":"standard","meta":{"footnotes":""},"categories":[1,25],"tags":[],"class_list":["post-28349","post","type-post","status-publish","format-standard","has-post-thumbnail","hentry","category-noticias","category-destaque-primeira-pagina"],"yoast_head":"<!-- This site is optimized with the Yoast SEO plugin v25.7 - https:\/\/yoast.com\/wordpress\/plugins\/seo\/ -->\n<title>Sinpro-Rio em defesa da vida contra o decreto de flexibiliza\u00e7\u00e3o da prefeitura - Sinpro-Rio<\/title>\n<meta name=\"robots\" content=\"index, follow, max-snippet:-1, max-image-preview:large, max-video-preview:-1\" \/>\n<link rel=\"canonical\" href=\"https:\/\/www.sinpro-rio.org.br\/principal\/sinpro-rio-em-defesa-da-vida-contra-o-decreto-de-flexibilizacao-da-prefeitura\/\" \/>\n<meta property=\"og:locale\" content=\"pt_BR\" \/>\n<meta property=\"og:type\" content=\"article\" \/>\n<meta property=\"og:title\" content=\"Sinpro-Rio em defesa da vida contra o decreto de flexibiliza\u00e7\u00e3o da prefeitura - Sinpro-Rio\" \/>\n<meta property=\"og:description\" content=\"Neste s\u00e1bado, dia 27\/06, a prefeitura do Rio de Janeiro publicou mais um decreto que amplia a flexibiliza\u00e7\u00e3o do isolamento social e aumenta a libera\u00e7\u00e3o do funcionamento de mais atividades comerciais e de servi\u00e7os, sem apresentar nenhum estudo ou base cient\u00edfica que assegure \u00e0 popula\u00e7\u00e3o a preserva\u00e7\u00e3o de suas vidas e a diminui\u00e7\u00e3o da probabilidade [&hellip;]\" \/>\n<meta property=\"og:url\" content=\"https:\/\/www.sinpro-rio.org.br\/principal\/sinpro-rio-em-defesa-da-vida-contra-o-decreto-de-flexibilizacao-da-prefeitura\/\" \/>\n<meta property=\"og:site_name\" content=\"Sinpro-Rio\" \/>\n<meta property=\"article:published_time\" content=\"2020-06-28T15:52:43+00:00\" \/>\n<meta property=\"article:modified_time\" content=\"2020-06-28T16:00:41+00:00\" \/>\n<meta property=\"og:image\" content=\"https:\/\/www.sinpro-rio.org.br\/principal\/wp-content\/uploads\/2020\/05\/IMG-20191220-WA0096.jpg\" \/>\n\t<meta property=\"og:image:width\" content=\"1280\" \/>\n\t<meta property=\"og:image:height\" content=\"836\" \/>\n\t<meta property=\"og:image:type\" content=\"image\/jpeg\" \/>\n<meta name=\"author\" content=\"alessandra\" \/>\n<meta name=\"twitter:card\" content=\"summary_large_image\" \/>\n<meta name=\"twitter:label1\" content=\"Escrito por\" \/>\n\t<meta name=\"twitter:data1\" content=\"alessandra\" \/>\n\t<meta name=\"twitter:label2\" content=\"Est. tempo de leitura\" \/>\n\t<meta name=\"twitter:data2\" content=\"3 minutos\" \/>\n<script type=\"application\/ld+json\" class=\"yoast-schema-graph\">{\"@context\":\"https:\/\/schema.org\",\"@graph\":[{\"@type\":\"WebPage\",\"@id\":\"https:\/\/www.sinpro-rio.org.br\/principal\/sinpro-rio-em-defesa-da-vida-contra-o-decreto-de-flexibilizacao-da-prefeitura\/\",\"url\":\"https:\/\/www.sinpro-rio.org.br\/principal\/sinpro-rio-em-defesa-da-vida-contra-o-decreto-de-flexibilizacao-da-prefeitura\/\",\"name\":\"Sinpro-Rio em defesa da vida contra o decreto de flexibiliza\u00e7\u00e3o da prefeitura - Sinpro-Rio\",\"isPartOf\":{\"@id\":\"https:\/\/www.sinpro-rio.org.br\/principal\/#website\"},\"primaryImageOfPage\":{\"@id\":\"https:\/\/www.sinpro-rio.org.br\/principal\/sinpro-rio-em-defesa-da-vida-contra-o-decreto-de-flexibilizacao-da-prefeitura\/#primaryimage\"},\"image\":{\"@id\":\"https:\/\/www.sinpro-rio.org.br\/principal\/sinpro-rio-em-defesa-da-vida-contra-o-decreto-de-flexibilizacao-da-prefeitura\/#primaryimage\"},\"thumbnailUrl\":\"https:\/\/www.sinpro-rio.org.br\/principal\/wp-content\/uploads\/2020\/05\/IMG-20191220-WA0096.jpg\",\"datePublished\":\"2020-06-28T15:52:43+00:00\",\"dateModified\":\"2020-06-28T16:00:41+00:00\",\"author\":{\"@id\":\"https:\/\/www.sinpro-rio.org.br\/principal\/#\/schema\/person\/ee17219e64d00d037e511ae59ce2227e\"},\"breadcrumb\":{\"@id\":\"https:\/\/www.sinpro-rio.org.br\/principal\/sinpro-rio-em-defesa-da-vida-contra-o-decreto-de-flexibilizacao-da-prefeitura\/#breadcrumb\"},\"inLanguage\":\"pt-BR\",\"potentialAction\":[{\"@type\":\"ReadAction\",\"target\":[\"https:\/\/www.sinpro-rio.org.br\/principal\/sinpro-rio-em-defesa-da-vida-contra-o-decreto-de-flexibilizacao-da-prefeitura\/\"]}]},{\"@type\":\"ImageObject\",\"inLanguage\":\"pt-BR\",\"@id\":\"https:\/\/www.sinpro-rio.org.br\/principal\/sinpro-rio-em-defesa-da-vida-contra-o-decreto-de-flexibilizacao-da-prefeitura\/#primaryimage\",\"url\":\"https:\/\/www.sinpro-rio.org.br\/principal\/wp-content\/uploads\/2020\/05\/IMG-20191220-WA0096.jpg\",\"contentUrl\":\"https:\/\/www.sinpro-rio.org.br\/principal\/wp-content\/uploads\/2020\/05\/IMG-20191220-WA0096.jpg\",\"width\":1280,\"height\":836},{\"@type\":\"BreadcrumbList\",\"@id\":\"https:\/\/www.sinpro-rio.org.br\/principal\/sinpro-rio-em-defesa-da-vida-contra-o-decreto-de-flexibilizacao-da-prefeitura\/#breadcrumb\",\"itemListElement\":[{\"@type\":\"ListItem\",\"position\":1,\"name\":\"In\u00edcio\",\"item\":\"https:\/\/www.sinpro-rio.org.br\/principal\/\"},{\"@type\":\"ListItem\",\"position\":2,\"name\":\"Sinpro-Rio em defesa da vida contra o decreto de flexibiliza\u00e7\u00e3o da prefeitura\"}]},{\"@type\":\"WebSite\",\"@id\":\"https:\/\/www.sinpro-rio.org.br\/principal\/#website\",\"url\":\"https:\/\/www.sinpro-rio.org.br\/principal\/\",\"name\":\"Sinpro-Rio\",\"description\":\"Sindicato dos Professores do Munic\u00edpio do Rio de Janeiro e Regi\u00e3o\",\"potentialAction\":[{\"@type\":\"SearchAction\",\"target\":{\"@type\":\"EntryPoint\",\"urlTemplate\":\"https:\/\/www.sinpro-rio.org.br\/principal\/?s={search_term_string}\"},\"query-input\":{\"@type\":\"PropertyValueSpecification\",\"valueRequired\":true,\"valueName\":\"search_term_string\"}}],\"inLanguage\":\"pt-BR\"},{\"@type\":\"Person\",\"@id\":\"https:\/\/www.sinpro-rio.org.br\/principal\/#\/schema\/person\/ee17219e64d00d037e511ae59ce2227e\",\"name\":\"alessandra\",\"image\":{\"@type\":\"ImageObject\",\"inLanguage\":\"pt-BR\",\"@id\":\"https:\/\/www.sinpro-rio.org.br\/principal\/#\/schema\/person\/image\/\",\"url\":\"https:\/\/secure.gravatar.com\/avatar\/2b43fa8c0ad8e33b46a4732549f7fb20?s=96&d=mm&r=g\",\"contentUrl\":\"https:\/\/secure.gravatar.com\/avatar\/2b43fa8c0ad8e33b46a4732549f7fb20?s=96&d=mm&r=g\",\"caption\":\"alessandra\"},\"url\":\"https:\/\/www.sinpro-rio.org.br\/principal\/author\/alessandra\/\"}]}<\/script>\n<!-- \/ Yoast SEO plugin. -->","yoast_head_json":{"title":"Sinpro-Rio em defesa da vida contra o decreto de flexibiliza\u00e7\u00e3o da prefeitura - Sinpro-Rio","robots":{"index":"index","follow":"follow","max-snippet":"max-snippet:-1","max-image-preview":"max-image-preview:large","max-video-preview":"max-video-preview:-1"},"canonical":"https:\/\/www.sinpro-rio.org.br\/principal\/sinpro-rio-em-defesa-da-vida-contra-o-decreto-de-flexibilizacao-da-prefeitura\/","og_locale":"pt_BR","og_type":"article","og_title":"Sinpro-Rio em defesa da vida contra o decreto de flexibiliza\u00e7\u00e3o da prefeitura - Sinpro-Rio","og_description":"Neste s\u00e1bado, dia 27\/06, a prefeitura do Rio de Janeiro publicou mais um decreto que amplia a flexibiliza\u00e7\u00e3o do isolamento social e aumenta a libera\u00e7\u00e3o do funcionamento de mais atividades comerciais e de servi\u00e7os, sem apresentar nenhum estudo ou base cient\u00edfica que assegure \u00e0 popula\u00e7\u00e3o a preserva\u00e7\u00e3o de suas vidas e a diminui\u00e7\u00e3o da probabilidade [&hellip;]","og_url":"https:\/\/www.sinpro-rio.org.br\/principal\/sinpro-rio-em-defesa-da-vida-contra-o-decreto-de-flexibilizacao-da-prefeitura\/","og_site_name":"Sinpro-Rio","article_published_time":"2020-06-28T15:52:43+00:00","article_modified_time":"2020-06-28T16:00:41+00:00","og_image":[{"width":1280,"height":836,"url":"https:\/\/www.sinpro-rio.org.br\/principal\/wp-content\/uploads\/2020\/05\/IMG-20191220-WA0096.jpg","type":"image\/jpeg"}],"author":"alessandra","twitter_card":"summary_large_image","twitter_misc":{"Escrito por":"alessandra","Est. tempo de leitura":"3 minutos"},"schema":{"@context":"https:\/\/schema.org","@graph":[{"@type":"WebPage","@id":"https:\/\/www.sinpro-rio.org.br\/principal\/sinpro-rio-em-defesa-da-vida-contra-o-decreto-de-flexibilizacao-da-prefeitura\/","url":"https:\/\/www.sinpro-rio.org.br\/principal\/sinpro-rio-em-defesa-da-vida-contra-o-decreto-de-flexibilizacao-da-prefeitura\/","name":"Sinpro-Rio em defesa da vida contra o decreto de flexibiliza\u00e7\u00e3o da prefeitura - Sinpro-Rio","isPartOf":{"@id":"https:\/\/www.sinpro-rio.org.br\/principal\/#website"},"primaryImageOfPage":{"@id":"https:\/\/www.sinpro-rio.org.br\/principal\/sinpro-rio-em-defesa-da-vida-contra-o-decreto-de-flexibilizacao-da-prefeitura\/#primaryimage"},"image":{"@id":"https:\/\/www.sinpro-rio.org.br\/principal\/sinpro-rio-em-defesa-da-vida-contra-o-decreto-de-flexibilizacao-da-prefeitura\/#primaryimage"},"thumbnailUrl":"https:\/\/www.sinpro-rio.org.br\/principal\/wp-content\/uploads\/2020\/05\/IMG-20191220-WA0096.jpg","datePublished":"2020-06-28T15:52:43+00:00","dateModified":"2020-06-28T16:00:41+00:00","author":{"@id":"https:\/\/www.sinpro-rio.org.br\/principal\/#\/schema\/person\/ee17219e64d00d037e511ae59ce2227e"},"breadcrumb":{"@id":"https:\/\/www.sinpro-rio.org.br\/principal\/sinpro-rio-em-defesa-da-vida-contra-o-decreto-de-flexibilizacao-da-prefeitura\/#breadcrumb"},"inLanguage":"pt-BR","potentialAction":[{"@type":"ReadAction","target":["https:\/\/www.sinpro-rio.org.br\/principal\/sinpro-rio-em-defesa-da-vida-contra-o-decreto-de-flexibilizacao-da-prefeitura\/"]}]},{"@type":"ImageObject","inLanguage":"pt-BR","@id":"https:\/\/www.sinpro-rio.org.br\/principal\/sinpro-rio-em-defesa-da-vida-contra-o-decreto-de-flexibilizacao-da-prefeitura\/#primaryimage","url":"https:\/\/www.sinpro-rio.org.br\/principal\/wp-content\/uploads\/2020\/05\/IMG-20191220-WA0096.jpg","contentUrl":"https:\/\/www.sinpro-rio.org.br\/principal\/wp-content\/uploads\/2020\/05\/IMG-20191220-WA0096.jpg","width":1280,"height":836},{"@type":"BreadcrumbList","@id":"https:\/\/www.sinpro-rio.org.br\/principal\/sinpro-rio-em-defesa-da-vida-contra-o-decreto-de-flexibilizacao-da-prefeitura\/#breadcrumb","itemListElement":[{"@type":"ListItem","position":1,"name":"In\u00edcio","item":"https:\/\/www.sinpro-rio.org.br\/principal\/"},{"@type":"ListItem","position":2,"name":"Sinpro-Rio em defesa da vida contra o decreto de flexibiliza\u00e7\u00e3o da prefeitura"}]},{"@type":"WebSite","@id":"https:\/\/www.sinpro-rio.org.br\/principal\/#website","url":"https:\/\/www.sinpro-rio.org.br\/principal\/","name":"Sinpro-Rio","description":"Sindicato dos Professores do Munic\u00edpio do Rio de Janeiro e Regi\u00e3o","potentialAction":[{"@type":"SearchAction","target":{"@type":"EntryPoint","urlTemplate":"https:\/\/www.sinpro-rio.org.br\/principal\/?s={search_term_string}"},"query-input":{"@type":"PropertyValueSpecification","valueRequired":true,"valueName":"search_term_string"}}],"inLanguage":"pt-BR"},{"@type":"Person","@id":"https:\/\/www.sinpro-rio.org.br\/principal\/#\/schema\/person\/ee17219e64d00d037e511ae59ce2227e","name":"alessandra","image":{"@type":"ImageObject","inLanguage":"pt-BR","@id":"https:\/\/www.sinpro-rio.org.br\/principal\/#\/schema\/person\/image\/","url":"https:\/\/secure.gravatar.com\/avatar\/2b43fa8c0ad8e33b46a4732549f7fb20?s=96&d=mm&r=g","contentUrl":"https:\/\/secure.gravatar.com\/avatar\/2b43fa8c0ad8e33b46a4732549f7fb20?s=96&d=mm&r=g","caption":"alessandra"},"url":"https:\/\/www.sinpro-rio.org.br\/principal\/author\/alessandra\/"}]}},"_links":{"self":[{"href":"https:\/\/www.sinpro-rio.org.br\/principal\/wp-json\/wp\/v2\/posts\/28349","targetHints":{"allow":["GET"]}}],"collection":[{"href":"https:\/\/www.sinpro-rio.org.br\/principal\/wp-json\/wp\/v2\/posts"}],"about":[{"href":"https:\/\/www.sinpro-rio.org.br\/principal\/wp-json\/wp\/v2\/types\/post"}],"author":[{"embeddable":true,"href":"https:\/\/www.sinpro-rio.org.br\/principal\/wp-json\/wp\/v2\/users\/2"}],"replies":[{"embeddable":true,"href":"https:\/\/www.sinpro-rio.org.br\/principal\/wp-json\/wp\/v2\/comments?post=28349"}],"version-history":[{"count":3,"href":"https:\/\/www.sinpro-rio.org.br\/principal\/wp-json\/wp\/v2\/posts\/28349\/revisions"}],"predecessor-version":[{"id":28352,"href":"https:\/\/www.sinpro-rio.org.br\/principal\/wp-json\/wp\/v2\/posts\/28349\/revisions\/28352"}],"wp:featuredmedia":[{"embeddable":true,"href":"https:\/\/www.sinpro-rio.org.br\/principal\/wp-json\/wp\/v2\/media\/27957"}],"wp:attachment":[{"href":"https:\/\/www.sinpro-rio.org.br\/principal\/wp-json\/wp\/v2\/media?parent=28349"}],"wp:term":[{"taxonomy":"category","embeddable":true,"href":"https:\/\/www.sinpro-rio.org.br\/principal\/wp-json\/wp\/v2\/categories?post=28349"},{"taxonomy":"post_tag","embeddable":true,"href":"https:\/\/www.sinpro-rio.org.br\/principal\/wp-json\/wp\/v2\/tags?post=28349"}],"curies":[{"name":"wp","href":"https:\/\/api.w.org\/{rel}","templated":true}]}}