{"id":28331,"date":"2020-06-26T07:21:29","date_gmt":"2020-06-26T10:21:29","guid":{"rendered":"https:\/\/sinpro-rio.org.br\/principal\/?p=28331"},"modified":"2020-06-27T13:59:27","modified_gmt":"2020-06-27T16:59:27","slug":"sinpro-rio-participa-de-reuniao-com-prefeito-do-rio-sobre-flexibilizacao-social","status":"publish","type":"post","link":"https:\/\/www.sinpro-rio.org.br\/principal\/sinpro-rio-participa-de-reuniao-com-prefeito-do-rio-sobre-flexibilizacao-social\/","title":{"rendered":"Sinpro-Rio participa de reuni\u00e3o com prefeito do Rio sobre flexibiliza\u00e7\u00e3o do isolamento social"},"content":{"rendered":"\n<p><strong><em>Em reuni\u00e3o com o Prefeito, o Sinpro-Rio ressalta a necessidade de crit\u00e9rios cient\u00edficos e sanit\u00e1rios rigorosos e amplo debate na sociedade para a promo\u00e7\u00e3o da flexibiliza\u00e7\u00e3o do isolamento social<\/em><\/strong><\/p>\n\n\n\n<p>O Sinpro-Rio participou, em 25 de junho, de reuni\u00e3o realizada pelo prefeito Marcelo Crivella com entidades da sociedade civil a respeito do plano de flexibiliza\u00e7\u00e3o da quarentena decorrente da pandemia do Covid-19. Na ocasi\u00e3o, o presidente do Sinpro-Rio, Oswaldo Teles, ressaltou que a flexibiliza\u00e7\u00e3o do isolamento social s\u00f3 pode ser colocada em pr\u00e1tica mediante crit\u00e9rios cient\u00edficos e sanit\u00e1rios rigorosos e com ampla consulta \u00e0s entidades representativas da sociedade civil.<br>O Sinpro-Rio tem participado e organizado diversas reuni\u00f5es, plen\u00e1rias e programas de r\u00e1dio e Internet a respeito da flexibiliza\u00e7\u00e3o do isolamento social, principalmente no que concerne \u00e0 volta \u00e0s aulas presenciais. Dentre estes f\u00f3runs, o Sindicato realizou a \u201cPlen\u00e1ria Virtual em Defesa da Vida: quando e como retornar \u00e0s aulas presenciais?\u201d, em 13 de junho \u00faltimo. Nesta plen\u00e1ria, destacamos aqui declara\u00e7\u00f5es do doutor Hermano Castro, diretor da Escola Nacional de Sa\u00fade P\u00fablica S\u00e9rgio Arouca, ENSP \u2013 Fiocruz, e da professora K\u00e1tia Schaeffer, do NINA \u2013 N\u00facleo Inf\u00e2ncias Natureza e Arte \u2013 da Unirio.<br>De acordo com o doutor Hermano Castro, o Rio de Janeiro n\u00e3o atende os crit\u00e9rios de flexibiliza\u00e7\u00e3o da OMS. \u201cAl\u00e9m da necessidade de testagem e monitoramento das \u00e1reas de risco, seriam imprescind\u00edveis medidas de higieniza\u00e7\u00e3o nas escolas, pr\u00e1ticas de distanciamento entre os estudantes, plano de capacita\u00e7\u00e3o dos trabalhadores, plano de comunica\u00e7\u00e3o, plano de sa\u00fade mental para docentes e discentes.\u201d<br>J\u00e1 a professora K\u00e1tia Schaeffer, que centrou a sua palestra na Educa\u00e7\u00e3o Infantil e Fundamental, destacou que \u201cEscola n\u00e3o \u00e9 dep\u00f3sito de crian\u00e7as em hip\u00f3tese alguma! O momento \u00e9 de preserva\u00e7\u00e3o da vida! A possibilidade da volta \u00e0s aulas presenciais aumentou a ang\u00fastia dos pais, respons\u00e1veis, estudantes e professores. O retorno \u00e0s aulas, com a pandemia ainda presente, n\u00e3o seria neglig\u00eancia? N\u00e3o h\u00e1 como pensar em protocolos sem pensar em quem vai execut\u00e1-los. N\u00e3o justifiquem o retorno \u00e0 Escola com a preocupa\u00e7\u00e3o com a aprendizagem escolar, pois ela tamb\u00e9m teria sua qualidade comprometida, sobretudo na Educa\u00e7\u00e3o Infantil, pela necessidade do distanciamento e demais exig\u00eancias sanit\u00e1rias.\u201d<br>A professora lembrou ainda que \u201cuma educa\u00e7\u00e3o de qualidade n\u00e3o pode abrir m\u00e3o de rela\u00e7\u00f5es de qualidade. Algo menor que isso compromete o processo educativo e pode trazer danos irrepar\u00e1veis no corpo desses sujeitos: hoje, crian\u00e7as, e, amanha?, adultos.\u201d<br>Levando em considera\u00e7\u00e3o posi\u00e7\u00f5es de especialistas renomados, como o doutor Hermano Castro e a professora K\u00e1tia Schaeffer, o Sinpro-Rio tem ponderado sobre a flexibiliza\u00e7\u00e3o do isolamento social, com \u00eanfase na volta \u00e0s aulas presenciais. Na plen\u00e1ria \u201cEm Defesa da Vida\u201d, o presidente do Sindicato, Oswaldo Teles, deixou claro que \u201co di\u00e1logo e o respeito devem prevalecer sobre a loucura da defesa da economia em contraposi\u00e7\u00e3o \u00e0 defesa da vida. Estamos numa guerra pela vida. Sal\u00e1rios, condi\u00e7\u00f5es de trabalho dignos e a democracia s\u00e3o nossas metas, mas o mais importante, neste momento, \u00e9 a preserva\u00e7\u00e3o de nossas vidas.\u201d<\/p>\n","protected":false},"excerpt":{"rendered":"<p>Em reuni\u00e3o com o Prefeito, o Sinpro-Rio ressalta a necessidade de crit\u00e9rios cient\u00edficos e sanit\u00e1rios rigorosos e amplo debate na sociedade para a promo\u00e7\u00e3o da flexibiliza\u00e7\u00e3o do isolamento social O Sinpro-Rio participou, em 25 de junho, de reuni\u00e3o realizada pelo prefeito Marcelo Crivella com entidades da sociedade civil a respeito do plano de flexibiliza\u00e7\u00e3o da [&hellip;]<\/p>\n","protected":false},"author":2,"featured_media":27599,"comment_status":"closed","ping_status":"closed","sticky":false,"template":"","format":"standard","meta":{"footnotes":""},"categories":[1,25],"tags":[],"class_list":["post-28331","post","type-post","status-publish","format-standard","has-post-thumbnail","hentry","category-noticias","category-destaque-primeira-pagina"],"yoast_head":"<!-- This site is optimized with the Yoast SEO plugin v25.7 - https:\/\/yoast.com\/wordpress\/plugins\/seo\/ -->\n<title>Sinpro-Rio participa de reuni\u00e3o com prefeito do Rio sobre flexibiliza\u00e7\u00e3o do isolamento social - Sinpro-Rio<\/title>\n<meta name=\"robots\" content=\"index, follow, max-snippet:-1, max-image-preview:large, max-video-preview:-1\" \/>\n<link rel=\"canonical\" href=\"https:\/\/www.sinpro-rio.org.br\/principal\/sinpro-rio-participa-de-reuniao-com-prefeito-do-rio-sobre-flexibilizacao-social\/\" \/>\n<meta property=\"og:locale\" content=\"pt_BR\" \/>\n<meta property=\"og:type\" content=\"article\" \/>\n<meta property=\"og:title\" content=\"Sinpro-Rio participa de reuni\u00e3o com prefeito do Rio sobre flexibiliza\u00e7\u00e3o do isolamento social - Sinpro-Rio\" \/>\n<meta property=\"og:description\" content=\"Em reuni\u00e3o com o Prefeito, o Sinpro-Rio ressalta a necessidade de crit\u00e9rios cient\u00edficos e sanit\u00e1rios rigorosos e amplo debate na sociedade para a promo\u00e7\u00e3o da flexibiliza\u00e7\u00e3o do isolamento social O Sinpro-Rio participou, em 25 de junho, de reuni\u00e3o realizada pelo prefeito Marcelo Crivella com entidades da sociedade civil a respeito do plano de flexibiliza\u00e7\u00e3o da [&hellip;]\" \/>\n<meta property=\"og:url\" content=\"https:\/\/www.sinpro-rio.org.br\/principal\/sinpro-rio-participa-de-reuniao-com-prefeito-do-rio-sobre-flexibilizacao-social\/\" \/>\n<meta property=\"og:site_name\" content=\"Sinpro-Rio\" \/>\n<meta property=\"article:published_time\" content=\"2020-06-26T10:21:29+00:00\" \/>\n<meta property=\"article:modified_time\" content=\"2020-06-27T16:59:27+00:00\" \/>\n<meta property=\"og:image\" content=\"https:\/\/www.sinpro-rio.org.br\/principal\/wp-content\/uploads\/2020\/03\/IMG-20200316-WA0023.jpg\" \/>\n\t<meta property=\"og:image:width\" content=\"800\" \/>\n\t<meta property=\"og:image:height\" content=\"400\" \/>\n\t<meta property=\"og:image:type\" content=\"image\/jpeg\" \/>\n<meta name=\"author\" content=\"alessandra\" \/>\n<meta name=\"twitter:card\" content=\"summary_large_image\" \/>\n<meta name=\"twitter:label1\" content=\"Escrito por\" \/>\n\t<meta name=\"twitter:data1\" content=\"alessandra\" \/>\n\t<meta name=\"twitter:label2\" content=\"Est. tempo de leitura\" \/>\n\t<meta name=\"twitter:data2\" content=\"3 minutos\" \/>\n<script type=\"application\/ld+json\" class=\"yoast-schema-graph\">{\"@context\":\"https:\/\/schema.org\",\"@graph\":[{\"@type\":\"WebPage\",\"@id\":\"https:\/\/www.sinpro-rio.org.br\/principal\/sinpro-rio-participa-de-reuniao-com-prefeito-do-rio-sobre-flexibilizacao-social\/\",\"url\":\"https:\/\/www.sinpro-rio.org.br\/principal\/sinpro-rio-participa-de-reuniao-com-prefeito-do-rio-sobre-flexibilizacao-social\/\",\"name\":\"Sinpro-Rio participa de reuni\u00e3o com prefeito do Rio sobre flexibiliza\u00e7\u00e3o do isolamento social - Sinpro-Rio\",\"isPartOf\":{\"@id\":\"https:\/\/www.sinpro-rio.org.br\/principal\/#website\"},\"primaryImageOfPage\":{\"@id\":\"https:\/\/www.sinpro-rio.org.br\/principal\/sinpro-rio-participa-de-reuniao-com-prefeito-do-rio-sobre-flexibilizacao-social\/#primaryimage\"},\"image\":{\"@id\":\"https:\/\/www.sinpro-rio.org.br\/principal\/sinpro-rio-participa-de-reuniao-com-prefeito-do-rio-sobre-flexibilizacao-social\/#primaryimage\"},\"thumbnailUrl\":\"https:\/\/www.sinpro-rio.org.br\/principal\/wp-content\/uploads\/2020\/03\/IMG-20200316-WA0023.jpg\",\"datePublished\":\"2020-06-26T10:21:29+00:00\",\"dateModified\":\"2020-06-27T16:59:27+00:00\",\"author\":{\"@id\":\"https:\/\/www.sinpro-rio.org.br\/principal\/#\/schema\/person\/ee17219e64d00d037e511ae59ce2227e\"},\"breadcrumb\":{\"@id\":\"https:\/\/www.sinpro-rio.org.br\/principal\/sinpro-rio-participa-de-reuniao-com-prefeito-do-rio-sobre-flexibilizacao-social\/#breadcrumb\"},\"inLanguage\":\"pt-BR\",\"potentialAction\":[{\"@type\":\"ReadAction\",\"target\":[\"https:\/\/www.sinpro-rio.org.br\/principal\/sinpro-rio-participa-de-reuniao-com-prefeito-do-rio-sobre-flexibilizacao-social\/\"]}]},{\"@type\":\"ImageObject\",\"inLanguage\":\"pt-BR\",\"@id\":\"https:\/\/www.sinpro-rio.org.br\/principal\/sinpro-rio-participa-de-reuniao-com-prefeito-do-rio-sobre-flexibilizacao-social\/#primaryimage\",\"url\":\"https:\/\/www.sinpro-rio.org.br\/principal\/wp-content\/uploads\/2020\/03\/IMG-20200316-WA0023.jpg\",\"contentUrl\":\"https:\/\/www.sinpro-rio.org.br\/principal\/wp-content\/uploads\/2020\/03\/IMG-20200316-WA0023.jpg\",\"width\":800,\"height\":400},{\"@type\":\"BreadcrumbList\",\"@id\":\"https:\/\/www.sinpro-rio.org.br\/principal\/sinpro-rio-participa-de-reuniao-com-prefeito-do-rio-sobre-flexibilizacao-social\/#breadcrumb\",\"itemListElement\":[{\"@type\":\"ListItem\",\"position\":1,\"name\":\"In\u00edcio\",\"item\":\"https:\/\/www.sinpro-rio.org.br\/principal\/\"},{\"@type\":\"ListItem\",\"position\":2,\"name\":\"Sinpro-Rio participa de reuni\u00e3o com prefeito do Rio sobre flexibiliza\u00e7\u00e3o do isolamento social\"}]},{\"@type\":\"WebSite\",\"@id\":\"https:\/\/www.sinpro-rio.org.br\/principal\/#website\",\"url\":\"https:\/\/www.sinpro-rio.org.br\/principal\/\",\"name\":\"Sinpro-Rio\",\"description\":\"Sindicato dos Professores do Munic\u00edpio do Rio de Janeiro e Regi\u00e3o\",\"potentialAction\":[{\"@type\":\"SearchAction\",\"target\":{\"@type\":\"EntryPoint\",\"urlTemplate\":\"https:\/\/www.sinpro-rio.org.br\/principal\/?s={search_term_string}\"},\"query-input\":{\"@type\":\"PropertyValueSpecification\",\"valueRequired\":true,\"valueName\":\"search_term_string\"}}],\"inLanguage\":\"pt-BR\"},{\"@type\":\"Person\",\"@id\":\"https:\/\/www.sinpro-rio.org.br\/principal\/#\/schema\/person\/ee17219e64d00d037e511ae59ce2227e\",\"name\":\"alessandra\",\"image\":{\"@type\":\"ImageObject\",\"inLanguage\":\"pt-BR\",\"@id\":\"https:\/\/www.sinpro-rio.org.br\/principal\/#\/schema\/person\/image\/\",\"url\":\"https:\/\/secure.gravatar.com\/avatar\/2b43fa8c0ad8e33b46a4732549f7fb20?s=96&d=mm&r=g\",\"contentUrl\":\"https:\/\/secure.gravatar.com\/avatar\/2b43fa8c0ad8e33b46a4732549f7fb20?s=96&d=mm&r=g\",\"caption\":\"alessandra\"},\"url\":\"https:\/\/www.sinpro-rio.org.br\/principal\/author\/alessandra\/\"}]}<\/script>\n<!-- \/ Yoast SEO plugin. -->","yoast_head_json":{"title":"Sinpro-Rio participa de reuni\u00e3o com prefeito do Rio sobre flexibiliza\u00e7\u00e3o do isolamento social - Sinpro-Rio","robots":{"index":"index","follow":"follow","max-snippet":"max-snippet:-1","max-image-preview":"max-image-preview:large","max-video-preview":"max-video-preview:-1"},"canonical":"https:\/\/www.sinpro-rio.org.br\/principal\/sinpro-rio-participa-de-reuniao-com-prefeito-do-rio-sobre-flexibilizacao-social\/","og_locale":"pt_BR","og_type":"article","og_title":"Sinpro-Rio participa de reuni\u00e3o com prefeito do Rio sobre flexibiliza\u00e7\u00e3o do isolamento social - Sinpro-Rio","og_description":"Em reuni\u00e3o com o Prefeito, o Sinpro-Rio ressalta a necessidade de crit\u00e9rios cient\u00edficos e sanit\u00e1rios rigorosos e amplo debate na sociedade para a promo\u00e7\u00e3o da flexibiliza\u00e7\u00e3o do isolamento social O Sinpro-Rio participou, em 25 de junho, de reuni\u00e3o realizada pelo prefeito Marcelo Crivella com entidades da sociedade civil a respeito do plano de flexibiliza\u00e7\u00e3o da [&hellip;]","og_url":"https:\/\/www.sinpro-rio.org.br\/principal\/sinpro-rio-participa-de-reuniao-com-prefeito-do-rio-sobre-flexibilizacao-social\/","og_site_name":"Sinpro-Rio","article_published_time":"2020-06-26T10:21:29+00:00","article_modified_time":"2020-06-27T16:59:27+00:00","og_image":[{"width":800,"height":400,"url":"https:\/\/www.sinpro-rio.org.br\/principal\/wp-content\/uploads\/2020\/03\/IMG-20200316-WA0023.jpg","type":"image\/jpeg"}],"author":"alessandra","twitter_card":"summary_large_image","twitter_misc":{"Escrito por":"alessandra","Est. tempo de leitura":"3 minutos"},"schema":{"@context":"https:\/\/schema.org","@graph":[{"@type":"WebPage","@id":"https:\/\/www.sinpro-rio.org.br\/principal\/sinpro-rio-participa-de-reuniao-com-prefeito-do-rio-sobre-flexibilizacao-social\/","url":"https:\/\/www.sinpro-rio.org.br\/principal\/sinpro-rio-participa-de-reuniao-com-prefeito-do-rio-sobre-flexibilizacao-social\/","name":"Sinpro-Rio participa de reuni\u00e3o com prefeito do Rio sobre flexibiliza\u00e7\u00e3o do isolamento social - Sinpro-Rio","isPartOf":{"@id":"https:\/\/www.sinpro-rio.org.br\/principal\/#website"},"primaryImageOfPage":{"@id":"https:\/\/www.sinpro-rio.org.br\/principal\/sinpro-rio-participa-de-reuniao-com-prefeito-do-rio-sobre-flexibilizacao-social\/#primaryimage"},"image":{"@id":"https:\/\/www.sinpro-rio.org.br\/principal\/sinpro-rio-participa-de-reuniao-com-prefeito-do-rio-sobre-flexibilizacao-social\/#primaryimage"},"thumbnailUrl":"https:\/\/www.sinpro-rio.org.br\/principal\/wp-content\/uploads\/2020\/03\/IMG-20200316-WA0023.jpg","datePublished":"2020-06-26T10:21:29+00:00","dateModified":"2020-06-27T16:59:27+00:00","author":{"@id":"https:\/\/www.sinpro-rio.org.br\/principal\/#\/schema\/person\/ee17219e64d00d037e511ae59ce2227e"},"breadcrumb":{"@id":"https:\/\/www.sinpro-rio.org.br\/principal\/sinpro-rio-participa-de-reuniao-com-prefeito-do-rio-sobre-flexibilizacao-social\/#breadcrumb"},"inLanguage":"pt-BR","potentialAction":[{"@type":"ReadAction","target":["https:\/\/www.sinpro-rio.org.br\/principal\/sinpro-rio-participa-de-reuniao-com-prefeito-do-rio-sobre-flexibilizacao-social\/"]}]},{"@type":"ImageObject","inLanguage":"pt-BR","@id":"https:\/\/www.sinpro-rio.org.br\/principal\/sinpro-rio-participa-de-reuniao-com-prefeito-do-rio-sobre-flexibilizacao-social\/#primaryimage","url":"https:\/\/www.sinpro-rio.org.br\/principal\/wp-content\/uploads\/2020\/03\/IMG-20200316-WA0023.jpg","contentUrl":"https:\/\/www.sinpro-rio.org.br\/principal\/wp-content\/uploads\/2020\/03\/IMG-20200316-WA0023.jpg","width":800,"height":400},{"@type":"BreadcrumbList","@id":"https:\/\/www.sinpro-rio.org.br\/principal\/sinpro-rio-participa-de-reuniao-com-prefeito-do-rio-sobre-flexibilizacao-social\/#breadcrumb","itemListElement":[{"@type":"ListItem","position":1,"name":"In\u00edcio","item":"https:\/\/www.sinpro-rio.org.br\/principal\/"},{"@type":"ListItem","position":2,"name":"Sinpro-Rio participa de reuni\u00e3o com prefeito do Rio sobre flexibiliza\u00e7\u00e3o do isolamento social"}]},{"@type":"WebSite","@id":"https:\/\/www.sinpro-rio.org.br\/principal\/#website","url":"https:\/\/www.sinpro-rio.org.br\/principal\/","name":"Sinpro-Rio","description":"Sindicato dos Professores do Munic\u00edpio do Rio de Janeiro e Regi\u00e3o","potentialAction":[{"@type":"SearchAction","target":{"@type":"EntryPoint","urlTemplate":"https:\/\/www.sinpro-rio.org.br\/principal\/?s={search_term_string}"},"query-input":{"@type":"PropertyValueSpecification","valueRequired":true,"valueName":"search_term_string"}}],"inLanguage":"pt-BR"},{"@type":"Person","@id":"https:\/\/www.sinpro-rio.org.br\/principal\/#\/schema\/person\/ee17219e64d00d037e511ae59ce2227e","name":"alessandra","image":{"@type":"ImageObject","inLanguage":"pt-BR","@id":"https:\/\/www.sinpro-rio.org.br\/principal\/#\/schema\/person\/image\/","url":"https:\/\/secure.gravatar.com\/avatar\/2b43fa8c0ad8e33b46a4732549f7fb20?s=96&d=mm&r=g","contentUrl":"https:\/\/secure.gravatar.com\/avatar\/2b43fa8c0ad8e33b46a4732549f7fb20?s=96&d=mm&r=g","caption":"alessandra"},"url":"https:\/\/www.sinpro-rio.org.br\/principal\/author\/alessandra\/"}]}},"_links":{"self":[{"href":"https:\/\/www.sinpro-rio.org.br\/principal\/wp-json\/wp\/v2\/posts\/28331","targetHints":{"allow":["GET"]}}],"collection":[{"href":"https:\/\/www.sinpro-rio.org.br\/principal\/wp-json\/wp\/v2\/posts"}],"about":[{"href":"https:\/\/www.sinpro-rio.org.br\/principal\/wp-json\/wp\/v2\/types\/post"}],"author":[{"embeddable":true,"href":"https:\/\/www.sinpro-rio.org.br\/principal\/wp-json\/wp\/v2\/users\/2"}],"replies":[{"embeddable":true,"href":"https:\/\/www.sinpro-rio.org.br\/principal\/wp-json\/wp\/v2\/comments?post=28331"}],"version-history":[{"count":3,"href":"https:\/\/www.sinpro-rio.org.br\/principal\/wp-json\/wp\/v2\/posts\/28331\/revisions"}],"predecessor-version":[{"id":28347,"href":"https:\/\/www.sinpro-rio.org.br\/principal\/wp-json\/wp\/v2\/posts\/28331\/revisions\/28347"}],"wp:featuredmedia":[{"embeddable":true,"href":"https:\/\/www.sinpro-rio.org.br\/principal\/wp-json\/wp\/v2\/media\/27599"}],"wp:attachment":[{"href":"https:\/\/www.sinpro-rio.org.br\/principal\/wp-json\/wp\/v2\/media?parent=28331"}],"wp:term":[{"taxonomy":"category","embeddable":true,"href":"https:\/\/www.sinpro-rio.org.br\/principal\/wp-json\/wp\/v2\/categories?post=28331"},{"taxonomy":"post_tag","embeddable":true,"href":"https:\/\/www.sinpro-rio.org.br\/principal\/wp-json\/wp\/v2\/tags?post=28331"}],"curies":[{"name":"wp","href":"https:\/\/api.w.org\/{rel}","templated":true}]}}