{"id":28275,"date":"2020-06-22T18:33:00","date_gmt":"2020-06-22T21:33:00","guid":{"rendered":"https:\/\/sinpro-rio.org.br\/principal\/?p=28275"},"modified":"2020-06-26T13:10:17","modified_gmt":"2020-06-26T16:10:17","slug":"sepe-sinpro-rio-vereadores-e-entidades-lancam-documento-contra-retorno-as-aulas-na-capital","status":"publish","type":"post","link":"https:\/\/www.sinpro-rio.org.br\/principal\/sepe-sinpro-rio-vereadores-e-entidades-lancam-documento-contra-retorno-as-aulas-na-capital\/","title":{"rendered":"Sepe-RJ, Sinpro-Rio e vereadores lan\u00e7am documento contra retorno \u00e0s aulas"},"content":{"rendered":"\n<p>? Leia e\/ou baixe o<strong><em> documento conjunto<\/em><\/strong>  por <a href=\"https:\/\/sinpro-rio.org.br\/principal\/wp-content\/uploads\/2020\/06\/of-conjunto-n\u00e3o-retorno-as-aulas.pdf\">AQUI!<\/a><\/p>\n\n\n\n<p><strong><em>TEXTO DO SITE DO SEPE-RJ: <\/em><\/strong>Os&nbsp;mandatos dos vereadores Bab\u00e1, Leonel Brizola, Luciana Novaes, Marcos Paulo, Paulo Pinheiro, Reimont Otoni, Renato Cinco e Tarc\u00edsio Motta, em conjunto com o Sindicato Estadual dos Profissionais da Educa\u00e7\u00e3o (Sepe RJ), o Sindicato dos Professores do Munic\u00edpio do Rio de Janeiro e Regi\u00e3o (Sinpro-Rio), o Movimento de M\u00e3es, Pais e Respons\u00e1veis Pela Escola P\u00fablica Municipal Carioca (MovEM-Rio), O Movimento Inclus\u00e3o Legal (MIL) e Trissomia do Amor 21, reuniram um conjunto de argumentos que subsidiam nossa posi\u00e7\u00e3o contr\u00e1ria \u00e0 proposta de retorno \u00e0s aulas nas escolas do Rio de Janeiro, diante da realidade da epidemia da COVID-19.<\/p>\n\n\n\n<p>Foi apresentado um dossi\u00ea que pode ser lido mais abaixo, como uma indica\u00e7\u00e3o legislativa, que exibe um panorama do retorno \u00e0s aulas ao redor do mundo, com o intuito de demonstrar como essa decis\u00e3o deve ser baseada em indicativos objetivos e na garantia de adapta\u00e7\u00f5es e reformas, tanto na estrutura quanto na din\u00e2mica dos espa\u00e7os e das intera\u00e7\u00f5es da comunidade escolar.<\/p>\n\n\n\n<p>Muitos pa\u00edses j\u00e1 conseguiram retornar \u00e0s atividades escolares, mas \u00e9 necess\u00e1rio considerar as diferentes realidades e estruturas de cada pa\u00eds, e como ele foi afetado pela pandemia. A maioria teve o cuidado de esperar o achatamento da curva, para indicar o retorno. Aqueles que tomaram essa decis\u00e3o precocemente viram o retorno da ascens\u00e3o de casos e tiveram que fechar novamente as suas escolas.<\/p>\n\n\n\n<p>Apresentamos, tamb\u00e9m, quest\u00f5es espec\u00edficas sobre a epidemia no Brasil e no Rio de Janeiro, al\u00e9m de questionar o decreto apresentado pela Prefeitura do Rio de Janeiro, que indica a volta \u00e0s aulas sem que haja garantias de controle da epidemia e estrutura b\u00e1sica na rede para a retomada das atividades.<\/p>\n\n\n\n<p>A rede p\u00fablica municipal de educa\u00e7\u00e3o do Rio de Janeiro \u00e9 a maior da Am\u00e9rica Latina. Pelo site da SME h\u00e1 1.542 escolas, 39.815 professores, 13.862 funcion\u00e1rios administrativos e 641.564 estudantes. H\u00e1, tamb\u00e9m, equipes extra quadro que fazem a limpeza das unidades. No interior das escolas mais de 700 mil pessoas ir\u00e3o conviver por longos per\u00edodos. Somados a estes haver\u00e1 a circula\u00e7\u00e3o na cidade dos respons\u00e1veis que levar\u00e3o suas crian\u00e7as e jovens.<\/p>\n\n\n\n<p>Numa proje\u00e7\u00e3o b\u00e1sica, teremos mais de um milh\u00e3o de pessoas de volta \u00e0s ruas da cidade, em muitos casos utilizando transporte coletivo. Tudo isso se tratando somente dos impactos referentes \u00e0 rede p\u00fablica da cidade, sem contar as demais escolas e creches privadas.<\/p>\n\n\n\n<p>A aus\u00eancia de testes em massa e a flagrante subnotifica\u00e7\u00e3o de dados n\u00e3o garantem que o nosso munic\u00edpio est\u00e1 em curva decrescente consolidada na evolu\u00e7\u00e3o da epidemia.<\/p>\n\n\n\n<p>\u00c9 necess\u00e1rio, e fundamental, que se abra um debate amplo e realista com toda a comunidade escolar sobre as condi\u00e7\u00f5es para o retorno \u00e0s aulas. Este debate deve levar em considera\u00e7\u00e3o, primordialmente, as orienta\u00e7\u00f5es da OMS e demais setores que analisam a evolu\u00e7\u00e3o da pandemia, e tra\u00e7ar um plano consistente de retorno que garanta o direito \u00e0 vida e \u00e0 educa\u00e7\u00e3o de nossas crian\u00e7as, jovens e adultos.<\/p>\n\n\n\n<p>Trata-se de uma trag\u00e9dia anunciada! O retorno, portanto, \u00e9 uma decis\u00e3o precoce, irrespons\u00e1vel e fora da realidade!<\/p>\n\n\n\n<p>Leia essa mat\u00e9ria e o dossi\u00ea direto do site do Sepe-RJ acessando por <a href=\"http:\/\/www.seperj.org.br\/ver_noticia.php?cod_noticia=22197\">AQUI!<\/a><\/p>\n\n\n\n<p><\/p>\n\n\n\n<p><strong><em>Texto originalmente publicado dia 22\/06\/2020. A data de publica\u00e7\u00e3o no site poder\u00e1 ser alterada para que fique em destaque e mais acess\u00edvel \u00e0 categoria.<\/em><\/strong><\/p>\n\n\n\n<div class=\"wp-block-file\"><a href=\"https:\/\/sinpro-rio.org.br\/principal\/wp-content\/uploads\/2020\/06\/of-conjunto-n\u00e3o-retorno-as-aulas.pdf\" class=\"wp-block-file__button\" download><\/a><\/div>\n","protected":false},"excerpt":{"rendered":"<p>? Leia e\/ou baixe o documento conjunto por AQUI! TEXTO DO SITE DO SEPE-RJ: Os&nbsp;mandatos dos vereadores Bab\u00e1, Leonel Brizola, Luciana Novaes, Marcos Paulo, Paulo Pinheiro, Reimont Otoni, Renato Cinco e Tarc\u00edsio Motta, em conjunto com o Sindicato Estadual dos Profissionais da Educa\u00e7\u00e3o (Sepe RJ), o Sindicato dos Professores do Munic\u00edpio do Rio de Janeiro [&hellip;]<\/p>\n","protected":false},"author":2,"featured_media":28277,"comment_status":"closed","ping_status":"closed","sticky":false,"template":"","format":"standard","meta":{"footnotes":""},"categories":[1,25],"tags":[],"class_list":["post-28275","post","type-post","status-publish","format-standard","has-post-thumbnail","hentry","category-noticias","category-destaque-primeira-pagina"],"yoast_head":"<!-- This site is optimized with the Yoast SEO plugin v25.7 - https:\/\/yoast.com\/wordpress\/plugins\/seo\/ -->\n<title>Sepe-RJ, Sinpro-Rio e vereadores lan\u00e7am documento contra retorno \u00e0s aulas - Sinpro-Rio<\/title>\n<meta name=\"robots\" content=\"index, follow, max-snippet:-1, max-image-preview:large, max-video-preview:-1\" \/>\n<link rel=\"canonical\" href=\"https:\/\/www.sinpro-rio.org.br\/principal\/sepe-sinpro-rio-vereadores-e-entidades-lancam-documento-contra-retorno-as-aulas-na-capital\/\" \/>\n<meta property=\"og:locale\" content=\"pt_BR\" \/>\n<meta property=\"og:type\" content=\"article\" \/>\n<meta property=\"og:title\" content=\"Sepe-RJ, Sinpro-Rio e vereadores lan\u00e7am documento contra retorno \u00e0s aulas - Sinpro-Rio\" \/>\n<meta property=\"og:description\" content=\"? Leia e\/ou baixe o documento conjunto por AQUI! TEXTO DO SITE DO SEPE-RJ: Os&nbsp;mandatos dos vereadores Bab\u00e1, Leonel Brizola, Luciana Novaes, Marcos Paulo, Paulo Pinheiro, Reimont Otoni, Renato Cinco e Tarc\u00edsio Motta, em conjunto com o Sindicato Estadual dos Profissionais da Educa\u00e7\u00e3o (Sepe RJ), o Sindicato dos Professores do Munic\u00edpio do Rio de Janeiro [&hellip;]\" \/>\n<meta property=\"og:url\" content=\"https:\/\/www.sinpro-rio.org.br\/principal\/sepe-sinpro-rio-vereadores-e-entidades-lancam-documento-contra-retorno-as-aulas-na-capital\/\" \/>\n<meta property=\"og:site_name\" content=\"Sinpro-Rio\" \/>\n<meta property=\"article:published_time\" content=\"2020-06-22T21:33:00+00:00\" \/>\n<meta property=\"article:modified_time\" content=\"2020-06-26T16:10:17+00:00\" \/>\n<meta property=\"og:image\" content=\"https:\/\/www.sinpro-rio.org.br\/principal\/wp-content\/uploads\/2020\/06\/IMG-20191220-WA0095.jpg\" \/>\n\t<meta property=\"og:image:width\" content=\"1280\" \/>\n\t<meta property=\"og:image:height\" content=\"763\" \/>\n\t<meta property=\"og:image:type\" content=\"image\/jpeg\" \/>\n<meta name=\"author\" content=\"alessandra\" \/>\n<meta name=\"twitter:card\" content=\"summary_large_image\" \/>\n<meta name=\"twitter:label1\" content=\"Escrito por\" \/>\n\t<meta name=\"twitter:data1\" content=\"alessandra\" \/>\n\t<meta name=\"twitter:label2\" content=\"Est. tempo de leitura\" \/>\n\t<meta name=\"twitter:data2\" content=\"3 minutos\" \/>\n<script type=\"application\/ld+json\" class=\"yoast-schema-graph\">{\"@context\":\"https:\/\/schema.org\",\"@graph\":[{\"@type\":\"WebPage\",\"@id\":\"https:\/\/www.sinpro-rio.org.br\/principal\/sepe-sinpro-rio-vereadores-e-entidades-lancam-documento-contra-retorno-as-aulas-na-capital\/\",\"url\":\"https:\/\/www.sinpro-rio.org.br\/principal\/sepe-sinpro-rio-vereadores-e-entidades-lancam-documento-contra-retorno-as-aulas-na-capital\/\",\"name\":\"Sepe-RJ, Sinpro-Rio e vereadores lan\u00e7am documento contra retorno \u00e0s aulas - Sinpro-Rio\",\"isPartOf\":{\"@id\":\"https:\/\/www.sinpro-rio.org.br\/principal\/#website\"},\"primaryImageOfPage\":{\"@id\":\"https:\/\/www.sinpro-rio.org.br\/principal\/sepe-sinpro-rio-vereadores-e-entidades-lancam-documento-contra-retorno-as-aulas-na-capital\/#primaryimage\"},\"image\":{\"@id\":\"https:\/\/www.sinpro-rio.org.br\/principal\/sepe-sinpro-rio-vereadores-e-entidades-lancam-documento-contra-retorno-as-aulas-na-capital\/#primaryimage\"},\"thumbnailUrl\":\"https:\/\/www.sinpro-rio.org.br\/principal\/wp-content\/uploads\/2020\/06\/IMG-20191220-WA0095.jpg\",\"datePublished\":\"2020-06-22T21:33:00+00:00\",\"dateModified\":\"2020-06-26T16:10:17+00:00\",\"author\":{\"@id\":\"https:\/\/www.sinpro-rio.org.br\/principal\/#\/schema\/person\/ee17219e64d00d037e511ae59ce2227e\"},\"breadcrumb\":{\"@id\":\"https:\/\/www.sinpro-rio.org.br\/principal\/sepe-sinpro-rio-vereadores-e-entidades-lancam-documento-contra-retorno-as-aulas-na-capital\/#breadcrumb\"},\"inLanguage\":\"pt-BR\",\"potentialAction\":[{\"@type\":\"ReadAction\",\"target\":[\"https:\/\/www.sinpro-rio.org.br\/principal\/sepe-sinpro-rio-vereadores-e-entidades-lancam-documento-contra-retorno-as-aulas-na-capital\/\"]}]},{\"@type\":\"ImageObject\",\"inLanguage\":\"pt-BR\",\"@id\":\"https:\/\/www.sinpro-rio.org.br\/principal\/sepe-sinpro-rio-vereadores-e-entidades-lancam-documento-contra-retorno-as-aulas-na-capital\/#primaryimage\",\"url\":\"https:\/\/www.sinpro-rio.org.br\/principal\/wp-content\/uploads\/2020\/06\/IMG-20191220-WA0095.jpg\",\"contentUrl\":\"https:\/\/www.sinpro-rio.org.br\/principal\/wp-content\/uploads\/2020\/06\/IMG-20191220-WA0095.jpg\",\"width\":1280,\"height\":763},{\"@type\":\"BreadcrumbList\",\"@id\":\"https:\/\/www.sinpro-rio.org.br\/principal\/sepe-sinpro-rio-vereadores-e-entidades-lancam-documento-contra-retorno-as-aulas-na-capital\/#breadcrumb\",\"itemListElement\":[{\"@type\":\"ListItem\",\"position\":1,\"name\":\"In\u00edcio\",\"item\":\"https:\/\/www.sinpro-rio.org.br\/principal\/\"},{\"@type\":\"ListItem\",\"position\":2,\"name\":\"Sepe-RJ, Sinpro-Rio e vereadores lan\u00e7am documento contra retorno \u00e0s aulas\"}]},{\"@type\":\"WebSite\",\"@id\":\"https:\/\/www.sinpro-rio.org.br\/principal\/#website\",\"url\":\"https:\/\/www.sinpro-rio.org.br\/principal\/\",\"name\":\"Sinpro-Rio\",\"description\":\"Sindicato dos Professores do Munic\u00edpio do Rio de Janeiro e Regi\u00e3o\",\"potentialAction\":[{\"@type\":\"SearchAction\",\"target\":{\"@type\":\"EntryPoint\",\"urlTemplate\":\"https:\/\/www.sinpro-rio.org.br\/principal\/?s={search_term_string}\"},\"query-input\":{\"@type\":\"PropertyValueSpecification\",\"valueRequired\":true,\"valueName\":\"search_term_string\"}}],\"inLanguage\":\"pt-BR\"},{\"@type\":\"Person\",\"@id\":\"https:\/\/www.sinpro-rio.org.br\/principal\/#\/schema\/person\/ee17219e64d00d037e511ae59ce2227e\",\"name\":\"alessandra\",\"image\":{\"@type\":\"ImageObject\",\"inLanguage\":\"pt-BR\",\"@id\":\"https:\/\/www.sinpro-rio.org.br\/principal\/#\/schema\/person\/image\/\",\"url\":\"https:\/\/secure.gravatar.com\/avatar\/2b43fa8c0ad8e33b46a4732549f7fb20?s=96&d=mm&r=g\",\"contentUrl\":\"https:\/\/secure.gravatar.com\/avatar\/2b43fa8c0ad8e33b46a4732549f7fb20?s=96&d=mm&r=g\",\"caption\":\"alessandra\"},\"url\":\"https:\/\/www.sinpro-rio.org.br\/principal\/author\/alessandra\/\"}]}<\/script>\n<!-- \/ Yoast SEO plugin. -->","yoast_head_json":{"title":"Sepe-RJ, Sinpro-Rio e vereadores lan\u00e7am documento contra retorno \u00e0s aulas - Sinpro-Rio","robots":{"index":"index","follow":"follow","max-snippet":"max-snippet:-1","max-image-preview":"max-image-preview:large","max-video-preview":"max-video-preview:-1"},"canonical":"https:\/\/www.sinpro-rio.org.br\/principal\/sepe-sinpro-rio-vereadores-e-entidades-lancam-documento-contra-retorno-as-aulas-na-capital\/","og_locale":"pt_BR","og_type":"article","og_title":"Sepe-RJ, Sinpro-Rio e vereadores lan\u00e7am documento contra retorno \u00e0s aulas - Sinpro-Rio","og_description":"? Leia e\/ou baixe o documento conjunto por AQUI! TEXTO DO SITE DO SEPE-RJ: Os&nbsp;mandatos dos vereadores Bab\u00e1, Leonel Brizola, Luciana Novaes, Marcos Paulo, Paulo Pinheiro, Reimont Otoni, Renato Cinco e Tarc\u00edsio Motta, em conjunto com o Sindicato Estadual dos Profissionais da Educa\u00e7\u00e3o (Sepe RJ), o Sindicato dos Professores do Munic\u00edpio do Rio de Janeiro [&hellip;]","og_url":"https:\/\/www.sinpro-rio.org.br\/principal\/sepe-sinpro-rio-vereadores-e-entidades-lancam-documento-contra-retorno-as-aulas-na-capital\/","og_site_name":"Sinpro-Rio","article_published_time":"2020-06-22T21:33:00+00:00","article_modified_time":"2020-06-26T16:10:17+00:00","og_image":[{"width":1280,"height":763,"url":"https:\/\/www.sinpro-rio.org.br\/principal\/wp-content\/uploads\/2020\/06\/IMG-20191220-WA0095.jpg","type":"image\/jpeg"}],"author":"alessandra","twitter_card":"summary_large_image","twitter_misc":{"Escrito por":"alessandra","Est. tempo de leitura":"3 minutos"},"schema":{"@context":"https:\/\/schema.org","@graph":[{"@type":"WebPage","@id":"https:\/\/www.sinpro-rio.org.br\/principal\/sepe-sinpro-rio-vereadores-e-entidades-lancam-documento-contra-retorno-as-aulas-na-capital\/","url":"https:\/\/www.sinpro-rio.org.br\/principal\/sepe-sinpro-rio-vereadores-e-entidades-lancam-documento-contra-retorno-as-aulas-na-capital\/","name":"Sepe-RJ, Sinpro-Rio e vereadores lan\u00e7am documento contra retorno \u00e0s aulas - Sinpro-Rio","isPartOf":{"@id":"https:\/\/www.sinpro-rio.org.br\/principal\/#website"},"primaryImageOfPage":{"@id":"https:\/\/www.sinpro-rio.org.br\/principal\/sepe-sinpro-rio-vereadores-e-entidades-lancam-documento-contra-retorno-as-aulas-na-capital\/#primaryimage"},"image":{"@id":"https:\/\/www.sinpro-rio.org.br\/principal\/sepe-sinpro-rio-vereadores-e-entidades-lancam-documento-contra-retorno-as-aulas-na-capital\/#primaryimage"},"thumbnailUrl":"https:\/\/www.sinpro-rio.org.br\/principal\/wp-content\/uploads\/2020\/06\/IMG-20191220-WA0095.jpg","datePublished":"2020-06-22T21:33:00+00:00","dateModified":"2020-06-26T16:10:17+00:00","author":{"@id":"https:\/\/www.sinpro-rio.org.br\/principal\/#\/schema\/person\/ee17219e64d00d037e511ae59ce2227e"},"breadcrumb":{"@id":"https:\/\/www.sinpro-rio.org.br\/principal\/sepe-sinpro-rio-vereadores-e-entidades-lancam-documento-contra-retorno-as-aulas-na-capital\/#breadcrumb"},"inLanguage":"pt-BR","potentialAction":[{"@type":"ReadAction","target":["https:\/\/www.sinpro-rio.org.br\/principal\/sepe-sinpro-rio-vereadores-e-entidades-lancam-documento-contra-retorno-as-aulas-na-capital\/"]}]},{"@type":"ImageObject","inLanguage":"pt-BR","@id":"https:\/\/www.sinpro-rio.org.br\/principal\/sepe-sinpro-rio-vereadores-e-entidades-lancam-documento-contra-retorno-as-aulas-na-capital\/#primaryimage","url":"https:\/\/www.sinpro-rio.org.br\/principal\/wp-content\/uploads\/2020\/06\/IMG-20191220-WA0095.jpg","contentUrl":"https:\/\/www.sinpro-rio.org.br\/principal\/wp-content\/uploads\/2020\/06\/IMG-20191220-WA0095.jpg","width":1280,"height":763},{"@type":"BreadcrumbList","@id":"https:\/\/www.sinpro-rio.org.br\/principal\/sepe-sinpro-rio-vereadores-e-entidades-lancam-documento-contra-retorno-as-aulas-na-capital\/#breadcrumb","itemListElement":[{"@type":"ListItem","position":1,"name":"In\u00edcio","item":"https:\/\/www.sinpro-rio.org.br\/principal\/"},{"@type":"ListItem","position":2,"name":"Sepe-RJ, Sinpro-Rio e vereadores lan\u00e7am documento contra retorno \u00e0s aulas"}]},{"@type":"WebSite","@id":"https:\/\/www.sinpro-rio.org.br\/principal\/#website","url":"https:\/\/www.sinpro-rio.org.br\/principal\/","name":"Sinpro-Rio","description":"Sindicato dos Professores do Munic\u00edpio do Rio de Janeiro e Regi\u00e3o","potentialAction":[{"@type":"SearchAction","target":{"@type":"EntryPoint","urlTemplate":"https:\/\/www.sinpro-rio.org.br\/principal\/?s={search_term_string}"},"query-input":{"@type":"PropertyValueSpecification","valueRequired":true,"valueName":"search_term_string"}}],"inLanguage":"pt-BR"},{"@type":"Person","@id":"https:\/\/www.sinpro-rio.org.br\/principal\/#\/schema\/person\/ee17219e64d00d037e511ae59ce2227e","name":"alessandra","image":{"@type":"ImageObject","inLanguage":"pt-BR","@id":"https:\/\/www.sinpro-rio.org.br\/principal\/#\/schema\/person\/image\/","url":"https:\/\/secure.gravatar.com\/avatar\/2b43fa8c0ad8e33b46a4732549f7fb20?s=96&d=mm&r=g","contentUrl":"https:\/\/secure.gravatar.com\/avatar\/2b43fa8c0ad8e33b46a4732549f7fb20?s=96&d=mm&r=g","caption":"alessandra"},"url":"https:\/\/www.sinpro-rio.org.br\/principal\/author\/alessandra\/"}]}},"_links":{"self":[{"href":"https:\/\/www.sinpro-rio.org.br\/principal\/wp-json\/wp\/v2\/posts\/28275","targetHints":{"allow":["GET"]}}],"collection":[{"href":"https:\/\/www.sinpro-rio.org.br\/principal\/wp-json\/wp\/v2\/posts"}],"about":[{"href":"https:\/\/www.sinpro-rio.org.br\/principal\/wp-json\/wp\/v2\/types\/post"}],"author":[{"embeddable":true,"href":"https:\/\/www.sinpro-rio.org.br\/principal\/wp-json\/wp\/v2\/users\/2"}],"replies":[{"embeddable":true,"href":"https:\/\/www.sinpro-rio.org.br\/principal\/wp-json\/wp\/v2\/comments?post=28275"}],"version-history":[{"count":5,"href":"https:\/\/www.sinpro-rio.org.br\/principal\/wp-json\/wp\/v2\/posts\/28275\/revisions"}],"predecessor-version":[{"id":28343,"href":"https:\/\/www.sinpro-rio.org.br\/principal\/wp-json\/wp\/v2\/posts\/28275\/revisions\/28343"}],"wp:featuredmedia":[{"embeddable":true,"href":"https:\/\/www.sinpro-rio.org.br\/principal\/wp-json\/wp\/v2\/media\/28277"}],"wp:attachment":[{"href":"https:\/\/www.sinpro-rio.org.br\/principal\/wp-json\/wp\/v2\/media?parent=28275"}],"wp:term":[{"taxonomy":"category","embeddable":true,"href":"https:\/\/www.sinpro-rio.org.br\/principal\/wp-json\/wp\/v2\/categories?post=28275"},{"taxonomy":"post_tag","embeddable":true,"href":"https:\/\/www.sinpro-rio.org.br\/principal\/wp-json\/wp\/v2\/tags?post=28275"}],"curies":[{"name":"wp","href":"https:\/\/api.w.org\/{rel}","templated":true}]}}