{"id":28258,"date":"2020-06-18T18:39:00","date_gmt":"2020-06-18T21:39:00","guid":{"rendered":"https:\/\/sinpro-rio.org.br\/principal\/?p=28258"},"modified":"2020-06-19T09:39:44","modified_gmt":"2020-06-19T12:39:44","slug":"dr-joao-batista-berthier-participacao-na-plenaria-virtual-em-defesa-da-vida-quando-e-como-retornar-as-aulas-presenciais","status":"publish","type":"post","link":"https:\/\/www.sinpro-rio.org.br\/principal\/dr-joao-batista-berthier-participacao-na-plenaria-virtual-em-defesa-da-vida-quando-e-como-retornar-as-aulas-presenciais\/","title":{"rendered":"Dr. Jo\u00e3o Batista Berthier &#8211; participa\u00e7\u00e3o na Plen\u00e1ria Virtual &#8220;Em Defesa da Vida: quando e como retornar \u00e0s aulas presenciais&#8221;"},"content":{"rendered":"\n<p>A pedidos, editamos separadamente as falas do Dr. Jo\u00e3o Batista Berthier, Procurador-chefe da PRT-1 do MPT-RJ, durante a Plen\u00e1ria Virtual &#8220;Em Defesa da Vida: quando e como retornar \u00e0s aulas presenciais&#8221;, no dia 13 de junho de 2020.<\/p>\n\n\n\n<p>Para acessar o v\u00eddeo, clique <a href=\"https:\/\/www.youtube.com\/watch?v=I9z0Yeg-8Fc\">AQUI!<\/a><\/p>\n","protected":false},"excerpt":{"rendered":"<p>A pedidos, editamos separadamente as falas do Dr. Jo\u00e3o Batista Berthier, Procurador-chefe da PRT-1 do MPT-RJ, durante a Plen\u00e1ria Virtual &#8220;Em Defesa da Vida: quando e como retornar \u00e0s aulas presenciais&#8221;, no dia 13 de junho de 2020. Para acessar o v\u00eddeo, clique AQUI!<\/p>\n","protected":false},"author":2,"featured_media":28259,"comment_status":"closed","ping_status":"closed","sticky":false,"template":"","format":"standard","meta":{"footnotes":""},"categories":[1],"tags":[],"class_list":["post-28258","post","type-post","status-publish","format-standard","has-post-thumbnail","hentry","category-noticias"],"yoast_head":"<!-- This site is optimized with the Yoast SEO plugin v25.7 - https:\/\/yoast.com\/wordpress\/plugins\/seo\/ -->\n<title>Dr. Jo\u00e3o Batista Berthier - participa\u00e7\u00e3o na Plen\u00e1ria Virtual &quot;Em Defesa da Vida: quando e como retornar \u00e0s aulas presenciais&quot; - Sinpro-Rio<\/title>\n<meta name=\"robots\" content=\"index, follow, max-snippet:-1, max-image-preview:large, max-video-preview:-1\" \/>\n<link rel=\"canonical\" href=\"https:\/\/www.sinpro-rio.org.br\/principal\/dr-joao-batista-berthier-participacao-na-plenaria-virtual-em-defesa-da-vida-quando-e-como-retornar-as-aulas-presenciais\/\" \/>\n<meta property=\"og:locale\" content=\"pt_BR\" \/>\n<meta property=\"og:type\" content=\"article\" \/>\n<meta property=\"og:title\" content=\"Dr. Jo\u00e3o Batista Berthier - participa\u00e7\u00e3o na Plen\u00e1ria Virtual &quot;Em Defesa da Vida: quando e como retornar \u00e0s aulas presenciais&quot; - Sinpro-Rio\" \/>\n<meta property=\"og:description\" content=\"A pedidos, editamos separadamente as falas do Dr. Jo\u00e3o Batista Berthier, Procurador-chefe da PRT-1 do MPT-RJ, durante a Plen\u00e1ria Virtual &#8220;Em Defesa da Vida: quando e como retornar \u00e0s aulas presenciais&#8221;, no dia 13 de junho de 2020. Para acessar o v\u00eddeo, clique AQUI!\" \/>\n<meta property=\"og:url\" content=\"https:\/\/www.sinpro-rio.org.br\/principal\/dr-joao-batista-berthier-participacao-na-plenaria-virtual-em-defesa-da-vida-quando-e-como-retornar-as-aulas-presenciais\/\" \/>\n<meta property=\"og:site_name\" content=\"Sinpro-Rio\" \/>\n<meta property=\"article:published_time\" content=\"2020-06-18T21:39:00+00:00\" \/>\n<meta property=\"article:modified_time\" content=\"2020-06-19T12:39:44+00:00\" \/>\n<meta property=\"og:image\" content=\"https:\/\/www.sinpro-rio.org.br\/principal\/wp-content\/uploads\/2020\/06\/berthier.jpg\" \/>\n\t<meta property=\"og:image:width\" content=\"1005\" \/>\n\t<meta property=\"og:image:height\" content=\"591\" \/>\n\t<meta property=\"og:image:type\" content=\"image\/jpeg\" \/>\n<meta name=\"author\" content=\"alessandra\" \/>\n<meta name=\"twitter:card\" content=\"summary_large_image\" \/>\n<meta name=\"twitter:label1\" content=\"Escrito por\" \/>\n\t<meta name=\"twitter:data1\" content=\"alessandra\" \/>\n<script type=\"application\/ld+json\" class=\"yoast-schema-graph\">{\"@context\":\"https:\/\/schema.org\",\"@graph\":[{\"@type\":\"WebPage\",\"@id\":\"https:\/\/www.sinpro-rio.org.br\/principal\/dr-joao-batista-berthier-participacao-na-plenaria-virtual-em-defesa-da-vida-quando-e-como-retornar-as-aulas-presenciais\/\",\"url\":\"https:\/\/www.sinpro-rio.org.br\/principal\/dr-joao-batista-berthier-participacao-na-plenaria-virtual-em-defesa-da-vida-quando-e-como-retornar-as-aulas-presenciais\/\",\"name\":\"Dr. Jo\u00e3o Batista Berthier - participa\u00e7\u00e3o na Plen\u00e1ria Virtual \\\"Em Defesa da Vida: quando e como retornar \u00e0s aulas presenciais\\\" - Sinpro-Rio\",\"isPartOf\":{\"@id\":\"https:\/\/www.sinpro-rio.org.br\/principal\/#website\"},\"primaryImageOfPage\":{\"@id\":\"https:\/\/www.sinpro-rio.org.br\/principal\/dr-joao-batista-berthier-participacao-na-plenaria-virtual-em-defesa-da-vida-quando-e-como-retornar-as-aulas-presenciais\/#primaryimage\"},\"image\":{\"@id\":\"https:\/\/www.sinpro-rio.org.br\/principal\/dr-joao-batista-berthier-participacao-na-plenaria-virtual-em-defesa-da-vida-quando-e-como-retornar-as-aulas-presenciais\/#primaryimage\"},\"thumbnailUrl\":\"https:\/\/www.sinpro-rio.org.br\/principal\/wp-content\/uploads\/2020\/06\/berthier.jpg\",\"datePublished\":\"2020-06-18T21:39:00+00:00\",\"dateModified\":\"2020-06-19T12:39:44+00:00\",\"author\":{\"@id\":\"https:\/\/www.sinpro-rio.org.br\/principal\/#\/schema\/person\/ee17219e64d00d037e511ae59ce2227e\"},\"breadcrumb\":{\"@id\":\"https:\/\/www.sinpro-rio.org.br\/principal\/dr-joao-batista-berthier-participacao-na-plenaria-virtual-em-defesa-da-vida-quando-e-como-retornar-as-aulas-presenciais\/#breadcrumb\"},\"inLanguage\":\"pt-BR\",\"potentialAction\":[{\"@type\":\"ReadAction\",\"target\":[\"https:\/\/www.sinpro-rio.org.br\/principal\/dr-joao-batista-berthier-participacao-na-plenaria-virtual-em-defesa-da-vida-quando-e-como-retornar-as-aulas-presenciais\/\"]}]},{\"@type\":\"ImageObject\",\"inLanguage\":\"pt-BR\",\"@id\":\"https:\/\/www.sinpro-rio.org.br\/principal\/dr-joao-batista-berthier-participacao-na-plenaria-virtual-em-defesa-da-vida-quando-e-como-retornar-as-aulas-presenciais\/#primaryimage\",\"url\":\"https:\/\/www.sinpro-rio.org.br\/principal\/wp-content\/uploads\/2020\/06\/berthier.jpg\",\"contentUrl\":\"https:\/\/www.sinpro-rio.org.br\/principal\/wp-content\/uploads\/2020\/06\/berthier.jpg\",\"width\":1005,\"height\":591},{\"@type\":\"BreadcrumbList\",\"@id\":\"https:\/\/www.sinpro-rio.org.br\/principal\/dr-joao-batista-berthier-participacao-na-plenaria-virtual-em-defesa-da-vida-quando-e-como-retornar-as-aulas-presenciais\/#breadcrumb\",\"itemListElement\":[{\"@type\":\"ListItem\",\"position\":1,\"name\":\"In\u00edcio\",\"item\":\"https:\/\/www.sinpro-rio.org.br\/principal\/\"},{\"@type\":\"ListItem\",\"position\":2,\"name\":\"Dr. Jo\u00e3o Batista Berthier &#8211; participa\u00e7\u00e3o na Plen\u00e1ria Virtual &#8220;Em Defesa da Vida: quando e como retornar \u00e0s aulas presenciais&#8221;\"}]},{\"@type\":\"WebSite\",\"@id\":\"https:\/\/www.sinpro-rio.org.br\/principal\/#website\",\"url\":\"https:\/\/www.sinpro-rio.org.br\/principal\/\",\"name\":\"Sinpro-Rio\",\"description\":\"Sindicato dos Professores do Munic\u00edpio do Rio de Janeiro e Regi\u00e3o\",\"potentialAction\":[{\"@type\":\"SearchAction\",\"target\":{\"@type\":\"EntryPoint\",\"urlTemplate\":\"https:\/\/www.sinpro-rio.org.br\/principal\/?s={search_term_string}\"},\"query-input\":{\"@type\":\"PropertyValueSpecification\",\"valueRequired\":true,\"valueName\":\"search_term_string\"}}],\"inLanguage\":\"pt-BR\"},{\"@type\":\"Person\",\"@id\":\"https:\/\/www.sinpro-rio.org.br\/principal\/#\/schema\/person\/ee17219e64d00d037e511ae59ce2227e\",\"name\":\"alessandra\",\"image\":{\"@type\":\"ImageObject\",\"inLanguage\":\"pt-BR\",\"@id\":\"https:\/\/www.sinpro-rio.org.br\/principal\/#\/schema\/person\/image\/\",\"url\":\"https:\/\/secure.gravatar.com\/avatar\/2b43fa8c0ad8e33b46a4732549f7fb20?s=96&d=mm&r=g\",\"contentUrl\":\"https:\/\/secure.gravatar.com\/avatar\/2b43fa8c0ad8e33b46a4732549f7fb20?s=96&d=mm&r=g\",\"caption\":\"alessandra\"},\"url\":\"https:\/\/www.sinpro-rio.org.br\/principal\/author\/alessandra\/\"}]}<\/script>\n<!-- \/ Yoast SEO plugin. -->","yoast_head_json":{"title":"Dr. Jo\u00e3o Batista Berthier - participa\u00e7\u00e3o na Plen\u00e1ria Virtual \"Em Defesa da Vida: quando e como retornar \u00e0s aulas presenciais\" - Sinpro-Rio","robots":{"index":"index","follow":"follow","max-snippet":"max-snippet:-1","max-image-preview":"max-image-preview:large","max-video-preview":"max-video-preview:-1"},"canonical":"https:\/\/www.sinpro-rio.org.br\/principal\/dr-joao-batista-berthier-participacao-na-plenaria-virtual-em-defesa-da-vida-quando-e-como-retornar-as-aulas-presenciais\/","og_locale":"pt_BR","og_type":"article","og_title":"Dr. Jo\u00e3o Batista Berthier - participa\u00e7\u00e3o na Plen\u00e1ria Virtual \"Em Defesa da Vida: quando e como retornar \u00e0s aulas presenciais\" - Sinpro-Rio","og_description":"A pedidos, editamos separadamente as falas do Dr. Jo\u00e3o Batista Berthier, Procurador-chefe da PRT-1 do MPT-RJ, durante a Plen\u00e1ria Virtual &#8220;Em Defesa da Vida: quando e como retornar \u00e0s aulas presenciais&#8221;, no dia 13 de junho de 2020. Para acessar o v\u00eddeo, clique AQUI!","og_url":"https:\/\/www.sinpro-rio.org.br\/principal\/dr-joao-batista-berthier-participacao-na-plenaria-virtual-em-defesa-da-vida-quando-e-como-retornar-as-aulas-presenciais\/","og_site_name":"Sinpro-Rio","article_published_time":"2020-06-18T21:39:00+00:00","article_modified_time":"2020-06-19T12:39:44+00:00","og_image":[{"width":1005,"height":591,"url":"https:\/\/www.sinpro-rio.org.br\/principal\/wp-content\/uploads\/2020\/06\/berthier.jpg","type":"image\/jpeg"}],"author":"alessandra","twitter_card":"summary_large_image","twitter_misc":{"Escrito por":"alessandra"},"schema":{"@context":"https:\/\/schema.org","@graph":[{"@type":"WebPage","@id":"https:\/\/www.sinpro-rio.org.br\/principal\/dr-joao-batista-berthier-participacao-na-plenaria-virtual-em-defesa-da-vida-quando-e-como-retornar-as-aulas-presenciais\/","url":"https:\/\/www.sinpro-rio.org.br\/principal\/dr-joao-batista-berthier-participacao-na-plenaria-virtual-em-defesa-da-vida-quando-e-como-retornar-as-aulas-presenciais\/","name":"Dr. Jo\u00e3o Batista Berthier - participa\u00e7\u00e3o na Plen\u00e1ria Virtual \"Em Defesa da Vida: quando e como retornar \u00e0s aulas presenciais\" - Sinpro-Rio","isPartOf":{"@id":"https:\/\/www.sinpro-rio.org.br\/principal\/#website"},"primaryImageOfPage":{"@id":"https:\/\/www.sinpro-rio.org.br\/principal\/dr-joao-batista-berthier-participacao-na-plenaria-virtual-em-defesa-da-vida-quando-e-como-retornar-as-aulas-presenciais\/#primaryimage"},"image":{"@id":"https:\/\/www.sinpro-rio.org.br\/principal\/dr-joao-batista-berthier-participacao-na-plenaria-virtual-em-defesa-da-vida-quando-e-como-retornar-as-aulas-presenciais\/#primaryimage"},"thumbnailUrl":"https:\/\/www.sinpro-rio.org.br\/principal\/wp-content\/uploads\/2020\/06\/berthier.jpg","datePublished":"2020-06-18T21:39:00+00:00","dateModified":"2020-06-19T12:39:44+00:00","author":{"@id":"https:\/\/www.sinpro-rio.org.br\/principal\/#\/schema\/person\/ee17219e64d00d037e511ae59ce2227e"},"breadcrumb":{"@id":"https:\/\/www.sinpro-rio.org.br\/principal\/dr-joao-batista-berthier-participacao-na-plenaria-virtual-em-defesa-da-vida-quando-e-como-retornar-as-aulas-presenciais\/#breadcrumb"},"inLanguage":"pt-BR","potentialAction":[{"@type":"ReadAction","target":["https:\/\/www.sinpro-rio.org.br\/principal\/dr-joao-batista-berthier-participacao-na-plenaria-virtual-em-defesa-da-vida-quando-e-como-retornar-as-aulas-presenciais\/"]}]},{"@type":"ImageObject","inLanguage":"pt-BR","@id":"https:\/\/www.sinpro-rio.org.br\/principal\/dr-joao-batista-berthier-participacao-na-plenaria-virtual-em-defesa-da-vida-quando-e-como-retornar-as-aulas-presenciais\/#primaryimage","url":"https:\/\/www.sinpro-rio.org.br\/principal\/wp-content\/uploads\/2020\/06\/berthier.jpg","contentUrl":"https:\/\/www.sinpro-rio.org.br\/principal\/wp-content\/uploads\/2020\/06\/berthier.jpg","width":1005,"height":591},{"@type":"BreadcrumbList","@id":"https:\/\/www.sinpro-rio.org.br\/principal\/dr-joao-batista-berthier-participacao-na-plenaria-virtual-em-defesa-da-vida-quando-e-como-retornar-as-aulas-presenciais\/#breadcrumb","itemListElement":[{"@type":"ListItem","position":1,"name":"In\u00edcio","item":"https:\/\/www.sinpro-rio.org.br\/principal\/"},{"@type":"ListItem","position":2,"name":"Dr. Jo\u00e3o Batista Berthier &#8211; participa\u00e7\u00e3o na Plen\u00e1ria Virtual &#8220;Em Defesa da Vida: quando e como retornar \u00e0s aulas presenciais&#8221;"}]},{"@type":"WebSite","@id":"https:\/\/www.sinpro-rio.org.br\/principal\/#website","url":"https:\/\/www.sinpro-rio.org.br\/principal\/","name":"Sinpro-Rio","description":"Sindicato dos Professores do Munic\u00edpio do Rio de Janeiro e Regi\u00e3o","potentialAction":[{"@type":"SearchAction","target":{"@type":"EntryPoint","urlTemplate":"https:\/\/www.sinpro-rio.org.br\/principal\/?s={search_term_string}"},"query-input":{"@type":"PropertyValueSpecification","valueRequired":true,"valueName":"search_term_string"}}],"inLanguage":"pt-BR"},{"@type":"Person","@id":"https:\/\/www.sinpro-rio.org.br\/principal\/#\/schema\/person\/ee17219e64d00d037e511ae59ce2227e","name":"alessandra","image":{"@type":"ImageObject","inLanguage":"pt-BR","@id":"https:\/\/www.sinpro-rio.org.br\/principal\/#\/schema\/person\/image\/","url":"https:\/\/secure.gravatar.com\/avatar\/2b43fa8c0ad8e33b46a4732549f7fb20?s=96&d=mm&r=g","contentUrl":"https:\/\/secure.gravatar.com\/avatar\/2b43fa8c0ad8e33b46a4732549f7fb20?s=96&d=mm&r=g","caption":"alessandra"},"url":"https:\/\/www.sinpro-rio.org.br\/principal\/author\/alessandra\/"}]}},"_links":{"self":[{"href":"https:\/\/www.sinpro-rio.org.br\/principal\/wp-json\/wp\/v2\/posts\/28258","targetHints":{"allow":["GET"]}}],"collection":[{"href":"https:\/\/www.sinpro-rio.org.br\/principal\/wp-json\/wp\/v2\/posts"}],"about":[{"href":"https:\/\/www.sinpro-rio.org.br\/principal\/wp-json\/wp\/v2\/types\/post"}],"author":[{"embeddable":true,"href":"https:\/\/www.sinpro-rio.org.br\/principal\/wp-json\/wp\/v2\/users\/2"}],"replies":[{"embeddable":true,"href":"https:\/\/www.sinpro-rio.org.br\/principal\/wp-json\/wp\/v2\/comments?post=28258"}],"version-history":[{"count":1,"href":"https:\/\/www.sinpro-rio.org.br\/principal\/wp-json\/wp\/v2\/posts\/28258\/revisions"}],"predecessor-version":[{"id":28260,"href":"https:\/\/www.sinpro-rio.org.br\/principal\/wp-json\/wp\/v2\/posts\/28258\/revisions\/28260"}],"wp:featuredmedia":[{"embeddable":true,"href":"https:\/\/www.sinpro-rio.org.br\/principal\/wp-json\/wp\/v2\/media\/28259"}],"wp:attachment":[{"href":"https:\/\/www.sinpro-rio.org.br\/principal\/wp-json\/wp\/v2\/media?parent=28258"}],"wp:term":[{"taxonomy":"category","embeddable":true,"href":"https:\/\/www.sinpro-rio.org.br\/principal\/wp-json\/wp\/v2\/categories?post=28258"},{"taxonomy":"post_tag","embeddable":true,"href":"https:\/\/www.sinpro-rio.org.br\/principal\/wp-json\/wp\/v2\/tags?post=28258"}],"curies":[{"name":"wp","href":"https:\/\/api.w.org\/{rel}","templated":true}]}}