{"id":28217,"date":"2020-06-17T17:40:11","date_gmt":"2020-06-17T20:40:11","guid":{"rendered":"https:\/\/sinpro-rio.org.br\/principal\/?p=28217"},"modified":"2020-06-17T17:40:11","modified_gmt":"2020-06-17T20:40:11","slug":"feteerj-nota-sobre-liminar-que-suspendeu-mensalidades-e-garantiu-empregos-dos-profs-na-pandemia","status":"publish","type":"post","link":"https:\/\/www.sinpro-rio.org.br\/principal\/feteerj-nota-sobre-liminar-que-suspendeu-mensalidades-e-garantiu-empregos-dos-profs-na-pandemia\/","title":{"rendered":"Feteerj: Nota sobre Liminar que suspendeu mensalidades e garantiu empregos dos profs. na pandemia"},"content":{"rendered":"\n<p><em>NOTA DA FETEERJ SOBRE LIMINAR QUE SUSPENDEU A LEI QUE REDUZ MENSALIDADES E GARANTE EMPREGOS DOS PROFESSORES NA PANDEMIA<\/em><\/p>\n\n\n\n<p>O Sindicato dos donos de estabelecimentos de Ensino (Sinepe-RJ) conseguiu suspender, via liminar no Tribunal de Justi\u00e7a-RJ, dia 15\/06, a Lei 8.864\/2020 que determina, durante a pandemia do coronav\u00edrus, a redu\u00e7\u00e3o das mensalidades em todos os segmentos de ensino particulares no estado; a lei tamb\u00e9m garante o emprego dos professores e demais funcion\u00e1rios. A Federa\u00e7\u00e3o dos Trabalhadores em Estabelecimentos de Ensino no Estado do Rio de Janeiro (Feteerj) e os Sindicatos dos Professores filiados \u00e0 federa\u00e7\u00e3o (Sinpros), representantes das professoras(es), vem a p\u00fablico defender a referida lei.<\/p>\n\n\n\n<p>A mesma foi discutida durante mais de dois meses pelos deputados na Assembleia Legislativa (Alerj), tendo sido realizadas diversas audi\u00eancias p\u00fablicas on-line sobre o tema nas Comiss\u00f5es de Educa\u00e7\u00e3o e Ci\u00eancia e Tecnologia da Alerj \u2013 audi\u00eancias essas em que os setores patronais das institui\u00e7\u00f5es de ensino, incluindo o Sinepe-RJ, participaram, juntamente com os demais setores da sociedade, inclusive a Feteerj e os sindicatos.<\/p>\n\n\n\n<p>Entendemos que o projeto de lei original, proposto pelo presidente da Alerj, deputado Andr\u00e9 Ceciliano (PT), foi profundamente debatido e melhorado, tendo como base alguns pontos: 1) a sobreviv\u00eancia financeira das institui\u00e7\u00f5es de ensino, sobretudo as pequenas e m\u00e9dias; 2) a garantia do emprego dos professores e demais funcion\u00e1rios durante a pandemia; 3) as dificuldades diversas para o pagamento da integralidade do valor das mensalidades por parte dos pais e respons\u00e1veis dos estudantes; 4) a cria\u00e7\u00e3o de mesas de negocia\u00e7\u00e3o para discutir os descontos nas mensalidades, com a presen\u00e7a de representantes dos professores, tendo em vista a transpar\u00eancia da situa\u00e7\u00e3o financeira da institui\u00e7\u00e3o; 5) a lei foi discutida e baseada no C\u00f3digo de Defesa do Consumidor.<\/p>\n\n\n\n<p>Com isso, a Feteerj e os Sinpros acreditavam que o projeto aprovado pela Alerj e posteriormente sancionado pelo governador, sem vetos, dia 4 de junho, seria mais uma ferramenta no enfrentamento \u00e0 pandemia do coronav\u00edrus pela sociedade e que o caminho para a aplica\u00e7\u00e3o da lei seria tranquilo.<\/p>\n\n\n\n<p>Nos enganamos, infelizmente, em rela\u00e7\u00e3o ao segmento dos donos das institui\u00e7\u00f5es de ensino, que foram \u00e0 carga, no Judici\u00e1rio, contra a medida que reduz as mensalidades.<\/p>\n\n\n\n<p>No entanto, queremos crer que o Judici\u00e1rio, em inst\u00e2ncia superior que certamente ser\u00e1 provocada (a Procuradoria da Alerj, no dia 16, j\u00e1 pediu \u00e0 ju\u00edza que deu a liminar a reconsidera\u00e7\u00e3o de sua senten\u00e7a), reverter\u00e1 essa decis\u00e3o inicial e far\u00e1 valer, novamente, a lei n\u00ba 8.864 \u2013 a revers\u00e3o desta decis\u00e3o \u00e9, refor\u00e7amos, uma necessidade para a sociedade.<\/p>\n\n\n\n<p>Leia a nota <a href=\"https:\/\/www.feteerj.org.br\/nota-da-feteerj-sobre-liminar-que-suspendeu-a-lei-que-reduz-mensalidades-e-garante-empregos-dos-professores-na-pandemia\/\">AQUI!<\/a><\/p>\n","protected":false},"excerpt":{"rendered":"<p>NOTA DA FETEERJ SOBRE LIMINAR QUE SUSPENDEU A LEI QUE REDUZ MENSALIDADES E GARANTE EMPREGOS DOS PROFESSORES NA PANDEMIA O Sindicato dos donos de estabelecimentos de Ensino (Sinepe-RJ) conseguiu suspender, via liminar no Tribunal de Justi\u00e7a-RJ, dia 15\/06, a Lei 8.864\/2020 que determina, durante a pandemia do coronav\u00edrus, a redu\u00e7\u00e3o das mensalidades em todos os [&hellip;]<\/p>\n","protected":false},"author":2,"featured_media":27637,"comment_status":"closed","ping_status":"closed","sticky":false,"template":"","format":"standard","meta":{"footnotes":""},"categories":[1],"tags":[],"class_list":["post-28217","post","type-post","status-publish","format-standard","has-post-thumbnail","hentry","category-noticias"],"yoast_head":"<!-- This site is optimized with the Yoast SEO plugin v25.7 - https:\/\/yoast.com\/wordpress\/plugins\/seo\/ -->\n<title>Feteerj: Nota sobre Liminar que suspendeu mensalidades e garantiu empregos dos profs. na pandemia - Sinpro-Rio<\/title>\n<meta name=\"robots\" content=\"index, follow, max-snippet:-1, max-image-preview:large, max-video-preview:-1\" \/>\n<link rel=\"canonical\" href=\"https:\/\/www.sinpro-rio.org.br\/principal\/feteerj-nota-sobre-liminar-que-suspendeu-mensalidades-e-garantiu-empregos-dos-profs-na-pandemia\/\" \/>\n<meta property=\"og:locale\" content=\"pt_BR\" \/>\n<meta property=\"og:type\" content=\"article\" \/>\n<meta property=\"og:title\" content=\"Feteerj: Nota sobre Liminar que suspendeu mensalidades e garantiu empregos dos profs. na pandemia - Sinpro-Rio\" \/>\n<meta property=\"og:description\" content=\"NOTA DA FETEERJ SOBRE LIMINAR QUE SUSPENDEU A LEI QUE REDUZ MENSALIDADES E GARANTE EMPREGOS DOS PROFESSORES NA PANDEMIA O Sindicato dos donos de estabelecimentos de Ensino (Sinepe-RJ) conseguiu suspender, via liminar no Tribunal de Justi\u00e7a-RJ, dia 15\/06, a Lei 8.864\/2020 que determina, durante a pandemia do coronav\u00edrus, a redu\u00e7\u00e3o das mensalidades em todos os [&hellip;]\" \/>\n<meta property=\"og:url\" content=\"https:\/\/www.sinpro-rio.org.br\/principal\/feteerj-nota-sobre-liminar-que-suspendeu-mensalidades-e-garantiu-empregos-dos-profs-na-pandemia\/\" \/>\n<meta property=\"og:site_name\" content=\"Sinpro-Rio\" \/>\n<meta property=\"article:published_time\" content=\"2020-06-17T20:40:11+00:00\" \/>\n<meta property=\"og:image\" content=\"https:\/\/www.sinpro-rio.org.br\/principal\/wp-content\/uploads\/2020\/03\/Screenshot_20200323-151810_Chrome.jpg\" \/>\n\t<meta property=\"og:image:width\" content=\"787\" \/>\n\t<meta property=\"og:image:height\" content=\"780\" \/>\n\t<meta property=\"og:image:type\" content=\"image\/jpeg\" \/>\n<meta name=\"author\" content=\"alessandra\" \/>\n<meta name=\"twitter:card\" content=\"summary_large_image\" \/>\n<meta name=\"twitter:label1\" content=\"Escrito por\" \/>\n\t<meta name=\"twitter:data1\" content=\"alessandra\" \/>\n\t<meta name=\"twitter:label2\" content=\"Est. tempo de leitura\" \/>\n\t<meta name=\"twitter:data2\" content=\"2 minutos\" \/>\n<script type=\"application\/ld+json\" class=\"yoast-schema-graph\">{\"@context\":\"https:\/\/schema.org\",\"@graph\":[{\"@type\":\"WebPage\",\"@id\":\"https:\/\/www.sinpro-rio.org.br\/principal\/feteerj-nota-sobre-liminar-que-suspendeu-mensalidades-e-garantiu-empregos-dos-profs-na-pandemia\/\",\"url\":\"https:\/\/www.sinpro-rio.org.br\/principal\/feteerj-nota-sobre-liminar-que-suspendeu-mensalidades-e-garantiu-empregos-dos-profs-na-pandemia\/\",\"name\":\"Feteerj: Nota sobre Liminar que suspendeu mensalidades e garantiu empregos dos profs. na pandemia - Sinpro-Rio\",\"isPartOf\":{\"@id\":\"https:\/\/www.sinpro-rio.org.br\/principal\/#website\"},\"primaryImageOfPage\":{\"@id\":\"https:\/\/www.sinpro-rio.org.br\/principal\/feteerj-nota-sobre-liminar-que-suspendeu-mensalidades-e-garantiu-empregos-dos-profs-na-pandemia\/#primaryimage\"},\"image\":{\"@id\":\"https:\/\/www.sinpro-rio.org.br\/principal\/feteerj-nota-sobre-liminar-que-suspendeu-mensalidades-e-garantiu-empregos-dos-profs-na-pandemia\/#primaryimage\"},\"thumbnailUrl\":\"https:\/\/www.sinpro-rio.org.br\/principal\/wp-content\/uploads\/2020\/03\/Screenshot_20200323-151810_Chrome.jpg\",\"datePublished\":\"2020-06-17T20:40:11+00:00\",\"author\":{\"@id\":\"https:\/\/www.sinpro-rio.org.br\/principal\/#\/schema\/person\/ee17219e64d00d037e511ae59ce2227e\"},\"breadcrumb\":{\"@id\":\"https:\/\/www.sinpro-rio.org.br\/principal\/feteerj-nota-sobre-liminar-que-suspendeu-mensalidades-e-garantiu-empregos-dos-profs-na-pandemia\/#breadcrumb\"},\"inLanguage\":\"pt-BR\",\"potentialAction\":[{\"@type\":\"ReadAction\",\"target\":[\"https:\/\/www.sinpro-rio.org.br\/principal\/feteerj-nota-sobre-liminar-que-suspendeu-mensalidades-e-garantiu-empregos-dos-profs-na-pandemia\/\"]}]},{\"@type\":\"ImageObject\",\"inLanguage\":\"pt-BR\",\"@id\":\"https:\/\/www.sinpro-rio.org.br\/principal\/feteerj-nota-sobre-liminar-que-suspendeu-mensalidades-e-garantiu-empregos-dos-profs-na-pandemia\/#primaryimage\",\"url\":\"https:\/\/www.sinpro-rio.org.br\/principal\/wp-content\/uploads\/2020\/03\/Screenshot_20200323-151810_Chrome.jpg\",\"contentUrl\":\"https:\/\/www.sinpro-rio.org.br\/principal\/wp-content\/uploads\/2020\/03\/Screenshot_20200323-151810_Chrome.jpg\",\"width\":787,\"height\":780},{\"@type\":\"BreadcrumbList\",\"@id\":\"https:\/\/www.sinpro-rio.org.br\/principal\/feteerj-nota-sobre-liminar-que-suspendeu-mensalidades-e-garantiu-empregos-dos-profs-na-pandemia\/#breadcrumb\",\"itemListElement\":[{\"@type\":\"ListItem\",\"position\":1,\"name\":\"In\u00edcio\",\"item\":\"https:\/\/www.sinpro-rio.org.br\/principal\/\"},{\"@type\":\"ListItem\",\"position\":2,\"name\":\"Feteerj: Nota sobre Liminar que suspendeu mensalidades e garantiu empregos dos profs. na pandemia\"}]},{\"@type\":\"WebSite\",\"@id\":\"https:\/\/www.sinpro-rio.org.br\/principal\/#website\",\"url\":\"https:\/\/www.sinpro-rio.org.br\/principal\/\",\"name\":\"Sinpro-Rio\",\"description\":\"Sindicato dos Professores do Munic\u00edpio do Rio de Janeiro e Regi\u00e3o\",\"potentialAction\":[{\"@type\":\"SearchAction\",\"target\":{\"@type\":\"EntryPoint\",\"urlTemplate\":\"https:\/\/www.sinpro-rio.org.br\/principal\/?s={search_term_string}\"},\"query-input\":{\"@type\":\"PropertyValueSpecification\",\"valueRequired\":true,\"valueName\":\"search_term_string\"}}],\"inLanguage\":\"pt-BR\"},{\"@type\":\"Person\",\"@id\":\"https:\/\/www.sinpro-rio.org.br\/principal\/#\/schema\/person\/ee17219e64d00d037e511ae59ce2227e\",\"name\":\"alessandra\",\"image\":{\"@type\":\"ImageObject\",\"inLanguage\":\"pt-BR\",\"@id\":\"https:\/\/www.sinpro-rio.org.br\/principal\/#\/schema\/person\/image\/\",\"url\":\"https:\/\/secure.gravatar.com\/avatar\/2b43fa8c0ad8e33b46a4732549f7fb20?s=96&d=mm&r=g\",\"contentUrl\":\"https:\/\/secure.gravatar.com\/avatar\/2b43fa8c0ad8e33b46a4732549f7fb20?s=96&d=mm&r=g\",\"caption\":\"alessandra\"},\"url\":\"https:\/\/www.sinpro-rio.org.br\/principal\/author\/alessandra\/\"}]}<\/script>\n<!-- \/ Yoast SEO plugin. -->","yoast_head_json":{"title":"Feteerj: Nota sobre Liminar que suspendeu mensalidades e garantiu empregos dos profs. na pandemia - Sinpro-Rio","robots":{"index":"index","follow":"follow","max-snippet":"max-snippet:-1","max-image-preview":"max-image-preview:large","max-video-preview":"max-video-preview:-1"},"canonical":"https:\/\/www.sinpro-rio.org.br\/principal\/feteerj-nota-sobre-liminar-que-suspendeu-mensalidades-e-garantiu-empregos-dos-profs-na-pandemia\/","og_locale":"pt_BR","og_type":"article","og_title":"Feteerj: Nota sobre Liminar que suspendeu mensalidades e garantiu empregos dos profs. na pandemia - Sinpro-Rio","og_description":"NOTA DA FETEERJ SOBRE LIMINAR QUE SUSPENDEU A LEI QUE REDUZ MENSALIDADES E GARANTE EMPREGOS DOS PROFESSORES NA PANDEMIA O Sindicato dos donos de estabelecimentos de Ensino (Sinepe-RJ) conseguiu suspender, via liminar no Tribunal de Justi\u00e7a-RJ, dia 15\/06, a Lei 8.864\/2020 que determina, durante a pandemia do coronav\u00edrus, a redu\u00e7\u00e3o das mensalidades em todos os [&hellip;]","og_url":"https:\/\/www.sinpro-rio.org.br\/principal\/feteerj-nota-sobre-liminar-que-suspendeu-mensalidades-e-garantiu-empregos-dos-profs-na-pandemia\/","og_site_name":"Sinpro-Rio","article_published_time":"2020-06-17T20:40:11+00:00","og_image":[{"width":787,"height":780,"url":"https:\/\/www.sinpro-rio.org.br\/principal\/wp-content\/uploads\/2020\/03\/Screenshot_20200323-151810_Chrome.jpg","type":"image\/jpeg"}],"author":"alessandra","twitter_card":"summary_large_image","twitter_misc":{"Escrito por":"alessandra","Est. tempo de leitura":"2 minutos"},"schema":{"@context":"https:\/\/schema.org","@graph":[{"@type":"WebPage","@id":"https:\/\/www.sinpro-rio.org.br\/principal\/feteerj-nota-sobre-liminar-que-suspendeu-mensalidades-e-garantiu-empregos-dos-profs-na-pandemia\/","url":"https:\/\/www.sinpro-rio.org.br\/principal\/feteerj-nota-sobre-liminar-que-suspendeu-mensalidades-e-garantiu-empregos-dos-profs-na-pandemia\/","name":"Feteerj: Nota sobre Liminar que suspendeu mensalidades e garantiu empregos dos profs. na pandemia - Sinpro-Rio","isPartOf":{"@id":"https:\/\/www.sinpro-rio.org.br\/principal\/#website"},"primaryImageOfPage":{"@id":"https:\/\/www.sinpro-rio.org.br\/principal\/feteerj-nota-sobre-liminar-que-suspendeu-mensalidades-e-garantiu-empregos-dos-profs-na-pandemia\/#primaryimage"},"image":{"@id":"https:\/\/www.sinpro-rio.org.br\/principal\/feteerj-nota-sobre-liminar-que-suspendeu-mensalidades-e-garantiu-empregos-dos-profs-na-pandemia\/#primaryimage"},"thumbnailUrl":"https:\/\/www.sinpro-rio.org.br\/principal\/wp-content\/uploads\/2020\/03\/Screenshot_20200323-151810_Chrome.jpg","datePublished":"2020-06-17T20:40:11+00:00","author":{"@id":"https:\/\/www.sinpro-rio.org.br\/principal\/#\/schema\/person\/ee17219e64d00d037e511ae59ce2227e"},"breadcrumb":{"@id":"https:\/\/www.sinpro-rio.org.br\/principal\/feteerj-nota-sobre-liminar-que-suspendeu-mensalidades-e-garantiu-empregos-dos-profs-na-pandemia\/#breadcrumb"},"inLanguage":"pt-BR","potentialAction":[{"@type":"ReadAction","target":["https:\/\/www.sinpro-rio.org.br\/principal\/feteerj-nota-sobre-liminar-que-suspendeu-mensalidades-e-garantiu-empregos-dos-profs-na-pandemia\/"]}]},{"@type":"ImageObject","inLanguage":"pt-BR","@id":"https:\/\/www.sinpro-rio.org.br\/principal\/feteerj-nota-sobre-liminar-que-suspendeu-mensalidades-e-garantiu-empregos-dos-profs-na-pandemia\/#primaryimage","url":"https:\/\/www.sinpro-rio.org.br\/principal\/wp-content\/uploads\/2020\/03\/Screenshot_20200323-151810_Chrome.jpg","contentUrl":"https:\/\/www.sinpro-rio.org.br\/principal\/wp-content\/uploads\/2020\/03\/Screenshot_20200323-151810_Chrome.jpg","width":787,"height":780},{"@type":"BreadcrumbList","@id":"https:\/\/www.sinpro-rio.org.br\/principal\/feteerj-nota-sobre-liminar-que-suspendeu-mensalidades-e-garantiu-empregos-dos-profs-na-pandemia\/#breadcrumb","itemListElement":[{"@type":"ListItem","position":1,"name":"In\u00edcio","item":"https:\/\/www.sinpro-rio.org.br\/principal\/"},{"@type":"ListItem","position":2,"name":"Feteerj: Nota sobre Liminar que suspendeu mensalidades e garantiu empregos dos profs. na pandemia"}]},{"@type":"WebSite","@id":"https:\/\/www.sinpro-rio.org.br\/principal\/#website","url":"https:\/\/www.sinpro-rio.org.br\/principal\/","name":"Sinpro-Rio","description":"Sindicato dos Professores do Munic\u00edpio do Rio de Janeiro e Regi\u00e3o","potentialAction":[{"@type":"SearchAction","target":{"@type":"EntryPoint","urlTemplate":"https:\/\/www.sinpro-rio.org.br\/principal\/?s={search_term_string}"},"query-input":{"@type":"PropertyValueSpecification","valueRequired":true,"valueName":"search_term_string"}}],"inLanguage":"pt-BR"},{"@type":"Person","@id":"https:\/\/www.sinpro-rio.org.br\/principal\/#\/schema\/person\/ee17219e64d00d037e511ae59ce2227e","name":"alessandra","image":{"@type":"ImageObject","inLanguage":"pt-BR","@id":"https:\/\/www.sinpro-rio.org.br\/principal\/#\/schema\/person\/image\/","url":"https:\/\/secure.gravatar.com\/avatar\/2b43fa8c0ad8e33b46a4732549f7fb20?s=96&d=mm&r=g","contentUrl":"https:\/\/secure.gravatar.com\/avatar\/2b43fa8c0ad8e33b46a4732549f7fb20?s=96&d=mm&r=g","caption":"alessandra"},"url":"https:\/\/www.sinpro-rio.org.br\/principal\/author\/alessandra\/"}]}},"_links":{"self":[{"href":"https:\/\/www.sinpro-rio.org.br\/principal\/wp-json\/wp\/v2\/posts\/28217","targetHints":{"allow":["GET"]}}],"collection":[{"href":"https:\/\/www.sinpro-rio.org.br\/principal\/wp-json\/wp\/v2\/posts"}],"about":[{"href":"https:\/\/www.sinpro-rio.org.br\/principal\/wp-json\/wp\/v2\/types\/post"}],"author":[{"embeddable":true,"href":"https:\/\/www.sinpro-rio.org.br\/principal\/wp-json\/wp\/v2\/users\/2"}],"replies":[{"embeddable":true,"href":"https:\/\/www.sinpro-rio.org.br\/principal\/wp-json\/wp\/v2\/comments?post=28217"}],"version-history":[{"count":1,"href":"https:\/\/www.sinpro-rio.org.br\/principal\/wp-json\/wp\/v2\/posts\/28217\/revisions"}],"predecessor-version":[{"id":28218,"href":"https:\/\/www.sinpro-rio.org.br\/principal\/wp-json\/wp\/v2\/posts\/28217\/revisions\/28218"}],"wp:featuredmedia":[{"embeddable":true,"href":"https:\/\/www.sinpro-rio.org.br\/principal\/wp-json\/wp\/v2\/media\/27637"}],"wp:attachment":[{"href":"https:\/\/www.sinpro-rio.org.br\/principal\/wp-json\/wp\/v2\/media?parent=28217"}],"wp:term":[{"taxonomy":"category","embeddable":true,"href":"https:\/\/www.sinpro-rio.org.br\/principal\/wp-json\/wp\/v2\/categories?post=28217"},{"taxonomy":"post_tag","embeddable":true,"href":"https:\/\/www.sinpro-rio.org.br\/principal\/wp-json\/wp\/v2\/tags?post=28217"}],"curies":[{"name":"wp","href":"https:\/\/api.w.org\/{rel}","templated":true}]}}