{"id":28213,"date":"2020-06-18T23:49:00","date_gmt":"2020-06-19T02:49:00","guid":{"rendered":"https:\/\/sinpro-rio.org.br\/principal\/?p=28213"},"modified":"2020-06-23T15:04:59","modified_gmt":"2020-06-23T18:04:59","slug":"nota-oficial-sobre-calendario-escolar","status":"publish","type":"post","link":"https:\/\/www.sinpro-rio.org.br\/principal\/nota-oficial-sobre-calendario-escolar\/","title":{"rendered":"Nota Oficial sobre Calend\u00e1rio Escolar"},"content":{"rendered":"\n<p>\u00c9 sabido que todo estabelecimento de Ensino deve elaborar seu Calend\u00e1rio Escolar no in\u00edcio do ano e apresent\u00e1-lo aos estudantes, respons\u00e1veis e professores.<br>Nele, deve constar o per\u00edodo de Recesso Escolar, cl\u00e1usula 24 da nossa Conven\u00e7\u00e3o Coletiva: \u201cOs estabelecimentos fornecer\u00e3o ao professor, no in\u00edcio de cada ano ou semestre letivo, o calend\u00e1rio de suas atividades, devendo constar nele tamb\u00e9m o per\u00edodo de recesso escolar, sujeito a altera\u00e7\u00f5es no ano letivo\u201d.<br>Vivemos um momento at\u00edpico em virtude da pandemia do COVID 19, onde todos fomos for\u00e7ados a alterar nossa rotina de vida.<br>Alguns setores da economia tiveram que paralisar completamente suas atividades, mas isto n\u00e3o ocorreu no setor da Educa\u00e7\u00e3o. Tivemos que nos reinventar e \u2013 atrav\u00e9s de atividades escolares remotas (na grande maioria dos casos) \u2013 conseguimos manter nossas atividades em funcionamento. N\u00e3o est\u00e1 sendo f\u00e1cil, mas estamos conseguindo.<br>Assim, entendemos que agora \u2013 mais do que nunca \u2013 se faz EXTREMAMENTE NECESS\u00c1RIO o RECESSO ESCOLAR, pois o desgaste de todos est\u00e1 sendo MUITO MAIOR do que nos momentos presenciais.<br>Estamos, todos, muito estafados e agora, mais do que antes, necessitados do RECESSO.<br>Neste sentido, o Sinpro-Rio orienta as escolas que promovam, a bem da sa\u00fade f\u00edsica e mental de todos, neste m\u00eas de julho\/2020, um recesso que possa aliviar as tens\u00f5es dos professores\/as, dos alunos\/as e de suas fam\u00edlias, por todo o esgotamento que esse momento tem causado, e que permita o descanso, para que possamos repensar formas seguras e eficazes para a retomada das aulas.<\/p>\n\n\n\n<p><strong><em>Sinpro-Rio<\/em><\/strong> <\/p>\n\n\n\n<p><\/p>\n\n\n\n<p><strong><em>Texto originalmente publicado no dia 16\/06\/2020. A data, no entanto, poder\u00e1 ser alterada no site para que fique em evid\u00eancia e de f\u00e1cil acesso \u00e0 categoria.<\/em><\/strong><\/p>\n","protected":false},"excerpt":{"rendered":"<p>\u00c9 sabido que todo estabelecimento de Ensino deve elaborar seu Calend\u00e1rio Escolar no in\u00edcio do ano e apresent\u00e1-lo aos estudantes, respons\u00e1veis e professores.Nele, deve constar o per\u00edodo de Recesso Escolar, cl\u00e1usula 24 da nossa Conven\u00e7\u00e3o Coletiva: \u201cOs estabelecimentos fornecer\u00e3o ao professor, no in\u00edcio de cada ano ou semestre letivo, o calend\u00e1rio de suas atividades, devendo [&hellip;]<\/p>\n","protected":false},"author":2,"featured_media":27594,"comment_status":"closed","ping_status":"closed","sticky":false,"template":"","format":"standard","meta":{"footnotes":""},"categories":[1,25],"tags":[],"class_list":["post-28213","post","type-post","status-publish","format-standard","has-post-thumbnail","hentry","category-noticias","category-destaque-primeira-pagina"],"yoast_head":"<!-- This site is optimized with the Yoast SEO plugin v25.7 - https:\/\/yoast.com\/wordpress\/plugins\/seo\/ -->\n<title>Nota Oficial sobre Calend\u00e1rio Escolar - Sinpro-Rio<\/title>\n<meta name=\"robots\" content=\"index, follow, max-snippet:-1, max-image-preview:large, max-video-preview:-1\" \/>\n<link rel=\"canonical\" href=\"https:\/\/www.sinpro-rio.org.br\/principal\/nota-oficial-sobre-calendario-escolar\/\" \/>\n<meta property=\"og:locale\" content=\"pt_BR\" \/>\n<meta property=\"og:type\" content=\"article\" \/>\n<meta property=\"og:title\" content=\"Nota Oficial sobre Calend\u00e1rio Escolar - Sinpro-Rio\" \/>\n<meta property=\"og:description\" content=\"\u00c9 sabido que todo estabelecimento de Ensino deve elaborar seu Calend\u00e1rio Escolar no in\u00edcio do ano e apresent\u00e1-lo aos estudantes, respons\u00e1veis e professores.Nele, deve constar o per\u00edodo de Recesso Escolar, cl\u00e1usula 24 da nossa Conven\u00e7\u00e3o Coletiva: \u201cOs estabelecimentos fornecer\u00e3o ao professor, no in\u00edcio de cada ano ou semestre letivo, o calend\u00e1rio de suas atividades, devendo [&hellip;]\" \/>\n<meta property=\"og:url\" content=\"https:\/\/www.sinpro-rio.org.br\/principal\/nota-oficial-sobre-calendario-escolar\/\" \/>\n<meta property=\"og:site_name\" content=\"Sinpro-Rio\" \/>\n<meta property=\"article:published_time\" content=\"2020-06-19T02:49:00+00:00\" \/>\n<meta property=\"article:modified_time\" content=\"2020-06-23T18:04:59+00:00\" \/>\n<meta property=\"og:image\" content=\"https:\/\/www.sinpro-rio.org.br\/principal\/wp-content\/uploads\/2020\/03\/nota-oficial-scaled.jpg\" \/>\n\t<meta property=\"og:image:width\" content=\"2560\" \/>\n\t<meta property=\"og:image:height\" content=\"1674\" \/>\n\t<meta property=\"og:image:type\" content=\"image\/jpeg\" \/>\n<meta name=\"author\" content=\"alessandra\" \/>\n<meta name=\"twitter:card\" content=\"summary_large_image\" \/>\n<meta name=\"twitter:label1\" content=\"Escrito por\" \/>\n\t<meta name=\"twitter:data1\" content=\"alessandra\" \/>\n\t<meta name=\"twitter:label2\" content=\"Est. tempo de leitura\" \/>\n\t<meta name=\"twitter:data2\" content=\"1 minuto\" \/>\n<script type=\"application\/ld+json\" class=\"yoast-schema-graph\">{\"@context\":\"https:\/\/schema.org\",\"@graph\":[{\"@type\":\"WebPage\",\"@id\":\"https:\/\/www.sinpro-rio.org.br\/principal\/nota-oficial-sobre-calendario-escolar\/\",\"url\":\"https:\/\/www.sinpro-rio.org.br\/principal\/nota-oficial-sobre-calendario-escolar\/\",\"name\":\"Nota Oficial sobre Calend\u00e1rio Escolar - Sinpro-Rio\",\"isPartOf\":{\"@id\":\"https:\/\/www.sinpro-rio.org.br\/principal\/#website\"},\"primaryImageOfPage\":{\"@id\":\"https:\/\/www.sinpro-rio.org.br\/principal\/nota-oficial-sobre-calendario-escolar\/#primaryimage\"},\"image\":{\"@id\":\"https:\/\/www.sinpro-rio.org.br\/principal\/nota-oficial-sobre-calendario-escolar\/#primaryimage\"},\"thumbnailUrl\":\"https:\/\/www.sinpro-rio.org.br\/principal\/wp-content\/uploads\/2020\/03\/nota-oficial-scaled.jpg\",\"datePublished\":\"2020-06-19T02:49:00+00:00\",\"dateModified\":\"2020-06-23T18:04:59+00:00\",\"author\":{\"@id\":\"https:\/\/www.sinpro-rio.org.br\/principal\/#\/schema\/person\/ee17219e64d00d037e511ae59ce2227e\"},\"breadcrumb\":{\"@id\":\"https:\/\/www.sinpro-rio.org.br\/principal\/nota-oficial-sobre-calendario-escolar\/#breadcrumb\"},\"inLanguage\":\"pt-BR\",\"potentialAction\":[{\"@type\":\"ReadAction\",\"target\":[\"https:\/\/www.sinpro-rio.org.br\/principal\/nota-oficial-sobre-calendario-escolar\/\"]}]},{\"@type\":\"ImageObject\",\"inLanguage\":\"pt-BR\",\"@id\":\"https:\/\/www.sinpro-rio.org.br\/principal\/nota-oficial-sobre-calendario-escolar\/#primaryimage\",\"url\":\"https:\/\/www.sinpro-rio.org.br\/principal\/wp-content\/uploads\/2020\/03\/nota-oficial-scaled.jpg\",\"contentUrl\":\"https:\/\/www.sinpro-rio.org.br\/principal\/wp-content\/uploads\/2020\/03\/nota-oficial-scaled.jpg\",\"width\":2560,\"height\":1674},{\"@type\":\"BreadcrumbList\",\"@id\":\"https:\/\/www.sinpro-rio.org.br\/principal\/nota-oficial-sobre-calendario-escolar\/#breadcrumb\",\"itemListElement\":[{\"@type\":\"ListItem\",\"position\":1,\"name\":\"In\u00edcio\",\"item\":\"https:\/\/www.sinpro-rio.org.br\/principal\/\"},{\"@type\":\"ListItem\",\"position\":2,\"name\":\"Nota Oficial sobre Calend\u00e1rio Escolar\"}]},{\"@type\":\"WebSite\",\"@id\":\"https:\/\/www.sinpro-rio.org.br\/principal\/#website\",\"url\":\"https:\/\/www.sinpro-rio.org.br\/principal\/\",\"name\":\"Sinpro-Rio\",\"description\":\"Sindicato dos Professores do Munic\u00edpio do Rio de Janeiro e Regi\u00e3o\",\"potentialAction\":[{\"@type\":\"SearchAction\",\"target\":{\"@type\":\"EntryPoint\",\"urlTemplate\":\"https:\/\/www.sinpro-rio.org.br\/principal\/?s={search_term_string}\"},\"query-input\":{\"@type\":\"PropertyValueSpecification\",\"valueRequired\":true,\"valueName\":\"search_term_string\"}}],\"inLanguage\":\"pt-BR\"},{\"@type\":\"Person\",\"@id\":\"https:\/\/www.sinpro-rio.org.br\/principal\/#\/schema\/person\/ee17219e64d00d037e511ae59ce2227e\",\"name\":\"alessandra\",\"image\":{\"@type\":\"ImageObject\",\"inLanguage\":\"pt-BR\",\"@id\":\"https:\/\/www.sinpro-rio.org.br\/principal\/#\/schema\/person\/image\/\",\"url\":\"https:\/\/secure.gravatar.com\/avatar\/2b43fa8c0ad8e33b46a4732549f7fb20?s=96&d=mm&r=g\",\"contentUrl\":\"https:\/\/secure.gravatar.com\/avatar\/2b43fa8c0ad8e33b46a4732549f7fb20?s=96&d=mm&r=g\",\"caption\":\"alessandra\"},\"url\":\"https:\/\/www.sinpro-rio.org.br\/principal\/author\/alessandra\/\"}]}<\/script>\n<!-- \/ Yoast SEO plugin. -->","yoast_head_json":{"title":"Nota Oficial sobre Calend\u00e1rio Escolar - Sinpro-Rio","robots":{"index":"index","follow":"follow","max-snippet":"max-snippet:-1","max-image-preview":"max-image-preview:large","max-video-preview":"max-video-preview:-1"},"canonical":"https:\/\/www.sinpro-rio.org.br\/principal\/nota-oficial-sobre-calendario-escolar\/","og_locale":"pt_BR","og_type":"article","og_title":"Nota Oficial sobre Calend\u00e1rio Escolar - Sinpro-Rio","og_description":"\u00c9 sabido que todo estabelecimento de Ensino deve elaborar seu Calend\u00e1rio Escolar no in\u00edcio do ano e apresent\u00e1-lo aos estudantes, respons\u00e1veis e professores.Nele, deve constar o per\u00edodo de Recesso Escolar, cl\u00e1usula 24 da nossa Conven\u00e7\u00e3o Coletiva: \u201cOs estabelecimentos fornecer\u00e3o ao professor, no in\u00edcio de cada ano ou semestre letivo, o calend\u00e1rio de suas atividades, devendo [&hellip;]","og_url":"https:\/\/www.sinpro-rio.org.br\/principal\/nota-oficial-sobre-calendario-escolar\/","og_site_name":"Sinpro-Rio","article_published_time":"2020-06-19T02:49:00+00:00","article_modified_time":"2020-06-23T18:04:59+00:00","og_image":[{"width":2560,"height":1674,"url":"https:\/\/www.sinpro-rio.org.br\/principal\/wp-content\/uploads\/2020\/03\/nota-oficial-scaled.jpg","type":"image\/jpeg"}],"author":"alessandra","twitter_card":"summary_large_image","twitter_misc":{"Escrito por":"alessandra","Est. tempo de leitura":"1 minuto"},"schema":{"@context":"https:\/\/schema.org","@graph":[{"@type":"WebPage","@id":"https:\/\/www.sinpro-rio.org.br\/principal\/nota-oficial-sobre-calendario-escolar\/","url":"https:\/\/www.sinpro-rio.org.br\/principal\/nota-oficial-sobre-calendario-escolar\/","name":"Nota Oficial sobre Calend\u00e1rio Escolar - Sinpro-Rio","isPartOf":{"@id":"https:\/\/www.sinpro-rio.org.br\/principal\/#website"},"primaryImageOfPage":{"@id":"https:\/\/www.sinpro-rio.org.br\/principal\/nota-oficial-sobre-calendario-escolar\/#primaryimage"},"image":{"@id":"https:\/\/www.sinpro-rio.org.br\/principal\/nota-oficial-sobre-calendario-escolar\/#primaryimage"},"thumbnailUrl":"https:\/\/www.sinpro-rio.org.br\/principal\/wp-content\/uploads\/2020\/03\/nota-oficial-scaled.jpg","datePublished":"2020-06-19T02:49:00+00:00","dateModified":"2020-06-23T18:04:59+00:00","author":{"@id":"https:\/\/www.sinpro-rio.org.br\/principal\/#\/schema\/person\/ee17219e64d00d037e511ae59ce2227e"},"breadcrumb":{"@id":"https:\/\/www.sinpro-rio.org.br\/principal\/nota-oficial-sobre-calendario-escolar\/#breadcrumb"},"inLanguage":"pt-BR","potentialAction":[{"@type":"ReadAction","target":["https:\/\/www.sinpro-rio.org.br\/principal\/nota-oficial-sobre-calendario-escolar\/"]}]},{"@type":"ImageObject","inLanguage":"pt-BR","@id":"https:\/\/www.sinpro-rio.org.br\/principal\/nota-oficial-sobre-calendario-escolar\/#primaryimage","url":"https:\/\/www.sinpro-rio.org.br\/principal\/wp-content\/uploads\/2020\/03\/nota-oficial-scaled.jpg","contentUrl":"https:\/\/www.sinpro-rio.org.br\/principal\/wp-content\/uploads\/2020\/03\/nota-oficial-scaled.jpg","width":2560,"height":1674},{"@type":"BreadcrumbList","@id":"https:\/\/www.sinpro-rio.org.br\/principal\/nota-oficial-sobre-calendario-escolar\/#breadcrumb","itemListElement":[{"@type":"ListItem","position":1,"name":"In\u00edcio","item":"https:\/\/www.sinpro-rio.org.br\/principal\/"},{"@type":"ListItem","position":2,"name":"Nota Oficial sobre Calend\u00e1rio Escolar"}]},{"@type":"WebSite","@id":"https:\/\/www.sinpro-rio.org.br\/principal\/#website","url":"https:\/\/www.sinpro-rio.org.br\/principal\/","name":"Sinpro-Rio","description":"Sindicato dos Professores do Munic\u00edpio do Rio de Janeiro e Regi\u00e3o","potentialAction":[{"@type":"SearchAction","target":{"@type":"EntryPoint","urlTemplate":"https:\/\/www.sinpro-rio.org.br\/principal\/?s={search_term_string}"},"query-input":{"@type":"PropertyValueSpecification","valueRequired":true,"valueName":"search_term_string"}}],"inLanguage":"pt-BR"},{"@type":"Person","@id":"https:\/\/www.sinpro-rio.org.br\/principal\/#\/schema\/person\/ee17219e64d00d037e511ae59ce2227e","name":"alessandra","image":{"@type":"ImageObject","inLanguage":"pt-BR","@id":"https:\/\/www.sinpro-rio.org.br\/principal\/#\/schema\/person\/image\/","url":"https:\/\/secure.gravatar.com\/avatar\/2b43fa8c0ad8e33b46a4732549f7fb20?s=96&d=mm&r=g","contentUrl":"https:\/\/secure.gravatar.com\/avatar\/2b43fa8c0ad8e33b46a4732549f7fb20?s=96&d=mm&r=g","caption":"alessandra"},"url":"https:\/\/www.sinpro-rio.org.br\/principal\/author\/alessandra\/"}]}},"_links":{"self":[{"href":"https:\/\/www.sinpro-rio.org.br\/principal\/wp-json\/wp\/v2\/posts\/28213","targetHints":{"allow":["GET"]}}],"collection":[{"href":"https:\/\/www.sinpro-rio.org.br\/principal\/wp-json\/wp\/v2\/posts"}],"about":[{"href":"https:\/\/www.sinpro-rio.org.br\/principal\/wp-json\/wp\/v2\/types\/post"}],"author":[{"embeddable":true,"href":"https:\/\/www.sinpro-rio.org.br\/principal\/wp-json\/wp\/v2\/users\/2"}],"replies":[{"embeddable":true,"href":"https:\/\/www.sinpro-rio.org.br\/principal\/wp-json\/wp\/v2\/comments?post=28213"}],"version-history":[{"count":2,"href":"https:\/\/www.sinpro-rio.org.br\/principal\/wp-json\/wp\/v2\/posts\/28213\/revisions"}],"predecessor-version":[{"id":28282,"href":"https:\/\/www.sinpro-rio.org.br\/principal\/wp-json\/wp\/v2\/posts\/28213\/revisions\/28282"}],"wp:featuredmedia":[{"embeddable":true,"href":"https:\/\/www.sinpro-rio.org.br\/principal\/wp-json\/wp\/v2\/media\/27594"}],"wp:attachment":[{"href":"https:\/\/www.sinpro-rio.org.br\/principal\/wp-json\/wp\/v2\/media?parent=28213"}],"wp:term":[{"taxonomy":"category","embeddable":true,"href":"https:\/\/www.sinpro-rio.org.br\/principal\/wp-json\/wp\/v2\/categories?post=28213"},{"taxonomy":"post_tag","embeddable":true,"href":"https:\/\/www.sinpro-rio.org.br\/principal\/wp-json\/wp\/v2\/tags?post=28213"}],"curies":[{"name":"wp","href":"https:\/\/api.w.org\/{rel}","templated":true}]}}