{"id":28201,"date":"2020-06-16T16:05:18","date_gmt":"2020-06-16T19:05:18","guid":{"rendered":"https:\/\/sinpro-rio.org.br\/principal\/?p=28201"},"modified":"2020-06-16T17:57:49","modified_gmt":"2020-06-16T20:57:49","slug":"nota-da-ufrj-sem-vacina-ou-medicamento-nao-havera-retorno-de-aulas-presenciais","status":"publish","type":"post","link":"https:\/\/www.sinpro-rio.org.br\/principal\/nota-da-ufrj-sem-vacina-ou-medicamento-nao-havera-retorno-de-aulas-presenciais\/","title":{"rendered":"Nota da UFRJ: sem vacina ou medicamento, n\u00e3o haver\u00e1 retorno de aulas presenciais"},"content":{"rendered":"\n<p><strong><em>Fonte: site da UFRJ &#8211; leia o original <a href=\"https:\/\/ufrj.br\/noticia\/2020\/06\/15\/sem-vacina-ou-medicamento-nao-havera-retorno-de-aulas-presenciais?fbclid=IwAR0f_icRv_y4d9C3B81Hi8BVWAmg1QJzrJmHEaHUPR7yDwN-9wC1QIhzQnQ\">AQUI!<\/a><\/em><\/strong><\/p>\n\n\n\n<p><em>Reitoria da UFRJ emite nota sobre atua\u00e7\u00e3o da Universidade e atividades presenciais e remotas<\/em><\/p>\n\n\n\n<p>No pr\u00f3ximo dia 16\/6, a Universidade Federal do Rio de Janeiro (UFRJ) completar\u00e1 90 dias de atividades presenciais n\u00e3o essenciais suspensas. Ainda resta muita incerteza sobre quando ou como ocorrer\u00e1 o nosso retorno presencial, mas a Administra\u00e7\u00e3o Central da Universidade tem agido de maneira respons\u00e1vel, sempre baseada em crit\u00e9rios t\u00e9cnico-cient\u00edficos, desde o in\u00edcio da pandemia da COVID-19. Permaneceremos firmes na garantia da seguran\u00e7a ao corpo social e \u00e0 popula\u00e7\u00e3o.<\/p>\n\n\n\n<p>Mais recentemente, o Grupo de Trabalho P\u00f3s-Pandemia foi constitu\u00eddo, sob a coordena\u00e7\u00e3o da Pr\u00f3-Reitoria de Planejamento, Desenvolvimento e Finan\u00e7as (PR-3), para estudar as fases de um retorno gradual e definir os cuidados adicionais necess\u00e1rios \u00e0 condu\u00e7\u00e3o segura de nossas atividades. Esse grupo mant\u00e9m estreita interlocu\u00e7\u00e3o com o Grupo de Trabalho Multidisciplinar sobre o&nbsp;<em>Coronavirus Disease<\/em>-19 (COVID-19), composto por especialistas das diferentes \u00e1reas da UFRJ. Em breve, ser\u00e3o propostas as fases para o retorno progressivo na p\u00f3s-pandemia. Pretendemos ter um plano de retorno que seja refer\u00eancia para o estado do Rio de Janeiro, com base no di\u00e1logo permanente dentro e fora da comunidade universit\u00e1ria.<\/p>\n\n\n\n<p>Para os estudantes, nosso elo mais forte com o futuro, precisamos reafirmar que agiremos para que todos possam seguir firmes no prop\u00f3sito de concluir o ensino superior em uma das institui\u00e7\u00f5es mais renomadas do Brasil e da Am\u00e9rica Latina. A UFRJ certamente atender\u00e1 aos anseios dos seus estudantes, dos ingressantes aos concluintes, garantindo a qualidade e a excel\u00eancia acad\u00eamicas. No momento, reafirmamos que a institucionalidade est\u00e1 mantida. Nesse sentido, os colegiados superiores da UFRJ (Conselho Universit\u00e1rio (Consuni), Conselho de Ensino de Gradua\u00e7\u00e3o (CEG), Conselho de Ensino para Graduados (Cepg) e Conselho de Extens\u00e3o Universit\u00e1ria (CEU)) \u2013 todos com representa\u00e7\u00e3o de professores, estudantes e t\u00e9cnicos-administrativos \u2013 t\u00eam realizado reiterados debates sobre a transi\u00e7\u00e3o de parte das nossas atividades para os ambientes virtuais e apresentado propostas para avan\u00e7armos na defini\u00e7\u00e3o das condi\u00e7\u00f5es e fases a seguir com seguran\u00e7a, garantindo a inclus\u00e3o, a qualidade das atividades acad\u00eamicas e o apoio psicol\u00f3gico e de sa\u00fade mental ao nosso corpo social neste cen\u00e1rio de exce\u00e7\u00e3o. \u00c9 a partir desses consensos e da institucionalidade dos colegiados que est\u00e3o sendo apresentadas propostas, prazos e resolu\u00e7\u00f5es no \u00e2mbito do ensino, da pesquisa e da extens\u00e3o. Em todas as etapas de enfrentamento desta crise, as decis\u00f5es colegiadas continuar\u00e3o a ser respeitadas.<\/p>\n\n\n\n<p>\u00c9 importante dizer que, se n\u00e3o houver alternativas, como a vacina ou medicamento eficaz contra a COVID-19, o retorno presencial completo n\u00e3o ser\u00e1 poss\u00edvel no ano de 2020. Portanto, precisamos discutir com responsabilidade e coer\u00eancia a possibilidade do retorno progressivo de parte das nossas atividades no formato remoto emergencial, para que o ano acad\u00eamico de 2020 n\u00e3o seja completamente perdido. Para isso, foi constitu\u00edda a Comiss\u00e3o de Formas Alternativas de Ensino, sob a coordena\u00e7\u00e3o da Vice-Reitoria, que se debru\u00e7a sobre as demandas necess\u00e1rias para a retomada das atividades acad\u00eamicas de gradua\u00e7\u00e3o, p\u00f3s-gradua\u00e7\u00e3o e extens\u00e3o. Seguiremos agindo de forma democr\u00e1tica, dial\u00f3gica, respons\u00e1vel e nos reinventando como institui\u00e7\u00e3o. Para que sejamos bem-sucedidos nessa tarefa, precisaremos da uni\u00e3o cada vez maior do corpo social, do entendimento sobre nossas limita\u00e7\u00f5es, da busca por solu\u00e7\u00f5es e a certeza de que precisamos prosseguir e progredir.<\/p>\n\n\n\n<p>Fazemos um agradecimento especial aos nossos servidores t\u00e9cnico-administrativos e professores que t\u00eam mantido a UFRJ cada vez mais forte. Mesmo sob constante ataque nos \u00faltimos anos, a universidade p\u00fablica brasileira evidenciou mais uma vez, agora enfrentando a crise sanit\u00e1ria, a sua pujan\u00e7a e o seu papel estruturante em qualquer projeto de desenvolvimento nacional. E seus servidores, atacados em seus direitos mesmo durante a pandemia, respondem com dedica\u00e7\u00e3o e brilho a cada novo desafio.<\/p>\n\n\n\n<p>Durante esses meses, a UFRJ tem atuado no protagonismo de a\u00e7\u00f5es fundamentais para a popula\u00e7\u00e3o do estado do Rio de Janeiro, da Baixada Fluminense \u00e0 Litor\u00e2nea, nas cidades do Rio de Janeiro, Duque de Caxias, Maca\u00e9 e munic\u00edpios vizinhos. Somos hoje uma institui\u00e7\u00e3o ainda mais reconhecida pela sociedade devido \u00e0s in\u00fameras atividades que nos destacam no adequado enfrentamento \u00e0 pandemia. Nesses tr\u00eas meses, realizamos mais de 12 mil testes diagn\u00f3sticos para detec\u00e7\u00e3o molecular do novo coronav\u00edrus; renovamos leitos de CTI e enfermarias e mais de 600 pacientes portadores da COVID-19 foram atendidos nos nossos hospitais; produzimos mais de 60 mil litros de \u00e1lcool 70 e \u00e1lcool em gel; ampliamos a assist\u00eancia aos nossos estudantes e pudemos acolher a nossa comunidade mais vulner\u00e1vel neste momento de muitas dificuldades.<\/p>\n\n\n\n<p>Em meio a uma s\u00e9rie de atitudes question\u00e1veis por parte do poder p\u00fablico, que poderiam levar \u00e0 desestabiliza\u00e7\u00e3o da Universidade, precisamos nos reinventar como institui\u00e7\u00e3o. Tudo isso \u00e9 fruto de um trabalho diuturno da equipe e de toda a comunidade acad\u00eamica, com a participa\u00e7\u00e3o dos volunt\u00e1rios que t\u00eam muito orgulho de ser UFRJ.<\/p>\n\n\n\n<p>Agradecemos a todos os envolvidos na supera\u00e7\u00e3o deste grande desafio que estamos enfrentando no primeiro ano de gest\u00e3o \u00e0 frente da UFRJ. Neste ano do nosso centen\u00e1rio, seguiremos com altivez e contamos com o apoio da comunidade acad\u00eamica, que deve permanecer unida e confiante no nosso futuro. Estamos trabalhando com muita seriedade para sairmos mais fortes desta crise.<\/p>\n\n\n\n<p>A UFRJ seguir\u00e1 firme, ciente da sua import\u00e2ncia e responsabilidade. Continuar\u00e1 sendo refer\u00eancia para toda a sociedade brasileira e elevar\u00e1 ainda mais seu compromisso com um pa\u00eds mais justo, democr\u00e1tico e zeloso com o seu povo. Vamos seguir em frente, com tranquilidade e determina\u00e7\u00e3o, sem perder de vista nossa miss\u00e3o.<\/p>\n\n\n\n<p><strong>15\/6\/2020<\/strong><\/p>\n\n\n\n<p><strong>Reitoria da UFRJ<\/strong><\/p>\n","protected":false},"excerpt":{"rendered":"<p>Fonte: site da UFRJ &#8211; leia o original AQUI! Reitoria da UFRJ emite nota sobre atua\u00e7\u00e3o da Universidade e atividades presenciais e remotas No pr\u00f3ximo dia 16\/6, a Universidade Federal do Rio de Janeiro (UFRJ) completar\u00e1 90 dias de atividades presenciais n\u00e3o essenciais suspensas. Ainda resta muita incerteza sobre quando ou como ocorrer\u00e1 o nosso [&hellip;]<\/p>\n","protected":false},"author":2,"featured_media":27929,"comment_status":"closed","ping_status":"closed","sticky":false,"template":"","format":"standard","meta":{"footnotes":""},"categories":[1],"tags":[],"class_list":["post-28201","post","type-post","status-publish","format-standard","has-post-thumbnail","hentry","category-noticias"],"yoast_head":"<!-- This site is optimized with the Yoast SEO plugin v25.7 - https:\/\/yoast.com\/wordpress\/plugins\/seo\/ -->\n<title>Nota da UFRJ: sem vacina ou medicamento, n\u00e3o haver\u00e1 retorno de aulas presenciais - Sinpro-Rio<\/title>\n<meta name=\"robots\" content=\"index, follow, max-snippet:-1, max-image-preview:large, max-video-preview:-1\" \/>\n<link rel=\"canonical\" href=\"https:\/\/www.sinpro-rio.org.br\/principal\/nota-da-ufrj-sem-vacina-ou-medicamento-nao-havera-retorno-de-aulas-presenciais\/\" \/>\n<meta property=\"og:locale\" content=\"pt_BR\" \/>\n<meta property=\"og:type\" content=\"article\" \/>\n<meta property=\"og:title\" content=\"Nota da UFRJ: sem vacina ou medicamento, n\u00e3o haver\u00e1 retorno de aulas presenciais - Sinpro-Rio\" \/>\n<meta property=\"og:description\" content=\"Fonte: site da UFRJ &#8211; leia o original AQUI! Reitoria da UFRJ emite nota sobre atua\u00e7\u00e3o da Universidade e atividades presenciais e remotas No pr\u00f3ximo dia 16\/6, a Universidade Federal do Rio de Janeiro (UFRJ) completar\u00e1 90 dias de atividades presenciais n\u00e3o essenciais suspensas. Ainda resta muita incerteza sobre quando ou como ocorrer\u00e1 o nosso [&hellip;]\" \/>\n<meta property=\"og:url\" content=\"https:\/\/www.sinpro-rio.org.br\/principal\/nota-da-ufrj-sem-vacina-ou-medicamento-nao-havera-retorno-de-aulas-presenciais\/\" \/>\n<meta property=\"og:site_name\" content=\"Sinpro-Rio\" \/>\n<meta property=\"article:published_time\" content=\"2020-06-16T19:05:18+00:00\" \/>\n<meta property=\"article:modified_time\" content=\"2020-06-16T20:57:49+00:00\" \/>\n<meta property=\"og:image\" content=\"https:\/\/www.sinpro-rio.org.br\/principal\/wp-content\/uploads\/2020\/05\/IMG-20191220-WA0090-1.jpg\" \/>\n\t<meta property=\"og:image:width\" content=\"800\" \/>\n\t<meta property=\"og:image:height\" content=\"404\" \/>\n\t<meta property=\"og:image:type\" content=\"image\/jpeg\" \/>\n<meta name=\"author\" content=\"alessandra\" \/>\n<meta name=\"twitter:card\" content=\"summary_large_image\" \/>\n<meta name=\"twitter:label1\" content=\"Escrito por\" \/>\n\t<meta name=\"twitter:data1\" content=\"alessandra\" \/>\n\t<meta name=\"twitter:label2\" content=\"Est. tempo de leitura\" \/>\n\t<meta name=\"twitter:data2\" content=\"5 minutos\" \/>\n<script type=\"application\/ld+json\" class=\"yoast-schema-graph\">{\"@context\":\"https:\/\/schema.org\",\"@graph\":[{\"@type\":\"WebPage\",\"@id\":\"https:\/\/www.sinpro-rio.org.br\/principal\/nota-da-ufrj-sem-vacina-ou-medicamento-nao-havera-retorno-de-aulas-presenciais\/\",\"url\":\"https:\/\/www.sinpro-rio.org.br\/principal\/nota-da-ufrj-sem-vacina-ou-medicamento-nao-havera-retorno-de-aulas-presenciais\/\",\"name\":\"Nota da UFRJ: sem vacina ou medicamento, n\u00e3o haver\u00e1 retorno de aulas presenciais - Sinpro-Rio\",\"isPartOf\":{\"@id\":\"https:\/\/www.sinpro-rio.org.br\/principal\/#website\"},\"primaryImageOfPage\":{\"@id\":\"https:\/\/www.sinpro-rio.org.br\/principal\/nota-da-ufrj-sem-vacina-ou-medicamento-nao-havera-retorno-de-aulas-presenciais\/#primaryimage\"},\"image\":{\"@id\":\"https:\/\/www.sinpro-rio.org.br\/principal\/nota-da-ufrj-sem-vacina-ou-medicamento-nao-havera-retorno-de-aulas-presenciais\/#primaryimage\"},\"thumbnailUrl\":\"https:\/\/www.sinpro-rio.org.br\/principal\/wp-content\/uploads\/2020\/05\/IMG-20191220-WA0090-1.jpg\",\"datePublished\":\"2020-06-16T19:05:18+00:00\",\"dateModified\":\"2020-06-16T20:57:49+00:00\",\"author\":{\"@id\":\"https:\/\/www.sinpro-rio.org.br\/principal\/#\/schema\/person\/ee17219e64d00d037e511ae59ce2227e\"},\"breadcrumb\":{\"@id\":\"https:\/\/www.sinpro-rio.org.br\/principal\/nota-da-ufrj-sem-vacina-ou-medicamento-nao-havera-retorno-de-aulas-presenciais\/#breadcrumb\"},\"inLanguage\":\"pt-BR\",\"potentialAction\":[{\"@type\":\"ReadAction\",\"target\":[\"https:\/\/www.sinpro-rio.org.br\/principal\/nota-da-ufrj-sem-vacina-ou-medicamento-nao-havera-retorno-de-aulas-presenciais\/\"]}]},{\"@type\":\"ImageObject\",\"inLanguage\":\"pt-BR\",\"@id\":\"https:\/\/www.sinpro-rio.org.br\/principal\/nota-da-ufrj-sem-vacina-ou-medicamento-nao-havera-retorno-de-aulas-presenciais\/#primaryimage\",\"url\":\"https:\/\/www.sinpro-rio.org.br\/principal\/wp-content\/uploads\/2020\/05\/IMG-20191220-WA0090-1.jpg\",\"contentUrl\":\"https:\/\/www.sinpro-rio.org.br\/principal\/wp-content\/uploads\/2020\/05\/IMG-20191220-WA0090-1.jpg\",\"width\":800,\"height\":404},{\"@type\":\"BreadcrumbList\",\"@id\":\"https:\/\/www.sinpro-rio.org.br\/principal\/nota-da-ufrj-sem-vacina-ou-medicamento-nao-havera-retorno-de-aulas-presenciais\/#breadcrumb\",\"itemListElement\":[{\"@type\":\"ListItem\",\"position\":1,\"name\":\"In\u00edcio\",\"item\":\"https:\/\/www.sinpro-rio.org.br\/principal\/\"},{\"@type\":\"ListItem\",\"position\":2,\"name\":\"Nota da UFRJ: sem vacina ou medicamento, n\u00e3o haver\u00e1 retorno de aulas presenciais\"}]},{\"@type\":\"WebSite\",\"@id\":\"https:\/\/www.sinpro-rio.org.br\/principal\/#website\",\"url\":\"https:\/\/www.sinpro-rio.org.br\/principal\/\",\"name\":\"Sinpro-Rio\",\"description\":\"Sindicato dos Professores do Munic\u00edpio do Rio de Janeiro e Regi\u00e3o\",\"potentialAction\":[{\"@type\":\"SearchAction\",\"target\":{\"@type\":\"EntryPoint\",\"urlTemplate\":\"https:\/\/www.sinpro-rio.org.br\/principal\/?s={search_term_string}\"},\"query-input\":{\"@type\":\"PropertyValueSpecification\",\"valueRequired\":true,\"valueName\":\"search_term_string\"}}],\"inLanguage\":\"pt-BR\"},{\"@type\":\"Person\",\"@id\":\"https:\/\/www.sinpro-rio.org.br\/principal\/#\/schema\/person\/ee17219e64d00d037e511ae59ce2227e\",\"name\":\"alessandra\",\"image\":{\"@type\":\"ImageObject\",\"inLanguage\":\"pt-BR\",\"@id\":\"https:\/\/www.sinpro-rio.org.br\/principal\/#\/schema\/person\/image\/\",\"url\":\"https:\/\/secure.gravatar.com\/avatar\/2b43fa8c0ad8e33b46a4732549f7fb20?s=96&d=mm&r=g\",\"contentUrl\":\"https:\/\/secure.gravatar.com\/avatar\/2b43fa8c0ad8e33b46a4732549f7fb20?s=96&d=mm&r=g\",\"caption\":\"alessandra\"},\"url\":\"https:\/\/www.sinpro-rio.org.br\/principal\/author\/alessandra\/\"}]}<\/script>\n<!-- \/ Yoast SEO plugin. -->","yoast_head_json":{"title":"Nota da UFRJ: sem vacina ou medicamento, n\u00e3o haver\u00e1 retorno de aulas presenciais - Sinpro-Rio","robots":{"index":"index","follow":"follow","max-snippet":"max-snippet:-1","max-image-preview":"max-image-preview:large","max-video-preview":"max-video-preview:-1"},"canonical":"https:\/\/www.sinpro-rio.org.br\/principal\/nota-da-ufrj-sem-vacina-ou-medicamento-nao-havera-retorno-de-aulas-presenciais\/","og_locale":"pt_BR","og_type":"article","og_title":"Nota da UFRJ: sem vacina ou medicamento, n\u00e3o haver\u00e1 retorno de aulas presenciais - Sinpro-Rio","og_description":"Fonte: site da UFRJ &#8211; leia o original AQUI! Reitoria da UFRJ emite nota sobre atua\u00e7\u00e3o da Universidade e atividades presenciais e remotas No pr\u00f3ximo dia 16\/6, a Universidade Federal do Rio de Janeiro (UFRJ) completar\u00e1 90 dias de atividades presenciais n\u00e3o essenciais suspensas. Ainda resta muita incerteza sobre quando ou como ocorrer\u00e1 o nosso [&hellip;]","og_url":"https:\/\/www.sinpro-rio.org.br\/principal\/nota-da-ufrj-sem-vacina-ou-medicamento-nao-havera-retorno-de-aulas-presenciais\/","og_site_name":"Sinpro-Rio","article_published_time":"2020-06-16T19:05:18+00:00","article_modified_time":"2020-06-16T20:57:49+00:00","og_image":[{"width":800,"height":404,"url":"https:\/\/www.sinpro-rio.org.br\/principal\/wp-content\/uploads\/2020\/05\/IMG-20191220-WA0090-1.jpg","type":"image\/jpeg"}],"author":"alessandra","twitter_card":"summary_large_image","twitter_misc":{"Escrito por":"alessandra","Est. tempo de leitura":"5 minutos"},"schema":{"@context":"https:\/\/schema.org","@graph":[{"@type":"WebPage","@id":"https:\/\/www.sinpro-rio.org.br\/principal\/nota-da-ufrj-sem-vacina-ou-medicamento-nao-havera-retorno-de-aulas-presenciais\/","url":"https:\/\/www.sinpro-rio.org.br\/principal\/nota-da-ufrj-sem-vacina-ou-medicamento-nao-havera-retorno-de-aulas-presenciais\/","name":"Nota da UFRJ: sem vacina ou medicamento, n\u00e3o haver\u00e1 retorno de aulas presenciais - Sinpro-Rio","isPartOf":{"@id":"https:\/\/www.sinpro-rio.org.br\/principal\/#website"},"primaryImageOfPage":{"@id":"https:\/\/www.sinpro-rio.org.br\/principal\/nota-da-ufrj-sem-vacina-ou-medicamento-nao-havera-retorno-de-aulas-presenciais\/#primaryimage"},"image":{"@id":"https:\/\/www.sinpro-rio.org.br\/principal\/nota-da-ufrj-sem-vacina-ou-medicamento-nao-havera-retorno-de-aulas-presenciais\/#primaryimage"},"thumbnailUrl":"https:\/\/www.sinpro-rio.org.br\/principal\/wp-content\/uploads\/2020\/05\/IMG-20191220-WA0090-1.jpg","datePublished":"2020-06-16T19:05:18+00:00","dateModified":"2020-06-16T20:57:49+00:00","author":{"@id":"https:\/\/www.sinpro-rio.org.br\/principal\/#\/schema\/person\/ee17219e64d00d037e511ae59ce2227e"},"breadcrumb":{"@id":"https:\/\/www.sinpro-rio.org.br\/principal\/nota-da-ufrj-sem-vacina-ou-medicamento-nao-havera-retorno-de-aulas-presenciais\/#breadcrumb"},"inLanguage":"pt-BR","potentialAction":[{"@type":"ReadAction","target":["https:\/\/www.sinpro-rio.org.br\/principal\/nota-da-ufrj-sem-vacina-ou-medicamento-nao-havera-retorno-de-aulas-presenciais\/"]}]},{"@type":"ImageObject","inLanguage":"pt-BR","@id":"https:\/\/www.sinpro-rio.org.br\/principal\/nota-da-ufrj-sem-vacina-ou-medicamento-nao-havera-retorno-de-aulas-presenciais\/#primaryimage","url":"https:\/\/www.sinpro-rio.org.br\/principal\/wp-content\/uploads\/2020\/05\/IMG-20191220-WA0090-1.jpg","contentUrl":"https:\/\/www.sinpro-rio.org.br\/principal\/wp-content\/uploads\/2020\/05\/IMG-20191220-WA0090-1.jpg","width":800,"height":404},{"@type":"BreadcrumbList","@id":"https:\/\/www.sinpro-rio.org.br\/principal\/nota-da-ufrj-sem-vacina-ou-medicamento-nao-havera-retorno-de-aulas-presenciais\/#breadcrumb","itemListElement":[{"@type":"ListItem","position":1,"name":"In\u00edcio","item":"https:\/\/www.sinpro-rio.org.br\/principal\/"},{"@type":"ListItem","position":2,"name":"Nota da UFRJ: sem vacina ou medicamento, n\u00e3o haver\u00e1 retorno de aulas presenciais"}]},{"@type":"WebSite","@id":"https:\/\/www.sinpro-rio.org.br\/principal\/#website","url":"https:\/\/www.sinpro-rio.org.br\/principal\/","name":"Sinpro-Rio","description":"Sindicato dos Professores do Munic\u00edpio do Rio de Janeiro e Regi\u00e3o","potentialAction":[{"@type":"SearchAction","target":{"@type":"EntryPoint","urlTemplate":"https:\/\/www.sinpro-rio.org.br\/principal\/?s={search_term_string}"},"query-input":{"@type":"PropertyValueSpecification","valueRequired":true,"valueName":"search_term_string"}}],"inLanguage":"pt-BR"},{"@type":"Person","@id":"https:\/\/www.sinpro-rio.org.br\/principal\/#\/schema\/person\/ee17219e64d00d037e511ae59ce2227e","name":"alessandra","image":{"@type":"ImageObject","inLanguage":"pt-BR","@id":"https:\/\/www.sinpro-rio.org.br\/principal\/#\/schema\/person\/image\/","url":"https:\/\/secure.gravatar.com\/avatar\/2b43fa8c0ad8e33b46a4732549f7fb20?s=96&d=mm&r=g","contentUrl":"https:\/\/secure.gravatar.com\/avatar\/2b43fa8c0ad8e33b46a4732549f7fb20?s=96&d=mm&r=g","caption":"alessandra"},"url":"https:\/\/www.sinpro-rio.org.br\/principal\/author\/alessandra\/"}]}},"_links":{"self":[{"href":"https:\/\/www.sinpro-rio.org.br\/principal\/wp-json\/wp\/v2\/posts\/28201","targetHints":{"allow":["GET"]}}],"collection":[{"href":"https:\/\/www.sinpro-rio.org.br\/principal\/wp-json\/wp\/v2\/posts"}],"about":[{"href":"https:\/\/www.sinpro-rio.org.br\/principal\/wp-json\/wp\/v2\/types\/post"}],"author":[{"embeddable":true,"href":"https:\/\/www.sinpro-rio.org.br\/principal\/wp-json\/wp\/v2\/users\/2"}],"replies":[{"embeddable":true,"href":"https:\/\/www.sinpro-rio.org.br\/principal\/wp-json\/wp\/v2\/comments?post=28201"}],"version-history":[{"count":1,"href":"https:\/\/www.sinpro-rio.org.br\/principal\/wp-json\/wp\/v2\/posts\/28201\/revisions"}],"predecessor-version":[{"id":28202,"href":"https:\/\/www.sinpro-rio.org.br\/principal\/wp-json\/wp\/v2\/posts\/28201\/revisions\/28202"}],"wp:featuredmedia":[{"embeddable":true,"href":"https:\/\/www.sinpro-rio.org.br\/principal\/wp-json\/wp\/v2\/media\/27929"}],"wp:attachment":[{"href":"https:\/\/www.sinpro-rio.org.br\/principal\/wp-json\/wp\/v2\/media?parent=28201"}],"wp:term":[{"taxonomy":"category","embeddable":true,"href":"https:\/\/www.sinpro-rio.org.br\/principal\/wp-json\/wp\/v2\/categories?post=28201"},{"taxonomy":"post_tag","embeddable":true,"href":"https:\/\/www.sinpro-rio.org.br\/principal\/wp-json\/wp\/v2\/tags?post=28201"}],"curies":[{"name":"wp","href":"https:\/\/api.w.org\/{rel}","templated":true}]}}