{"id":28190,"date":"2020-06-15T10:11:11","date_gmt":"2020-06-15T13:11:11","guid":{"rendered":"https:\/\/sinpro-rio.org.br\/principal\/?p=28190"},"modified":"2020-06-15T10:12:42","modified_gmt":"2020-06-15T13:12:42","slug":"carta-aberta-profs-do-cnec-ilha-do-governador","status":"publish","type":"post","link":"https:\/\/www.sinpro-rio.org.br\/principal\/carta-aberta-profs-do-cnec-ilha-do-governador\/","title":{"rendered":"Carta aberta: profs. do CNEC-Ilha do Governador"},"content":{"rendered":"\n<p>Em assembleia virtual, realizada neste s\u00e1bado, 13\/06, os\/as professores\/as da Rede Campanha Nacional das Escolas da Comunidade (CNEC) deliberaram entrar em greve a partir do dia 17\/06, motivados\/as pelo n\u00e3o pagamento integral dos sal\u00e1rios de mar\u00e7o, abril e maio e pela imposi\u00e7\u00e3o da mantenedora de reduzir o valor das horas-aula, em desacordo com os\/as professores\/as e SinproRio e sem amparo legal.<\/p>\n\n\n\n<p>Participaram da assembleia, professores\/as da CNEC da unidade Faculdade Cnec Ilha do Governador. No decorrer da assembleia os\/as participantes manifestaram o seu descontentamento com a atitude desrespeitosa da institui\u00e7\u00e3o em reduzir permanentemente os sal\u00e1rios: a Cnec imp\u00f5e uma redu\u00e7\u00e3o de 47% no valor da hora\/aula, que ja \u00e9 paga no valor do piso previsto em conven\u00e7\u00e3o coletiva para o municipio do Rio de Janeiro, sem oferecer nenhuma garantia! N\u00e3o se trata de aplica\u00e7\u00e3o da Medida Provis\u00f3ria 936, que prev\u00ea redu\u00e7\u00e3o de sal\u00e1rios com redu\u00e7\u00e3o de carga hor\u00e1ria e participa\u00e7\u00e3o do governo, trata-se de uma redu\u00e7\u00e3o definitiva e inconstitucional.<\/p>\n\n\n\n<p>A rede CNEC pressiona os\/as professores\/as com o fantasma da demiss\u00e3o e com a constante responsabiliza\u00e7\u00e3o dos mesmos pela manuten\u00e7\u00e3o e continuidade das atividades escolares, pois, segundo a institui\u00e7\u00e3o, a luta pelos sal\u00e1rios atrasados, pelos acordos n\u00e3o cumpridos, pelo n\u00e3o pagamento de rescis\u00f5es de tantos docentes em per\u00edodos bem anteriores \u00e0 pandemia, n\u00e3o condiz com o amor \u00e0 educa\u00e7\u00e3o e aos alunos. Os\/as professores\/as, com esta decis\u00e3o em Assembleia \u2013 que foi constru\u00edda a partir de v\u00e1rios debates coletivos \u2013 demonstram que o amor \u00e0 educa\u00e7\u00e3o e aos alunos precisa ser expresso tamb\u00e9m pela dignidade com que a rede trata seu corpo docente.<\/p>\n\n\n\n<p>Educa\u00e7\u00e3o \u00e9 a nossa luta, uni\u00e3o \u00e9 a nossa resist\u00eancia!<\/p>\n\n\n\n<p><strong><em>Professores\/as que participaram da assembleia de 13\/06\/2020<\/em><\/strong><\/p>\n","protected":false},"excerpt":{"rendered":"<p>Em assembleia virtual, realizada neste s\u00e1bado, 13\/06, os\/as professores\/as da Rede Campanha Nacional das Escolas da Comunidade (CNEC) deliberaram entrar em greve a partir do dia 17\/06, motivados\/as pelo n\u00e3o pagamento integral dos sal\u00e1rios de mar\u00e7o, abril e maio e pela imposi\u00e7\u00e3o da mantenedora de reduzir o valor das horas-aula, em desacordo com os\/as professores\/as [&hellip;]<\/p>\n","protected":false},"author":2,"featured_media":28191,"comment_status":"closed","ping_status":"closed","sticky":false,"template":"","format":"standard","meta":{"footnotes":""},"categories":[1],"tags":[],"class_list":["post-28190","post","type-post","status-publish","format-standard","has-post-thumbnail","hentry","category-noticias"],"yoast_head":"<!-- This site is optimized with the Yoast SEO plugin v25.7 - https:\/\/yoast.com\/wordpress\/plugins\/seo\/ -->\n<title>Carta aberta: profs. do CNEC-Ilha do Governador - Sinpro-Rio<\/title>\n<meta name=\"robots\" content=\"index, follow, max-snippet:-1, max-image-preview:large, max-video-preview:-1\" \/>\n<link rel=\"canonical\" href=\"https:\/\/www.sinpro-rio.org.br\/principal\/carta-aberta-profs-do-cnec-ilha-do-governador\/\" \/>\n<meta property=\"og:locale\" content=\"pt_BR\" \/>\n<meta property=\"og:type\" content=\"article\" \/>\n<meta property=\"og:title\" content=\"Carta aberta: profs. do CNEC-Ilha do Governador - Sinpro-Rio\" \/>\n<meta property=\"og:description\" content=\"Em assembleia virtual, realizada neste s\u00e1bado, 13\/06, os\/as professores\/as da Rede Campanha Nacional das Escolas da Comunidade (CNEC) deliberaram entrar em greve a partir do dia 17\/06, motivados\/as pelo n\u00e3o pagamento integral dos sal\u00e1rios de mar\u00e7o, abril e maio e pela imposi\u00e7\u00e3o da mantenedora de reduzir o valor das horas-aula, em desacordo com os\/as professores\/as [&hellip;]\" \/>\n<meta property=\"og:url\" content=\"https:\/\/www.sinpro-rio.org.br\/principal\/carta-aberta-profs-do-cnec-ilha-do-governador\/\" \/>\n<meta property=\"og:site_name\" content=\"Sinpro-Rio\" \/>\n<meta property=\"article:published_time\" content=\"2020-06-15T13:11:11+00:00\" \/>\n<meta property=\"article:modified_time\" content=\"2020-06-15T13:12:42+00:00\" \/>\n<meta property=\"og:image\" content=\"https:\/\/www.sinpro-rio.org.br\/principal\/wp-content\/uploads\/2020\/06\/IMG-20200316-WA0034.jpg\" \/>\n\t<meta property=\"og:image:width\" content=\"700\" \/>\n\t<meta property=\"og:image:height\" content=\"367\" \/>\n\t<meta property=\"og:image:type\" content=\"image\/jpeg\" \/>\n<meta name=\"author\" content=\"alessandra\" \/>\n<meta name=\"twitter:card\" content=\"summary_large_image\" \/>\n<meta name=\"twitter:label1\" content=\"Escrito por\" \/>\n\t<meta name=\"twitter:data1\" content=\"alessandra\" \/>\n\t<meta name=\"twitter:label2\" content=\"Est. tempo de leitura\" \/>\n\t<meta name=\"twitter:data2\" content=\"2 minutos\" \/>\n<script type=\"application\/ld+json\" class=\"yoast-schema-graph\">{\"@context\":\"https:\/\/schema.org\",\"@graph\":[{\"@type\":\"WebPage\",\"@id\":\"https:\/\/www.sinpro-rio.org.br\/principal\/carta-aberta-profs-do-cnec-ilha-do-governador\/\",\"url\":\"https:\/\/www.sinpro-rio.org.br\/principal\/carta-aberta-profs-do-cnec-ilha-do-governador\/\",\"name\":\"Carta aberta: profs. do CNEC-Ilha do Governador - Sinpro-Rio\",\"isPartOf\":{\"@id\":\"https:\/\/www.sinpro-rio.org.br\/principal\/#website\"},\"primaryImageOfPage\":{\"@id\":\"https:\/\/www.sinpro-rio.org.br\/principal\/carta-aberta-profs-do-cnec-ilha-do-governador\/#primaryimage\"},\"image\":{\"@id\":\"https:\/\/www.sinpro-rio.org.br\/principal\/carta-aberta-profs-do-cnec-ilha-do-governador\/#primaryimage\"},\"thumbnailUrl\":\"https:\/\/www.sinpro-rio.org.br\/principal\/wp-content\/uploads\/2020\/06\/IMG-20200316-WA0034.jpg\",\"datePublished\":\"2020-06-15T13:11:11+00:00\",\"dateModified\":\"2020-06-15T13:12:42+00:00\",\"author\":{\"@id\":\"https:\/\/www.sinpro-rio.org.br\/principal\/#\/schema\/person\/ee17219e64d00d037e511ae59ce2227e\"},\"breadcrumb\":{\"@id\":\"https:\/\/www.sinpro-rio.org.br\/principal\/carta-aberta-profs-do-cnec-ilha-do-governador\/#breadcrumb\"},\"inLanguage\":\"pt-BR\",\"potentialAction\":[{\"@type\":\"ReadAction\",\"target\":[\"https:\/\/www.sinpro-rio.org.br\/principal\/carta-aberta-profs-do-cnec-ilha-do-governador\/\"]}]},{\"@type\":\"ImageObject\",\"inLanguage\":\"pt-BR\",\"@id\":\"https:\/\/www.sinpro-rio.org.br\/principal\/carta-aberta-profs-do-cnec-ilha-do-governador\/#primaryimage\",\"url\":\"https:\/\/www.sinpro-rio.org.br\/principal\/wp-content\/uploads\/2020\/06\/IMG-20200316-WA0034.jpg\",\"contentUrl\":\"https:\/\/www.sinpro-rio.org.br\/principal\/wp-content\/uploads\/2020\/06\/IMG-20200316-WA0034.jpg\",\"width\":700,\"height\":367},{\"@type\":\"BreadcrumbList\",\"@id\":\"https:\/\/www.sinpro-rio.org.br\/principal\/carta-aberta-profs-do-cnec-ilha-do-governador\/#breadcrumb\",\"itemListElement\":[{\"@type\":\"ListItem\",\"position\":1,\"name\":\"In\u00edcio\",\"item\":\"https:\/\/www.sinpro-rio.org.br\/principal\/\"},{\"@type\":\"ListItem\",\"position\":2,\"name\":\"Carta aberta: profs. do CNEC-Ilha do Governador\"}]},{\"@type\":\"WebSite\",\"@id\":\"https:\/\/www.sinpro-rio.org.br\/principal\/#website\",\"url\":\"https:\/\/www.sinpro-rio.org.br\/principal\/\",\"name\":\"Sinpro-Rio\",\"description\":\"Sindicato dos Professores do Munic\u00edpio do Rio de Janeiro e Regi\u00e3o\",\"potentialAction\":[{\"@type\":\"SearchAction\",\"target\":{\"@type\":\"EntryPoint\",\"urlTemplate\":\"https:\/\/www.sinpro-rio.org.br\/principal\/?s={search_term_string}\"},\"query-input\":{\"@type\":\"PropertyValueSpecification\",\"valueRequired\":true,\"valueName\":\"search_term_string\"}}],\"inLanguage\":\"pt-BR\"},{\"@type\":\"Person\",\"@id\":\"https:\/\/www.sinpro-rio.org.br\/principal\/#\/schema\/person\/ee17219e64d00d037e511ae59ce2227e\",\"name\":\"alessandra\",\"image\":{\"@type\":\"ImageObject\",\"inLanguage\":\"pt-BR\",\"@id\":\"https:\/\/www.sinpro-rio.org.br\/principal\/#\/schema\/person\/image\/\",\"url\":\"https:\/\/secure.gravatar.com\/avatar\/2b43fa8c0ad8e33b46a4732549f7fb20?s=96&d=mm&r=g\",\"contentUrl\":\"https:\/\/secure.gravatar.com\/avatar\/2b43fa8c0ad8e33b46a4732549f7fb20?s=96&d=mm&r=g\",\"caption\":\"alessandra\"},\"url\":\"https:\/\/www.sinpro-rio.org.br\/principal\/author\/alessandra\/\"}]}<\/script>\n<!-- \/ Yoast SEO plugin. -->","yoast_head_json":{"title":"Carta aberta: profs. do CNEC-Ilha do Governador - Sinpro-Rio","robots":{"index":"index","follow":"follow","max-snippet":"max-snippet:-1","max-image-preview":"max-image-preview:large","max-video-preview":"max-video-preview:-1"},"canonical":"https:\/\/www.sinpro-rio.org.br\/principal\/carta-aberta-profs-do-cnec-ilha-do-governador\/","og_locale":"pt_BR","og_type":"article","og_title":"Carta aberta: profs. do CNEC-Ilha do Governador - Sinpro-Rio","og_description":"Em assembleia virtual, realizada neste s\u00e1bado, 13\/06, os\/as professores\/as da Rede Campanha Nacional das Escolas da Comunidade (CNEC) deliberaram entrar em greve a partir do dia 17\/06, motivados\/as pelo n\u00e3o pagamento integral dos sal\u00e1rios de mar\u00e7o, abril e maio e pela imposi\u00e7\u00e3o da mantenedora de reduzir o valor das horas-aula, em desacordo com os\/as professores\/as [&hellip;]","og_url":"https:\/\/www.sinpro-rio.org.br\/principal\/carta-aberta-profs-do-cnec-ilha-do-governador\/","og_site_name":"Sinpro-Rio","article_published_time":"2020-06-15T13:11:11+00:00","article_modified_time":"2020-06-15T13:12:42+00:00","og_image":[{"width":700,"height":367,"url":"https:\/\/www.sinpro-rio.org.br\/principal\/wp-content\/uploads\/2020\/06\/IMG-20200316-WA0034.jpg","type":"image\/jpeg"}],"author":"alessandra","twitter_card":"summary_large_image","twitter_misc":{"Escrito por":"alessandra","Est. tempo de leitura":"2 minutos"},"schema":{"@context":"https:\/\/schema.org","@graph":[{"@type":"WebPage","@id":"https:\/\/www.sinpro-rio.org.br\/principal\/carta-aberta-profs-do-cnec-ilha-do-governador\/","url":"https:\/\/www.sinpro-rio.org.br\/principal\/carta-aberta-profs-do-cnec-ilha-do-governador\/","name":"Carta aberta: profs. do CNEC-Ilha do Governador - Sinpro-Rio","isPartOf":{"@id":"https:\/\/www.sinpro-rio.org.br\/principal\/#website"},"primaryImageOfPage":{"@id":"https:\/\/www.sinpro-rio.org.br\/principal\/carta-aberta-profs-do-cnec-ilha-do-governador\/#primaryimage"},"image":{"@id":"https:\/\/www.sinpro-rio.org.br\/principal\/carta-aberta-profs-do-cnec-ilha-do-governador\/#primaryimage"},"thumbnailUrl":"https:\/\/www.sinpro-rio.org.br\/principal\/wp-content\/uploads\/2020\/06\/IMG-20200316-WA0034.jpg","datePublished":"2020-06-15T13:11:11+00:00","dateModified":"2020-06-15T13:12:42+00:00","author":{"@id":"https:\/\/www.sinpro-rio.org.br\/principal\/#\/schema\/person\/ee17219e64d00d037e511ae59ce2227e"},"breadcrumb":{"@id":"https:\/\/www.sinpro-rio.org.br\/principal\/carta-aberta-profs-do-cnec-ilha-do-governador\/#breadcrumb"},"inLanguage":"pt-BR","potentialAction":[{"@type":"ReadAction","target":["https:\/\/www.sinpro-rio.org.br\/principal\/carta-aberta-profs-do-cnec-ilha-do-governador\/"]}]},{"@type":"ImageObject","inLanguage":"pt-BR","@id":"https:\/\/www.sinpro-rio.org.br\/principal\/carta-aberta-profs-do-cnec-ilha-do-governador\/#primaryimage","url":"https:\/\/www.sinpro-rio.org.br\/principal\/wp-content\/uploads\/2020\/06\/IMG-20200316-WA0034.jpg","contentUrl":"https:\/\/www.sinpro-rio.org.br\/principal\/wp-content\/uploads\/2020\/06\/IMG-20200316-WA0034.jpg","width":700,"height":367},{"@type":"BreadcrumbList","@id":"https:\/\/www.sinpro-rio.org.br\/principal\/carta-aberta-profs-do-cnec-ilha-do-governador\/#breadcrumb","itemListElement":[{"@type":"ListItem","position":1,"name":"In\u00edcio","item":"https:\/\/www.sinpro-rio.org.br\/principal\/"},{"@type":"ListItem","position":2,"name":"Carta aberta: profs. do CNEC-Ilha do Governador"}]},{"@type":"WebSite","@id":"https:\/\/www.sinpro-rio.org.br\/principal\/#website","url":"https:\/\/www.sinpro-rio.org.br\/principal\/","name":"Sinpro-Rio","description":"Sindicato dos Professores do Munic\u00edpio do Rio de Janeiro e Regi\u00e3o","potentialAction":[{"@type":"SearchAction","target":{"@type":"EntryPoint","urlTemplate":"https:\/\/www.sinpro-rio.org.br\/principal\/?s={search_term_string}"},"query-input":{"@type":"PropertyValueSpecification","valueRequired":true,"valueName":"search_term_string"}}],"inLanguage":"pt-BR"},{"@type":"Person","@id":"https:\/\/www.sinpro-rio.org.br\/principal\/#\/schema\/person\/ee17219e64d00d037e511ae59ce2227e","name":"alessandra","image":{"@type":"ImageObject","inLanguage":"pt-BR","@id":"https:\/\/www.sinpro-rio.org.br\/principal\/#\/schema\/person\/image\/","url":"https:\/\/secure.gravatar.com\/avatar\/2b43fa8c0ad8e33b46a4732549f7fb20?s=96&d=mm&r=g","contentUrl":"https:\/\/secure.gravatar.com\/avatar\/2b43fa8c0ad8e33b46a4732549f7fb20?s=96&d=mm&r=g","caption":"alessandra"},"url":"https:\/\/www.sinpro-rio.org.br\/principal\/author\/alessandra\/"}]}},"_links":{"self":[{"href":"https:\/\/www.sinpro-rio.org.br\/principal\/wp-json\/wp\/v2\/posts\/28190","targetHints":{"allow":["GET"]}}],"collection":[{"href":"https:\/\/www.sinpro-rio.org.br\/principal\/wp-json\/wp\/v2\/posts"}],"about":[{"href":"https:\/\/www.sinpro-rio.org.br\/principal\/wp-json\/wp\/v2\/types\/post"}],"author":[{"embeddable":true,"href":"https:\/\/www.sinpro-rio.org.br\/principal\/wp-json\/wp\/v2\/users\/2"}],"replies":[{"embeddable":true,"href":"https:\/\/www.sinpro-rio.org.br\/principal\/wp-json\/wp\/v2\/comments?post=28190"}],"version-history":[{"count":2,"href":"https:\/\/www.sinpro-rio.org.br\/principal\/wp-json\/wp\/v2\/posts\/28190\/revisions"}],"predecessor-version":[{"id":28194,"href":"https:\/\/www.sinpro-rio.org.br\/principal\/wp-json\/wp\/v2\/posts\/28190\/revisions\/28194"}],"wp:featuredmedia":[{"embeddable":true,"href":"https:\/\/www.sinpro-rio.org.br\/principal\/wp-json\/wp\/v2\/media\/28191"}],"wp:attachment":[{"href":"https:\/\/www.sinpro-rio.org.br\/principal\/wp-json\/wp\/v2\/media?parent=28190"}],"wp:term":[{"taxonomy":"category","embeddable":true,"href":"https:\/\/www.sinpro-rio.org.br\/principal\/wp-json\/wp\/v2\/categories?post=28190"},{"taxonomy":"post_tag","embeddable":true,"href":"https:\/\/www.sinpro-rio.org.br\/principal\/wp-json\/wp\/v2\/tags?post=28190"}],"curies":[{"name":"wp","href":"https:\/\/api.w.org\/{rel}","templated":true}]}}