{"id":28173,"date":"2020-06-12T08:41:00","date_gmt":"2020-06-12T11:41:00","guid":{"rendered":"https:\/\/sinpro-rio.org.br\/principal\/?p=28173"},"modified":"2020-06-16T16:50:47","modified_gmt":"2020-06-16T19:50:47","slug":"nota-oficial-sinpro-rio-apoia-manutencao-do-campus-belford-roxo-do-ifrj","status":"publish","type":"post","link":"https:\/\/www.sinpro-rio.org.br\/principal\/nota-oficial-sinpro-rio-apoia-manutencao-do-campus-belford-roxo-do-ifrj\/","title":{"rendered":"Nota oficial: Sinpro-Rio apoia manuten\u00e7\u00e3o do campus Belford Roxo do IFRJ"},"content":{"rendered":"\n<p>A luta pela manuten\u00e7\u00e3o do Campus Belford Roxo do IFRJ \u00e9 extremamente importante. Essa cidade da baixada fluminense, tem um dos IDH mais baixos do pa\u00eds e altissimos \u00edndices de viol\u00eancia.<br>O campus de Belford Roxo foi pensado dentro do plano de expans\u00e3o da EPT dos governos Lula e Dilma . Foi uma luta imensa que travamos para conquistar aquele espa\u00e7o que se somou aos mais de 30 campi que criamos em nosso estado.<br>Ao tomar tal decis\u00e3o, a prefeitura ignora o conte\u00fado da escritura de doa\u00e7\u00e3o do terreno ao IFRJ, firmado entre as partes desde 2013, leis municipais que a regulamentam, e toda tramita\u00e7\u00e3o jur\u00eddica em andamento pelo imbr\u00f3glio por ela mesmo criado por n\u00e3o conceder os pedidos de licen\u00e7as de amplia\u00e7\u00e3o do Campus protocoladas pela reitoria da institui\u00e7\u00e3o. Essa atitude p\u00f5e em risco o futuro de milhares de jovens que t\u00eam na educa\u00e7\u00e3o profissional suas esperan\u00e7as de uma vida melhor.<br>Edmundo Aguiar<br>(11\/07\/20)<\/p>\n\n\n\n<p><strong><em>Diretoria do Sinpro-Rio <\/em><\/strong><\/p>\n","protected":false},"excerpt":{"rendered":"<p>A luta pela manuten\u00e7\u00e3o do Campus Belford Roxo do IFRJ \u00e9 extremamente importante. Essa cidade da baixada fluminense, tem um dos IDH mais baixos do pa\u00eds e altissimos \u00edndices de viol\u00eancia.O campus de Belford Roxo foi pensado dentro do plano de expans\u00e3o da EPT dos governos Lula e Dilma . Foi uma luta imensa que [&hellip;]<\/p>\n","protected":false},"author":2,"featured_media":27957,"comment_status":"closed","ping_status":"closed","sticky":false,"template":"","format":"standard","meta":{"footnotes":""},"categories":[1],"tags":[],"class_list":["post-28173","post","type-post","status-publish","format-standard","has-post-thumbnail","hentry","category-noticias"],"yoast_head":"<!-- This site is optimized with the Yoast SEO plugin v25.7 - https:\/\/yoast.com\/wordpress\/plugins\/seo\/ -->\n<title>Nota oficial: Sinpro-Rio apoia manuten\u00e7\u00e3o do campus Belford Roxo do IFRJ - Sinpro-Rio<\/title>\n<meta name=\"robots\" content=\"index, follow, max-snippet:-1, max-image-preview:large, max-video-preview:-1\" \/>\n<link rel=\"canonical\" href=\"https:\/\/www.sinpro-rio.org.br\/principal\/nota-oficial-sinpro-rio-apoia-manutencao-do-campus-belford-roxo-do-ifrj\/\" \/>\n<meta property=\"og:locale\" content=\"pt_BR\" \/>\n<meta property=\"og:type\" content=\"article\" \/>\n<meta property=\"og:title\" content=\"Nota oficial: Sinpro-Rio apoia manuten\u00e7\u00e3o do campus Belford Roxo do IFRJ - Sinpro-Rio\" \/>\n<meta property=\"og:description\" content=\"A luta pela manuten\u00e7\u00e3o do Campus Belford Roxo do IFRJ \u00e9 extremamente importante. Essa cidade da baixada fluminense, tem um dos IDH mais baixos do pa\u00eds e altissimos \u00edndices de viol\u00eancia.O campus de Belford Roxo foi pensado dentro do plano de expans\u00e3o da EPT dos governos Lula e Dilma . Foi uma luta imensa que [&hellip;]\" \/>\n<meta property=\"og:url\" content=\"https:\/\/www.sinpro-rio.org.br\/principal\/nota-oficial-sinpro-rio-apoia-manutencao-do-campus-belford-roxo-do-ifrj\/\" \/>\n<meta property=\"og:site_name\" content=\"Sinpro-Rio\" \/>\n<meta property=\"article:published_time\" content=\"2020-06-12T11:41:00+00:00\" \/>\n<meta property=\"article:modified_time\" content=\"2020-06-16T19:50:47+00:00\" \/>\n<meta property=\"og:image\" content=\"https:\/\/www.sinpro-rio.org.br\/principal\/wp-content\/uploads\/2020\/05\/IMG-20191220-WA0096.jpg\" \/>\n\t<meta property=\"og:image:width\" content=\"1280\" \/>\n\t<meta property=\"og:image:height\" content=\"836\" \/>\n\t<meta property=\"og:image:type\" content=\"image\/jpeg\" \/>\n<meta name=\"author\" content=\"alessandra\" \/>\n<meta name=\"twitter:card\" content=\"summary_large_image\" \/>\n<meta name=\"twitter:label1\" content=\"Escrito por\" \/>\n\t<meta name=\"twitter:data1\" content=\"alessandra\" \/>\n\t<meta name=\"twitter:label2\" content=\"Est. tempo de leitura\" \/>\n\t<meta name=\"twitter:data2\" content=\"1 minuto\" \/>\n<script type=\"application\/ld+json\" class=\"yoast-schema-graph\">{\"@context\":\"https:\/\/schema.org\",\"@graph\":[{\"@type\":\"WebPage\",\"@id\":\"https:\/\/www.sinpro-rio.org.br\/principal\/nota-oficial-sinpro-rio-apoia-manutencao-do-campus-belford-roxo-do-ifrj\/\",\"url\":\"https:\/\/www.sinpro-rio.org.br\/principal\/nota-oficial-sinpro-rio-apoia-manutencao-do-campus-belford-roxo-do-ifrj\/\",\"name\":\"Nota oficial: Sinpro-Rio apoia manuten\u00e7\u00e3o do campus Belford Roxo do IFRJ - Sinpro-Rio\",\"isPartOf\":{\"@id\":\"https:\/\/www.sinpro-rio.org.br\/principal\/#website\"},\"primaryImageOfPage\":{\"@id\":\"https:\/\/www.sinpro-rio.org.br\/principal\/nota-oficial-sinpro-rio-apoia-manutencao-do-campus-belford-roxo-do-ifrj\/#primaryimage\"},\"image\":{\"@id\":\"https:\/\/www.sinpro-rio.org.br\/principal\/nota-oficial-sinpro-rio-apoia-manutencao-do-campus-belford-roxo-do-ifrj\/#primaryimage\"},\"thumbnailUrl\":\"https:\/\/www.sinpro-rio.org.br\/principal\/wp-content\/uploads\/2020\/05\/IMG-20191220-WA0096.jpg\",\"datePublished\":\"2020-06-12T11:41:00+00:00\",\"dateModified\":\"2020-06-16T19:50:47+00:00\",\"author\":{\"@id\":\"https:\/\/www.sinpro-rio.org.br\/principal\/#\/schema\/person\/ee17219e64d00d037e511ae59ce2227e\"},\"breadcrumb\":{\"@id\":\"https:\/\/www.sinpro-rio.org.br\/principal\/nota-oficial-sinpro-rio-apoia-manutencao-do-campus-belford-roxo-do-ifrj\/#breadcrumb\"},\"inLanguage\":\"pt-BR\",\"potentialAction\":[{\"@type\":\"ReadAction\",\"target\":[\"https:\/\/www.sinpro-rio.org.br\/principal\/nota-oficial-sinpro-rio-apoia-manutencao-do-campus-belford-roxo-do-ifrj\/\"]}]},{\"@type\":\"ImageObject\",\"inLanguage\":\"pt-BR\",\"@id\":\"https:\/\/www.sinpro-rio.org.br\/principal\/nota-oficial-sinpro-rio-apoia-manutencao-do-campus-belford-roxo-do-ifrj\/#primaryimage\",\"url\":\"https:\/\/www.sinpro-rio.org.br\/principal\/wp-content\/uploads\/2020\/05\/IMG-20191220-WA0096.jpg\",\"contentUrl\":\"https:\/\/www.sinpro-rio.org.br\/principal\/wp-content\/uploads\/2020\/05\/IMG-20191220-WA0096.jpg\",\"width\":1280,\"height\":836},{\"@type\":\"BreadcrumbList\",\"@id\":\"https:\/\/www.sinpro-rio.org.br\/principal\/nota-oficial-sinpro-rio-apoia-manutencao-do-campus-belford-roxo-do-ifrj\/#breadcrumb\",\"itemListElement\":[{\"@type\":\"ListItem\",\"position\":1,\"name\":\"In\u00edcio\",\"item\":\"https:\/\/www.sinpro-rio.org.br\/principal\/\"},{\"@type\":\"ListItem\",\"position\":2,\"name\":\"Nota oficial: Sinpro-Rio apoia manuten\u00e7\u00e3o do campus Belford Roxo do IFRJ\"}]},{\"@type\":\"WebSite\",\"@id\":\"https:\/\/www.sinpro-rio.org.br\/principal\/#website\",\"url\":\"https:\/\/www.sinpro-rio.org.br\/principal\/\",\"name\":\"Sinpro-Rio\",\"description\":\"Sindicato dos Professores do Munic\u00edpio do Rio de Janeiro e Regi\u00e3o\",\"potentialAction\":[{\"@type\":\"SearchAction\",\"target\":{\"@type\":\"EntryPoint\",\"urlTemplate\":\"https:\/\/www.sinpro-rio.org.br\/principal\/?s={search_term_string}\"},\"query-input\":{\"@type\":\"PropertyValueSpecification\",\"valueRequired\":true,\"valueName\":\"search_term_string\"}}],\"inLanguage\":\"pt-BR\"},{\"@type\":\"Person\",\"@id\":\"https:\/\/www.sinpro-rio.org.br\/principal\/#\/schema\/person\/ee17219e64d00d037e511ae59ce2227e\",\"name\":\"alessandra\",\"image\":{\"@type\":\"ImageObject\",\"inLanguage\":\"pt-BR\",\"@id\":\"https:\/\/www.sinpro-rio.org.br\/principal\/#\/schema\/person\/image\/\",\"url\":\"https:\/\/secure.gravatar.com\/avatar\/2b43fa8c0ad8e33b46a4732549f7fb20?s=96&d=mm&r=g\",\"contentUrl\":\"https:\/\/secure.gravatar.com\/avatar\/2b43fa8c0ad8e33b46a4732549f7fb20?s=96&d=mm&r=g\",\"caption\":\"alessandra\"},\"url\":\"https:\/\/www.sinpro-rio.org.br\/principal\/author\/alessandra\/\"}]}<\/script>\n<!-- \/ Yoast SEO plugin. -->","yoast_head_json":{"title":"Nota oficial: Sinpro-Rio apoia manuten\u00e7\u00e3o do campus Belford Roxo do IFRJ - Sinpro-Rio","robots":{"index":"index","follow":"follow","max-snippet":"max-snippet:-1","max-image-preview":"max-image-preview:large","max-video-preview":"max-video-preview:-1"},"canonical":"https:\/\/www.sinpro-rio.org.br\/principal\/nota-oficial-sinpro-rio-apoia-manutencao-do-campus-belford-roxo-do-ifrj\/","og_locale":"pt_BR","og_type":"article","og_title":"Nota oficial: Sinpro-Rio apoia manuten\u00e7\u00e3o do campus Belford Roxo do IFRJ - Sinpro-Rio","og_description":"A luta pela manuten\u00e7\u00e3o do Campus Belford Roxo do IFRJ \u00e9 extremamente importante. Essa cidade da baixada fluminense, tem um dos IDH mais baixos do pa\u00eds e altissimos \u00edndices de viol\u00eancia.O campus de Belford Roxo foi pensado dentro do plano de expans\u00e3o da EPT dos governos Lula e Dilma . Foi uma luta imensa que [&hellip;]","og_url":"https:\/\/www.sinpro-rio.org.br\/principal\/nota-oficial-sinpro-rio-apoia-manutencao-do-campus-belford-roxo-do-ifrj\/","og_site_name":"Sinpro-Rio","article_published_time":"2020-06-12T11:41:00+00:00","article_modified_time":"2020-06-16T19:50:47+00:00","og_image":[{"width":1280,"height":836,"url":"https:\/\/www.sinpro-rio.org.br\/principal\/wp-content\/uploads\/2020\/05\/IMG-20191220-WA0096.jpg","type":"image\/jpeg"}],"author":"alessandra","twitter_card":"summary_large_image","twitter_misc":{"Escrito por":"alessandra","Est. tempo de leitura":"1 minuto"},"schema":{"@context":"https:\/\/schema.org","@graph":[{"@type":"WebPage","@id":"https:\/\/www.sinpro-rio.org.br\/principal\/nota-oficial-sinpro-rio-apoia-manutencao-do-campus-belford-roxo-do-ifrj\/","url":"https:\/\/www.sinpro-rio.org.br\/principal\/nota-oficial-sinpro-rio-apoia-manutencao-do-campus-belford-roxo-do-ifrj\/","name":"Nota oficial: Sinpro-Rio apoia manuten\u00e7\u00e3o do campus Belford Roxo do IFRJ - Sinpro-Rio","isPartOf":{"@id":"https:\/\/www.sinpro-rio.org.br\/principal\/#website"},"primaryImageOfPage":{"@id":"https:\/\/www.sinpro-rio.org.br\/principal\/nota-oficial-sinpro-rio-apoia-manutencao-do-campus-belford-roxo-do-ifrj\/#primaryimage"},"image":{"@id":"https:\/\/www.sinpro-rio.org.br\/principal\/nota-oficial-sinpro-rio-apoia-manutencao-do-campus-belford-roxo-do-ifrj\/#primaryimage"},"thumbnailUrl":"https:\/\/www.sinpro-rio.org.br\/principal\/wp-content\/uploads\/2020\/05\/IMG-20191220-WA0096.jpg","datePublished":"2020-06-12T11:41:00+00:00","dateModified":"2020-06-16T19:50:47+00:00","author":{"@id":"https:\/\/www.sinpro-rio.org.br\/principal\/#\/schema\/person\/ee17219e64d00d037e511ae59ce2227e"},"breadcrumb":{"@id":"https:\/\/www.sinpro-rio.org.br\/principal\/nota-oficial-sinpro-rio-apoia-manutencao-do-campus-belford-roxo-do-ifrj\/#breadcrumb"},"inLanguage":"pt-BR","potentialAction":[{"@type":"ReadAction","target":["https:\/\/www.sinpro-rio.org.br\/principal\/nota-oficial-sinpro-rio-apoia-manutencao-do-campus-belford-roxo-do-ifrj\/"]}]},{"@type":"ImageObject","inLanguage":"pt-BR","@id":"https:\/\/www.sinpro-rio.org.br\/principal\/nota-oficial-sinpro-rio-apoia-manutencao-do-campus-belford-roxo-do-ifrj\/#primaryimage","url":"https:\/\/www.sinpro-rio.org.br\/principal\/wp-content\/uploads\/2020\/05\/IMG-20191220-WA0096.jpg","contentUrl":"https:\/\/www.sinpro-rio.org.br\/principal\/wp-content\/uploads\/2020\/05\/IMG-20191220-WA0096.jpg","width":1280,"height":836},{"@type":"BreadcrumbList","@id":"https:\/\/www.sinpro-rio.org.br\/principal\/nota-oficial-sinpro-rio-apoia-manutencao-do-campus-belford-roxo-do-ifrj\/#breadcrumb","itemListElement":[{"@type":"ListItem","position":1,"name":"In\u00edcio","item":"https:\/\/www.sinpro-rio.org.br\/principal\/"},{"@type":"ListItem","position":2,"name":"Nota oficial: Sinpro-Rio apoia manuten\u00e7\u00e3o do campus Belford Roxo do IFRJ"}]},{"@type":"WebSite","@id":"https:\/\/www.sinpro-rio.org.br\/principal\/#website","url":"https:\/\/www.sinpro-rio.org.br\/principal\/","name":"Sinpro-Rio","description":"Sindicato dos Professores do Munic\u00edpio do Rio de Janeiro e Regi\u00e3o","potentialAction":[{"@type":"SearchAction","target":{"@type":"EntryPoint","urlTemplate":"https:\/\/www.sinpro-rio.org.br\/principal\/?s={search_term_string}"},"query-input":{"@type":"PropertyValueSpecification","valueRequired":true,"valueName":"search_term_string"}}],"inLanguage":"pt-BR"},{"@type":"Person","@id":"https:\/\/www.sinpro-rio.org.br\/principal\/#\/schema\/person\/ee17219e64d00d037e511ae59ce2227e","name":"alessandra","image":{"@type":"ImageObject","inLanguage":"pt-BR","@id":"https:\/\/www.sinpro-rio.org.br\/principal\/#\/schema\/person\/image\/","url":"https:\/\/secure.gravatar.com\/avatar\/2b43fa8c0ad8e33b46a4732549f7fb20?s=96&d=mm&r=g","contentUrl":"https:\/\/secure.gravatar.com\/avatar\/2b43fa8c0ad8e33b46a4732549f7fb20?s=96&d=mm&r=g","caption":"alessandra"},"url":"https:\/\/www.sinpro-rio.org.br\/principal\/author\/alessandra\/"}]}},"_links":{"self":[{"href":"https:\/\/www.sinpro-rio.org.br\/principal\/wp-json\/wp\/v2\/posts\/28173","targetHints":{"allow":["GET"]}}],"collection":[{"href":"https:\/\/www.sinpro-rio.org.br\/principal\/wp-json\/wp\/v2\/posts"}],"about":[{"href":"https:\/\/www.sinpro-rio.org.br\/principal\/wp-json\/wp\/v2\/types\/post"}],"author":[{"embeddable":true,"href":"https:\/\/www.sinpro-rio.org.br\/principal\/wp-json\/wp\/v2\/users\/2"}],"replies":[{"embeddable":true,"href":"https:\/\/www.sinpro-rio.org.br\/principal\/wp-json\/wp\/v2\/comments?post=28173"}],"version-history":[{"count":1,"href":"https:\/\/www.sinpro-rio.org.br\/principal\/wp-json\/wp\/v2\/posts\/28173\/revisions"}],"predecessor-version":[{"id":28174,"href":"https:\/\/www.sinpro-rio.org.br\/principal\/wp-json\/wp\/v2\/posts\/28173\/revisions\/28174"}],"wp:featuredmedia":[{"embeddable":true,"href":"https:\/\/www.sinpro-rio.org.br\/principal\/wp-json\/wp\/v2\/media\/27957"}],"wp:attachment":[{"href":"https:\/\/www.sinpro-rio.org.br\/principal\/wp-json\/wp\/v2\/media?parent=28173"}],"wp:term":[{"taxonomy":"category","embeddable":true,"href":"https:\/\/www.sinpro-rio.org.br\/principal\/wp-json\/wp\/v2\/categories?post=28173"},{"taxonomy":"post_tag","embeddable":true,"href":"https:\/\/www.sinpro-rio.org.br\/principal\/wp-json\/wp\/v2\/tags?post=28173"}],"curies":[{"name":"wp","href":"https:\/\/api.w.org\/{rel}","templated":true}]}}