{"id":28138,"date":"2020-07-04T09:10:00","date_gmt":"2020-07-04T12:10:00","guid":{"rendered":"https:\/\/sinpro-rio.org.br\/principal\/?p=28138"},"modified":"2020-07-04T11:12:16","modified_gmt":"2020-07-04T14:12:16","slug":"participe-da-plenaria-virtual-sobre-volta-as-aulas-13-06-14h-via-facebook","status":"publish","type":"post","link":"https:\/\/www.sinpro-rio.org.br\/principal\/participe-da-plenaria-virtual-sobre-volta-as-aulas-13-06-14h-via-facebook\/","title":{"rendered":"Plen\u00e1ria virtual &#8220;EM DEFESA DA VIDA&#8221; &#8211; veja aqui a vers\u00e3o resumida e a vers\u00e3o original"},"content":{"rendered":"\n<p><strong><em>Reunimos um time de craques debatendo o tema e existem tr\u00eas formas de voc\u00ea assistir a PLEN\u00c1RIA.<\/em><\/strong> <strong><em>Escolha a que melhor se adapta a sua prefer\u00eancia!<\/em><\/strong><\/p>\n\n\n\n<ul class=\"wp-block-list\"><li>Assista a <strong><em>PLEN\u00c1RIA VIRTUAL ORIGINAL, sem nenhum corte ou edi\u00e7\u00e3o, transmitida ao vivo via Facebook<\/em><\/strong>, clicando <a href=\"https:\/\/www.facebook.com\/sinprorio1931\/videos\/1676795625794308\/\">AQUI<\/a>!<\/li><\/ul>\n\n\n\n<ul class=\"wp-block-list\"><li>Para assistir a <em><strong>VERS\u00c3O REDUZIDA DA PLEN\u00c1RIA com apenas as 5 primeiras participa\u00e7\u00f5es (de representantes das institui\u00e7\u00f5es Fiocruz, Nina\/UniRio, MPT-RJ, CEE-RJ e Sinpro-Rio)<\/strong><\/em>, clique <a href=\"https:\/\/www.youtube.com\/watch?v=StIZs_Uat4s&amp;list=PLvwIpcvhPEls3HhR-DqmSPLPZ4Cnz2vpj&amp;index=2&amp;t=0s\">AQUI!<\/a><\/li><\/ul>\n\n\n\n<ul class=\"wp-block-list\"><li>J\u00e1 para ver apenas algumas <strong><em>falas em separado<\/em><\/strong>:<\/li><\/ul>\n\n\n\n<p> 1 &#8211; Fala da <strong><em>Professora K\u00e1tia Bizzo Schaeffer,<\/em><\/strong> <em><strong>do Nina\/UniRio<\/strong><\/em>, acesse por <a href=\"https:\/\/www.youtube.com\/watch?v=QEXr_X3PC5Q\">AQUI<\/a>;<\/p>\n\n\n\n<p>2 &#8211; Fala do <strong><em>Dr. Hermano Castro, diretor da ENSP &#8211; Fiocruz,<\/em><\/strong> clique <a href=\"https:\/\/www.youtube.com\/watch?v=wHBChEooj8c\">AQUI<\/a>;<\/p>\n\n\n\n<p>3 &#8211; Fala do <strong><em>Dr. Jo\u00e3o Batista Berthier, Procurador-chefe do PRT-1 do MPT-RJ<\/em><\/strong>, <a href=\"https:\/\/www.youtube.com\/watch?v=I9z0Yeg-8Fc\">AQUI.<\/a><\/p>\n\n\n\n<p>4 &#8211; Fala dos<em><strong> professores Maria Eduarda Quiroga e Lu\u00eds Ricardo Pereira, diretores do Sepe-RJ<\/strong><\/em>, <a href=\"https:\/\/www.youtube.com\/watch?v=ZT7SKFGIeAk\">AQUI!<\/a><\/p>\n\n\n\n<p><\/p>\n\n\n\n<p><strong><em>ABAIXO, leia<\/em><\/strong> um <em><strong>pequeno resumo das falas<\/strong><\/em> e tenha acesso ao <strong><em>texto original da Prof\u00aa. K\u00e1tia Bizzo Schaeffer,<\/em><\/strong> t\u00e3o solicitado pelos internautas!<\/p>\n\n\n\n<figure class=\"wp-block-image size-large\"><img fetchpriority=\"high\" decoding=\"async\" width=\"1024\" height=\"1024\" src=\"https:\/\/sinpro-rio.org.br\/principal\/wp-content\/uploads\/2020\/06\/20200613_121458_0000-1024x1024.png\" alt=\"\" class=\"wp-image-28163\" srcset=\"https:\/\/www.sinpro-rio.org.br\/principal\/wp-content\/uploads\/2020\/06\/20200613_121458_0000-1024x1024.png 1024w, https:\/\/www.sinpro-rio.org.br\/principal\/wp-content\/uploads\/2020\/06\/20200613_121458_0000-300x300.png 300w, https:\/\/www.sinpro-rio.org.br\/principal\/wp-content\/uploads\/2020\/06\/20200613_121458_0000-100x100.png 100w, https:\/\/www.sinpro-rio.org.br\/principal\/wp-content\/uploads\/2020\/06\/20200613_121458_0000-768x768.png 768w, https:\/\/www.sinpro-rio.org.br\/principal\/wp-content\/uploads\/2020\/06\/20200613_121458_0000-1536x1536.png 1536w, https:\/\/www.sinpro-rio.org.br\/principal\/wp-content\/uploads\/2020\/06\/20200613_121458_0000-2048x2048.png 2048w\" sizes=\"(max-width: 1024px) 100vw, 1024px\" \/><\/figure>\n\n\n\n<p>A Plen\u00e1ria virtual \u201cEm Defesa da Vida\u201d, promovida em 13 de junho, pelo Sinpro-Rio, com entidades representativas de trabalhadores da educa\u00e7\u00e3o, estudantes, jur\u00eddico e legislativo obteve uma grande repercuss\u00e3o nas redes sociais. A reprova\u00e7\u00e3o da defini\u00e7\u00e3o de uma data para a volta \u00e0s aulas presenciais foi total. Veja os n\u00fameros somente do Facebook, que comprovam a grande preocupa\u00e7\u00e3o com o tema:<\/p>\n\n\n\n<p><em><strong>Pessoas alcan\u00e7adas: 10.673; visualiza\u00e7\u00f5es: 6.200; coment\u00e1rios: 1.300; compartilhamentos: 116.<\/strong><\/em><br>Abaixo, os destaques dos pronunciamentos:<\/p>\n\n\n\n<p><strong><em>Dr. Hermano Castro \u2013 diretor da Escola Nacional de Sa\u00fade P\u00fablica S\u00e9rgio Arouca &#8211; ENSP &#8211; Fiocruz:<\/em><\/strong><\/p>\n\n\n\n<ul class=\"wp-block-list\"><li>O Rio de Janeiro (estado e munic\u00edpio) n\u00e3o atende os crit\u00e9rios de flexibiliza\u00e7\u00e3o da OMS.<\/li><li>O munic\u00edpio do Rio \u00e9 o que tem maior letalidade, com 12%.<\/li><li>A letalidade no Brasil aumentou da seguinte forma: no primeiro m\u00eas, 1.000 mortes; segundo m\u00eas, 12 mil \u00f3bitos; terceiro m\u00eas, 42 mil mortes\u201d. (\u2026)<\/li><li>N\u00e3o foi apresentado, pela prefeitura, um planejamento para o retorno \u00e0s aulas presenciais. Al\u00e9m da necessidade de testagem e monitoramento das \u00e1reas de risco, seriam imprescind\u00edveis medidas de higieniza\u00e7\u00e3o nas escolas, pr\u00e1ticas de distanciamento entre os estudantes, plano de capacita\u00e7\u00e3o dos trabalhadores, plano de comunica\u00e7\u00e3o, plano de sa\u00fade mental para docentes e dicentes.<\/li><\/ul>\n\n\n\n<p><strong><em>Profa<\/em><\/strong>. <strong><em>K\u00e1tia Schaeffer &#8211; Nina\/UNIRIO<\/em><\/strong><\/p>\n\n\n\n<ul class=\"wp-block-list\"><li>Com a possibilidade da volta \u00e0s aulas presenciais, aumentou a ang\u00fastia dos pais, respons\u00e1veis, estudantes e professores.<\/li><li>O retorno \u00e0s aulas, com a pandemia ainda presente, n\u00e3o seria neglig\u00eancia? N\u00e3o h\u00e1 como pensar em protocolos sem pensar em quem vai execut\u00e1-los.<\/li><li>N\u00e3o justifiquem o retorno \u00e0 Escola com a preocupa\u00e7\u00e3o com a aprendizagem escolar, pois ela tamb\u00e9m teria sua qualidade comprometida, sobretudo na Ed. Infantil, pela necessidade do distanciamento e demais exig\u00eancias sanit\u00e1rias.<\/li><li>Escola n\u00e3o \u00e9 dep\u00f3sito de crian\u00e7as em hip\u00f3tese alguma! O momento \u00e9 de preserva\u00e7\u00e3o da vida!<\/li><li><em><strong>LEIA A \u00cdNTEGRA DO TEXTO apresentado pela professora K\u00e1tia Schaefer <\/strong><\/em>durante a Plen\u00e1ria <a href=\"https:\/\/sinpro-rio.org.br\/principal\/wp-content\/uploads\/2020\/06\/Plen\u00e1ria-vitual-Sinpro-Rio-Katia-Bizzo-Schaefer-13-06-20.pdf\">AQUI!<\/a><\/li><\/ul>\n\n\n\n<div class=\"wp-block-file\"><a href=\"https:\/\/sinpro-rio.org.br\/principal\/wp-content\/uploads\/2020\/06\/Plen\u00e1ria-vitual-Sinpro-Rio-Katia-Bizzo-Schaefer-13-06-20.pdf\" class=\"wp-block-file__button\" download><\/a><\/div>\n\n\n\n<p><strong><em>Dr. Jo\u00e3o Batista Berthier \u2013 Procurador-chefe da PRT-1 do Minist\u00e9rio P\u00fablico do Trabalho\/RJ<\/em><\/strong><\/p>\n\n\n\n<ul class=\"wp-block-list\"><li>Criamos um gabinete integrado somente para cuidar dos efeitos trabalhistas do Covid-19<\/li><li>As autua\u00e7\u00f5es a empres\u00e1rios j\u00e1 geraram 16 milh\u00f5es em multas, que foram repassadas para a confec\u00e7\u00e3o de m\u00e1scaras e cestas b\u00e1sicas, no Rio de Janeiro.<\/li><li>governo do Estado criou um gabinete de crise, mas n\u00e3o chamou o MPT para reuni\u00f5es sobre o assunto.<\/li><li>As Medias Provis\u00f3rias 927 e 936 s\u00f3 prev\u00eaem negocia\u00e7\u00e3o direta do empres\u00e1rio com o trabalhador. Criticamos o fato dos sindicatos serem exclu\u00eddos de uma participa\u00e7\u00e3o ativa nas negocia\u00e7\u00f5es.<\/li><li>Queremos, essencialmente, salvar vidas, depois vem a recupera\u00e7\u00e3o da economia.<\/li><li>Os propriet\u00e1rios de escolas t\u00eam que pensar na responsabilidade que assumir\u00e3o ao colocar vidas em risco com a volta \u00e0s aulas presenciais, neste momento.<\/li><li>Tem que haver planejamento antes de definir o momento da volta \u00e0s aulas presenciais. N\u00e3o confundir rapidez com imediatismo. Pode haver algu\u00e9m aplaudindo o retorno, mas o pre\u00e7o a ser pago, posteriormente, pode ser muito alto.<\/li><\/ul>\n\n\n\n<p><strong><em>Professora Malvina Tuttman \u2013 Presidenta do Conselho Estadual de Educa\u00e7\u00e3o (CEE-RJ)<\/em><\/strong><\/p>\n\n\n\n<ul class=\"wp-block-list\"><li>\u00c9 prematura a volta \u00e0s aulas presenciais. H\u00e1 uma inseguran\u00e7a nacional, promovida pelo governo federal e, no Rio, esta inseguran\u00e7a tem aumentado.<\/li><li>N\u00e3o vejo nenhum plano de financiamento e investimento na Educa\u00e7\u00e3o para dar melhor estrutura \u00e0s escolas, na volta \u00e0s aulas.<\/li><li>Nossas escolas n\u00e3o est\u00e3o preparadas. Est\u00e3o em p\u00e9ssimas condi\u00e7\u00f5es.<\/li><li>A Secretaria de Estado de Educa\u00e7\u00e3o n\u00e3o chamou o Conselho Estadual de Educa\u00e7\u00e3o para pensar, planejar e contribuir na elabora\u00e7\u00e3o do protocolo que a secretaria j\u00e1 considera pronto. N\u00e3o podemos voltar \u00e0s aulas presenciais agora, mas temos que pensar, planejar este retorno, juntos.<\/li><\/ul>\n\n\n\n<p><strong><em>Prof. Oswaldo Teles \u2013 presidente do Sinpro-Rio<\/em><\/strong><\/p>\n\n\n\n<ul class=\"wp-block-list\"><li>O governo do Estado n\u00e3o convidou o Conselho Estadual de Educa\u00e7\u00e3o, Minist\u00e9rio P\u00fablico, sindicatos, mas convidou os patr\u00f5es para a constru\u00e7\u00e3o do protocolo da volta \u00e0s aulas presenciais.<\/li><li>N\u00e3o h\u00e1 como voltar \u00e0s aulas sem um debate profundo sobre isso. A vida sempre deve estar em primeiro lugar.<\/li><li>Caso n\u00e3o haja bom senso na defini\u00e7\u00e3o do momento de volta \u00e0s aulas presenciais, vamos radicalizar esse processo, vamos propor greve das professoras e professores.<\/li><li>Que o di\u00e1logo e o respeito prevale\u00e7am sobre a loucura da defesa da economia em contraposi\u00e7\u00e3o \u00e0 defesa da vida. O pa\u00eds lidera o n\u00famero de cont\u00e1gios e de mortes, e nossos governantes n\u00e3o est\u00e3o sendo respons\u00e1veis com a vida da popula\u00e7\u00e3o.<\/li><li>Estamos numa guerra pela vida. Sal\u00e1rios, condi\u00e7\u00f5es de trabalho dignas e a democracia s\u00e3o nossas metas, mas o mais importante, neste momento, \u00e9 a preserva\u00e7\u00e3o de nossas vidas.<\/li><\/ul>\n\n\n\n<p><strong><em>Professor Ricardo Pereira \u2013 Sepe\/RJ<\/em><\/strong><\/p>\n\n\n\n<ul class=\"wp-block-list\"><li>N\u00e3o h\u00e1 nennhum canal de di\u00e1logo por parte do governo, mas h\u00e1 um di\u00e1logo franco entre os trabalhadores e trabalhadoras da Educa\u00e7\u00e3o das escolas p\u00fablicas e particulares.<\/li><li>Se teimarem com a volta \u00e0s aulas presenciais, entraremos em greve pela vida.<\/li><\/ul>\n\n\n\n<p><strong><em>Professora &#8220;Duda&#8221; \u2013 Maria Eduarda Quiroga \u2013 Sepe-RJ<\/em><\/strong><\/p>\n\n\n\n<ul class=\"wp-block-list\"><li>Pais e m\u00e3es tamb\u00e9m n\u00e3o querem a volta \u00e0s aulas presenciais, pois n\u00e3o querem suas crian\u00e7as contaminadas, levando a doen\u00e7a para suas casas.<\/li><\/ul>\n\n\n\n<p><strong><em>Heleno Ara\u00fajo \u2013 presidente da CNTE \u2013 Confedera\u00e7\u00e3o Nacional dos Trabalhadores em Educa\u00e7\u00e3o<\/em><\/strong><\/p>\n\n\n\n<ul class=\"wp-block-list\"><li>Estamos produzindo um documento sobre a volta \u00e0s aulas, orientados pelo documento da Internacional da Educa\u00e7\u00e3o que junto com a OMS- Organiza\u00e7\u00e3o Mundial da Sa\u00fade &#8211; apresenta recomenda\u00e7\u00f5es para este retorno.<\/li><li>\u00c9 fundamental o di\u00e1logo social e pol\u00edtico para um novo pacto educacional com todos os entes; que se empreendam esfor\u00e7os para a garantia do direito \u00e0 educa\u00e7\u00e3o para todos e todas; que haja infraestrutura sanit\u00e1ria e tecnol\u00f3gica nas escolas, compat\u00edveis com esse momento de pandemia; novas tecnologias de suporte \u00e0s aulas presenciais, com investimento em plataformas p\u00fablicas e gratuitas; que os trabalhadores participem de parit\u00e1rias com governantes e empres\u00e1rios.<\/li><\/ul>\n\n\n\n<p><strong><em>Vereador Reimont \u2013 PT<\/em><\/strong><\/p>\n\n\n\n<ul class=\"wp-block-list\"><li>O Comit\u00ea Cient\u00edfico do Crivella n\u00e3o est\u00e1 amparado em legisla\u00e7\u00e3o, n\u00e3o ouve os profissionais da Educa\u00e7\u00e3o, o \u201cch\u00e3o da escola\u201d.<\/li><li>Obrigar a volta \u00e0s aulas presenciais \u00e9 colocar, por dia, nas ruas, mais de 800 mil pessoas. \u00c9 uma grande irresponsabilidade!<\/li><\/ul>\n\n\n\n<p><strong><em>Priscila da Cunha Bastos \u2013 Sindscope \u2013 Sindicato dos Servidores do Col\u00e9gio Pedro II<\/em><\/strong><\/p>\n\n\n\n<ul class=\"wp-block-list\"><li>A aberturta das escolas, neste momento, \u00e9 imposs\u00edvel. Os governantes sabem disso, mas jogam nas costas do trabalhador a responsabiliza\u00e7\u00e3o da &#8220;escolha&#8221;, dizendo que os profissioais n\u00e3o querem voltar ao trabalho presencial. Os governantes e empres\u00e1rios colocam a discuss\u00e3o da volta \u00e0s aulas associada \u00e0 imposi\u00e7\u00e3o da EAD, numa tentativa de promo\u00e7\u00e3o de um modelo excludente, higienista, que mercantiliza a Educa\u00e7\u00e3o e desprofissionaliza os professores.<\/li><\/ul>\n\n\n\n<p><strong><em>Pedro Boechat &#8211; UEES \u2013 Uni\u00e3o Estadual dos Estudantes Secundaristas<\/em><\/strong><br>N\u00e3o h\u00e1 como defender a volta \u00e0s aulas presenciais. Se o estudante n\u00e3o se contaminar na escola, vai ser contaminado na ida ou na volta para casa, nos \u00f4nibus, no transporte p\u00fablico.<\/p>\n\n\n\n<p><strong><em>Gilson Reis \u2013 Presidente da Contee \u2013 Confedera\u00e7\u00e3o Nacional dos Trabalhadores em Estabelecimentos de Ensino<\/em><\/strong><\/p>\n\n\n\n<ul class=\"wp-block-list\"><li>N\u00e3o d\u00e1 para falar em retorno \u00e0s aulas presenciais sem planejamento. A Contee se posiciona com base na ci\u00eancia e na OMS \u2013 Organiza\u00e7\u00e3o Mundial de Sa\u00fade &#8211; e nos princ\u00edpios da pedagogia.<\/li><li>A press\u00e3o vem dos donos do neg\u00f3cio. Vamos construir uma posi\u00e7\u00e3o de greve, caso insistiam nesta irresponsabilidade.<\/li><li>Vamos fazer a resist\u00eancia e a den\u00fancia daqueles que querem transformar o retorno ao trabalho presencial num movimento de mortandade, assassinatos de professoras e professores.<\/li><\/ul>\n\n\n\n<p><strong><em>Vereador Tarc\u00edsio Motta \u2013 PSOL<\/em><\/strong><\/p>\n\n\n\n<ul class=\"wp-block-list\"><li>Neste momento em que a morte nos rodeia, \u00e9 preciso estarmos atentos e fortes. Direito \u00e0 vida e \u00e0 Educa\u00e7\u00e3o devem andar juntos.<\/li><li>Se houver indicadores satisfat\u00f3rios da queda do Covid-19, poderemos pensar na volta \u00e0s aulas presenciais, mas se n\u00e3o houver, n\u00e3o d\u00e1 para voltar.<\/li><\/ul>\n\n\n\n<p><strong><em>Deputado Estadual Waldeck Carneiro &#8211; PT<\/em><\/strong><\/p>\n\n\n\n<ul class=\"wp-block-list\"><li>A vida \u00e9 um valor inquestion\u00e1vel e destaco a ci\u00eancia como um valor fundamental. A decis\u00e3o da volta \u00e0s aulas presenciais n\u00e3o deve ser tomada por governantes por si s\u00f3, nem por donos de escolas.<\/li><li>A Educa\u00e7\u00e3o j\u00e1 estava sob ataque do poder econ\u00f4mico, antes da pandemia, e com ela, isso se agravou.<\/li><\/ul>\n\n\n\n<p><strong><em>Elizabeth Barbosa e Mariana Trotta \u2013 Andes \u2013 Sindicato Nacional dos Docentes das Institui\u00e7\u00f5es de Ensino Superior<\/em><\/strong><\/p>\n\n\n\n<ul class=\"wp-block-list\"><li>As pol\u00edticas de isolamento social t\u00eam que ser mantidas, reafirmando o direito \u00e0 vida. Volta \u00e0s aulas presenciais, s\u00f3 depois da pandemia.<\/li><\/ul>\n\n\n\n<p><strong><em>Gabriela Laurindo &#8211; Sindpefaetec \u2013 Sindicato dos Profissionais de Educa\u00e7\u00e3o da Faetec<\/em><\/strong><\/p>\n\n\n\n<ul class=\"wp-block-list\"><li>Dentro do ensino t\u00e9cnico, que necessita de laborat\u00f3rios, \u00e9 imposs\u00edvel a volta \u00e0s aulas presenciais. Pedagogicamente falando, \u00e9 preciso pensar na possibilidade de suspens\u00e3o do ano letivo.<\/li><\/ul>\n\n\n\n<p><strong><em>Juliana Santos \u2013 Conselho Tutelar<\/em><\/strong><\/p>\n\n\n\n<ul class=\"wp-block-list\"><li>Sou do ConselhoTutelar, eleita pela segunda vez na regi\u00e3o da Leopoldina, atuando em 10 bairros do munic\u00edpio do Rio. Pergunto: cad\u00ea os testes para trabalhadores em escolas p\u00fablicas, como merendeiras e controladores de acesso? Muitas crian\u00e7as e adolescentes n\u00e3o t\u00eam recebido nem cestas b\u00e1sicas. \u00c9 mentira dizer que a maioria est\u00e1 recebendo.<\/li><li>A Escola \u00e9 o \u00fanico servi\u00e7o p\u00fablico ao qual crian\u00e7as e fam\u00edlias da maioria da popula\u00e7\u00e3o t\u00eam acesso. Quem leva a maioria das crian\u00e7as \u00e0s escolas s\u00e3o seus av\u00f3s, que s\u00e3o os que mais correm risco de vida.<\/li><\/ul>\n\n\n\n<p><strong><em>M\u00e1rcio Cordero \u2013 Pai de Aluno da Escola Parque e advogado do Sinpro-Rio<\/em><\/strong><\/p>\n\n\n\n<ul class=\"wp-block-list\"><li>N\u00e3o h\u00e1 como falar em volta \u00e0s aulas presenciais sem planejamento. Sou pai de tr\u00eas filhos e n\u00e3o deixarei que eles voltem \u00e0s aulas sem que haja seguran\u00e7a.<\/li><\/ul>\n\n\n\n<p><strong><em>Juan Vidal &#8211; Aerj &#8211; Associa\u00e7\u00e3o dos Estudantes do RJ<\/em><\/strong><\/p>\n\n\n\n<ul class=\"wp-block-list\"><li>\u00c9 necess\u00e1rio um debate amplo com v\u00e1rios setores da sociedade para se planejar um retorno que n\u00e3o seja pautado pelos interesses dos poderosos! Queremos uma Educa\u00e7\u00e3o que se volte para a maioria dos explorados e n\u00e3o para os privil\u00e9gios dos exploradores.<\/li><\/ul>\n\n\n\n<p><\/p>\n\n\n\n<p><strong><em><strong><em>Not\u00edcia originalmente publicado dia 13 de junho de 2020, logo ap\u00f3s a realiza\u00e7\u00e3o da Plen\u00e1ria Virtual. A data foi alterada apenas para que a manchete ficasse em evid\u00eancia e de f\u00e1cil acesso \u00e0 categoria.<\/em><\/strong><\/em><\/strong><\/p>\n","protected":false},"excerpt":{"rendered":"<p>Reunimos um time de craques debatendo o tema e existem tr\u00eas formas de voc\u00ea assistir a PLEN\u00c1RIA. Escolha a que melhor se adapta a sua prefer\u00eancia! Assista a PLEN\u00c1RIA VIRTUAL ORIGINAL, sem nenhum corte ou edi\u00e7\u00e3o, transmitida ao vivo via Facebook, clicando AQUI! Para assistir a VERS\u00c3O REDUZIDA DA PLEN\u00c1RIA com apenas as 5 primeiras [&hellip;]<\/p>\n","protected":false},"author":2,"featured_media":28166,"comment_status":"closed","ping_status":"closed","sticky":false,"template":"","format":"standard","meta":{"footnotes":""},"categories":[1],"tags":[],"class_list":["post-28138","post","type-post","status-publish","format-standard","has-post-thumbnail","hentry","category-noticias"],"yoast_head":"<!-- This site is optimized with the Yoast SEO plugin v25.7 - https:\/\/yoast.com\/wordpress\/plugins\/seo\/ -->\n<title>Plen\u00e1ria virtual &quot;EM DEFESA DA VIDA&quot; - veja aqui a vers\u00e3o resumida e a vers\u00e3o original - Sinpro-Rio<\/title>\n<meta name=\"robots\" content=\"index, follow, max-snippet:-1, max-image-preview:large, max-video-preview:-1\" \/>\n<link rel=\"canonical\" href=\"https:\/\/www.sinpro-rio.org.br\/principal\/participe-da-plenaria-virtual-sobre-volta-as-aulas-13-06-14h-via-facebook\/\" \/>\n<meta property=\"og:locale\" content=\"pt_BR\" \/>\n<meta property=\"og:type\" content=\"article\" \/>\n<meta property=\"og:title\" content=\"Plen\u00e1ria virtual &quot;EM DEFESA DA VIDA&quot; - veja aqui a vers\u00e3o resumida e a vers\u00e3o original - Sinpro-Rio\" \/>\n<meta property=\"og:description\" content=\"Reunimos um time de craques debatendo o tema e existem tr\u00eas formas de voc\u00ea assistir a PLEN\u00c1RIA. Escolha a que melhor se adapta a sua prefer\u00eancia! Assista a PLEN\u00c1RIA VIRTUAL ORIGINAL, sem nenhum corte ou edi\u00e7\u00e3o, transmitida ao vivo via Facebook, clicando AQUI! Para assistir a VERS\u00c3O REDUZIDA DA PLEN\u00c1RIA com apenas as 5 primeiras [&hellip;]\" \/>\n<meta property=\"og:url\" content=\"https:\/\/www.sinpro-rio.org.br\/principal\/participe-da-plenaria-virtual-sobre-volta-as-aulas-13-06-14h-via-facebook\/\" \/>\n<meta property=\"og:site_name\" content=\"Sinpro-Rio\" \/>\n<meta property=\"article:published_time\" content=\"2020-07-04T12:10:00+00:00\" \/>\n<meta property=\"article:modified_time\" content=\"2020-07-04T14:12:16+00:00\" \/>\n<meta property=\"og:image\" content=\"https:\/\/www.sinpro-rio.org.br\/principal\/wp-content\/uploads\/2020\/06\/103281456_3522082334487208_5598259568695107027_n.png\" \/>\n\t<meta property=\"og:image:width\" content=\"828\" \/>\n\t<meta property=\"og:image:height\" content=\"315\" \/>\n\t<meta property=\"og:image:type\" content=\"image\/png\" \/>\n<meta name=\"author\" content=\"alessandra\" \/>\n<meta name=\"twitter:card\" content=\"summary_large_image\" \/>\n<meta name=\"twitter:label1\" content=\"Escrito por\" \/>\n\t<meta name=\"twitter:data1\" content=\"alessandra\" \/>\n\t<meta name=\"twitter:label2\" content=\"Est. tempo de leitura\" \/>\n\t<meta name=\"twitter:data2\" content=\"10 minutos\" \/>\n<script type=\"application\/ld+json\" class=\"yoast-schema-graph\">{\"@context\":\"https:\/\/schema.org\",\"@graph\":[{\"@type\":\"WebPage\",\"@id\":\"https:\/\/www.sinpro-rio.org.br\/principal\/participe-da-plenaria-virtual-sobre-volta-as-aulas-13-06-14h-via-facebook\/\",\"url\":\"https:\/\/www.sinpro-rio.org.br\/principal\/participe-da-plenaria-virtual-sobre-volta-as-aulas-13-06-14h-via-facebook\/\",\"name\":\"Plen\u00e1ria virtual \\\"EM DEFESA DA VIDA\\\" - veja aqui a vers\u00e3o resumida e a vers\u00e3o original - Sinpro-Rio\",\"isPartOf\":{\"@id\":\"https:\/\/www.sinpro-rio.org.br\/principal\/#website\"},\"primaryImageOfPage\":{\"@id\":\"https:\/\/www.sinpro-rio.org.br\/principal\/participe-da-plenaria-virtual-sobre-volta-as-aulas-13-06-14h-via-facebook\/#primaryimage\"},\"image\":{\"@id\":\"https:\/\/www.sinpro-rio.org.br\/principal\/participe-da-plenaria-virtual-sobre-volta-as-aulas-13-06-14h-via-facebook\/#primaryimage\"},\"thumbnailUrl\":\"https:\/\/www.sinpro-rio.org.br\/principal\/wp-content\/uploads\/2020\/06\/103281456_3522082334487208_5598259568695107027_n.png\",\"datePublished\":\"2020-07-04T12:10:00+00:00\",\"dateModified\":\"2020-07-04T14:12:16+00:00\",\"author\":{\"@id\":\"https:\/\/www.sinpro-rio.org.br\/principal\/#\/schema\/person\/ee17219e64d00d037e511ae59ce2227e\"},\"breadcrumb\":{\"@id\":\"https:\/\/www.sinpro-rio.org.br\/principal\/participe-da-plenaria-virtual-sobre-volta-as-aulas-13-06-14h-via-facebook\/#breadcrumb\"},\"inLanguage\":\"pt-BR\",\"potentialAction\":[{\"@type\":\"ReadAction\",\"target\":[\"https:\/\/www.sinpro-rio.org.br\/principal\/participe-da-plenaria-virtual-sobre-volta-as-aulas-13-06-14h-via-facebook\/\"]}]},{\"@type\":\"ImageObject\",\"inLanguage\":\"pt-BR\",\"@id\":\"https:\/\/www.sinpro-rio.org.br\/principal\/participe-da-plenaria-virtual-sobre-volta-as-aulas-13-06-14h-via-facebook\/#primaryimage\",\"url\":\"https:\/\/www.sinpro-rio.org.br\/principal\/wp-content\/uploads\/2020\/06\/103281456_3522082334487208_5598259568695107027_n.png\",\"contentUrl\":\"https:\/\/www.sinpro-rio.org.br\/principal\/wp-content\/uploads\/2020\/06\/103281456_3522082334487208_5598259568695107027_n.png\",\"width\":828,\"height\":315},{\"@type\":\"BreadcrumbList\",\"@id\":\"https:\/\/www.sinpro-rio.org.br\/principal\/participe-da-plenaria-virtual-sobre-volta-as-aulas-13-06-14h-via-facebook\/#breadcrumb\",\"itemListElement\":[{\"@type\":\"ListItem\",\"position\":1,\"name\":\"In\u00edcio\",\"item\":\"https:\/\/www.sinpro-rio.org.br\/principal\/\"},{\"@type\":\"ListItem\",\"position\":2,\"name\":\"Plen\u00e1ria virtual &#8220;EM DEFESA DA VIDA&#8221; &#8211; veja aqui a vers\u00e3o resumida e a vers\u00e3o original\"}]},{\"@type\":\"WebSite\",\"@id\":\"https:\/\/www.sinpro-rio.org.br\/principal\/#website\",\"url\":\"https:\/\/www.sinpro-rio.org.br\/principal\/\",\"name\":\"Sinpro-Rio\",\"description\":\"Sindicato dos Professores do Munic\u00edpio do Rio de Janeiro e Regi\u00e3o\",\"potentialAction\":[{\"@type\":\"SearchAction\",\"target\":{\"@type\":\"EntryPoint\",\"urlTemplate\":\"https:\/\/www.sinpro-rio.org.br\/principal\/?s={search_term_string}\"},\"query-input\":{\"@type\":\"PropertyValueSpecification\",\"valueRequired\":true,\"valueName\":\"search_term_string\"}}],\"inLanguage\":\"pt-BR\"},{\"@type\":\"Person\",\"@id\":\"https:\/\/www.sinpro-rio.org.br\/principal\/#\/schema\/person\/ee17219e64d00d037e511ae59ce2227e\",\"name\":\"alessandra\",\"image\":{\"@type\":\"ImageObject\",\"inLanguage\":\"pt-BR\",\"@id\":\"https:\/\/www.sinpro-rio.org.br\/principal\/#\/schema\/person\/image\/\",\"url\":\"https:\/\/secure.gravatar.com\/avatar\/2b43fa8c0ad8e33b46a4732549f7fb20?s=96&d=mm&r=g\",\"contentUrl\":\"https:\/\/secure.gravatar.com\/avatar\/2b43fa8c0ad8e33b46a4732549f7fb20?s=96&d=mm&r=g\",\"caption\":\"alessandra\"},\"url\":\"https:\/\/www.sinpro-rio.org.br\/principal\/author\/alessandra\/\"}]}<\/script>\n<!-- \/ Yoast SEO plugin. -->","yoast_head_json":{"title":"Plen\u00e1ria virtual \"EM DEFESA DA VIDA\" - veja aqui a vers\u00e3o resumida e a vers\u00e3o original - Sinpro-Rio","robots":{"index":"index","follow":"follow","max-snippet":"max-snippet:-1","max-image-preview":"max-image-preview:large","max-video-preview":"max-video-preview:-1"},"canonical":"https:\/\/www.sinpro-rio.org.br\/principal\/participe-da-plenaria-virtual-sobre-volta-as-aulas-13-06-14h-via-facebook\/","og_locale":"pt_BR","og_type":"article","og_title":"Plen\u00e1ria virtual \"EM DEFESA DA VIDA\" - veja aqui a vers\u00e3o resumida e a vers\u00e3o original - Sinpro-Rio","og_description":"Reunimos um time de craques debatendo o tema e existem tr\u00eas formas de voc\u00ea assistir a PLEN\u00c1RIA. Escolha a que melhor se adapta a sua prefer\u00eancia! Assista a PLEN\u00c1RIA VIRTUAL ORIGINAL, sem nenhum corte ou edi\u00e7\u00e3o, transmitida ao vivo via Facebook, clicando AQUI! Para assistir a VERS\u00c3O REDUZIDA DA PLEN\u00c1RIA com apenas as 5 primeiras [&hellip;]","og_url":"https:\/\/www.sinpro-rio.org.br\/principal\/participe-da-plenaria-virtual-sobre-volta-as-aulas-13-06-14h-via-facebook\/","og_site_name":"Sinpro-Rio","article_published_time":"2020-07-04T12:10:00+00:00","article_modified_time":"2020-07-04T14:12:16+00:00","og_image":[{"width":828,"height":315,"url":"https:\/\/www.sinpro-rio.org.br\/principal\/wp-content\/uploads\/2020\/06\/103281456_3522082334487208_5598259568695107027_n.png","type":"image\/png"}],"author":"alessandra","twitter_card":"summary_large_image","twitter_misc":{"Escrito por":"alessandra","Est. tempo de leitura":"10 minutos"},"schema":{"@context":"https:\/\/schema.org","@graph":[{"@type":"WebPage","@id":"https:\/\/www.sinpro-rio.org.br\/principal\/participe-da-plenaria-virtual-sobre-volta-as-aulas-13-06-14h-via-facebook\/","url":"https:\/\/www.sinpro-rio.org.br\/principal\/participe-da-plenaria-virtual-sobre-volta-as-aulas-13-06-14h-via-facebook\/","name":"Plen\u00e1ria virtual \"EM DEFESA DA VIDA\" - veja aqui a vers\u00e3o resumida e a vers\u00e3o original - Sinpro-Rio","isPartOf":{"@id":"https:\/\/www.sinpro-rio.org.br\/principal\/#website"},"primaryImageOfPage":{"@id":"https:\/\/www.sinpro-rio.org.br\/principal\/participe-da-plenaria-virtual-sobre-volta-as-aulas-13-06-14h-via-facebook\/#primaryimage"},"image":{"@id":"https:\/\/www.sinpro-rio.org.br\/principal\/participe-da-plenaria-virtual-sobre-volta-as-aulas-13-06-14h-via-facebook\/#primaryimage"},"thumbnailUrl":"https:\/\/www.sinpro-rio.org.br\/principal\/wp-content\/uploads\/2020\/06\/103281456_3522082334487208_5598259568695107027_n.png","datePublished":"2020-07-04T12:10:00+00:00","dateModified":"2020-07-04T14:12:16+00:00","author":{"@id":"https:\/\/www.sinpro-rio.org.br\/principal\/#\/schema\/person\/ee17219e64d00d037e511ae59ce2227e"},"breadcrumb":{"@id":"https:\/\/www.sinpro-rio.org.br\/principal\/participe-da-plenaria-virtual-sobre-volta-as-aulas-13-06-14h-via-facebook\/#breadcrumb"},"inLanguage":"pt-BR","potentialAction":[{"@type":"ReadAction","target":["https:\/\/www.sinpro-rio.org.br\/principal\/participe-da-plenaria-virtual-sobre-volta-as-aulas-13-06-14h-via-facebook\/"]}]},{"@type":"ImageObject","inLanguage":"pt-BR","@id":"https:\/\/www.sinpro-rio.org.br\/principal\/participe-da-plenaria-virtual-sobre-volta-as-aulas-13-06-14h-via-facebook\/#primaryimage","url":"https:\/\/www.sinpro-rio.org.br\/principal\/wp-content\/uploads\/2020\/06\/103281456_3522082334487208_5598259568695107027_n.png","contentUrl":"https:\/\/www.sinpro-rio.org.br\/principal\/wp-content\/uploads\/2020\/06\/103281456_3522082334487208_5598259568695107027_n.png","width":828,"height":315},{"@type":"BreadcrumbList","@id":"https:\/\/www.sinpro-rio.org.br\/principal\/participe-da-plenaria-virtual-sobre-volta-as-aulas-13-06-14h-via-facebook\/#breadcrumb","itemListElement":[{"@type":"ListItem","position":1,"name":"In\u00edcio","item":"https:\/\/www.sinpro-rio.org.br\/principal\/"},{"@type":"ListItem","position":2,"name":"Plen\u00e1ria virtual &#8220;EM DEFESA DA VIDA&#8221; &#8211; veja aqui a vers\u00e3o resumida e a vers\u00e3o original"}]},{"@type":"WebSite","@id":"https:\/\/www.sinpro-rio.org.br\/principal\/#website","url":"https:\/\/www.sinpro-rio.org.br\/principal\/","name":"Sinpro-Rio","description":"Sindicato dos Professores do Munic\u00edpio do Rio de Janeiro e Regi\u00e3o","potentialAction":[{"@type":"SearchAction","target":{"@type":"EntryPoint","urlTemplate":"https:\/\/www.sinpro-rio.org.br\/principal\/?s={search_term_string}"},"query-input":{"@type":"PropertyValueSpecification","valueRequired":true,"valueName":"search_term_string"}}],"inLanguage":"pt-BR"},{"@type":"Person","@id":"https:\/\/www.sinpro-rio.org.br\/principal\/#\/schema\/person\/ee17219e64d00d037e511ae59ce2227e","name":"alessandra","image":{"@type":"ImageObject","inLanguage":"pt-BR","@id":"https:\/\/www.sinpro-rio.org.br\/principal\/#\/schema\/person\/image\/","url":"https:\/\/secure.gravatar.com\/avatar\/2b43fa8c0ad8e33b46a4732549f7fb20?s=96&d=mm&r=g","contentUrl":"https:\/\/secure.gravatar.com\/avatar\/2b43fa8c0ad8e33b46a4732549f7fb20?s=96&d=mm&r=g","caption":"alessandra"},"url":"https:\/\/www.sinpro-rio.org.br\/principal\/author\/alessandra\/"}]}},"_links":{"self":[{"href":"https:\/\/www.sinpro-rio.org.br\/principal\/wp-json\/wp\/v2\/posts\/28138","targetHints":{"allow":["GET"]}}],"collection":[{"href":"https:\/\/www.sinpro-rio.org.br\/principal\/wp-json\/wp\/v2\/posts"}],"about":[{"href":"https:\/\/www.sinpro-rio.org.br\/principal\/wp-json\/wp\/v2\/types\/post"}],"author":[{"embeddable":true,"href":"https:\/\/www.sinpro-rio.org.br\/principal\/wp-json\/wp\/v2\/users\/2"}],"replies":[{"embeddable":true,"href":"https:\/\/www.sinpro-rio.org.br\/principal\/wp-json\/wp\/v2\/comments?post=28138"}],"version-history":[{"count":27,"href":"https:\/\/www.sinpro-rio.org.br\/principal\/wp-json\/wp\/v2\/posts\/28138\/revisions"}],"predecessor-version":[{"id":28438,"href":"https:\/\/www.sinpro-rio.org.br\/principal\/wp-json\/wp\/v2\/posts\/28138\/revisions\/28438"}],"wp:featuredmedia":[{"embeddable":true,"href":"https:\/\/www.sinpro-rio.org.br\/principal\/wp-json\/wp\/v2\/media\/28166"}],"wp:attachment":[{"href":"https:\/\/www.sinpro-rio.org.br\/principal\/wp-json\/wp\/v2\/media?parent=28138"}],"wp:term":[{"taxonomy":"category","embeddable":true,"href":"https:\/\/www.sinpro-rio.org.br\/principal\/wp-json\/wp\/v2\/categories?post=28138"},{"taxonomy":"post_tag","embeddable":true,"href":"https:\/\/www.sinpro-rio.org.br\/principal\/wp-json\/wp\/v2\/tags?post=28138"}],"curies":[{"name":"wp","href":"https:\/\/api.w.org\/{rel}","templated":true}]}}