{"id":28130,"date":"2020-06-09T09:16:36","date_gmt":"2020-06-09T12:16:36","guid":{"rendered":"https:\/\/sinpro-rio.org.br\/principal\/?p=28130"},"modified":"2020-06-09T09:16:36","modified_gmt":"2020-06-09T12:16:36","slug":"curta-cut-nova-iniciativa-de-cultura-da-cut-rio","status":"publish","type":"post","link":"https:\/\/www.sinpro-rio.org.br\/principal\/curta-cut-nova-iniciativa-de-cultura-da-cut-rio\/","title":{"rendered":"CURTA CUT: nova iniciativa de Cultura da CUT Rio!"},"content":{"rendered":"\n<p><strong><em>Direto da CUT Rio.<\/em><\/strong><\/p>\n\n\n\n<p>Est\u00e1 no ar! A CUT Rio, atrav\u00e9s da sua Secretaria de Cultura, tem a alegria de trazer uma boa not\u00edcia em tempos t\u00e3o dif\u00edceis. O canal CURTA CUT est\u00e1 no ar. Um espa\u00e7o para filmes que ajudam a pensar nossa realidade.<\/p>\n\n\n\n<p>E a estreia, lembrando o Dia Mundial do Meio Ambiente, traz dois curtas muito interessantes.<\/p>\n\n\n\n<p>Um deles \u00e9 o document\u00e1rio &#8220;\u00c9 rio ou val\u00e3o?\u201d. Com um roteiro constru\u00eddo por alunos da rede p\u00fablica do RJ, trata dos processos de degrada\u00e7\u00e3o ambiental identificados na sub-bacia do canal do Cunha, uma das mais polu\u00eddas da Ba\u00eda de Guanabara.<\/p>\n\n\n\n<p>O outro, tamb\u00e9m imperd\u00edvel, \u00e9 &#8220;Frutas doces, vidas amargas\u201d, um curta produzido pela PAPEL SOCIAL com realiza\u00e7\u00e3o da Oxfam Brasil, que retrata a mis\u00e9ria dos trabalhadores tempor\u00e1rios na lavoura de produ\u00e7\u00e3o das frutas pelo Nordeste do Brasil.<\/p>\n\n\n\n<p>Os filmes estar\u00e3o dispon\u00edveis na playlists CURTA CUT, no canal do YouTube da CUT Rio. Os links est\u00e3o <a href=\"https:\/\/rj.cut.org.br\/noticias\/cut-rio-cria-nova-iniciativa-de-cultura-chegou-o-curta-cut-6ac8\">AQUI!<\/a><\/p>\n","protected":false},"excerpt":{"rendered":"<p>Direto da CUT Rio. Est\u00e1 no ar! A CUT Rio, atrav\u00e9s da sua Secretaria de Cultura, tem a alegria de trazer uma boa not\u00edcia em tempos t\u00e3o dif\u00edceis. O canal CURTA CUT est\u00e1 no ar. Um espa\u00e7o para filmes que ajudam a pensar nossa realidade. E a estreia, lembrando o Dia Mundial do Meio Ambiente, [&hellip;]<\/p>\n","protected":false},"author":2,"featured_media":28131,"comment_status":"closed","ping_status":"closed","sticky":false,"template":"","format":"standard","meta":{"footnotes":""},"categories":[1],"tags":[],"class_list":["post-28130","post","type-post","status-publish","format-standard","has-post-thumbnail","hentry","category-noticias"],"yoast_head":"<!-- This site is optimized with the Yoast SEO plugin v25.7 - https:\/\/yoast.com\/wordpress\/plugins\/seo\/ -->\n<title>CURTA CUT: nova iniciativa de Cultura da CUT Rio! - Sinpro-Rio<\/title>\n<meta name=\"robots\" content=\"index, follow, max-snippet:-1, max-image-preview:large, max-video-preview:-1\" \/>\n<link rel=\"canonical\" href=\"https:\/\/www.sinpro-rio.org.br\/principal\/curta-cut-nova-iniciativa-de-cultura-da-cut-rio\/\" \/>\n<meta property=\"og:locale\" content=\"pt_BR\" \/>\n<meta property=\"og:type\" content=\"article\" \/>\n<meta property=\"og:title\" content=\"CURTA CUT: nova iniciativa de Cultura da CUT Rio! - Sinpro-Rio\" \/>\n<meta property=\"og:description\" content=\"Direto da CUT Rio. Est\u00e1 no ar! A CUT Rio, atrav\u00e9s da sua Secretaria de Cultura, tem a alegria de trazer uma boa not\u00edcia em tempos t\u00e3o dif\u00edceis. O canal CURTA CUT est\u00e1 no ar. Um espa\u00e7o para filmes que ajudam a pensar nossa realidade. E a estreia, lembrando o Dia Mundial do Meio Ambiente, [&hellip;]\" \/>\n<meta property=\"og:url\" content=\"https:\/\/www.sinpro-rio.org.br\/principal\/curta-cut-nova-iniciativa-de-cultura-da-cut-rio\/\" \/>\n<meta property=\"og:site_name\" content=\"Sinpro-Rio\" \/>\n<meta property=\"article:published_time\" content=\"2020-06-09T12:16:36+00:00\" \/>\n<meta property=\"og:image\" content=\"https:\/\/www.sinpro-rio.org.br\/principal\/wp-content\/uploads\/2020\/06\/IMG-20200609-WA0001.jpg\" \/>\n\t<meta property=\"og:image:width\" content=\"589\" \/>\n\t<meta property=\"og:image:height\" content=\"356\" \/>\n\t<meta property=\"og:image:type\" content=\"image\/jpeg\" \/>\n<meta name=\"author\" content=\"alessandra\" \/>\n<meta name=\"twitter:card\" content=\"summary_large_image\" \/>\n<meta name=\"twitter:label1\" content=\"Escrito por\" \/>\n\t<meta name=\"twitter:data1\" content=\"alessandra\" \/>\n\t<meta name=\"twitter:label2\" content=\"Est. tempo de leitura\" \/>\n\t<meta name=\"twitter:data2\" content=\"1 minuto\" \/>\n<script type=\"application\/ld+json\" class=\"yoast-schema-graph\">{\"@context\":\"https:\/\/schema.org\",\"@graph\":[{\"@type\":\"WebPage\",\"@id\":\"https:\/\/www.sinpro-rio.org.br\/principal\/curta-cut-nova-iniciativa-de-cultura-da-cut-rio\/\",\"url\":\"https:\/\/www.sinpro-rio.org.br\/principal\/curta-cut-nova-iniciativa-de-cultura-da-cut-rio\/\",\"name\":\"CURTA CUT: nova iniciativa de Cultura da CUT Rio! - Sinpro-Rio\",\"isPartOf\":{\"@id\":\"https:\/\/www.sinpro-rio.org.br\/principal\/#website\"},\"primaryImageOfPage\":{\"@id\":\"https:\/\/www.sinpro-rio.org.br\/principal\/curta-cut-nova-iniciativa-de-cultura-da-cut-rio\/#primaryimage\"},\"image\":{\"@id\":\"https:\/\/www.sinpro-rio.org.br\/principal\/curta-cut-nova-iniciativa-de-cultura-da-cut-rio\/#primaryimage\"},\"thumbnailUrl\":\"https:\/\/www.sinpro-rio.org.br\/principal\/wp-content\/uploads\/2020\/06\/IMG-20200609-WA0001.jpg\",\"datePublished\":\"2020-06-09T12:16:36+00:00\",\"author\":{\"@id\":\"https:\/\/www.sinpro-rio.org.br\/principal\/#\/schema\/person\/ee17219e64d00d037e511ae59ce2227e\"},\"breadcrumb\":{\"@id\":\"https:\/\/www.sinpro-rio.org.br\/principal\/curta-cut-nova-iniciativa-de-cultura-da-cut-rio\/#breadcrumb\"},\"inLanguage\":\"pt-BR\",\"potentialAction\":[{\"@type\":\"ReadAction\",\"target\":[\"https:\/\/www.sinpro-rio.org.br\/principal\/curta-cut-nova-iniciativa-de-cultura-da-cut-rio\/\"]}]},{\"@type\":\"ImageObject\",\"inLanguage\":\"pt-BR\",\"@id\":\"https:\/\/www.sinpro-rio.org.br\/principal\/curta-cut-nova-iniciativa-de-cultura-da-cut-rio\/#primaryimage\",\"url\":\"https:\/\/www.sinpro-rio.org.br\/principal\/wp-content\/uploads\/2020\/06\/IMG-20200609-WA0001.jpg\",\"contentUrl\":\"https:\/\/www.sinpro-rio.org.br\/principal\/wp-content\/uploads\/2020\/06\/IMG-20200609-WA0001.jpg\",\"width\":589,\"height\":356},{\"@type\":\"BreadcrumbList\",\"@id\":\"https:\/\/www.sinpro-rio.org.br\/principal\/curta-cut-nova-iniciativa-de-cultura-da-cut-rio\/#breadcrumb\",\"itemListElement\":[{\"@type\":\"ListItem\",\"position\":1,\"name\":\"In\u00edcio\",\"item\":\"https:\/\/www.sinpro-rio.org.br\/principal\/\"},{\"@type\":\"ListItem\",\"position\":2,\"name\":\"CURTA CUT: nova iniciativa de Cultura da CUT Rio!\"}]},{\"@type\":\"WebSite\",\"@id\":\"https:\/\/www.sinpro-rio.org.br\/principal\/#website\",\"url\":\"https:\/\/www.sinpro-rio.org.br\/principal\/\",\"name\":\"Sinpro-Rio\",\"description\":\"Sindicato dos Professores do Munic\u00edpio do Rio de Janeiro e Regi\u00e3o\",\"potentialAction\":[{\"@type\":\"SearchAction\",\"target\":{\"@type\":\"EntryPoint\",\"urlTemplate\":\"https:\/\/www.sinpro-rio.org.br\/principal\/?s={search_term_string}\"},\"query-input\":{\"@type\":\"PropertyValueSpecification\",\"valueRequired\":true,\"valueName\":\"search_term_string\"}}],\"inLanguage\":\"pt-BR\"},{\"@type\":\"Person\",\"@id\":\"https:\/\/www.sinpro-rio.org.br\/principal\/#\/schema\/person\/ee17219e64d00d037e511ae59ce2227e\",\"name\":\"alessandra\",\"image\":{\"@type\":\"ImageObject\",\"inLanguage\":\"pt-BR\",\"@id\":\"https:\/\/www.sinpro-rio.org.br\/principal\/#\/schema\/person\/image\/\",\"url\":\"https:\/\/secure.gravatar.com\/avatar\/2b43fa8c0ad8e33b46a4732549f7fb20?s=96&d=mm&r=g\",\"contentUrl\":\"https:\/\/secure.gravatar.com\/avatar\/2b43fa8c0ad8e33b46a4732549f7fb20?s=96&d=mm&r=g\",\"caption\":\"alessandra\"},\"url\":\"https:\/\/www.sinpro-rio.org.br\/principal\/author\/alessandra\/\"}]}<\/script>\n<!-- \/ Yoast SEO plugin. -->","yoast_head_json":{"title":"CURTA CUT: nova iniciativa de Cultura da CUT Rio! - Sinpro-Rio","robots":{"index":"index","follow":"follow","max-snippet":"max-snippet:-1","max-image-preview":"max-image-preview:large","max-video-preview":"max-video-preview:-1"},"canonical":"https:\/\/www.sinpro-rio.org.br\/principal\/curta-cut-nova-iniciativa-de-cultura-da-cut-rio\/","og_locale":"pt_BR","og_type":"article","og_title":"CURTA CUT: nova iniciativa de Cultura da CUT Rio! - Sinpro-Rio","og_description":"Direto da CUT Rio. Est\u00e1 no ar! A CUT Rio, atrav\u00e9s da sua Secretaria de Cultura, tem a alegria de trazer uma boa not\u00edcia em tempos t\u00e3o dif\u00edceis. O canal CURTA CUT est\u00e1 no ar. Um espa\u00e7o para filmes que ajudam a pensar nossa realidade. E a estreia, lembrando o Dia Mundial do Meio Ambiente, [&hellip;]","og_url":"https:\/\/www.sinpro-rio.org.br\/principal\/curta-cut-nova-iniciativa-de-cultura-da-cut-rio\/","og_site_name":"Sinpro-Rio","article_published_time":"2020-06-09T12:16:36+00:00","og_image":[{"width":589,"height":356,"url":"https:\/\/www.sinpro-rio.org.br\/principal\/wp-content\/uploads\/2020\/06\/IMG-20200609-WA0001.jpg","type":"image\/jpeg"}],"author":"alessandra","twitter_card":"summary_large_image","twitter_misc":{"Escrito por":"alessandra","Est. tempo de leitura":"1 minuto"},"schema":{"@context":"https:\/\/schema.org","@graph":[{"@type":"WebPage","@id":"https:\/\/www.sinpro-rio.org.br\/principal\/curta-cut-nova-iniciativa-de-cultura-da-cut-rio\/","url":"https:\/\/www.sinpro-rio.org.br\/principal\/curta-cut-nova-iniciativa-de-cultura-da-cut-rio\/","name":"CURTA CUT: nova iniciativa de Cultura da CUT Rio! - Sinpro-Rio","isPartOf":{"@id":"https:\/\/www.sinpro-rio.org.br\/principal\/#website"},"primaryImageOfPage":{"@id":"https:\/\/www.sinpro-rio.org.br\/principal\/curta-cut-nova-iniciativa-de-cultura-da-cut-rio\/#primaryimage"},"image":{"@id":"https:\/\/www.sinpro-rio.org.br\/principal\/curta-cut-nova-iniciativa-de-cultura-da-cut-rio\/#primaryimage"},"thumbnailUrl":"https:\/\/www.sinpro-rio.org.br\/principal\/wp-content\/uploads\/2020\/06\/IMG-20200609-WA0001.jpg","datePublished":"2020-06-09T12:16:36+00:00","author":{"@id":"https:\/\/www.sinpro-rio.org.br\/principal\/#\/schema\/person\/ee17219e64d00d037e511ae59ce2227e"},"breadcrumb":{"@id":"https:\/\/www.sinpro-rio.org.br\/principal\/curta-cut-nova-iniciativa-de-cultura-da-cut-rio\/#breadcrumb"},"inLanguage":"pt-BR","potentialAction":[{"@type":"ReadAction","target":["https:\/\/www.sinpro-rio.org.br\/principal\/curta-cut-nova-iniciativa-de-cultura-da-cut-rio\/"]}]},{"@type":"ImageObject","inLanguage":"pt-BR","@id":"https:\/\/www.sinpro-rio.org.br\/principal\/curta-cut-nova-iniciativa-de-cultura-da-cut-rio\/#primaryimage","url":"https:\/\/www.sinpro-rio.org.br\/principal\/wp-content\/uploads\/2020\/06\/IMG-20200609-WA0001.jpg","contentUrl":"https:\/\/www.sinpro-rio.org.br\/principal\/wp-content\/uploads\/2020\/06\/IMG-20200609-WA0001.jpg","width":589,"height":356},{"@type":"BreadcrumbList","@id":"https:\/\/www.sinpro-rio.org.br\/principal\/curta-cut-nova-iniciativa-de-cultura-da-cut-rio\/#breadcrumb","itemListElement":[{"@type":"ListItem","position":1,"name":"In\u00edcio","item":"https:\/\/www.sinpro-rio.org.br\/principal\/"},{"@type":"ListItem","position":2,"name":"CURTA CUT: nova iniciativa de Cultura da CUT Rio!"}]},{"@type":"WebSite","@id":"https:\/\/www.sinpro-rio.org.br\/principal\/#website","url":"https:\/\/www.sinpro-rio.org.br\/principal\/","name":"Sinpro-Rio","description":"Sindicato dos Professores do Munic\u00edpio do Rio de Janeiro e Regi\u00e3o","potentialAction":[{"@type":"SearchAction","target":{"@type":"EntryPoint","urlTemplate":"https:\/\/www.sinpro-rio.org.br\/principal\/?s={search_term_string}"},"query-input":{"@type":"PropertyValueSpecification","valueRequired":true,"valueName":"search_term_string"}}],"inLanguage":"pt-BR"},{"@type":"Person","@id":"https:\/\/www.sinpro-rio.org.br\/principal\/#\/schema\/person\/ee17219e64d00d037e511ae59ce2227e","name":"alessandra","image":{"@type":"ImageObject","inLanguage":"pt-BR","@id":"https:\/\/www.sinpro-rio.org.br\/principal\/#\/schema\/person\/image\/","url":"https:\/\/secure.gravatar.com\/avatar\/2b43fa8c0ad8e33b46a4732549f7fb20?s=96&d=mm&r=g","contentUrl":"https:\/\/secure.gravatar.com\/avatar\/2b43fa8c0ad8e33b46a4732549f7fb20?s=96&d=mm&r=g","caption":"alessandra"},"url":"https:\/\/www.sinpro-rio.org.br\/principal\/author\/alessandra\/"}]}},"_links":{"self":[{"href":"https:\/\/www.sinpro-rio.org.br\/principal\/wp-json\/wp\/v2\/posts\/28130","targetHints":{"allow":["GET"]}}],"collection":[{"href":"https:\/\/www.sinpro-rio.org.br\/principal\/wp-json\/wp\/v2\/posts"}],"about":[{"href":"https:\/\/www.sinpro-rio.org.br\/principal\/wp-json\/wp\/v2\/types\/post"}],"author":[{"embeddable":true,"href":"https:\/\/www.sinpro-rio.org.br\/principal\/wp-json\/wp\/v2\/users\/2"}],"replies":[{"embeddable":true,"href":"https:\/\/www.sinpro-rio.org.br\/principal\/wp-json\/wp\/v2\/comments?post=28130"}],"version-history":[{"count":1,"href":"https:\/\/www.sinpro-rio.org.br\/principal\/wp-json\/wp\/v2\/posts\/28130\/revisions"}],"predecessor-version":[{"id":28132,"href":"https:\/\/www.sinpro-rio.org.br\/principal\/wp-json\/wp\/v2\/posts\/28130\/revisions\/28132"}],"wp:featuredmedia":[{"embeddable":true,"href":"https:\/\/www.sinpro-rio.org.br\/principal\/wp-json\/wp\/v2\/media\/28131"}],"wp:attachment":[{"href":"https:\/\/www.sinpro-rio.org.br\/principal\/wp-json\/wp\/v2\/media?parent=28130"}],"wp:term":[{"taxonomy":"category","embeddable":true,"href":"https:\/\/www.sinpro-rio.org.br\/principal\/wp-json\/wp\/v2\/categories?post=28130"},{"taxonomy":"post_tag","embeddable":true,"href":"https:\/\/www.sinpro-rio.org.br\/principal\/wp-json\/wp\/v2\/tags?post=28130"}],"curies":[{"name":"wp","href":"https:\/\/api.w.org\/{rel}","templated":true}]}}