{"id":28112,"date":"2020-06-09T09:09:00","date_gmt":"2020-06-09T12:09:00","guid":{"rendered":"https:\/\/sinpro-rio.org.br\/principal\/?p=28112"},"modified":"2020-06-10T15:13:20","modified_gmt":"2020-06-10T18:13:20","slug":"esclarecimentos-sobre-lei-que-garante-emprego-do-professor-a-e-reduz-mensalidades","status":"publish","type":"post","link":"https:\/\/www.sinpro-rio.org.br\/principal\/esclarecimentos-sobre-lei-que-garante-emprego-do-professor-a-e-reduz-mensalidades\/","title":{"rendered":"Esclarecimentos sobre Lei que garante emprego do professor\/a e reduz  mensalidades"},"content":{"rendered":"\n<p>A Lei que regula a redu\u00e7\u00e3o das mensalidades e veda a dispensa dos professores e funcion\u00e1rios administrativos das escolas, durante o per\u00edodo de pandemia (lei 8864\/2020), foi sancionada pelo Governo do RJ e publicada em D.O. no dia 04 de junho de 2020.<\/p>\n\n\n\n<p>A crise da sa\u00fade teve in\u00edcio no m\u00eas de mar\u00e7o de 2020 e in\u00fameras leis foram editadas pelo Governo Federal, modificando as condi\u00e7\u00f5es de trabalho &#8211; MP 936, MP 927, dentre outras.<\/p>\n\n\n\n<p>O Sinpro-Rio, desde o in\u00edcio da crise da sa\u00fade, tem lutado junto \u00e0 categoria dos docentes para que os direitos trabalhistas destes fossem preservados e, com isso, uma de suas a\u00e7\u00f5es foi a de ter negociado com entidades patronais e com escolas, visando minorar os preju\u00edzos financeiros decorrentes das legisla\u00e7\u00f5es editadas. J\u00e1 foram celebrados mais de uma centena de acordos coletivos, garantindo o padr\u00e3o remunerat\u00f3rio dos professores \u00e0 luz da MP 936.<\/p>\n\n\n\n<p>A assembleia legislativa atendeu ao pleito da categoria e da sociedade e editou lei que regula o desconto das mensalidades e VEDA A DISPENSA ARBITR\u00c1RIA DE PROFESSORES neste per\u00edodo de crise.<\/p>\n\n\n\n<p>Entendemos que a manuten\u00e7\u00e3o dos empregos \u00e9 essencial para todas as categorias de trabalhadores.<\/p>\n\n\n\n<p>Professora e professor, n\u00e3o assinem nenhum termo de demiss\u00e3o e entrem em contato com o Sinpro-Rio para que possamos dialogar com a escola sobre a atual impossibilidade de demiss\u00e3o. Denuncie imediatamente, caso voc\u00ea seja dispensado pelo seu empregador.<\/p>\n\n\n\n<p><strong><em>JUNTOS\/AS SOMOS MAIS FORTES!<\/em><\/strong><\/p>\n\n\n\n<p><\/p>\n\n\n\n<ul class=\"wp-block-list\"><li><em><strong>SAIBA MAIS SOBRE A LEI QUE REDUZ MENSALIDADES E GARANTE EMPREGO DE PROFESSORES\/AS NA P\u00c1GINA DA FETEERJ. ACESSE POR <a href=\"https:\/\/sinpro-rio.org.br\/principal\/agora-e-lei-na-pandemia-mensalidades-escolares-tem-que-ser-reduzidas-e-empregos-dos-professores-mantidos\/\">AQUI!<\/a><\/strong><\/em><\/li><\/ul>\n\n\n\n<p><\/p>\n","protected":false},"excerpt":{"rendered":"<p>A Lei que regula a redu\u00e7\u00e3o das mensalidades e veda a dispensa dos professores e funcion\u00e1rios administrativos das escolas, durante o per\u00edodo de pandemia (lei 8864\/2020), foi sancionada pelo Governo do RJ e publicada em D.O. no dia 04 de junho de 2020. A crise da sa\u00fade teve in\u00edcio no m\u00eas de mar\u00e7o de 2020 [&hellip;]<\/p>\n","protected":false},"author":2,"featured_media":27957,"comment_status":"closed","ping_status":"closed","sticky":false,"template":"","format":"standard","meta":{"footnotes":""},"categories":[1,25],"tags":[],"class_list":["post-28112","post","type-post","status-publish","format-standard","has-post-thumbnail","hentry","category-noticias","category-destaque-primeira-pagina"],"yoast_head":"<!-- This site is optimized with the Yoast SEO plugin v25.7 - https:\/\/yoast.com\/wordpress\/plugins\/seo\/ -->\n<title>Esclarecimentos sobre Lei que garante emprego do professor\/a e reduz mensalidades - Sinpro-Rio<\/title>\n<meta name=\"robots\" content=\"index, follow, max-snippet:-1, max-image-preview:large, max-video-preview:-1\" \/>\n<link rel=\"canonical\" href=\"https:\/\/www.sinpro-rio.org.br\/principal\/esclarecimentos-sobre-lei-que-garante-emprego-do-professor-a-e-reduz-mensalidades\/\" \/>\n<meta property=\"og:locale\" content=\"pt_BR\" \/>\n<meta property=\"og:type\" content=\"article\" \/>\n<meta property=\"og:title\" content=\"Esclarecimentos sobre Lei que garante emprego do professor\/a e reduz mensalidades - Sinpro-Rio\" \/>\n<meta property=\"og:description\" content=\"A Lei que regula a redu\u00e7\u00e3o das mensalidades e veda a dispensa dos professores e funcion\u00e1rios administrativos das escolas, durante o per\u00edodo de pandemia (lei 8864\/2020), foi sancionada pelo Governo do RJ e publicada em D.O. no dia 04 de junho de 2020. A crise da sa\u00fade teve in\u00edcio no m\u00eas de mar\u00e7o de 2020 [&hellip;]\" \/>\n<meta property=\"og:url\" content=\"https:\/\/www.sinpro-rio.org.br\/principal\/esclarecimentos-sobre-lei-que-garante-emprego-do-professor-a-e-reduz-mensalidades\/\" \/>\n<meta property=\"og:site_name\" content=\"Sinpro-Rio\" \/>\n<meta property=\"article:published_time\" content=\"2020-06-09T12:09:00+00:00\" \/>\n<meta property=\"article:modified_time\" content=\"2020-06-10T18:13:20+00:00\" \/>\n<meta property=\"og:image\" content=\"https:\/\/www.sinpro-rio.org.br\/principal\/wp-content\/uploads\/2020\/05\/IMG-20191220-WA0096.jpg\" \/>\n\t<meta property=\"og:image:width\" content=\"1280\" \/>\n\t<meta property=\"og:image:height\" content=\"836\" \/>\n\t<meta property=\"og:image:type\" content=\"image\/jpeg\" \/>\n<meta name=\"author\" content=\"alessandra\" \/>\n<meta name=\"twitter:card\" content=\"summary_large_image\" \/>\n<meta name=\"twitter:label1\" content=\"Escrito por\" \/>\n\t<meta name=\"twitter:data1\" content=\"alessandra\" \/>\n\t<meta name=\"twitter:label2\" content=\"Est. tempo de leitura\" \/>\n\t<meta name=\"twitter:data2\" content=\"1 minuto\" \/>\n<script type=\"application\/ld+json\" class=\"yoast-schema-graph\">{\"@context\":\"https:\/\/schema.org\",\"@graph\":[{\"@type\":\"WebPage\",\"@id\":\"https:\/\/www.sinpro-rio.org.br\/principal\/esclarecimentos-sobre-lei-que-garante-emprego-do-professor-a-e-reduz-mensalidades\/\",\"url\":\"https:\/\/www.sinpro-rio.org.br\/principal\/esclarecimentos-sobre-lei-que-garante-emprego-do-professor-a-e-reduz-mensalidades\/\",\"name\":\"Esclarecimentos sobre Lei que garante emprego do professor\/a e reduz mensalidades - Sinpro-Rio\",\"isPartOf\":{\"@id\":\"https:\/\/www.sinpro-rio.org.br\/principal\/#website\"},\"primaryImageOfPage\":{\"@id\":\"https:\/\/www.sinpro-rio.org.br\/principal\/esclarecimentos-sobre-lei-que-garante-emprego-do-professor-a-e-reduz-mensalidades\/#primaryimage\"},\"image\":{\"@id\":\"https:\/\/www.sinpro-rio.org.br\/principal\/esclarecimentos-sobre-lei-que-garante-emprego-do-professor-a-e-reduz-mensalidades\/#primaryimage\"},\"thumbnailUrl\":\"https:\/\/www.sinpro-rio.org.br\/principal\/wp-content\/uploads\/2020\/05\/IMG-20191220-WA0096.jpg\",\"datePublished\":\"2020-06-09T12:09:00+00:00\",\"dateModified\":\"2020-06-10T18:13:20+00:00\",\"author\":{\"@id\":\"https:\/\/www.sinpro-rio.org.br\/principal\/#\/schema\/person\/ee17219e64d00d037e511ae59ce2227e\"},\"breadcrumb\":{\"@id\":\"https:\/\/www.sinpro-rio.org.br\/principal\/esclarecimentos-sobre-lei-que-garante-emprego-do-professor-a-e-reduz-mensalidades\/#breadcrumb\"},\"inLanguage\":\"pt-BR\",\"potentialAction\":[{\"@type\":\"ReadAction\",\"target\":[\"https:\/\/www.sinpro-rio.org.br\/principal\/esclarecimentos-sobre-lei-que-garante-emprego-do-professor-a-e-reduz-mensalidades\/\"]}]},{\"@type\":\"ImageObject\",\"inLanguage\":\"pt-BR\",\"@id\":\"https:\/\/www.sinpro-rio.org.br\/principal\/esclarecimentos-sobre-lei-que-garante-emprego-do-professor-a-e-reduz-mensalidades\/#primaryimage\",\"url\":\"https:\/\/www.sinpro-rio.org.br\/principal\/wp-content\/uploads\/2020\/05\/IMG-20191220-WA0096.jpg\",\"contentUrl\":\"https:\/\/www.sinpro-rio.org.br\/principal\/wp-content\/uploads\/2020\/05\/IMG-20191220-WA0096.jpg\",\"width\":1280,\"height\":836},{\"@type\":\"BreadcrumbList\",\"@id\":\"https:\/\/www.sinpro-rio.org.br\/principal\/esclarecimentos-sobre-lei-que-garante-emprego-do-professor-a-e-reduz-mensalidades\/#breadcrumb\",\"itemListElement\":[{\"@type\":\"ListItem\",\"position\":1,\"name\":\"In\u00edcio\",\"item\":\"https:\/\/www.sinpro-rio.org.br\/principal\/\"},{\"@type\":\"ListItem\",\"position\":2,\"name\":\"Esclarecimentos sobre Lei que garante emprego do professor\/a e reduz mensalidades\"}]},{\"@type\":\"WebSite\",\"@id\":\"https:\/\/www.sinpro-rio.org.br\/principal\/#website\",\"url\":\"https:\/\/www.sinpro-rio.org.br\/principal\/\",\"name\":\"Sinpro-Rio\",\"description\":\"Sindicato dos Professores do Munic\u00edpio do Rio de Janeiro e Regi\u00e3o\",\"potentialAction\":[{\"@type\":\"SearchAction\",\"target\":{\"@type\":\"EntryPoint\",\"urlTemplate\":\"https:\/\/www.sinpro-rio.org.br\/principal\/?s={search_term_string}\"},\"query-input\":{\"@type\":\"PropertyValueSpecification\",\"valueRequired\":true,\"valueName\":\"search_term_string\"}}],\"inLanguage\":\"pt-BR\"},{\"@type\":\"Person\",\"@id\":\"https:\/\/www.sinpro-rio.org.br\/principal\/#\/schema\/person\/ee17219e64d00d037e511ae59ce2227e\",\"name\":\"alessandra\",\"image\":{\"@type\":\"ImageObject\",\"inLanguage\":\"pt-BR\",\"@id\":\"https:\/\/www.sinpro-rio.org.br\/principal\/#\/schema\/person\/image\/\",\"url\":\"https:\/\/secure.gravatar.com\/avatar\/2b43fa8c0ad8e33b46a4732549f7fb20?s=96&d=mm&r=g\",\"contentUrl\":\"https:\/\/secure.gravatar.com\/avatar\/2b43fa8c0ad8e33b46a4732549f7fb20?s=96&d=mm&r=g\",\"caption\":\"alessandra\"},\"url\":\"https:\/\/www.sinpro-rio.org.br\/principal\/author\/alessandra\/\"}]}<\/script>\n<!-- \/ Yoast SEO plugin. -->","yoast_head_json":{"title":"Esclarecimentos sobre Lei que garante emprego do professor\/a e reduz mensalidades - Sinpro-Rio","robots":{"index":"index","follow":"follow","max-snippet":"max-snippet:-1","max-image-preview":"max-image-preview:large","max-video-preview":"max-video-preview:-1"},"canonical":"https:\/\/www.sinpro-rio.org.br\/principal\/esclarecimentos-sobre-lei-que-garante-emprego-do-professor-a-e-reduz-mensalidades\/","og_locale":"pt_BR","og_type":"article","og_title":"Esclarecimentos sobre Lei que garante emprego do professor\/a e reduz mensalidades - Sinpro-Rio","og_description":"A Lei que regula a redu\u00e7\u00e3o das mensalidades e veda a dispensa dos professores e funcion\u00e1rios administrativos das escolas, durante o per\u00edodo de pandemia (lei 8864\/2020), foi sancionada pelo Governo do RJ e publicada em D.O. no dia 04 de junho de 2020. A crise da sa\u00fade teve in\u00edcio no m\u00eas de mar\u00e7o de 2020 [&hellip;]","og_url":"https:\/\/www.sinpro-rio.org.br\/principal\/esclarecimentos-sobre-lei-que-garante-emprego-do-professor-a-e-reduz-mensalidades\/","og_site_name":"Sinpro-Rio","article_published_time":"2020-06-09T12:09:00+00:00","article_modified_time":"2020-06-10T18:13:20+00:00","og_image":[{"width":1280,"height":836,"url":"https:\/\/www.sinpro-rio.org.br\/principal\/wp-content\/uploads\/2020\/05\/IMG-20191220-WA0096.jpg","type":"image\/jpeg"}],"author":"alessandra","twitter_card":"summary_large_image","twitter_misc":{"Escrito por":"alessandra","Est. tempo de leitura":"1 minuto"},"schema":{"@context":"https:\/\/schema.org","@graph":[{"@type":"WebPage","@id":"https:\/\/www.sinpro-rio.org.br\/principal\/esclarecimentos-sobre-lei-que-garante-emprego-do-professor-a-e-reduz-mensalidades\/","url":"https:\/\/www.sinpro-rio.org.br\/principal\/esclarecimentos-sobre-lei-que-garante-emprego-do-professor-a-e-reduz-mensalidades\/","name":"Esclarecimentos sobre Lei que garante emprego do professor\/a e reduz mensalidades - Sinpro-Rio","isPartOf":{"@id":"https:\/\/www.sinpro-rio.org.br\/principal\/#website"},"primaryImageOfPage":{"@id":"https:\/\/www.sinpro-rio.org.br\/principal\/esclarecimentos-sobre-lei-que-garante-emprego-do-professor-a-e-reduz-mensalidades\/#primaryimage"},"image":{"@id":"https:\/\/www.sinpro-rio.org.br\/principal\/esclarecimentos-sobre-lei-que-garante-emprego-do-professor-a-e-reduz-mensalidades\/#primaryimage"},"thumbnailUrl":"https:\/\/www.sinpro-rio.org.br\/principal\/wp-content\/uploads\/2020\/05\/IMG-20191220-WA0096.jpg","datePublished":"2020-06-09T12:09:00+00:00","dateModified":"2020-06-10T18:13:20+00:00","author":{"@id":"https:\/\/www.sinpro-rio.org.br\/principal\/#\/schema\/person\/ee17219e64d00d037e511ae59ce2227e"},"breadcrumb":{"@id":"https:\/\/www.sinpro-rio.org.br\/principal\/esclarecimentos-sobre-lei-que-garante-emprego-do-professor-a-e-reduz-mensalidades\/#breadcrumb"},"inLanguage":"pt-BR","potentialAction":[{"@type":"ReadAction","target":["https:\/\/www.sinpro-rio.org.br\/principal\/esclarecimentos-sobre-lei-que-garante-emprego-do-professor-a-e-reduz-mensalidades\/"]}]},{"@type":"ImageObject","inLanguage":"pt-BR","@id":"https:\/\/www.sinpro-rio.org.br\/principal\/esclarecimentos-sobre-lei-que-garante-emprego-do-professor-a-e-reduz-mensalidades\/#primaryimage","url":"https:\/\/www.sinpro-rio.org.br\/principal\/wp-content\/uploads\/2020\/05\/IMG-20191220-WA0096.jpg","contentUrl":"https:\/\/www.sinpro-rio.org.br\/principal\/wp-content\/uploads\/2020\/05\/IMG-20191220-WA0096.jpg","width":1280,"height":836},{"@type":"BreadcrumbList","@id":"https:\/\/www.sinpro-rio.org.br\/principal\/esclarecimentos-sobre-lei-que-garante-emprego-do-professor-a-e-reduz-mensalidades\/#breadcrumb","itemListElement":[{"@type":"ListItem","position":1,"name":"In\u00edcio","item":"https:\/\/www.sinpro-rio.org.br\/principal\/"},{"@type":"ListItem","position":2,"name":"Esclarecimentos sobre Lei que garante emprego do professor\/a e reduz mensalidades"}]},{"@type":"WebSite","@id":"https:\/\/www.sinpro-rio.org.br\/principal\/#website","url":"https:\/\/www.sinpro-rio.org.br\/principal\/","name":"Sinpro-Rio","description":"Sindicato dos Professores do Munic\u00edpio do Rio de Janeiro e Regi\u00e3o","potentialAction":[{"@type":"SearchAction","target":{"@type":"EntryPoint","urlTemplate":"https:\/\/www.sinpro-rio.org.br\/principal\/?s={search_term_string}"},"query-input":{"@type":"PropertyValueSpecification","valueRequired":true,"valueName":"search_term_string"}}],"inLanguage":"pt-BR"},{"@type":"Person","@id":"https:\/\/www.sinpro-rio.org.br\/principal\/#\/schema\/person\/ee17219e64d00d037e511ae59ce2227e","name":"alessandra","image":{"@type":"ImageObject","inLanguage":"pt-BR","@id":"https:\/\/www.sinpro-rio.org.br\/principal\/#\/schema\/person\/image\/","url":"https:\/\/secure.gravatar.com\/avatar\/2b43fa8c0ad8e33b46a4732549f7fb20?s=96&d=mm&r=g","contentUrl":"https:\/\/secure.gravatar.com\/avatar\/2b43fa8c0ad8e33b46a4732549f7fb20?s=96&d=mm&r=g","caption":"alessandra"},"url":"https:\/\/www.sinpro-rio.org.br\/principal\/author\/alessandra\/"}]}},"_links":{"self":[{"href":"https:\/\/www.sinpro-rio.org.br\/principal\/wp-json\/wp\/v2\/posts\/28112","targetHints":{"allow":["GET"]}}],"collection":[{"href":"https:\/\/www.sinpro-rio.org.br\/principal\/wp-json\/wp\/v2\/posts"}],"about":[{"href":"https:\/\/www.sinpro-rio.org.br\/principal\/wp-json\/wp\/v2\/types\/post"}],"author":[{"embeddable":true,"href":"https:\/\/www.sinpro-rio.org.br\/principal\/wp-json\/wp\/v2\/users\/2"}],"replies":[{"embeddable":true,"href":"https:\/\/www.sinpro-rio.org.br\/principal\/wp-json\/wp\/v2\/comments?post=28112"}],"version-history":[{"count":3,"href":"https:\/\/www.sinpro-rio.org.br\/principal\/wp-json\/wp\/v2\/posts\/28112\/revisions"}],"predecessor-version":[{"id":28137,"href":"https:\/\/www.sinpro-rio.org.br\/principal\/wp-json\/wp\/v2\/posts\/28112\/revisions\/28137"}],"wp:featuredmedia":[{"embeddable":true,"href":"https:\/\/www.sinpro-rio.org.br\/principal\/wp-json\/wp\/v2\/media\/27957"}],"wp:attachment":[{"href":"https:\/\/www.sinpro-rio.org.br\/principal\/wp-json\/wp\/v2\/media?parent=28112"}],"wp:term":[{"taxonomy":"category","embeddable":true,"href":"https:\/\/www.sinpro-rio.org.br\/principal\/wp-json\/wp\/v2\/categories?post=28112"},{"taxonomy":"post_tag","embeddable":true,"href":"https:\/\/www.sinpro-rio.org.br\/principal\/wp-json\/wp\/v2\/tags?post=28112"}],"curies":[{"name":"wp","href":"https:\/\/api.w.org\/{rel}","templated":true}]}}