{"id":28086,"date":"2020-06-03T09:55:00","date_gmt":"2020-06-03T12:55:00","guid":{"rendered":"https:\/\/sinpro-rio.org.br\/principal\/?p=28086"},"modified":"2020-06-03T10:09:00","modified_gmt":"2020-06-03T13:09:00","slug":"professores-do-rio-de-janeiro-reagem-a-retomada-de-aulas-prevista-por-crivella","status":"publish","type":"post","link":"https:\/\/www.sinpro-rio.org.br\/principal\/professores-do-rio-de-janeiro-reagem-a-retomada-de-aulas-prevista-por-crivella\/","title":{"rendered":"Professores do Rio de Janeiro reagem a retomada de aulas prevista por Crivella"},"content":{"rendered":"\n<p><br><strong><em>COMPROMISSO <\/em><\/strong>&#8211; Vice-presidente do Sindicato dos Professores do Munic\u00edpio do Rio de Janeiro (Sinpro-Rio), Afonso Celso tamb\u00e9m acena com a possibilidade do que ele classifica como \u201cuma greve pela vida\u201d em caso de insist\u00eancia por parte da Prefeitura em uma retomada das aulas considerada prematura pela categoria: \u201cEstamos vendo tudo isso com muita preocupa\u00e7\u00e3o. Provavelmente, caso a reabertura se confirme, n\u00f3s deveremos convocar uma assembleia e poderemos, sim, at\u00e9 deflagrar uma greve. Uma greve pela vida, para que a gente n\u00e3o retorne para poss\u00edveis matadouros que ser\u00e3o as salas de aula\u201d.<\/p>\n\n\n\n<p>Leia a \u00edntegra da mat\u00e9ria em <a href=\"https:\/\/www.redebrasilatual.com.br\/saude-e-ciencia\/2020\/06\/professores-rio-de-janeiro-contra-volta-aulas-crivella\/\">AQUI!<\/a><\/p>\n","protected":false},"excerpt":{"rendered":"<p>COMPROMISSO &#8211; Vice-presidente do Sindicato dos Professores do Munic\u00edpio do Rio de Janeiro (Sinpro-Rio), Afonso Celso tamb\u00e9m acena com a possibilidade do que ele classifica como \u201cuma greve pela vida\u201d em caso de insist\u00eancia por parte da Prefeitura em uma retomada das aulas considerada prematura pela categoria: \u201cEstamos vendo tudo isso com muita preocupa\u00e7\u00e3o. Provavelmente, [&hellip;]<\/p>\n","protected":false},"author":2,"featured_media":28087,"comment_status":"closed","ping_status":"closed","sticky":false,"template":"","format":"standard","meta":{"footnotes":""},"categories":[1,25],"tags":[],"class_list":["post-28086","post","type-post","status-publish","format-standard","has-post-thumbnail","hentry","category-noticias","category-destaque-primeira-pagina"],"yoast_head":"<!-- This site is optimized with the Yoast SEO plugin v25.7 - https:\/\/yoast.com\/wordpress\/plugins\/seo\/ -->\n<title>Professores do Rio de Janeiro reagem a retomada de aulas prevista por Crivella - Sinpro-Rio<\/title>\n<meta name=\"robots\" content=\"index, follow, max-snippet:-1, max-image-preview:large, max-video-preview:-1\" \/>\n<link rel=\"canonical\" href=\"https:\/\/www.sinpro-rio.org.br\/principal\/professores-do-rio-de-janeiro-reagem-a-retomada-de-aulas-prevista-por-crivella\/\" \/>\n<meta property=\"og:locale\" content=\"pt_BR\" \/>\n<meta property=\"og:type\" content=\"article\" \/>\n<meta property=\"og:title\" content=\"Professores do Rio de Janeiro reagem a retomada de aulas prevista por Crivella - Sinpro-Rio\" \/>\n<meta property=\"og:description\" content=\"COMPROMISSO &#8211; Vice-presidente do Sindicato dos Professores do Munic\u00edpio do Rio de Janeiro (Sinpro-Rio), Afonso Celso tamb\u00e9m acena com a possibilidade do que ele classifica como \u201cuma greve pela vida\u201d em caso de insist\u00eancia por parte da Prefeitura em uma retomada das aulas considerada prematura pela categoria: \u201cEstamos vendo tudo isso com muita preocupa\u00e7\u00e3o. Provavelmente, [&hellip;]\" \/>\n<meta property=\"og:url\" content=\"https:\/\/www.sinpro-rio.org.br\/principal\/professores-do-rio-de-janeiro-reagem-a-retomada-de-aulas-prevista-por-crivella\/\" \/>\n<meta property=\"og:site_name\" content=\"Sinpro-Rio\" \/>\n<meta property=\"article:published_time\" content=\"2020-06-03T12:55:00+00:00\" \/>\n<meta property=\"article:modified_time\" content=\"2020-06-03T13:09:00+00:00\" \/>\n<meta property=\"og:image\" content=\"https:\/\/www.sinpro-rio.org.br\/principal\/wp-content\/uploads\/2020\/06\/foto-entrevista-afonso.jpg\" \/>\n\t<meta property=\"og:image:width\" content=\"1200\" \/>\n\t<meta property=\"og:image:height\" content=\"754\" \/>\n\t<meta property=\"og:image:type\" content=\"image\/jpeg\" \/>\n<meta name=\"author\" content=\"alessandra\" \/>\n<meta name=\"twitter:card\" content=\"summary_large_image\" \/>\n<meta name=\"twitter:label1\" content=\"Escrito por\" \/>\n\t<meta name=\"twitter:data1\" content=\"alessandra\" \/>\n\t<meta name=\"twitter:label2\" content=\"Est. tempo de leitura\" \/>\n\t<meta name=\"twitter:data2\" content=\"1 minuto\" \/>\n<script type=\"application\/ld+json\" class=\"yoast-schema-graph\">{\"@context\":\"https:\/\/schema.org\",\"@graph\":[{\"@type\":\"WebPage\",\"@id\":\"https:\/\/www.sinpro-rio.org.br\/principal\/professores-do-rio-de-janeiro-reagem-a-retomada-de-aulas-prevista-por-crivella\/\",\"url\":\"https:\/\/www.sinpro-rio.org.br\/principal\/professores-do-rio-de-janeiro-reagem-a-retomada-de-aulas-prevista-por-crivella\/\",\"name\":\"Professores do Rio de Janeiro reagem a retomada de aulas prevista por Crivella - Sinpro-Rio\",\"isPartOf\":{\"@id\":\"https:\/\/www.sinpro-rio.org.br\/principal\/#website\"},\"primaryImageOfPage\":{\"@id\":\"https:\/\/www.sinpro-rio.org.br\/principal\/professores-do-rio-de-janeiro-reagem-a-retomada-de-aulas-prevista-por-crivella\/#primaryimage\"},\"image\":{\"@id\":\"https:\/\/www.sinpro-rio.org.br\/principal\/professores-do-rio-de-janeiro-reagem-a-retomada-de-aulas-prevista-por-crivella\/#primaryimage\"},\"thumbnailUrl\":\"https:\/\/www.sinpro-rio.org.br\/principal\/wp-content\/uploads\/2020\/06\/foto-entrevista-afonso.jpg\",\"datePublished\":\"2020-06-03T12:55:00+00:00\",\"dateModified\":\"2020-06-03T13:09:00+00:00\",\"author\":{\"@id\":\"https:\/\/www.sinpro-rio.org.br\/principal\/#\/schema\/person\/ee17219e64d00d037e511ae59ce2227e\"},\"breadcrumb\":{\"@id\":\"https:\/\/www.sinpro-rio.org.br\/principal\/professores-do-rio-de-janeiro-reagem-a-retomada-de-aulas-prevista-por-crivella\/#breadcrumb\"},\"inLanguage\":\"pt-BR\",\"potentialAction\":[{\"@type\":\"ReadAction\",\"target\":[\"https:\/\/www.sinpro-rio.org.br\/principal\/professores-do-rio-de-janeiro-reagem-a-retomada-de-aulas-prevista-por-crivella\/\"]}]},{\"@type\":\"ImageObject\",\"inLanguage\":\"pt-BR\",\"@id\":\"https:\/\/www.sinpro-rio.org.br\/principal\/professores-do-rio-de-janeiro-reagem-a-retomada-de-aulas-prevista-por-crivella\/#primaryimage\",\"url\":\"https:\/\/www.sinpro-rio.org.br\/principal\/wp-content\/uploads\/2020\/06\/foto-entrevista-afonso.jpg\",\"contentUrl\":\"https:\/\/www.sinpro-rio.org.br\/principal\/wp-content\/uploads\/2020\/06\/foto-entrevista-afonso.jpg\",\"width\":1200,\"height\":754},{\"@type\":\"BreadcrumbList\",\"@id\":\"https:\/\/www.sinpro-rio.org.br\/principal\/professores-do-rio-de-janeiro-reagem-a-retomada-de-aulas-prevista-por-crivella\/#breadcrumb\",\"itemListElement\":[{\"@type\":\"ListItem\",\"position\":1,\"name\":\"In\u00edcio\",\"item\":\"https:\/\/www.sinpro-rio.org.br\/principal\/\"},{\"@type\":\"ListItem\",\"position\":2,\"name\":\"Professores do Rio de Janeiro reagem a retomada de aulas prevista por Crivella\"}]},{\"@type\":\"WebSite\",\"@id\":\"https:\/\/www.sinpro-rio.org.br\/principal\/#website\",\"url\":\"https:\/\/www.sinpro-rio.org.br\/principal\/\",\"name\":\"Sinpro-Rio\",\"description\":\"Sindicato dos Professores do Munic\u00edpio do Rio de Janeiro e Regi\u00e3o\",\"potentialAction\":[{\"@type\":\"SearchAction\",\"target\":{\"@type\":\"EntryPoint\",\"urlTemplate\":\"https:\/\/www.sinpro-rio.org.br\/principal\/?s={search_term_string}\"},\"query-input\":{\"@type\":\"PropertyValueSpecification\",\"valueRequired\":true,\"valueName\":\"search_term_string\"}}],\"inLanguage\":\"pt-BR\"},{\"@type\":\"Person\",\"@id\":\"https:\/\/www.sinpro-rio.org.br\/principal\/#\/schema\/person\/ee17219e64d00d037e511ae59ce2227e\",\"name\":\"alessandra\",\"image\":{\"@type\":\"ImageObject\",\"inLanguage\":\"pt-BR\",\"@id\":\"https:\/\/www.sinpro-rio.org.br\/principal\/#\/schema\/person\/image\/\",\"url\":\"https:\/\/secure.gravatar.com\/avatar\/2b43fa8c0ad8e33b46a4732549f7fb20?s=96&d=mm&r=g\",\"contentUrl\":\"https:\/\/secure.gravatar.com\/avatar\/2b43fa8c0ad8e33b46a4732549f7fb20?s=96&d=mm&r=g\",\"caption\":\"alessandra\"},\"url\":\"https:\/\/www.sinpro-rio.org.br\/principal\/author\/alessandra\/\"}]}<\/script>\n<!-- \/ Yoast SEO plugin. -->","yoast_head_json":{"title":"Professores do Rio de Janeiro reagem a retomada de aulas prevista por Crivella - Sinpro-Rio","robots":{"index":"index","follow":"follow","max-snippet":"max-snippet:-1","max-image-preview":"max-image-preview:large","max-video-preview":"max-video-preview:-1"},"canonical":"https:\/\/www.sinpro-rio.org.br\/principal\/professores-do-rio-de-janeiro-reagem-a-retomada-de-aulas-prevista-por-crivella\/","og_locale":"pt_BR","og_type":"article","og_title":"Professores do Rio de Janeiro reagem a retomada de aulas prevista por Crivella - Sinpro-Rio","og_description":"COMPROMISSO &#8211; Vice-presidente do Sindicato dos Professores do Munic\u00edpio do Rio de Janeiro (Sinpro-Rio), Afonso Celso tamb\u00e9m acena com a possibilidade do que ele classifica como \u201cuma greve pela vida\u201d em caso de insist\u00eancia por parte da Prefeitura em uma retomada das aulas considerada prematura pela categoria: \u201cEstamos vendo tudo isso com muita preocupa\u00e7\u00e3o. Provavelmente, [&hellip;]","og_url":"https:\/\/www.sinpro-rio.org.br\/principal\/professores-do-rio-de-janeiro-reagem-a-retomada-de-aulas-prevista-por-crivella\/","og_site_name":"Sinpro-Rio","article_published_time":"2020-06-03T12:55:00+00:00","article_modified_time":"2020-06-03T13:09:00+00:00","og_image":[{"width":1200,"height":754,"url":"https:\/\/www.sinpro-rio.org.br\/principal\/wp-content\/uploads\/2020\/06\/foto-entrevista-afonso.jpg","type":"image\/jpeg"}],"author":"alessandra","twitter_card":"summary_large_image","twitter_misc":{"Escrito por":"alessandra","Est. tempo de leitura":"1 minuto"},"schema":{"@context":"https:\/\/schema.org","@graph":[{"@type":"WebPage","@id":"https:\/\/www.sinpro-rio.org.br\/principal\/professores-do-rio-de-janeiro-reagem-a-retomada-de-aulas-prevista-por-crivella\/","url":"https:\/\/www.sinpro-rio.org.br\/principal\/professores-do-rio-de-janeiro-reagem-a-retomada-de-aulas-prevista-por-crivella\/","name":"Professores do Rio de Janeiro reagem a retomada de aulas prevista por Crivella - Sinpro-Rio","isPartOf":{"@id":"https:\/\/www.sinpro-rio.org.br\/principal\/#website"},"primaryImageOfPage":{"@id":"https:\/\/www.sinpro-rio.org.br\/principal\/professores-do-rio-de-janeiro-reagem-a-retomada-de-aulas-prevista-por-crivella\/#primaryimage"},"image":{"@id":"https:\/\/www.sinpro-rio.org.br\/principal\/professores-do-rio-de-janeiro-reagem-a-retomada-de-aulas-prevista-por-crivella\/#primaryimage"},"thumbnailUrl":"https:\/\/www.sinpro-rio.org.br\/principal\/wp-content\/uploads\/2020\/06\/foto-entrevista-afonso.jpg","datePublished":"2020-06-03T12:55:00+00:00","dateModified":"2020-06-03T13:09:00+00:00","author":{"@id":"https:\/\/www.sinpro-rio.org.br\/principal\/#\/schema\/person\/ee17219e64d00d037e511ae59ce2227e"},"breadcrumb":{"@id":"https:\/\/www.sinpro-rio.org.br\/principal\/professores-do-rio-de-janeiro-reagem-a-retomada-de-aulas-prevista-por-crivella\/#breadcrumb"},"inLanguage":"pt-BR","potentialAction":[{"@type":"ReadAction","target":["https:\/\/www.sinpro-rio.org.br\/principal\/professores-do-rio-de-janeiro-reagem-a-retomada-de-aulas-prevista-por-crivella\/"]}]},{"@type":"ImageObject","inLanguage":"pt-BR","@id":"https:\/\/www.sinpro-rio.org.br\/principal\/professores-do-rio-de-janeiro-reagem-a-retomada-de-aulas-prevista-por-crivella\/#primaryimage","url":"https:\/\/www.sinpro-rio.org.br\/principal\/wp-content\/uploads\/2020\/06\/foto-entrevista-afonso.jpg","contentUrl":"https:\/\/www.sinpro-rio.org.br\/principal\/wp-content\/uploads\/2020\/06\/foto-entrevista-afonso.jpg","width":1200,"height":754},{"@type":"BreadcrumbList","@id":"https:\/\/www.sinpro-rio.org.br\/principal\/professores-do-rio-de-janeiro-reagem-a-retomada-de-aulas-prevista-por-crivella\/#breadcrumb","itemListElement":[{"@type":"ListItem","position":1,"name":"In\u00edcio","item":"https:\/\/www.sinpro-rio.org.br\/principal\/"},{"@type":"ListItem","position":2,"name":"Professores do Rio de Janeiro reagem a retomada de aulas prevista por Crivella"}]},{"@type":"WebSite","@id":"https:\/\/www.sinpro-rio.org.br\/principal\/#website","url":"https:\/\/www.sinpro-rio.org.br\/principal\/","name":"Sinpro-Rio","description":"Sindicato dos Professores do Munic\u00edpio do Rio de Janeiro e Regi\u00e3o","potentialAction":[{"@type":"SearchAction","target":{"@type":"EntryPoint","urlTemplate":"https:\/\/www.sinpro-rio.org.br\/principal\/?s={search_term_string}"},"query-input":{"@type":"PropertyValueSpecification","valueRequired":true,"valueName":"search_term_string"}}],"inLanguage":"pt-BR"},{"@type":"Person","@id":"https:\/\/www.sinpro-rio.org.br\/principal\/#\/schema\/person\/ee17219e64d00d037e511ae59ce2227e","name":"alessandra","image":{"@type":"ImageObject","inLanguage":"pt-BR","@id":"https:\/\/www.sinpro-rio.org.br\/principal\/#\/schema\/person\/image\/","url":"https:\/\/secure.gravatar.com\/avatar\/2b43fa8c0ad8e33b46a4732549f7fb20?s=96&d=mm&r=g","contentUrl":"https:\/\/secure.gravatar.com\/avatar\/2b43fa8c0ad8e33b46a4732549f7fb20?s=96&d=mm&r=g","caption":"alessandra"},"url":"https:\/\/www.sinpro-rio.org.br\/principal\/author\/alessandra\/"}]}},"_links":{"self":[{"href":"https:\/\/www.sinpro-rio.org.br\/principal\/wp-json\/wp\/v2\/posts\/28086","targetHints":{"allow":["GET"]}}],"collection":[{"href":"https:\/\/www.sinpro-rio.org.br\/principal\/wp-json\/wp\/v2\/posts"}],"about":[{"href":"https:\/\/www.sinpro-rio.org.br\/principal\/wp-json\/wp\/v2\/types\/post"}],"author":[{"embeddable":true,"href":"https:\/\/www.sinpro-rio.org.br\/principal\/wp-json\/wp\/v2\/users\/2"}],"replies":[{"embeddable":true,"href":"https:\/\/www.sinpro-rio.org.br\/principal\/wp-json\/wp\/v2\/comments?post=28086"}],"version-history":[{"count":1,"href":"https:\/\/www.sinpro-rio.org.br\/principal\/wp-json\/wp\/v2\/posts\/28086\/revisions"}],"predecessor-version":[{"id":28088,"href":"https:\/\/www.sinpro-rio.org.br\/principal\/wp-json\/wp\/v2\/posts\/28086\/revisions\/28088"}],"wp:featuredmedia":[{"embeddable":true,"href":"https:\/\/www.sinpro-rio.org.br\/principal\/wp-json\/wp\/v2\/media\/28087"}],"wp:attachment":[{"href":"https:\/\/www.sinpro-rio.org.br\/principal\/wp-json\/wp\/v2\/media?parent=28086"}],"wp:term":[{"taxonomy":"category","embeddable":true,"href":"https:\/\/www.sinpro-rio.org.br\/principal\/wp-json\/wp\/v2\/categories?post=28086"},{"taxonomy":"post_tag","embeddable":true,"href":"https:\/\/www.sinpro-rio.org.br\/principal\/wp-json\/wp\/v2\/tags?post=28086"}],"curies":[{"name":"wp","href":"https:\/\/api.w.org\/{rel}","templated":true}]}}