{"id":28057,"date":"2020-05-30T18:34:00","date_gmt":"2020-05-30T21:34:00","guid":{"rendered":"https:\/\/sinpro-rio.org.br\/principal\/?p=28057"},"modified":"2020-06-04T11:41:05","modified_gmt":"2020-06-04T14:41:05","slug":"31-de-maio-89-anos-do-sinpro-rio","status":"publish","type":"post","link":"https:\/\/www.sinpro-rio.org.br\/principal\/31-de-maio-89-anos-do-sinpro-rio\/","title":{"rendered":"31 de Maio: 89 anos do Sinpro-Rio!"},"content":{"rendered":"\n<p>Parab\u00e9ns \u00e0s professoras e aos professores da rede privada dos munic\u00edpios do Rio de Janeiro, Itagua\u00ed, Paracambi e Serop\u00e9dica, base territorial do Sinpro-Rio!!<\/p>\n\n\n\n<p>Em entrevista ao programa FAIXA LIVRE, o presidente do Sinpro-Rio, professor Oswaldo Teles, falou sobre a hist\u00f3ria de 89 anos de lutas e resist\u00eancias do Sindicato. Ou\u00e7a <a href=\"http:\/\/www.programafaixalivre.com.br\/noticias\/teles-ressalta-luta-e-resistencia-em-aniversario-de-89-anos-do-sinpro-rio\/\">AQUI!<\/a><\/p>\n\n\n\n<figure class=\"wp-block-image size-large\"><img fetchpriority=\"high\" decoding=\"async\" width=\"1001\" height=\"1002\" src=\"https:\/\/sinpro-rio.org.br\/principal\/wp-content\/uploads\/2020\/05\/Screenshot_20200531-090727_Canva.jpg\" alt=\"\" class=\"wp-image-28061\" srcset=\"https:\/\/www.sinpro-rio.org.br\/principal\/wp-content\/uploads\/2020\/05\/Screenshot_20200531-090727_Canva.jpg 1001w, https:\/\/www.sinpro-rio.org.br\/principal\/wp-content\/uploads\/2020\/05\/Screenshot_20200531-090727_Canva-300x300.jpg 300w, https:\/\/www.sinpro-rio.org.br\/principal\/wp-content\/uploads\/2020\/05\/Screenshot_20200531-090727_Canva-100x100.jpg 100w, https:\/\/www.sinpro-rio.org.br\/principal\/wp-content\/uploads\/2020\/05\/Screenshot_20200531-090727_Canva-768x769.jpg 768w\" sizes=\"(max-width: 1001px) 100vw, 1001px\" \/><\/figure>\n","protected":false},"excerpt":{"rendered":"<p>Parab\u00e9ns \u00e0s professoras e aos professores da rede privada dos munic\u00edpios do Rio de Janeiro, Itagua\u00ed, Paracambi e Serop\u00e9dica, base territorial do Sinpro-Rio!! Em entrevista ao programa FAIXA LIVRE, o presidente do Sinpro-Rio, professor Oswaldo Teles, falou sobre a hist\u00f3ria de 89 anos de lutas e resist\u00eancias do Sindicato. Ou\u00e7a AQUI!<\/p>\n","protected":false},"author":2,"featured_media":28058,"comment_status":"closed","ping_status":"closed","sticky":false,"template":"","format":"standard","meta":{"footnotes":""},"categories":[1,25],"tags":[],"class_list":["post-28057","post","type-post","status-publish","format-standard","has-post-thumbnail","hentry","category-noticias","category-destaque-primeira-pagina"],"yoast_head":"<!-- This site is optimized with the Yoast SEO plugin v25.7 - https:\/\/yoast.com\/wordpress\/plugins\/seo\/ -->\n<title>31 de Maio: 89 anos do Sinpro-Rio! - Sinpro-Rio<\/title>\n<meta name=\"robots\" content=\"index, follow, max-snippet:-1, max-image-preview:large, max-video-preview:-1\" \/>\n<link rel=\"canonical\" href=\"https:\/\/www.sinpro-rio.org.br\/principal\/31-de-maio-89-anos-do-sinpro-rio\/\" \/>\n<meta property=\"og:locale\" content=\"pt_BR\" \/>\n<meta property=\"og:type\" content=\"article\" \/>\n<meta property=\"og:title\" content=\"31 de Maio: 89 anos do Sinpro-Rio! - Sinpro-Rio\" \/>\n<meta property=\"og:description\" content=\"Parab\u00e9ns \u00e0s professoras e aos professores da rede privada dos munic\u00edpios do Rio de Janeiro, Itagua\u00ed, Paracambi e Serop\u00e9dica, base territorial do Sinpro-Rio!! Em entrevista ao programa FAIXA LIVRE, o presidente do Sinpro-Rio, professor Oswaldo Teles, falou sobre a hist\u00f3ria de 89 anos de lutas e resist\u00eancias do Sindicato. Ou\u00e7a AQUI!\" \/>\n<meta property=\"og:url\" content=\"https:\/\/www.sinpro-rio.org.br\/principal\/31-de-maio-89-anos-do-sinpro-rio\/\" \/>\n<meta property=\"og:site_name\" content=\"Sinpro-Rio\" \/>\n<meta property=\"article:published_time\" content=\"2020-05-30T21:34:00+00:00\" \/>\n<meta property=\"article:modified_time\" content=\"2020-06-04T14:41:05+00:00\" \/>\n<meta property=\"og:image\" content=\"https:\/\/www.sinpro-rio.org.br\/principal\/wp-content\/uploads\/2020\/05\/IMG-20200530-WA0040.jpg\" \/>\n\t<meta property=\"og:image:width\" content=\"1280\" \/>\n\t<meta property=\"og:image:height\" content=\"1280\" \/>\n\t<meta property=\"og:image:type\" content=\"image\/jpeg\" \/>\n<meta name=\"author\" content=\"alessandra\" \/>\n<meta name=\"twitter:card\" content=\"summary_large_image\" \/>\n<meta name=\"twitter:label1\" content=\"Escrito por\" \/>\n\t<meta name=\"twitter:data1\" content=\"alessandra\" \/>\n<script type=\"application\/ld+json\" class=\"yoast-schema-graph\">{\"@context\":\"https:\/\/schema.org\",\"@graph\":[{\"@type\":\"WebPage\",\"@id\":\"https:\/\/www.sinpro-rio.org.br\/principal\/31-de-maio-89-anos-do-sinpro-rio\/\",\"url\":\"https:\/\/www.sinpro-rio.org.br\/principal\/31-de-maio-89-anos-do-sinpro-rio\/\",\"name\":\"31 de Maio: 89 anos do Sinpro-Rio! - Sinpro-Rio\",\"isPartOf\":{\"@id\":\"https:\/\/www.sinpro-rio.org.br\/principal\/#website\"},\"primaryImageOfPage\":{\"@id\":\"https:\/\/www.sinpro-rio.org.br\/principal\/31-de-maio-89-anos-do-sinpro-rio\/#primaryimage\"},\"image\":{\"@id\":\"https:\/\/www.sinpro-rio.org.br\/principal\/31-de-maio-89-anos-do-sinpro-rio\/#primaryimage\"},\"thumbnailUrl\":\"https:\/\/www.sinpro-rio.org.br\/principal\/wp-content\/uploads\/2020\/05\/IMG-20200530-WA0040.jpg\",\"datePublished\":\"2020-05-30T21:34:00+00:00\",\"dateModified\":\"2020-06-04T14:41:05+00:00\",\"author\":{\"@id\":\"https:\/\/www.sinpro-rio.org.br\/principal\/#\/schema\/person\/ee17219e64d00d037e511ae59ce2227e\"},\"breadcrumb\":{\"@id\":\"https:\/\/www.sinpro-rio.org.br\/principal\/31-de-maio-89-anos-do-sinpro-rio\/#breadcrumb\"},\"inLanguage\":\"pt-BR\",\"potentialAction\":[{\"@type\":\"ReadAction\",\"target\":[\"https:\/\/www.sinpro-rio.org.br\/principal\/31-de-maio-89-anos-do-sinpro-rio\/\"]}]},{\"@type\":\"ImageObject\",\"inLanguage\":\"pt-BR\",\"@id\":\"https:\/\/www.sinpro-rio.org.br\/principal\/31-de-maio-89-anos-do-sinpro-rio\/#primaryimage\",\"url\":\"https:\/\/www.sinpro-rio.org.br\/principal\/wp-content\/uploads\/2020\/05\/IMG-20200530-WA0040.jpg\",\"contentUrl\":\"https:\/\/www.sinpro-rio.org.br\/principal\/wp-content\/uploads\/2020\/05\/IMG-20200530-WA0040.jpg\",\"width\":1280,\"height\":1280},{\"@type\":\"BreadcrumbList\",\"@id\":\"https:\/\/www.sinpro-rio.org.br\/principal\/31-de-maio-89-anos-do-sinpro-rio\/#breadcrumb\",\"itemListElement\":[{\"@type\":\"ListItem\",\"position\":1,\"name\":\"In\u00edcio\",\"item\":\"https:\/\/www.sinpro-rio.org.br\/principal\/\"},{\"@type\":\"ListItem\",\"position\":2,\"name\":\"31 de Maio: 89 anos do Sinpro-Rio!\"}]},{\"@type\":\"WebSite\",\"@id\":\"https:\/\/www.sinpro-rio.org.br\/principal\/#website\",\"url\":\"https:\/\/www.sinpro-rio.org.br\/principal\/\",\"name\":\"Sinpro-Rio\",\"description\":\"Sindicato dos Professores do Munic\u00edpio do Rio de Janeiro e Regi\u00e3o\",\"potentialAction\":[{\"@type\":\"SearchAction\",\"target\":{\"@type\":\"EntryPoint\",\"urlTemplate\":\"https:\/\/www.sinpro-rio.org.br\/principal\/?s={search_term_string}\"},\"query-input\":{\"@type\":\"PropertyValueSpecification\",\"valueRequired\":true,\"valueName\":\"search_term_string\"}}],\"inLanguage\":\"pt-BR\"},{\"@type\":\"Person\",\"@id\":\"https:\/\/www.sinpro-rio.org.br\/principal\/#\/schema\/person\/ee17219e64d00d037e511ae59ce2227e\",\"name\":\"alessandra\",\"image\":{\"@type\":\"ImageObject\",\"inLanguage\":\"pt-BR\",\"@id\":\"https:\/\/www.sinpro-rio.org.br\/principal\/#\/schema\/person\/image\/\",\"url\":\"https:\/\/secure.gravatar.com\/avatar\/2b43fa8c0ad8e33b46a4732549f7fb20?s=96&d=mm&r=g\",\"contentUrl\":\"https:\/\/secure.gravatar.com\/avatar\/2b43fa8c0ad8e33b46a4732549f7fb20?s=96&d=mm&r=g\",\"caption\":\"alessandra\"},\"url\":\"https:\/\/www.sinpro-rio.org.br\/principal\/author\/alessandra\/\"}]}<\/script>\n<!-- \/ Yoast SEO plugin. -->","yoast_head_json":{"title":"31 de Maio: 89 anos do Sinpro-Rio! - Sinpro-Rio","robots":{"index":"index","follow":"follow","max-snippet":"max-snippet:-1","max-image-preview":"max-image-preview:large","max-video-preview":"max-video-preview:-1"},"canonical":"https:\/\/www.sinpro-rio.org.br\/principal\/31-de-maio-89-anos-do-sinpro-rio\/","og_locale":"pt_BR","og_type":"article","og_title":"31 de Maio: 89 anos do Sinpro-Rio! - Sinpro-Rio","og_description":"Parab\u00e9ns \u00e0s professoras e aos professores da rede privada dos munic\u00edpios do Rio de Janeiro, Itagua\u00ed, Paracambi e Serop\u00e9dica, base territorial do Sinpro-Rio!! Em entrevista ao programa FAIXA LIVRE, o presidente do Sinpro-Rio, professor Oswaldo Teles, falou sobre a hist\u00f3ria de 89 anos de lutas e resist\u00eancias do Sindicato. Ou\u00e7a AQUI!","og_url":"https:\/\/www.sinpro-rio.org.br\/principal\/31-de-maio-89-anos-do-sinpro-rio\/","og_site_name":"Sinpro-Rio","article_published_time":"2020-05-30T21:34:00+00:00","article_modified_time":"2020-06-04T14:41:05+00:00","og_image":[{"width":1280,"height":1280,"url":"https:\/\/www.sinpro-rio.org.br\/principal\/wp-content\/uploads\/2020\/05\/IMG-20200530-WA0040.jpg","type":"image\/jpeg"}],"author":"alessandra","twitter_card":"summary_large_image","twitter_misc":{"Escrito por":"alessandra"},"schema":{"@context":"https:\/\/schema.org","@graph":[{"@type":"WebPage","@id":"https:\/\/www.sinpro-rio.org.br\/principal\/31-de-maio-89-anos-do-sinpro-rio\/","url":"https:\/\/www.sinpro-rio.org.br\/principal\/31-de-maio-89-anos-do-sinpro-rio\/","name":"31 de Maio: 89 anos do Sinpro-Rio! - Sinpro-Rio","isPartOf":{"@id":"https:\/\/www.sinpro-rio.org.br\/principal\/#website"},"primaryImageOfPage":{"@id":"https:\/\/www.sinpro-rio.org.br\/principal\/31-de-maio-89-anos-do-sinpro-rio\/#primaryimage"},"image":{"@id":"https:\/\/www.sinpro-rio.org.br\/principal\/31-de-maio-89-anos-do-sinpro-rio\/#primaryimage"},"thumbnailUrl":"https:\/\/www.sinpro-rio.org.br\/principal\/wp-content\/uploads\/2020\/05\/IMG-20200530-WA0040.jpg","datePublished":"2020-05-30T21:34:00+00:00","dateModified":"2020-06-04T14:41:05+00:00","author":{"@id":"https:\/\/www.sinpro-rio.org.br\/principal\/#\/schema\/person\/ee17219e64d00d037e511ae59ce2227e"},"breadcrumb":{"@id":"https:\/\/www.sinpro-rio.org.br\/principal\/31-de-maio-89-anos-do-sinpro-rio\/#breadcrumb"},"inLanguage":"pt-BR","potentialAction":[{"@type":"ReadAction","target":["https:\/\/www.sinpro-rio.org.br\/principal\/31-de-maio-89-anos-do-sinpro-rio\/"]}]},{"@type":"ImageObject","inLanguage":"pt-BR","@id":"https:\/\/www.sinpro-rio.org.br\/principal\/31-de-maio-89-anos-do-sinpro-rio\/#primaryimage","url":"https:\/\/www.sinpro-rio.org.br\/principal\/wp-content\/uploads\/2020\/05\/IMG-20200530-WA0040.jpg","contentUrl":"https:\/\/www.sinpro-rio.org.br\/principal\/wp-content\/uploads\/2020\/05\/IMG-20200530-WA0040.jpg","width":1280,"height":1280},{"@type":"BreadcrumbList","@id":"https:\/\/www.sinpro-rio.org.br\/principal\/31-de-maio-89-anos-do-sinpro-rio\/#breadcrumb","itemListElement":[{"@type":"ListItem","position":1,"name":"In\u00edcio","item":"https:\/\/www.sinpro-rio.org.br\/principal\/"},{"@type":"ListItem","position":2,"name":"31 de Maio: 89 anos do Sinpro-Rio!"}]},{"@type":"WebSite","@id":"https:\/\/www.sinpro-rio.org.br\/principal\/#website","url":"https:\/\/www.sinpro-rio.org.br\/principal\/","name":"Sinpro-Rio","description":"Sindicato dos Professores do Munic\u00edpio do Rio de Janeiro e Regi\u00e3o","potentialAction":[{"@type":"SearchAction","target":{"@type":"EntryPoint","urlTemplate":"https:\/\/www.sinpro-rio.org.br\/principal\/?s={search_term_string}"},"query-input":{"@type":"PropertyValueSpecification","valueRequired":true,"valueName":"search_term_string"}}],"inLanguage":"pt-BR"},{"@type":"Person","@id":"https:\/\/www.sinpro-rio.org.br\/principal\/#\/schema\/person\/ee17219e64d00d037e511ae59ce2227e","name":"alessandra","image":{"@type":"ImageObject","inLanguage":"pt-BR","@id":"https:\/\/www.sinpro-rio.org.br\/principal\/#\/schema\/person\/image\/","url":"https:\/\/secure.gravatar.com\/avatar\/2b43fa8c0ad8e33b46a4732549f7fb20?s=96&d=mm&r=g","contentUrl":"https:\/\/secure.gravatar.com\/avatar\/2b43fa8c0ad8e33b46a4732549f7fb20?s=96&d=mm&r=g","caption":"alessandra"},"url":"https:\/\/www.sinpro-rio.org.br\/principal\/author\/alessandra\/"}]}},"_links":{"self":[{"href":"https:\/\/www.sinpro-rio.org.br\/principal\/wp-json\/wp\/v2\/posts\/28057","targetHints":{"allow":["GET"]}}],"collection":[{"href":"https:\/\/www.sinpro-rio.org.br\/principal\/wp-json\/wp\/v2\/posts"}],"about":[{"href":"https:\/\/www.sinpro-rio.org.br\/principal\/wp-json\/wp\/v2\/types\/post"}],"author":[{"embeddable":true,"href":"https:\/\/www.sinpro-rio.org.br\/principal\/wp-json\/wp\/v2\/users\/2"}],"replies":[{"embeddable":true,"href":"https:\/\/www.sinpro-rio.org.br\/principal\/wp-json\/wp\/v2\/comments?post=28057"}],"version-history":[{"count":3,"href":"https:\/\/www.sinpro-rio.org.br\/principal\/wp-json\/wp\/v2\/posts\/28057\/revisions"}],"predecessor-version":[{"id":28092,"href":"https:\/\/www.sinpro-rio.org.br\/principal\/wp-json\/wp\/v2\/posts\/28057\/revisions\/28092"}],"wp:featuredmedia":[{"embeddable":true,"href":"https:\/\/www.sinpro-rio.org.br\/principal\/wp-json\/wp\/v2\/media\/28058"}],"wp:attachment":[{"href":"https:\/\/www.sinpro-rio.org.br\/principal\/wp-json\/wp\/v2\/media?parent=28057"}],"wp:term":[{"taxonomy":"category","embeddable":true,"href":"https:\/\/www.sinpro-rio.org.br\/principal\/wp-json\/wp\/v2\/categories?post=28057"},{"taxonomy":"post_tag","embeddable":true,"href":"https:\/\/www.sinpro-rio.org.br\/principal\/wp-json\/wp\/v2\/tags?post=28057"}],"curies":[{"name":"wp","href":"https:\/\/api.w.org\/{rel}","templated":true}]}}