{"id":28023,"date":"2020-05-22T22:36:00","date_gmt":"2020-05-23T01:36:00","guid":{"rendered":"https:\/\/sinpro-rio.org.br\/principal\/?p=28023"},"modified":"2020-05-26T10:13:53","modified_gmt":"2020-05-26T13:13:53","slug":"luto-em-luta-por-joao-pedro-ato-virtual-26-05-as-18h","status":"publish","type":"post","link":"https:\/\/www.sinpro-rio.org.br\/principal\/luto-em-luta-por-joao-pedro-ato-virtual-26-05-as-18h\/","title":{"rendered":"LUTO EM LUTA por JO\u00c3O PEDRO: ato virtual 26\/05, \u00e0s 18h"},"content":{"rendered":"\n<p><strong><em>Luto em Luta por Jo\u00e3o Pedro &#8211; ato hoje, 26 de maio, \u00e0s 18h, nas redes da Coaliz\u00e3o Negra por Direitos:<\/em><\/strong><\/p>\n\n\n\n<p>\u201cEles n\u00e3o mataram s\u00f3 o Jo\u00e3o, mataram o pai, uma m\u00e3e, uma irm\u00e3zinha de 5 anos\u201d &#8211;&nbsp; Neilton Pinto pai de Jo\u00e3o Pedro, que foi morto pela pol\u00edcia dentro de casa.<\/p>\n\n\n\n<p>O que aconteceu com Jo\u00e3o Pedro tem nome: \u00e9 genoc\u00eddio. Por ser negro, seu corpo \u00e9 alvo. Nosso manifesto \u00e9 por Jo\u00e3o Pedro e tamb\u00e9m por todas as pessoas que est\u00e3o na mira do genoc\u00eddio perpetrado pelo Estado brasileiro.<\/p>\n\n\n\n<p>N\u00e3o estamos nem ficaremos calados: Mais de 200 iniciativas convocam o ato LUTO EM LUTA POR JO\u00c3O PEDRO, no dia 26 de maio, \u00e0s 18h, nas redes da Coaliz\u00e3o Negra por Direitos. Precisamos de voc\u00ea: participe deste ato virtual e assine o manifesto!<\/p>\n\n\n\n<p>? Leia aqui o manifesto, tamb\u00e9m assinado, pelo Sinpro-Rio,  <a href=\"https:\/\/forms.gle\/xJFWrmos3xh4WW4y7\">AQUI!<\/a><\/p>\n\n\n\n<p>#AlvosDoGenoc\u00eddio<br>#ParemDeNosMatar<br>#VidasNegrasImportam<br>#Justi\u00e7aPorJo\u00e3oPedro<\/p>\n\n\n\n<p>? Veja a <strong><em>nota publicada pela MOVIMENTO ARTICULA\u00c7\u00c3O INF\u00c2NCIAS E COMISSAO DE EDUCA\u00c7\u00c3O INFANTIL sobre o menino JO\u00c3O PEDRO <\/em><\/strong><a href=\"https:\/\/sinpro-rio.org.br\/principal\/por-uma-cidade-desarmada-basta-de-criancas-negras-assassinadas-joao-pedro-presente\/\">AQUI!<\/a><\/p>\n","protected":false},"excerpt":{"rendered":"<p>Luto em Luta por Jo\u00e3o Pedro &#8211; ato hoje, 26 de maio, \u00e0s 18h, nas redes da Coaliz\u00e3o Negra por Direitos: \u201cEles n\u00e3o mataram s\u00f3 o Jo\u00e3o, mataram o pai, uma m\u00e3e, uma irm\u00e3zinha de 5 anos\u201d &#8211;&nbsp; Neilton Pinto pai de Jo\u00e3o Pedro, que foi morto pela pol\u00edcia dentro de casa. O que aconteceu [&hellip;]<\/p>\n","protected":false},"author":2,"featured_media":28024,"comment_status":"closed","ping_status":"closed","sticky":false,"template":"","format":"standard","meta":{"footnotes":""},"categories":[1,25],"tags":[],"class_list":["post-28023","post","type-post","status-publish","format-standard","has-post-thumbnail","hentry","category-noticias","category-destaque-primeira-pagina"],"yoast_head":"<!-- This site is optimized with the Yoast SEO plugin v25.7 - https:\/\/yoast.com\/wordpress\/plugins\/seo\/ -->\n<title>LUTO EM LUTA por JO\u00c3O PEDRO: ato virtual 26\/05, \u00e0s 18h - Sinpro-Rio<\/title>\n<meta name=\"robots\" content=\"index, follow, max-snippet:-1, max-image-preview:large, max-video-preview:-1\" \/>\n<link rel=\"canonical\" href=\"https:\/\/www.sinpro-rio.org.br\/principal\/luto-em-luta-por-joao-pedro-ato-virtual-26-05-as-18h\/\" \/>\n<meta property=\"og:locale\" content=\"pt_BR\" \/>\n<meta property=\"og:type\" content=\"article\" \/>\n<meta property=\"og:title\" content=\"LUTO EM LUTA por JO\u00c3O PEDRO: ato virtual 26\/05, \u00e0s 18h - Sinpro-Rio\" \/>\n<meta property=\"og:description\" content=\"Luto em Luta por Jo\u00e3o Pedro &#8211; ato hoje, 26 de maio, \u00e0s 18h, nas redes da Coaliz\u00e3o Negra por Direitos: \u201cEles n\u00e3o mataram s\u00f3 o Jo\u00e3o, mataram o pai, uma m\u00e3e, uma irm\u00e3zinha de 5 anos\u201d &#8211;&nbsp; Neilton Pinto pai de Jo\u00e3o Pedro, que foi morto pela pol\u00edcia dentro de casa. O que aconteceu [&hellip;]\" \/>\n<meta property=\"og:url\" content=\"https:\/\/www.sinpro-rio.org.br\/principal\/luto-em-luta-por-joao-pedro-ato-virtual-26-05-as-18h\/\" \/>\n<meta property=\"og:site_name\" content=\"Sinpro-Rio\" \/>\n<meta property=\"article:published_time\" content=\"2020-05-23T01:36:00+00:00\" \/>\n<meta property=\"article:modified_time\" content=\"2020-05-26T13:13:53+00:00\" \/>\n<meta property=\"og:image\" content=\"https:\/\/www.sinpro-rio.org.br\/principal\/wp-content\/uploads\/2020\/05\/IMG-20200526-WA0005.jpg\" \/>\n\t<meta property=\"og:image:width\" content=\"1000\" \/>\n\t<meta property=\"og:image:height\" content=\"1000\" \/>\n\t<meta property=\"og:image:type\" content=\"image\/jpeg\" \/>\n<meta name=\"author\" content=\"alessandra\" \/>\n<meta name=\"twitter:card\" content=\"summary_large_image\" \/>\n<meta name=\"twitter:label1\" content=\"Escrito por\" \/>\n\t<meta name=\"twitter:data1\" content=\"alessandra\" \/>\n\t<meta name=\"twitter:label2\" content=\"Est. tempo de leitura\" \/>\n\t<meta name=\"twitter:data2\" content=\"1 minuto\" \/>\n<script type=\"application\/ld+json\" class=\"yoast-schema-graph\">{\"@context\":\"https:\/\/schema.org\",\"@graph\":[{\"@type\":\"WebPage\",\"@id\":\"https:\/\/www.sinpro-rio.org.br\/principal\/luto-em-luta-por-joao-pedro-ato-virtual-26-05-as-18h\/\",\"url\":\"https:\/\/www.sinpro-rio.org.br\/principal\/luto-em-luta-por-joao-pedro-ato-virtual-26-05-as-18h\/\",\"name\":\"LUTO EM LUTA por JO\u00c3O PEDRO: ato virtual 26\/05, \u00e0s 18h - Sinpro-Rio\",\"isPartOf\":{\"@id\":\"https:\/\/www.sinpro-rio.org.br\/principal\/#website\"},\"primaryImageOfPage\":{\"@id\":\"https:\/\/www.sinpro-rio.org.br\/principal\/luto-em-luta-por-joao-pedro-ato-virtual-26-05-as-18h\/#primaryimage\"},\"image\":{\"@id\":\"https:\/\/www.sinpro-rio.org.br\/principal\/luto-em-luta-por-joao-pedro-ato-virtual-26-05-as-18h\/#primaryimage\"},\"thumbnailUrl\":\"https:\/\/www.sinpro-rio.org.br\/principal\/wp-content\/uploads\/2020\/05\/IMG-20200526-WA0005.jpg\",\"datePublished\":\"2020-05-23T01:36:00+00:00\",\"dateModified\":\"2020-05-26T13:13:53+00:00\",\"author\":{\"@id\":\"https:\/\/www.sinpro-rio.org.br\/principal\/#\/schema\/person\/ee17219e64d00d037e511ae59ce2227e\"},\"breadcrumb\":{\"@id\":\"https:\/\/www.sinpro-rio.org.br\/principal\/luto-em-luta-por-joao-pedro-ato-virtual-26-05-as-18h\/#breadcrumb\"},\"inLanguage\":\"pt-BR\",\"potentialAction\":[{\"@type\":\"ReadAction\",\"target\":[\"https:\/\/www.sinpro-rio.org.br\/principal\/luto-em-luta-por-joao-pedro-ato-virtual-26-05-as-18h\/\"]}]},{\"@type\":\"ImageObject\",\"inLanguage\":\"pt-BR\",\"@id\":\"https:\/\/www.sinpro-rio.org.br\/principal\/luto-em-luta-por-joao-pedro-ato-virtual-26-05-as-18h\/#primaryimage\",\"url\":\"https:\/\/www.sinpro-rio.org.br\/principal\/wp-content\/uploads\/2020\/05\/IMG-20200526-WA0005.jpg\",\"contentUrl\":\"https:\/\/www.sinpro-rio.org.br\/principal\/wp-content\/uploads\/2020\/05\/IMG-20200526-WA0005.jpg\",\"width\":1000,\"height\":1000},{\"@type\":\"BreadcrumbList\",\"@id\":\"https:\/\/www.sinpro-rio.org.br\/principal\/luto-em-luta-por-joao-pedro-ato-virtual-26-05-as-18h\/#breadcrumb\",\"itemListElement\":[{\"@type\":\"ListItem\",\"position\":1,\"name\":\"In\u00edcio\",\"item\":\"https:\/\/www.sinpro-rio.org.br\/principal\/\"},{\"@type\":\"ListItem\",\"position\":2,\"name\":\"LUTO EM LUTA por JO\u00c3O PEDRO: ato virtual 26\/05, \u00e0s 18h\"}]},{\"@type\":\"WebSite\",\"@id\":\"https:\/\/www.sinpro-rio.org.br\/principal\/#website\",\"url\":\"https:\/\/www.sinpro-rio.org.br\/principal\/\",\"name\":\"Sinpro-Rio\",\"description\":\"Sindicato dos Professores do Munic\u00edpio do Rio de Janeiro e Regi\u00e3o\",\"potentialAction\":[{\"@type\":\"SearchAction\",\"target\":{\"@type\":\"EntryPoint\",\"urlTemplate\":\"https:\/\/www.sinpro-rio.org.br\/principal\/?s={search_term_string}\"},\"query-input\":{\"@type\":\"PropertyValueSpecification\",\"valueRequired\":true,\"valueName\":\"search_term_string\"}}],\"inLanguage\":\"pt-BR\"},{\"@type\":\"Person\",\"@id\":\"https:\/\/www.sinpro-rio.org.br\/principal\/#\/schema\/person\/ee17219e64d00d037e511ae59ce2227e\",\"name\":\"alessandra\",\"image\":{\"@type\":\"ImageObject\",\"inLanguage\":\"pt-BR\",\"@id\":\"https:\/\/www.sinpro-rio.org.br\/principal\/#\/schema\/person\/image\/\",\"url\":\"https:\/\/secure.gravatar.com\/avatar\/2b43fa8c0ad8e33b46a4732549f7fb20?s=96&d=mm&r=g\",\"contentUrl\":\"https:\/\/secure.gravatar.com\/avatar\/2b43fa8c0ad8e33b46a4732549f7fb20?s=96&d=mm&r=g\",\"caption\":\"alessandra\"},\"url\":\"https:\/\/www.sinpro-rio.org.br\/principal\/author\/alessandra\/\"}]}<\/script>\n<!-- \/ Yoast SEO plugin. -->","yoast_head_json":{"title":"LUTO EM LUTA por JO\u00c3O PEDRO: ato virtual 26\/05, \u00e0s 18h - Sinpro-Rio","robots":{"index":"index","follow":"follow","max-snippet":"max-snippet:-1","max-image-preview":"max-image-preview:large","max-video-preview":"max-video-preview:-1"},"canonical":"https:\/\/www.sinpro-rio.org.br\/principal\/luto-em-luta-por-joao-pedro-ato-virtual-26-05-as-18h\/","og_locale":"pt_BR","og_type":"article","og_title":"LUTO EM LUTA por JO\u00c3O PEDRO: ato virtual 26\/05, \u00e0s 18h - Sinpro-Rio","og_description":"Luto em Luta por Jo\u00e3o Pedro &#8211; ato hoje, 26 de maio, \u00e0s 18h, nas redes da Coaliz\u00e3o Negra por Direitos: \u201cEles n\u00e3o mataram s\u00f3 o Jo\u00e3o, mataram o pai, uma m\u00e3e, uma irm\u00e3zinha de 5 anos\u201d &#8211;&nbsp; Neilton Pinto pai de Jo\u00e3o Pedro, que foi morto pela pol\u00edcia dentro de casa. O que aconteceu [&hellip;]","og_url":"https:\/\/www.sinpro-rio.org.br\/principal\/luto-em-luta-por-joao-pedro-ato-virtual-26-05-as-18h\/","og_site_name":"Sinpro-Rio","article_published_time":"2020-05-23T01:36:00+00:00","article_modified_time":"2020-05-26T13:13:53+00:00","og_image":[{"width":1000,"height":1000,"url":"https:\/\/www.sinpro-rio.org.br\/principal\/wp-content\/uploads\/2020\/05\/IMG-20200526-WA0005.jpg","type":"image\/jpeg"}],"author":"alessandra","twitter_card":"summary_large_image","twitter_misc":{"Escrito por":"alessandra","Est. tempo de leitura":"1 minuto"},"schema":{"@context":"https:\/\/schema.org","@graph":[{"@type":"WebPage","@id":"https:\/\/www.sinpro-rio.org.br\/principal\/luto-em-luta-por-joao-pedro-ato-virtual-26-05-as-18h\/","url":"https:\/\/www.sinpro-rio.org.br\/principal\/luto-em-luta-por-joao-pedro-ato-virtual-26-05-as-18h\/","name":"LUTO EM LUTA por JO\u00c3O PEDRO: ato virtual 26\/05, \u00e0s 18h - Sinpro-Rio","isPartOf":{"@id":"https:\/\/www.sinpro-rio.org.br\/principal\/#website"},"primaryImageOfPage":{"@id":"https:\/\/www.sinpro-rio.org.br\/principal\/luto-em-luta-por-joao-pedro-ato-virtual-26-05-as-18h\/#primaryimage"},"image":{"@id":"https:\/\/www.sinpro-rio.org.br\/principal\/luto-em-luta-por-joao-pedro-ato-virtual-26-05-as-18h\/#primaryimage"},"thumbnailUrl":"https:\/\/www.sinpro-rio.org.br\/principal\/wp-content\/uploads\/2020\/05\/IMG-20200526-WA0005.jpg","datePublished":"2020-05-23T01:36:00+00:00","dateModified":"2020-05-26T13:13:53+00:00","author":{"@id":"https:\/\/www.sinpro-rio.org.br\/principal\/#\/schema\/person\/ee17219e64d00d037e511ae59ce2227e"},"breadcrumb":{"@id":"https:\/\/www.sinpro-rio.org.br\/principal\/luto-em-luta-por-joao-pedro-ato-virtual-26-05-as-18h\/#breadcrumb"},"inLanguage":"pt-BR","potentialAction":[{"@type":"ReadAction","target":["https:\/\/www.sinpro-rio.org.br\/principal\/luto-em-luta-por-joao-pedro-ato-virtual-26-05-as-18h\/"]}]},{"@type":"ImageObject","inLanguage":"pt-BR","@id":"https:\/\/www.sinpro-rio.org.br\/principal\/luto-em-luta-por-joao-pedro-ato-virtual-26-05-as-18h\/#primaryimage","url":"https:\/\/www.sinpro-rio.org.br\/principal\/wp-content\/uploads\/2020\/05\/IMG-20200526-WA0005.jpg","contentUrl":"https:\/\/www.sinpro-rio.org.br\/principal\/wp-content\/uploads\/2020\/05\/IMG-20200526-WA0005.jpg","width":1000,"height":1000},{"@type":"BreadcrumbList","@id":"https:\/\/www.sinpro-rio.org.br\/principal\/luto-em-luta-por-joao-pedro-ato-virtual-26-05-as-18h\/#breadcrumb","itemListElement":[{"@type":"ListItem","position":1,"name":"In\u00edcio","item":"https:\/\/www.sinpro-rio.org.br\/principal\/"},{"@type":"ListItem","position":2,"name":"LUTO EM LUTA por JO\u00c3O PEDRO: ato virtual 26\/05, \u00e0s 18h"}]},{"@type":"WebSite","@id":"https:\/\/www.sinpro-rio.org.br\/principal\/#website","url":"https:\/\/www.sinpro-rio.org.br\/principal\/","name":"Sinpro-Rio","description":"Sindicato dos Professores do Munic\u00edpio do Rio de Janeiro e Regi\u00e3o","potentialAction":[{"@type":"SearchAction","target":{"@type":"EntryPoint","urlTemplate":"https:\/\/www.sinpro-rio.org.br\/principal\/?s={search_term_string}"},"query-input":{"@type":"PropertyValueSpecification","valueRequired":true,"valueName":"search_term_string"}}],"inLanguage":"pt-BR"},{"@type":"Person","@id":"https:\/\/www.sinpro-rio.org.br\/principal\/#\/schema\/person\/ee17219e64d00d037e511ae59ce2227e","name":"alessandra","image":{"@type":"ImageObject","inLanguage":"pt-BR","@id":"https:\/\/www.sinpro-rio.org.br\/principal\/#\/schema\/person\/image\/","url":"https:\/\/secure.gravatar.com\/avatar\/2b43fa8c0ad8e33b46a4732549f7fb20?s=96&d=mm&r=g","contentUrl":"https:\/\/secure.gravatar.com\/avatar\/2b43fa8c0ad8e33b46a4732549f7fb20?s=96&d=mm&r=g","caption":"alessandra"},"url":"https:\/\/www.sinpro-rio.org.br\/principal\/author\/alessandra\/"}]}},"_links":{"self":[{"href":"https:\/\/www.sinpro-rio.org.br\/principal\/wp-json\/wp\/v2\/posts\/28023","targetHints":{"allow":["GET"]}}],"collection":[{"href":"https:\/\/www.sinpro-rio.org.br\/principal\/wp-json\/wp\/v2\/posts"}],"about":[{"href":"https:\/\/www.sinpro-rio.org.br\/principal\/wp-json\/wp\/v2\/types\/post"}],"author":[{"embeddable":true,"href":"https:\/\/www.sinpro-rio.org.br\/principal\/wp-json\/wp\/v2\/users\/2"}],"replies":[{"embeddable":true,"href":"https:\/\/www.sinpro-rio.org.br\/principal\/wp-json\/wp\/v2\/comments?post=28023"}],"version-history":[{"count":5,"href":"https:\/\/www.sinpro-rio.org.br\/principal\/wp-json\/wp\/v2\/posts\/28023\/revisions"}],"predecessor-version":[{"id":28033,"href":"https:\/\/www.sinpro-rio.org.br\/principal\/wp-json\/wp\/v2\/posts\/28023\/revisions\/28033"}],"wp:featuredmedia":[{"embeddable":true,"href":"https:\/\/www.sinpro-rio.org.br\/principal\/wp-json\/wp\/v2\/media\/28024"}],"wp:attachment":[{"href":"https:\/\/www.sinpro-rio.org.br\/principal\/wp-json\/wp\/v2\/media?parent=28023"}],"wp:term":[{"taxonomy":"category","embeddable":true,"href":"https:\/\/www.sinpro-rio.org.br\/principal\/wp-json\/wp\/v2\/categories?post=28023"},{"taxonomy":"post_tag","embeddable":true,"href":"https:\/\/www.sinpro-rio.org.br\/principal\/wp-json\/wp\/v2\/tags?post=28023"}],"curies":[{"name":"wp","href":"https:\/\/api.w.org\/{rel}","templated":true}]}}