{"id":28008,"date":"2020-05-23T12:43:00","date_gmt":"2020-05-23T15:43:00","guid":{"rendered":"https:\/\/sinpro-rio.org.br\/principal\/?p=28008"},"modified":"2023-07-07T14:49:22","modified_gmt":"2023-07-07T17:49:22","slug":"base-estendida-conheca-o-resultado-da-assembleia-virtual-de-23-05","status":"publish","type":"post","link":"https:\/\/www.sinpro-rio.org.br\/principal\/base-estendida-conheca-o-resultado-da-assembleia-virtual-de-23-05\/","title":{"rendered":"Base Estendida: conhe\u00e7a o resultado da assembleia virtual de 23\/05"},"content":{"rendered":"\n<p>Resolu\u00e7\u00f5es da assembleia:<\/p>\n\n\n\n<p><strong>OBSERVA\u00c7\u00c3O<\/strong>: COMO A CONVEN\u00c7\u00c3O COLETIVA DE TRABALHO (CCT) ASSINADA EM 2019 TEM VALIDADE AT\u00c9 2021, TODAS AS CL\u00c1USULAS SOCIAIS EST\u00c3O EM VIGOR AT\u00c9 A DATA BASE DE 2021 (MAIO), FICANDO EM ABERTO, OU SEJA, A SER NEGOCIADO NESSE ANO DE 2020, APENAS O \u00cdNDICE DE REAJUSTE SALARIAL.<\/p>\n\n\n\n<p>Resolu\u00e7\u00f5es do dia 23\/05, para a Base Estendida:<\/p>\n\n\n\n<ul class=\"wp-block-list\"><li>Reivindicar, junto ao patronato, reajuste salarial calculado pelo INPC acumulado no per\u00edodo (maio de 2019 at\u00e9 abril de 2020), somado a 50% do INPC, perfazendo um total de 3,69%, a ser aplicado sobre o sal\u00e1rio pago em abril de 2020.<\/li><li>Aceita\u00e7\u00e3o do termo aditivo \u00e0 CCT \u2013 Conven\u00e7\u00e3o Coletiva de Trabalho &#8211; relativo \u00e0 Medida Provis\u00f3ria (MP) 936, definido com outros Sinpros do estado do Rio de Janeiro e a Feteerj, sem preju\u00edzo remunerat\u00f3rio para o\/a professor\/a.<\/li><li>Ratificar os acordos coletivos do Sinpro-Rio com as escolas, com base no padr\u00e3o remunerat\u00f3rio do professor e da professora, na MP 936.<\/li><li>Cria\u00e7\u00e3o de um movimento\/campanha em defesa da vida, do emprego e do sal\u00e1rio do professor e da professora.<\/li><li>Autoriza\u00e7\u00e3o para a Diretoria do Sinpro-Rio criar um fundo de amparo ao professor e \u00e0 professora.<\/li><li>Elabora\u00e7\u00e3o de um c\u00f3digo de conduta para o processo de transi\u00e7\u00e3o do retorno \u00e0s aulas presenciais, precedido de amplo debate.<\/li><li>Autoriza\u00e7\u00e3o para a Diretoria do Sinpro-Rio negociar com o sindicato patronal (Sinepe-RJ).<\/li><li>Autoriza\u00e7\u00e3o para a Diretoria do Sinpro-Rio convocar as assembleias, conforme andamento das negocia\u00e7\u00f5es com o patronato.<\/li><\/ul>\n","protected":false},"excerpt":{"rendered":"<p>Resolu\u00e7\u00f5es da assembleia: OBSERVA\u00c7\u00c3O: COMO A CONVEN\u00c7\u00c3O COLETIVA DE TRABALHO (CCT) ASSINADA EM 2019 TEM VALIDADE AT\u00c9 2021, TODAS AS CL\u00c1USULAS SOCIAIS EST\u00c3O EM VIGOR AT\u00c9 A DATA BASE DE 2021 (MAIO), FICANDO EM ABERTO, OU SEJA, A SER NEGOCIADO NESSE ANO DE 2020, APENAS O \u00cdNDICE DE REAJUSTE SALARIAL. Resolu\u00e7\u00f5es do dia 23\/05, para [&hellip;]<\/p>\n","protected":false},"author":2,"featured_media":28009,"comment_status":"closed","ping_status":"closed","sticky":false,"template":"","format":"standard","meta":{"footnotes":""},"categories":[1,25],"tags":[619],"class_list":["post-28008","post","type-post","status-publish","format-standard","has-post-thumbnail","hentry","category-noticias","category-destaque-primeira-pagina","tag-convencao-coletiva"],"yoast_head":"<!-- This site is optimized with the Yoast SEO plugin v25.7 - https:\/\/yoast.com\/wordpress\/plugins\/seo\/ -->\n<title>Base Estendida: conhe\u00e7a o resultado da assembleia virtual de 23\/05 - Sinpro-Rio<\/title>\n<meta name=\"robots\" content=\"index, follow, max-snippet:-1, max-image-preview:large, max-video-preview:-1\" \/>\n<link rel=\"canonical\" href=\"https:\/\/www.sinpro-rio.org.br\/principal\/base-estendida-conheca-o-resultado-da-assembleia-virtual-de-23-05\/\" \/>\n<meta property=\"og:locale\" content=\"pt_BR\" \/>\n<meta property=\"og:type\" content=\"article\" \/>\n<meta property=\"og:title\" content=\"Base Estendida: conhe\u00e7a o resultado da assembleia virtual de 23\/05 - Sinpro-Rio\" \/>\n<meta property=\"og:description\" content=\"Resolu\u00e7\u00f5es da assembleia: OBSERVA\u00c7\u00c3O: COMO A CONVEN\u00c7\u00c3O COLETIVA DE TRABALHO (CCT) ASSINADA EM 2019 TEM VALIDADE AT\u00c9 2021, TODAS AS CL\u00c1USULAS SOCIAIS EST\u00c3O EM VIGOR AT\u00c9 A DATA BASE DE 2021 (MAIO), FICANDO EM ABERTO, OU SEJA, A SER NEGOCIADO NESSE ANO DE 2020, APENAS O \u00cdNDICE DE REAJUSTE SALARIAL. Resolu\u00e7\u00f5es do dia 23\/05, para [&hellip;]\" \/>\n<meta property=\"og:url\" content=\"https:\/\/www.sinpro-rio.org.br\/principal\/base-estendida-conheca-o-resultado-da-assembleia-virtual-de-23-05\/\" \/>\n<meta property=\"og:site_name\" content=\"Sinpro-Rio\" \/>\n<meta property=\"article:published_time\" content=\"2020-05-23T15:43:00+00:00\" \/>\n<meta property=\"article:modified_time\" content=\"2023-07-07T17:49:22+00:00\" \/>\n<meta property=\"og:image\" content=\"https:\/\/www.sinpro-rio.org.br\/principal\/wp-content\/uploads\/2020\/05\/20200524_164406_0002.png\" \/>\n\t<meta property=\"og:image:width\" content=\"1749\" \/>\n\t<meta property=\"og:image:height\" content=\"1241\" \/>\n\t<meta property=\"og:image:type\" content=\"image\/png\" \/>\n<meta name=\"author\" content=\"alessandra\" \/>\n<meta name=\"twitter:card\" content=\"summary_large_image\" \/>\n<meta name=\"twitter:label1\" content=\"Escrito por\" \/>\n\t<meta name=\"twitter:data1\" content=\"alessandra\" \/>\n\t<meta name=\"twitter:label2\" content=\"Est. tempo de leitura\" \/>\n\t<meta name=\"twitter:data2\" content=\"1 minuto\" \/>\n<script type=\"application\/ld+json\" class=\"yoast-schema-graph\">{\"@context\":\"https:\/\/schema.org\",\"@graph\":[{\"@type\":\"WebPage\",\"@id\":\"https:\/\/www.sinpro-rio.org.br\/principal\/base-estendida-conheca-o-resultado-da-assembleia-virtual-de-23-05\/\",\"url\":\"https:\/\/www.sinpro-rio.org.br\/principal\/base-estendida-conheca-o-resultado-da-assembleia-virtual-de-23-05\/\",\"name\":\"Base Estendida: conhe\u00e7a o resultado da assembleia virtual de 23\/05 - Sinpro-Rio\",\"isPartOf\":{\"@id\":\"https:\/\/www.sinpro-rio.org.br\/principal\/#website\"},\"primaryImageOfPage\":{\"@id\":\"https:\/\/www.sinpro-rio.org.br\/principal\/base-estendida-conheca-o-resultado-da-assembleia-virtual-de-23-05\/#primaryimage\"},\"image\":{\"@id\":\"https:\/\/www.sinpro-rio.org.br\/principal\/base-estendida-conheca-o-resultado-da-assembleia-virtual-de-23-05\/#primaryimage\"},\"thumbnailUrl\":\"https:\/\/www.sinpro-rio.org.br\/principal\/wp-content\/uploads\/2020\/05\/20200524_164406_0002.png\",\"datePublished\":\"2020-05-23T15:43:00+00:00\",\"dateModified\":\"2023-07-07T17:49:22+00:00\",\"author\":{\"@id\":\"https:\/\/www.sinpro-rio.org.br\/principal\/#\/schema\/person\/ee17219e64d00d037e511ae59ce2227e\"},\"breadcrumb\":{\"@id\":\"https:\/\/www.sinpro-rio.org.br\/principal\/base-estendida-conheca-o-resultado-da-assembleia-virtual-de-23-05\/#breadcrumb\"},\"inLanguage\":\"pt-BR\",\"potentialAction\":[{\"@type\":\"ReadAction\",\"target\":[\"https:\/\/www.sinpro-rio.org.br\/principal\/base-estendida-conheca-o-resultado-da-assembleia-virtual-de-23-05\/\"]}]},{\"@type\":\"ImageObject\",\"inLanguage\":\"pt-BR\",\"@id\":\"https:\/\/www.sinpro-rio.org.br\/principal\/base-estendida-conheca-o-resultado-da-assembleia-virtual-de-23-05\/#primaryimage\",\"url\":\"https:\/\/www.sinpro-rio.org.br\/principal\/wp-content\/uploads\/2020\/05\/20200524_164406_0002.png\",\"contentUrl\":\"https:\/\/www.sinpro-rio.org.br\/principal\/wp-content\/uploads\/2020\/05\/20200524_164406_0002.png\",\"width\":1749,\"height\":1241},{\"@type\":\"BreadcrumbList\",\"@id\":\"https:\/\/www.sinpro-rio.org.br\/principal\/base-estendida-conheca-o-resultado-da-assembleia-virtual-de-23-05\/#breadcrumb\",\"itemListElement\":[{\"@type\":\"ListItem\",\"position\":1,\"name\":\"In\u00edcio\",\"item\":\"https:\/\/www.sinpro-rio.org.br\/principal\/\"},{\"@type\":\"ListItem\",\"position\":2,\"name\":\"Base Estendida: conhe\u00e7a o resultado da assembleia virtual de 23\/05\"}]},{\"@type\":\"WebSite\",\"@id\":\"https:\/\/www.sinpro-rio.org.br\/principal\/#website\",\"url\":\"https:\/\/www.sinpro-rio.org.br\/principal\/\",\"name\":\"Sinpro-Rio\",\"description\":\"Sindicato dos Professores do Munic\u00edpio do Rio de Janeiro e Regi\u00e3o\",\"potentialAction\":[{\"@type\":\"SearchAction\",\"target\":{\"@type\":\"EntryPoint\",\"urlTemplate\":\"https:\/\/www.sinpro-rio.org.br\/principal\/?s={search_term_string}\"},\"query-input\":{\"@type\":\"PropertyValueSpecification\",\"valueRequired\":true,\"valueName\":\"search_term_string\"}}],\"inLanguage\":\"pt-BR\"},{\"@type\":\"Person\",\"@id\":\"https:\/\/www.sinpro-rio.org.br\/principal\/#\/schema\/person\/ee17219e64d00d037e511ae59ce2227e\",\"name\":\"alessandra\",\"image\":{\"@type\":\"ImageObject\",\"inLanguage\":\"pt-BR\",\"@id\":\"https:\/\/www.sinpro-rio.org.br\/principal\/#\/schema\/person\/image\/\",\"url\":\"https:\/\/secure.gravatar.com\/avatar\/2b43fa8c0ad8e33b46a4732549f7fb20?s=96&d=mm&r=g\",\"contentUrl\":\"https:\/\/secure.gravatar.com\/avatar\/2b43fa8c0ad8e33b46a4732549f7fb20?s=96&d=mm&r=g\",\"caption\":\"alessandra\"},\"url\":\"https:\/\/www.sinpro-rio.org.br\/principal\/author\/alessandra\/\"}]}<\/script>\n<!-- \/ Yoast SEO plugin. -->","yoast_head_json":{"title":"Base Estendida: conhe\u00e7a o resultado da assembleia virtual de 23\/05 - Sinpro-Rio","robots":{"index":"index","follow":"follow","max-snippet":"max-snippet:-1","max-image-preview":"max-image-preview:large","max-video-preview":"max-video-preview:-1"},"canonical":"https:\/\/www.sinpro-rio.org.br\/principal\/base-estendida-conheca-o-resultado-da-assembleia-virtual-de-23-05\/","og_locale":"pt_BR","og_type":"article","og_title":"Base Estendida: conhe\u00e7a o resultado da assembleia virtual de 23\/05 - Sinpro-Rio","og_description":"Resolu\u00e7\u00f5es da assembleia: OBSERVA\u00c7\u00c3O: COMO A CONVEN\u00c7\u00c3O COLETIVA DE TRABALHO (CCT) ASSINADA EM 2019 TEM VALIDADE AT\u00c9 2021, TODAS AS CL\u00c1USULAS SOCIAIS EST\u00c3O EM VIGOR AT\u00c9 A DATA BASE DE 2021 (MAIO), FICANDO EM ABERTO, OU SEJA, A SER NEGOCIADO NESSE ANO DE 2020, APENAS O \u00cdNDICE DE REAJUSTE SALARIAL. Resolu\u00e7\u00f5es do dia 23\/05, para [&hellip;]","og_url":"https:\/\/www.sinpro-rio.org.br\/principal\/base-estendida-conheca-o-resultado-da-assembleia-virtual-de-23-05\/","og_site_name":"Sinpro-Rio","article_published_time":"2020-05-23T15:43:00+00:00","article_modified_time":"2023-07-07T17:49:22+00:00","og_image":[{"width":1749,"height":1241,"url":"https:\/\/www.sinpro-rio.org.br\/principal\/wp-content\/uploads\/2020\/05\/20200524_164406_0002.png","type":"image\/png"}],"author":"alessandra","twitter_card":"summary_large_image","twitter_misc":{"Escrito por":"alessandra","Est. tempo de leitura":"1 minuto"},"schema":{"@context":"https:\/\/schema.org","@graph":[{"@type":"WebPage","@id":"https:\/\/www.sinpro-rio.org.br\/principal\/base-estendida-conheca-o-resultado-da-assembleia-virtual-de-23-05\/","url":"https:\/\/www.sinpro-rio.org.br\/principal\/base-estendida-conheca-o-resultado-da-assembleia-virtual-de-23-05\/","name":"Base Estendida: conhe\u00e7a o resultado da assembleia virtual de 23\/05 - Sinpro-Rio","isPartOf":{"@id":"https:\/\/www.sinpro-rio.org.br\/principal\/#website"},"primaryImageOfPage":{"@id":"https:\/\/www.sinpro-rio.org.br\/principal\/base-estendida-conheca-o-resultado-da-assembleia-virtual-de-23-05\/#primaryimage"},"image":{"@id":"https:\/\/www.sinpro-rio.org.br\/principal\/base-estendida-conheca-o-resultado-da-assembleia-virtual-de-23-05\/#primaryimage"},"thumbnailUrl":"https:\/\/www.sinpro-rio.org.br\/principal\/wp-content\/uploads\/2020\/05\/20200524_164406_0002.png","datePublished":"2020-05-23T15:43:00+00:00","dateModified":"2023-07-07T17:49:22+00:00","author":{"@id":"https:\/\/www.sinpro-rio.org.br\/principal\/#\/schema\/person\/ee17219e64d00d037e511ae59ce2227e"},"breadcrumb":{"@id":"https:\/\/www.sinpro-rio.org.br\/principal\/base-estendida-conheca-o-resultado-da-assembleia-virtual-de-23-05\/#breadcrumb"},"inLanguage":"pt-BR","potentialAction":[{"@type":"ReadAction","target":["https:\/\/www.sinpro-rio.org.br\/principal\/base-estendida-conheca-o-resultado-da-assembleia-virtual-de-23-05\/"]}]},{"@type":"ImageObject","inLanguage":"pt-BR","@id":"https:\/\/www.sinpro-rio.org.br\/principal\/base-estendida-conheca-o-resultado-da-assembleia-virtual-de-23-05\/#primaryimage","url":"https:\/\/www.sinpro-rio.org.br\/principal\/wp-content\/uploads\/2020\/05\/20200524_164406_0002.png","contentUrl":"https:\/\/www.sinpro-rio.org.br\/principal\/wp-content\/uploads\/2020\/05\/20200524_164406_0002.png","width":1749,"height":1241},{"@type":"BreadcrumbList","@id":"https:\/\/www.sinpro-rio.org.br\/principal\/base-estendida-conheca-o-resultado-da-assembleia-virtual-de-23-05\/#breadcrumb","itemListElement":[{"@type":"ListItem","position":1,"name":"In\u00edcio","item":"https:\/\/www.sinpro-rio.org.br\/principal\/"},{"@type":"ListItem","position":2,"name":"Base Estendida: conhe\u00e7a o resultado da assembleia virtual de 23\/05"}]},{"@type":"WebSite","@id":"https:\/\/www.sinpro-rio.org.br\/principal\/#website","url":"https:\/\/www.sinpro-rio.org.br\/principal\/","name":"Sinpro-Rio","description":"Sindicato dos Professores do Munic\u00edpio do Rio de Janeiro e Regi\u00e3o","potentialAction":[{"@type":"SearchAction","target":{"@type":"EntryPoint","urlTemplate":"https:\/\/www.sinpro-rio.org.br\/principal\/?s={search_term_string}"},"query-input":{"@type":"PropertyValueSpecification","valueRequired":true,"valueName":"search_term_string"}}],"inLanguage":"pt-BR"},{"@type":"Person","@id":"https:\/\/www.sinpro-rio.org.br\/principal\/#\/schema\/person\/ee17219e64d00d037e511ae59ce2227e","name":"alessandra","image":{"@type":"ImageObject","inLanguage":"pt-BR","@id":"https:\/\/www.sinpro-rio.org.br\/principal\/#\/schema\/person\/image\/","url":"https:\/\/secure.gravatar.com\/avatar\/2b43fa8c0ad8e33b46a4732549f7fb20?s=96&d=mm&r=g","contentUrl":"https:\/\/secure.gravatar.com\/avatar\/2b43fa8c0ad8e33b46a4732549f7fb20?s=96&d=mm&r=g","caption":"alessandra"},"url":"https:\/\/www.sinpro-rio.org.br\/principal\/author\/alessandra\/"}]}},"_links":{"self":[{"href":"https:\/\/www.sinpro-rio.org.br\/principal\/wp-json\/wp\/v2\/posts\/28008","targetHints":{"allow":["GET"]}}],"collection":[{"href":"https:\/\/www.sinpro-rio.org.br\/principal\/wp-json\/wp\/v2\/posts"}],"about":[{"href":"https:\/\/www.sinpro-rio.org.br\/principal\/wp-json\/wp\/v2\/types\/post"}],"author":[{"embeddable":true,"href":"https:\/\/www.sinpro-rio.org.br\/principal\/wp-json\/wp\/v2\/users\/2"}],"replies":[{"embeddable":true,"href":"https:\/\/www.sinpro-rio.org.br\/principal\/wp-json\/wp\/v2\/comments?post=28008"}],"version-history":[{"count":1,"href":"https:\/\/www.sinpro-rio.org.br\/principal\/wp-json\/wp\/v2\/posts\/28008\/revisions"}],"predecessor-version":[{"id":28010,"href":"https:\/\/www.sinpro-rio.org.br\/principal\/wp-json\/wp\/v2\/posts\/28008\/revisions\/28010"}],"wp:featuredmedia":[{"embeddable":true,"href":"https:\/\/www.sinpro-rio.org.br\/principal\/wp-json\/wp\/v2\/media\/28009"}],"wp:attachment":[{"href":"https:\/\/www.sinpro-rio.org.br\/principal\/wp-json\/wp\/v2\/media?parent=28008"}],"wp:term":[{"taxonomy":"category","embeddable":true,"href":"https:\/\/www.sinpro-rio.org.br\/principal\/wp-json\/wp\/v2\/categories?post=28008"},{"taxonomy":"post_tag","embeddable":true,"href":"https:\/\/www.sinpro-rio.org.br\/principal\/wp-json\/wp\/v2\/tags?post=28008"}],"curies":[{"name":"wp","href":"https:\/\/api.w.org\/{rel}","templated":true}]}}