{"id":27956,"date":"2020-05-16T07:25:26","date_gmt":"2020-05-16T10:25:26","guid":{"rendered":"https:\/\/sinpro-rio.org.br\/principal\/?p=27956"},"modified":"2020-05-19T10:59:27","modified_gmt":"2020-05-19T13:59:27","slug":"em-defesa-da-vida-e-da-democracia-nota-do-sinpro-rio","status":"publish","type":"post","link":"https:\/\/www.sinpro-rio.org.br\/principal\/em-defesa-da-vida-e-da-democracia-nota-do-sinpro-rio\/","title":{"rendered":"Em defesa da Vida e da Democracia- nota do Sinpro-Rio"},"content":{"rendered":"\n<p>O Sinpro-Rio assiste com pesar \u00e0 evolu\u00e7\u00e3o da COVID-19 no Estado do Rio de Janeiro e no Brasil. No Rio de Janeiro, s\u00e3o mais de 2500 mortos, enquanto o Brasil ultrapassa os 15 mil \u00f3bitos.<br>Enquanto a doen\u00e7a avan\u00e7a e se ampliam os mortos, o presidente do pa\u00eds, Jair Bolsonaro, assume o negacionismo, minorando o impacto da pandemia sobre vidas humanas, defendendo o fim do isolamento social e vendendo como receita milagrosa, medicamento sobre o qual os cientistas n\u00e3o encontraram a efic\u00e1cia alardeada.<br>Um governo que desqualifica a pesquisa cient\u00edfica, corta verbas das universidades e de centros de pesquisa, reduz investimentos nos programas de mestrado e doutorado no pa\u00eds \u00e9 incapaz de perceber quais s\u00e3o as reais medidas a serem tomadas para garantir a sa\u00fade da popula\u00e7\u00e3o.<br>Assumindo-se como um mero servi\u00e7al de grandes empres\u00e1rios e do capital internacional, defende de forma criminosa o fim do isolamento e a retomada da normalidade, num contexto em que \u00e9 imposs\u00edvel se pensar em normalidade.<br>Sua postura estimula setores da sociedade a abandonar e a transitar livremente pelas ruas, ampliando a possibilidade de cont\u00e1gio e os efeitos da doen\u00e7a.<br>Como l\u00edder da Na\u00e7\u00e3o, lhe caberia gerenciar a crise na sa\u00fade, ampliando hospitais emergenciais, distribuindo medicamentos e instrumentos para o tratamento dos casos graves. N\u00e3o! Sua preocupa\u00e7\u00e3o n\u00e3o \u00e9 a vida dos jovens, dos trabalhadores, dos idosos. Insinua de forma leviana que os trabalhadores n\u00e3o querem trabalhar, minorando o impacto da pandemia.<br>O caos social avan\u00e7a e a sua preocupa\u00e7\u00e3o \u00e9 flexibilizar direitos trabalhistas, ampliando a perda de sal\u00e1rios e demiss\u00f5es, sem se preocupar com os efeitos dessa medida para os trabalhadores. Mesmo a ajuda emergencial, cujo pagamento \u00e9 sabotado pelo pr\u00f3prio governo, provocando monstruosas filas junto \u00e0s ag\u00eancias da Caixa e propagando o v\u00edrus, s\u00f3 atingiu o valor de 600 reais ap\u00f3s a atua\u00e7\u00e3o dos partidos da oposi\u00e7\u00e3o que, junto aos partidos de centro, definiram o valor acima do que desejava o governo inicialmente &#8211; 200 reais.<br>Mais uma vez, o Sinpro-Rio vem em nota se solidarizar com todas as fam\u00edlias que perderam seus entes queridos pela doen\u00e7a. Lamentamos a morte de professores e professoras que tanto se dedicaram ao trabalho, que se apresentavam aos seus alunos como parceiros no processo ensino-aprendizagem.<br>Que a humanidade saia desse embate fortalecida pelos la\u00e7os de solidariedade, que perceba o impacto das brutais desigualdades sociais, que se fortale\u00e7a a certeza em favor da democracia.<br>Que o governo Bolsonaro abandone o histrionismo anticient\u00edfico e se junte ao pa\u00eds no combate ao v\u00edrus. E se insistir em amea\u00e7ar a vida de quem trabalha com dignidade, que venha a ser retirado do cargo.<br>Afinal, os trabalhadores t\u00eam fam\u00edlia para criar. E n\u00f3s, que atuamos em sala de aula, seguindo o que apontou Paulo Freire em seu trabalho, Pedagogia da Autonomia, demonstramos que um gesto, por mais insignificante, do professor pode se apresentar como for\u00e7a transformadora ao educando.<br>Continuamos a defender a vida, a educa\u00e7\u00e3o p\u00fablica de qualidade, os direitos dos trabalhadores e a transforma\u00e7\u00e3o do mundo pela educa\u00e7\u00e3o.<br>O Sinpro-Rio parabeniza os trabalhadores da sa\u00fade na incans\u00e1vel tarefa de salvar vidas.<\/p>\n\n\n\n<p>O Sindicato somos n\u00f3s.<br>Defenda seu sindicato.<br>Estamos juntos nessa luta.<br>Sa\u00fade a todas e todos e vamos continuar em casa e nos proteger.<\/p>\n\n\n\n<p><strong><em>Sinpro-Rio<\/em><\/strong><\/p>\n","protected":false},"excerpt":{"rendered":"<p>O Sinpro-Rio assiste com pesar \u00e0 evolu\u00e7\u00e3o da COVID-19 no Estado do Rio de Janeiro e no Brasil. No Rio de Janeiro, s\u00e3o mais de 2500 mortos, enquanto o Brasil ultrapassa os 15 mil \u00f3bitos.Enquanto a doen\u00e7a avan\u00e7a e se ampliam os mortos, o presidente do pa\u00eds, Jair Bolsonaro, assume o negacionismo, minorando o impacto [&hellip;]<\/p>\n","protected":false},"author":2,"featured_media":27957,"comment_status":"closed","ping_status":"closed","sticky":false,"template":"","format":"standard","meta":{"footnotes":""},"categories":[1],"tags":[],"class_list":["post-27956","post","type-post","status-publish","format-standard","has-post-thumbnail","hentry","category-noticias"],"yoast_head":"<!-- This site is optimized with the Yoast SEO plugin v25.7 - https:\/\/yoast.com\/wordpress\/plugins\/seo\/ -->\n<title>Em defesa da Vida e da Democracia- nota do Sinpro-Rio - Sinpro-Rio<\/title>\n<meta name=\"robots\" content=\"index, follow, max-snippet:-1, max-image-preview:large, max-video-preview:-1\" \/>\n<link rel=\"canonical\" href=\"https:\/\/www.sinpro-rio.org.br\/principal\/em-defesa-da-vida-e-da-democracia-nota-do-sinpro-rio\/\" \/>\n<meta property=\"og:locale\" content=\"pt_BR\" \/>\n<meta property=\"og:type\" content=\"article\" \/>\n<meta property=\"og:title\" content=\"Em defesa da Vida e da Democracia- nota do Sinpro-Rio - Sinpro-Rio\" \/>\n<meta property=\"og:description\" content=\"O Sinpro-Rio assiste com pesar \u00e0 evolu\u00e7\u00e3o da COVID-19 no Estado do Rio de Janeiro e no Brasil. No Rio de Janeiro, s\u00e3o mais de 2500 mortos, enquanto o Brasil ultrapassa os 15 mil \u00f3bitos.Enquanto a doen\u00e7a avan\u00e7a e se ampliam os mortos, o presidente do pa\u00eds, Jair Bolsonaro, assume o negacionismo, minorando o impacto [&hellip;]\" \/>\n<meta property=\"og:url\" content=\"https:\/\/www.sinpro-rio.org.br\/principal\/em-defesa-da-vida-e-da-democracia-nota-do-sinpro-rio\/\" \/>\n<meta property=\"og:site_name\" content=\"Sinpro-Rio\" \/>\n<meta property=\"article:published_time\" content=\"2020-05-16T10:25:26+00:00\" \/>\n<meta property=\"article:modified_time\" content=\"2020-05-19T13:59:27+00:00\" \/>\n<meta property=\"og:image\" content=\"https:\/\/www.sinpro-rio.org.br\/principal\/wp-content\/uploads\/2020\/05\/IMG-20191220-WA0096.jpg\" \/>\n\t<meta property=\"og:image:width\" content=\"1280\" \/>\n\t<meta property=\"og:image:height\" content=\"836\" \/>\n\t<meta property=\"og:image:type\" content=\"image\/jpeg\" \/>\n<meta name=\"author\" content=\"alessandra\" \/>\n<meta name=\"twitter:card\" content=\"summary_large_image\" \/>\n<meta name=\"twitter:label1\" content=\"Escrito por\" \/>\n\t<meta name=\"twitter:data1\" content=\"alessandra\" \/>\n\t<meta name=\"twitter:label2\" content=\"Est. tempo de leitura\" \/>\n\t<meta name=\"twitter:data2\" content=\"3 minutos\" \/>\n<script type=\"application\/ld+json\" class=\"yoast-schema-graph\">{\"@context\":\"https:\/\/schema.org\",\"@graph\":[{\"@type\":\"WebPage\",\"@id\":\"https:\/\/www.sinpro-rio.org.br\/principal\/em-defesa-da-vida-e-da-democracia-nota-do-sinpro-rio\/\",\"url\":\"https:\/\/www.sinpro-rio.org.br\/principal\/em-defesa-da-vida-e-da-democracia-nota-do-sinpro-rio\/\",\"name\":\"Em defesa da Vida e da Democracia- nota do Sinpro-Rio - Sinpro-Rio\",\"isPartOf\":{\"@id\":\"https:\/\/www.sinpro-rio.org.br\/principal\/#website\"},\"primaryImageOfPage\":{\"@id\":\"https:\/\/www.sinpro-rio.org.br\/principal\/em-defesa-da-vida-e-da-democracia-nota-do-sinpro-rio\/#primaryimage\"},\"image\":{\"@id\":\"https:\/\/www.sinpro-rio.org.br\/principal\/em-defesa-da-vida-e-da-democracia-nota-do-sinpro-rio\/#primaryimage\"},\"thumbnailUrl\":\"https:\/\/www.sinpro-rio.org.br\/principal\/wp-content\/uploads\/2020\/05\/IMG-20191220-WA0096.jpg\",\"datePublished\":\"2020-05-16T10:25:26+00:00\",\"dateModified\":\"2020-05-19T13:59:27+00:00\",\"author\":{\"@id\":\"https:\/\/www.sinpro-rio.org.br\/principal\/#\/schema\/person\/ee17219e64d00d037e511ae59ce2227e\"},\"breadcrumb\":{\"@id\":\"https:\/\/www.sinpro-rio.org.br\/principal\/em-defesa-da-vida-e-da-democracia-nota-do-sinpro-rio\/#breadcrumb\"},\"inLanguage\":\"pt-BR\",\"potentialAction\":[{\"@type\":\"ReadAction\",\"target\":[\"https:\/\/www.sinpro-rio.org.br\/principal\/em-defesa-da-vida-e-da-democracia-nota-do-sinpro-rio\/\"]}]},{\"@type\":\"ImageObject\",\"inLanguage\":\"pt-BR\",\"@id\":\"https:\/\/www.sinpro-rio.org.br\/principal\/em-defesa-da-vida-e-da-democracia-nota-do-sinpro-rio\/#primaryimage\",\"url\":\"https:\/\/www.sinpro-rio.org.br\/principal\/wp-content\/uploads\/2020\/05\/IMG-20191220-WA0096.jpg\",\"contentUrl\":\"https:\/\/www.sinpro-rio.org.br\/principal\/wp-content\/uploads\/2020\/05\/IMG-20191220-WA0096.jpg\",\"width\":1280,\"height\":836},{\"@type\":\"BreadcrumbList\",\"@id\":\"https:\/\/www.sinpro-rio.org.br\/principal\/em-defesa-da-vida-e-da-democracia-nota-do-sinpro-rio\/#breadcrumb\",\"itemListElement\":[{\"@type\":\"ListItem\",\"position\":1,\"name\":\"In\u00edcio\",\"item\":\"https:\/\/www.sinpro-rio.org.br\/principal\/\"},{\"@type\":\"ListItem\",\"position\":2,\"name\":\"Em defesa da Vida e da Democracia- nota do Sinpro-Rio\"}]},{\"@type\":\"WebSite\",\"@id\":\"https:\/\/www.sinpro-rio.org.br\/principal\/#website\",\"url\":\"https:\/\/www.sinpro-rio.org.br\/principal\/\",\"name\":\"Sinpro-Rio\",\"description\":\"Sindicato dos Professores do Munic\u00edpio do Rio de Janeiro e Regi\u00e3o\",\"potentialAction\":[{\"@type\":\"SearchAction\",\"target\":{\"@type\":\"EntryPoint\",\"urlTemplate\":\"https:\/\/www.sinpro-rio.org.br\/principal\/?s={search_term_string}\"},\"query-input\":{\"@type\":\"PropertyValueSpecification\",\"valueRequired\":true,\"valueName\":\"search_term_string\"}}],\"inLanguage\":\"pt-BR\"},{\"@type\":\"Person\",\"@id\":\"https:\/\/www.sinpro-rio.org.br\/principal\/#\/schema\/person\/ee17219e64d00d037e511ae59ce2227e\",\"name\":\"alessandra\",\"image\":{\"@type\":\"ImageObject\",\"inLanguage\":\"pt-BR\",\"@id\":\"https:\/\/www.sinpro-rio.org.br\/principal\/#\/schema\/person\/image\/\",\"url\":\"https:\/\/secure.gravatar.com\/avatar\/2b43fa8c0ad8e33b46a4732549f7fb20?s=96&d=mm&r=g\",\"contentUrl\":\"https:\/\/secure.gravatar.com\/avatar\/2b43fa8c0ad8e33b46a4732549f7fb20?s=96&d=mm&r=g\",\"caption\":\"alessandra\"},\"url\":\"https:\/\/www.sinpro-rio.org.br\/principal\/author\/alessandra\/\"}]}<\/script>\n<!-- \/ Yoast SEO plugin. -->","yoast_head_json":{"title":"Em defesa da Vida e da Democracia- nota do Sinpro-Rio - Sinpro-Rio","robots":{"index":"index","follow":"follow","max-snippet":"max-snippet:-1","max-image-preview":"max-image-preview:large","max-video-preview":"max-video-preview:-1"},"canonical":"https:\/\/www.sinpro-rio.org.br\/principal\/em-defesa-da-vida-e-da-democracia-nota-do-sinpro-rio\/","og_locale":"pt_BR","og_type":"article","og_title":"Em defesa da Vida e da Democracia- nota do Sinpro-Rio - Sinpro-Rio","og_description":"O Sinpro-Rio assiste com pesar \u00e0 evolu\u00e7\u00e3o da COVID-19 no Estado do Rio de Janeiro e no Brasil. No Rio de Janeiro, s\u00e3o mais de 2500 mortos, enquanto o Brasil ultrapassa os 15 mil \u00f3bitos.Enquanto a doen\u00e7a avan\u00e7a e se ampliam os mortos, o presidente do pa\u00eds, Jair Bolsonaro, assume o negacionismo, minorando o impacto [&hellip;]","og_url":"https:\/\/www.sinpro-rio.org.br\/principal\/em-defesa-da-vida-e-da-democracia-nota-do-sinpro-rio\/","og_site_name":"Sinpro-Rio","article_published_time":"2020-05-16T10:25:26+00:00","article_modified_time":"2020-05-19T13:59:27+00:00","og_image":[{"width":1280,"height":836,"url":"https:\/\/www.sinpro-rio.org.br\/principal\/wp-content\/uploads\/2020\/05\/IMG-20191220-WA0096.jpg","type":"image\/jpeg"}],"author":"alessandra","twitter_card":"summary_large_image","twitter_misc":{"Escrito por":"alessandra","Est. tempo de leitura":"3 minutos"},"schema":{"@context":"https:\/\/schema.org","@graph":[{"@type":"WebPage","@id":"https:\/\/www.sinpro-rio.org.br\/principal\/em-defesa-da-vida-e-da-democracia-nota-do-sinpro-rio\/","url":"https:\/\/www.sinpro-rio.org.br\/principal\/em-defesa-da-vida-e-da-democracia-nota-do-sinpro-rio\/","name":"Em defesa da Vida e da Democracia- nota do Sinpro-Rio - Sinpro-Rio","isPartOf":{"@id":"https:\/\/www.sinpro-rio.org.br\/principal\/#website"},"primaryImageOfPage":{"@id":"https:\/\/www.sinpro-rio.org.br\/principal\/em-defesa-da-vida-e-da-democracia-nota-do-sinpro-rio\/#primaryimage"},"image":{"@id":"https:\/\/www.sinpro-rio.org.br\/principal\/em-defesa-da-vida-e-da-democracia-nota-do-sinpro-rio\/#primaryimage"},"thumbnailUrl":"https:\/\/www.sinpro-rio.org.br\/principal\/wp-content\/uploads\/2020\/05\/IMG-20191220-WA0096.jpg","datePublished":"2020-05-16T10:25:26+00:00","dateModified":"2020-05-19T13:59:27+00:00","author":{"@id":"https:\/\/www.sinpro-rio.org.br\/principal\/#\/schema\/person\/ee17219e64d00d037e511ae59ce2227e"},"breadcrumb":{"@id":"https:\/\/www.sinpro-rio.org.br\/principal\/em-defesa-da-vida-e-da-democracia-nota-do-sinpro-rio\/#breadcrumb"},"inLanguage":"pt-BR","potentialAction":[{"@type":"ReadAction","target":["https:\/\/www.sinpro-rio.org.br\/principal\/em-defesa-da-vida-e-da-democracia-nota-do-sinpro-rio\/"]}]},{"@type":"ImageObject","inLanguage":"pt-BR","@id":"https:\/\/www.sinpro-rio.org.br\/principal\/em-defesa-da-vida-e-da-democracia-nota-do-sinpro-rio\/#primaryimage","url":"https:\/\/www.sinpro-rio.org.br\/principal\/wp-content\/uploads\/2020\/05\/IMG-20191220-WA0096.jpg","contentUrl":"https:\/\/www.sinpro-rio.org.br\/principal\/wp-content\/uploads\/2020\/05\/IMG-20191220-WA0096.jpg","width":1280,"height":836},{"@type":"BreadcrumbList","@id":"https:\/\/www.sinpro-rio.org.br\/principal\/em-defesa-da-vida-e-da-democracia-nota-do-sinpro-rio\/#breadcrumb","itemListElement":[{"@type":"ListItem","position":1,"name":"In\u00edcio","item":"https:\/\/www.sinpro-rio.org.br\/principal\/"},{"@type":"ListItem","position":2,"name":"Em defesa da Vida e da Democracia- nota do Sinpro-Rio"}]},{"@type":"WebSite","@id":"https:\/\/www.sinpro-rio.org.br\/principal\/#website","url":"https:\/\/www.sinpro-rio.org.br\/principal\/","name":"Sinpro-Rio","description":"Sindicato dos Professores do Munic\u00edpio do Rio de Janeiro e Regi\u00e3o","potentialAction":[{"@type":"SearchAction","target":{"@type":"EntryPoint","urlTemplate":"https:\/\/www.sinpro-rio.org.br\/principal\/?s={search_term_string}"},"query-input":{"@type":"PropertyValueSpecification","valueRequired":true,"valueName":"search_term_string"}}],"inLanguage":"pt-BR"},{"@type":"Person","@id":"https:\/\/www.sinpro-rio.org.br\/principal\/#\/schema\/person\/ee17219e64d00d037e511ae59ce2227e","name":"alessandra","image":{"@type":"ImageObject","inLanguage":"pt-BR","@id":"https:\/\/www.sinpro-rio.org.br\/principal\/#\/schema\/person\/image\/","url":"https:\/\/secure.gravatar.com\/avatar\/2b43fa8c0ad8e33b46a4732549f7fb20?s=96&d=mm&r=g","contentUrl":"https:\/\/secure.gravatar.com\/avatar\/2b43fa8c0ad8e33b46a4732549f7fb20?s=96&d=mm&r=g","caption":"alessandra"},"url":"https:\/\/www.sinpro-rio.org.br\/principal\/author\/alessandra\/"}]}},"_links":{"self":[{"href":"https:\/\/www.sinpro-rio.org.br\/principal\/wp-json\/wp\/v2\/posts\/27956","targetHints":{"allow":["GET"]}}],"collection":[{"href":"https:\/\/www.sinpro-rio.org.br\/principal\/wp-json\/wp\/v2\/posts"}],"about":[{"href":"https:\/\/www.sinpro-rio.org.br\/principal\/wp-json\/wp\/v2\/types\/post"}],"author":[{"embeddable":true,"href":"https:\/\/www.sinpro-rio.org.br\/principal\/wp-json\/wp\/v2\/users\/2"}],"replies":[{"embeddable":true,"href":"https:\/\/www.sinpro-rio.org.br\/principal\/wp-json\/wp\/v2\/comments?post=27956"}],"version-history":[{"count":2,"href":"https:\/\/www.sinpro-rio.org.br\/principal\/wp-json\/wp\/v2\/posts\/27956\/revisions"}],"predecessor-version":[{"id":27979,"href":"https:\/\/www.sinpro-rio.org.br\/principal\/wp-json\/wp\/v2\/posts\/27956\/revisions\/27979"}],"wp:featuredmedia":[{"embeddable":true,"href":"https:\/\/www.sinpro-rio.org.br\/principal\/wp-json\/wp\/v2\/media\/27957"}],"wp:attachment":[{"href":"https:\/\/www.sinpro-rio.org.br\/principal\/wp-json\/wp\/v2\/media?parent=27956"}],"wp:term":[{"taxonomy":"category","embeddable":true,"href":"https:\/\/www.sinpro-rio.org.br\/principal\/wp-json\/wp\/v2\/categories?post=27956"},{"taxonomy":"post_tag","embeddable":true,"href":"https:\/\/www.sinpro-rio.org.br\/principal\/wp-json\/wp\/v2\/tags?post=27956"}],"curies":[{"name":"wp","href":"https:\/\/api.w.org\/{rel}","templated":true}]}}