{"id":27917,"date":"2020-07-13T15:55:00","date_gmt":"2020-07-13T18:55:00","guid":{"rendered":"https:\/\/sinpro-rio.org.br\/principal\/?p=27917"},"modified":"2020-07-13T15:56:27","modified_gmt":"2020-07-13T18:56:27","slug":"sinpro-rio-lives-veja-aqui-as-transmissoes-do-seu-sindicato","status":"publish","type":"post","link":"https:\/\/www.sinpro-rio.org.br\/principal\/sinpro-rio-lives-veja-aqui-as-transmissoes-do-seu-sindicato\/","title":{"rendered":"SINPRO-RIO &#8216;lives&#8217; e programas de r\u00e1dio: veja aqui as transmiss\u00f5es do seu sindicato!"},"content":{"rendered":"\n<p><em><strong>D\u00e9cima segunda LIVE &#8211; 13 de julho &#8211; Tema: &#8220;Sa\u00fade Mental em Tempos de Pandemia. D\u00e1 pra ficar sem recesso escolar?&#8221;. <\/strong><\/em>Assista ao Programa de R\u00e1dio Sinpro-Rio, atrav\u00e9s do FACEBOOK do sindicato <a href=\"https:\/\/www.facebook.com\/sinprorio1931\/videos\/4061025380639397\/\">AQUI<\/a>! Participaram dessa edi\u00e7\u00e3o a Dra. Katia Reis de Souza, pesquisadora do Centro de Estudos da Sa\u00fade do Trabalhador e Ecologia Humana do CESTEH\/ENSP\/FIOCRUZ; e do professor, psic\u00f3logo e diretor do Sinpro-Rio, Carlos Absal\u00e3o. Mediaram o debate os tamb\u00e9m professores\/as M\u00e1rcio Franco e Marina Esp\u00edrito Santo.<\/p>\n\n\n\n<p><em><strong>D\u00e9cima primeira LIVE &#8211; 06 de julho &#8211; Tema:<\/strong><\/em> <strong><em>&#8220;Posi\u00e7\u00f5es da Assembleia Unificada sobre o retorno \u00e0 escola&#8221;<\/em><\/strong>. Assista ao Programa de R\u00e1dio Sinpro-Rio, atrav\u00e9s do FACEBOOK do sindicato <a href=\"https:\/\/www.facebook.com\/watch\/?v=1022459334852909\">AQUI!<\/a> Participaram dessa edi\u00e7\u00e3o os professores e sindicalistas Afonso Celso Teixeira e Elson Paiva e o assessor jur\u00eddico do Sinpro-Rio M\u00e1rcio Cordero. Mediaram os tamb\u00e9m professores\/as Marina Esp\u00edrito Santo e M\u00e1rcio Franco.<\/p>\n\n\n\n<p><strong><em>D\u00e9cima LIVE &#8211; 29 de junho &#8211; Tema: &#8220;Volta \u00e0s aulas presenciais: a voz dos Respons\u00e1veis&#8221;.<\/em><\/strong> Assista ao <em><strong>Programa de R\u00e1dio Sinpro-Rio<\/strong><\/em>, atrav\u00e9s do FACEBOOK do sindicato <a href=\"http:\/\/R\u00c1DIO SINPRO-RIO NO AR! Em pauta: &quot;Volta \u00e0s aulas presenciais - a voz dos respons\u00e1veis&quot;. Assista-nos pelo Facebook ou YouTube do Sinpro-Rio. Link: https:\/\/www.facebook.com\/sinprorio1931\/videos\/3380168555336090\/\">AQUI.<\/a> Participaram dessa edi\u00e7\u00e3o as professoras, dirigentes sindicais e m\u00e3es de alunos\/as Maria Marta Cerqueira (Sinpro-Rio) e Tha\u00eds Coutinho (Sepe-RJ). Mediaram os tamb\u00e9m professores\/as Marina Esp\u00edrito Santo e M\u00e1rcio Franco.<\/p>\n\n\n\n<p><strong><em>Nona LIVE &#8211; 22 de junho &#8211; Tema: &#8221; Recesso, volta \u00e0s aulas presenciais, MP 936 e Campanha Salarial&#8221;.<\/em><\/strong> Assista ao <strong><em>Programa de R\u00e1dio Sinpro-Rio, <\/em><\/strong>atrav\u00e9s do FACEBOOK do sindicato <a href=\"https:\/\/www.facebook.com\/sinprorio1931\/videos\/347372002914268\/\">AQUI!<\/a> Participaram dessa edi\u00e7\u00e3o os professores e dirigentes sindicais F\u00e1tima Rodrigues e M\u00e1rio Maturo. Mediaram os tamb\u00e9m professores e diretores do Sinpro-Rio Marina Esp\u00edrito Santo e M\u00e1rcio Franco,<\/p>\n\n\n\n<p><strong><em>Oitava LIVE &#8211; 15 de junho &#8211; Tema: &#8220;Volta \u00e0s aulas presenciais vale o risco? Como e quando retornar &#8211; parte 2&#8221;.<\/em><\/strong>  Assista ao <strong><em>Programa de R\u00e1dio Sinpro-Rio,<\/em><\/strong> atrav\u00e9s do FACEBOOK do sindicato <a href=\"https:\/\/www.facebook.com\/sinprorio1931\/videos\/306279557074194\/\">AQUI<\/a>!  Participaram dessa edi\u00e7\u00e3o o vice-presidente do Sinpro-Rio, prof Afonso Celso Teixeira, a diretora do Sinpro-Rio Ana L\u00facia Guimar\u00e3es e a vice-presidenta da CUT-RJ, Maria Eduarda Quiroga. Mediaram esta edi\u00e7\u00e3o os professores e diretores do Sinpro-Rio: Marcio Franco e Marina Esp\u00edrito Santo.<\/p>\n\n\n\n<p><em><strong>S\u00e9tima LIVE &#8211; 13 de junho &#8211; &#8220;PLEN\u00c1RIA VIRTUAL &#8211; EM DEFESA DA VIDA: quando e como retornar \u00e0s aulas presenciais&#8221;<\/strong><\/em>. Participa\u00e7\u00e3o de diversas institui\u00e7\u00f5es convidadas pelo Sinpro-Rio: Fiocruz, UNIRIO, MPT-RJ, Sepe-RJ, Sindscope-RJ, Sindpefaetec, CEE-RJ, Contee, CNTE, parlamentares do estado do Rj e munic\u00edpio do Rio de Janeiro e estudantes. Assista <a href=\"https:\/\/www.facebook.com\/sinprorio1931\/videos\/1676795625794308\/\">AQUI!<\/a><\/p>\n\n\n\n<p><strong><em>Sexta LIVE &#8211; 08 de junho &#8211; Tema: &#8220;Volta \u00e0s aulas vale o risco? Como e quando retornar&#8221;.<\/em><\/strong> Assista ao <strong><em>Programa de R\u00e1dio Sinpro-Rio,<\/em><\/strong> atrav\u00e9s do FACEBOOK do sindicato <a href=\"https:\/\/www.facebook.com\/sinprorio1931\/videos\/605998146991898\/\">AQUI<\/a>! Participaram dessa edi\u00e7\u00e3o o Prof. Dr. Jorge Luiz do Amaral (&#8220;Bigu&#8221;), ex-presidente do Sindicato dos M\u00e9dicos, e o vice-presidente do Sinpro-Rio, prof. Afonso Celso Teixeira. Mediaram o debate os professores e diretores do Sinpro-Rio Marcio Franco e Zez\u00e9 Louren\u00e7o.<\/p>\n\n\n\n<p><strong><em>Quinta LIVE &#8211; 1\u00ba de junho &#8211; Tema &#8220;Educa\u00e7\u00e3o Superior: experi\u00eancias e desafios durante o teletrabalho&#8221;.<\/em><\/strong> Assista ao <strong><em>Programa de R\u00e1dio Sinpro-Rio,<\/em><\/strong> atrav\u00e9s do FACEBOOK do sindicato <a href=\"https:\/\/www.facebook.com\/sinprorio1931\/videos\/245750596727819\/?v=245750596727819\">AQUI!<\/a> Participaram dessa edi\u00e7\u00e3o os diretores do Sinpro-Rio e professores\/as da Educa\u00e7\u00e3o Superior Luciano Zarur e Wladimir Cerveira. Mediaram o debate a professora Ana Lucia Guimar\u00e3es e o professor M\u00e1rcio Franco.<\/p>\n\n\n\n<p><strong><em>Quarta LIVE &#8211; 25 de maio &#8211; Tema &#8220;Educa\u00e7\u00e3o Infantil na quarentena: pr\u00e1ticas e resist\u00eancia<\/em>&#8220;.<\/strong> Assista ao <em><strong>Programa de R\u00e1dio Sinpro-Rio,<\/strong><\/em> atrav\u00e9s do FACEBOOK do sindicato <a href=\"https:\/\/www.facebook.com\/sinprorio1931\/videos\/271321947322976\/?v=271321947322976\">AQUI!<\/a> Participaram dessa edi\u00e7\u00e3o as diretoras do Sinpro-Rio e integrantes da Comiss\u00e3o de Educa\u00e7\u00e3o Infantil: professora Clarissa Lima, professora Maria Eduarda Quiroga, professora Maria Marta Cerqueira e professora Val\u00e9ria Lobo. Media\u00e7\u00e3o dos professores Marcio Franco e Marina Esp\u00edrito Santo.<\/p>\n\n\n\n<p><strong><em>Terceira LIVE &#8211; 18 de maio &#8211; Tema &#8220;#adiaenem&#8221;. <\/em><\/strong>Assista ao <em><strong>Programa de R\u00e1dio Sinpro-Rio<\/strong><\/em>, atrav\u00e9s do FACEBOOK do sindicato <a href=\"https:\/\/www.facebook.com\/sinprorio1931\/videos\/1570528266461178\/?v=1570528266461178\">AQUI!<\/a> Deste programa, participaram os convidados  Izabel Costa, professora da Ed. Superior e diretora do Sinpro-Rio e do Sepe, e o professor Edmundo Aguiar, doutor em Ci\u00eancias, ex-reitor do IFRJ e diretor do Sinpro-Rio. Media\u00e7\u00e3o dos professores: M\u00e1rcio Franco e Marina Esp\u00edrito Santo.<\/p>\n\n\n\n<p><strong><em>Segunda LIVE &#8211; 11 de maio &#8211;<\/em><\/strong> <strong><em>tema: &#8220;Os desafios do Sinpro-Rio nessas 8 semanas de quarentena&#8221;.<\/em><\/strong> Assista ao <strong><em>Programa de R\u00e1dio do Sinpro-Rio,<\/em><\/strong> atrav\u00e9s do Facebook live <a href=\"https:\/\/www.facebook.com\/sinprorio1931\/videos\/233232094632199\/\">AQUI<\/a>! O programa contou com a participa\u00e7\u00e3o dos professores Afonso Celso Teixeira, vice-presidente do Sinpro-Rio e dos diretores e Ana L\u00facia Guimar\u00e3es, M\u00e1rcio Franco, Marina Esp\u00edrito Santo e Val\u00e9ria Lobo.<\/p>\n\n\n\n<p><strong><em>Primeira  LIVE &#8211; 21 de abril &#8211; tema: &#8220;Tira-d\u00favidas!&#8221;. <\/em><\/strong>Com o prof. Oswaldo Teles, presidente do Sinpro-Rio e o nosso assessor jur\u00eddico, Dr. Marcio Cordero <a href=\"https:\/\/sinpro-rio.org.br\/principal\/sinpro-rio-esclarece-duvidas-em-live\/\">AQUI!<\/a><\/p>\n\n\n\n<p><\/p>\n\n\n\n<p><strong><em>Aten\u00e7\u00e3o!<\/em><\/strong> <strong><em>NOT\u00cdCIA INICIALMENTE PUBLICADA NO DIA 21 DE JUNHO DE 2020. As datas s\u00e3o alteradas a cada inser\u00e7\u00e3o de &#8220;live&#8221;, para que fiquem mais vis\u00edveis e de f\u00e1cil acesso \u00e0 categoria.<\/em><\/strong><\/p>\n","protected":false},"excerpt":{"rendered":"<p>D\u00e9cima segunda LIVE &#8211; 13 de julho &#8211; Tema: &#8220;Sa\u00fade Mental em Tempos de Pandemia. D\u00e1 pra ficar sem recesso escolar?&#8221;. Assista ao Programa de R\u00e1dio Sinpro-Rio, atrav\u00e9s do FACEBOOK do sindicato AQUI! Participaram dessa edi\u00e7\u00e3o a Dra. Katia Reis de Souza, pesquisadora do Centro de Estudos da Sa\u00fade do Trabalhador e Ecologia Humana do [&hellip;]<\/p>\n","protected":false},"author":2,"featured_media":27796,"comment_status":"closed","ping_status":"closed","sticky":false,"template":"","format":"standard","meta":{"footnotes":""},"categories":[1],"tags":[],"class_list":["post-27917","post","type-post","status-publish","format-standard","has-post-thumbnail","hentry","category-noticias"],"yoast_head":"<!-- This site is optimized with the Yoast SEO plugin v25.7 - https:\/\/yoast.com\/wordpress\/plugins\/seo\/ -->\n<title>SINPRO-RIO &#039;lives&#039; e programas de r\u00e1dio: veja aqui as transmiss\u00f5es do seu sindicato! - Sinpro-Rio<\/title>\n<meta name=\"robots\" content=\"index, follow, max-snippet:-1, max-image-preview:large, max-video-preview:-1\" \/>\n<link rel=\"canonical\" href=\"https:\/\/www.sinpro-rio.org.br\/principal\/sinpro-rio-lives-veja-aqui-as-transmissoes-do-seu-sindicato\/\" \/>\n<meta property=\"og:locale\" content=\"pt_BR\" \/>\n<meta property=\"og:type\" content=\"article\" \/>\n<meta property=\"og:title\" content=\"SINPRO-RIO &#039;lives&#039; e programas de r\u00e1dio: veja aqui as transmiss\u00f5es do seu sindicato! - Sinpro-Rio\" \/>\n<meta property=\"og:description\" content=\"D\u00e9cima segunda LIVE &#8211; 13 de julho &#8211; Tema: &#8220;Sa\u00fade Mental em Tempos de Pandemia. D\u00e1 pra ficar sem recesso escolar?&#8221;. Assista ao Programa de R\u00e1dio Sinpro-Rio, atrav\u00e9s do FACEBOOK do sindicato AQUI! Participaram dessa edi\u00e7\u00e3o a Dra. Katia Reis de Souza, pesquisadora do Centro de Estudos da Sa\u00fade do Trabalhador e Ecologia Humana do [&hellip;]\" \/>\n<meta property=\"og:url\" content=\"https:\/\/www.sinpro-rio.org.br\/principal\/sinpro-rio-lives-veja-aqui-as-transmissoes-do-seu-sindicato\/\" \/>\n<meta property=\"og:site_name\" content=\"Sinpro-Rio\" \/>\n<meta property=\"article:published_time\" content=\"2020-07-13T18:55:00+00:00\" \/>\n<meta property=\"article:modified_time\" content=\"2020-07-13T18:56:27+00:00\" \/>\n<meta property=\"og:image\" content=\"https:\/\/www.sinpro-rio.org.br\/principal\/wp-content\/uploads\/2020\/04\/Screenshot_20200413-204620_Chrome.jpg\" \/>\n\t<meta property=\"og:image:width\" content=\"1079\" \/>\n\t<meta property=\"og:image:height\" content=\"1114\" \/>\n\t<meta property=\"og:image:type\" content=\"image\/jpeg\" \/>\n<meta name=\"author\" content=\"alessandra\" \/>\n<meta name=\"twitter:card\" content=\"summary_large_image\" \/>\n<meta name=\"twitter:label1\" content=\"Escrito por\" \/>\n\t<meta name=\"twitter:data1\" content=\"alessandra\" \/>\n\t<meta name=\"twitter:label2\" content=\"Est. tempo de leitura\" \/>\n\t<meta name=\"twitter:data2\" content=\"4 minutos\" \/>\n<script type=\"application\/ld+json\" class=\"yoast-schema-graph\">{\"@context\":\"https:\/\/schema.org\",\"@graph\":[{\"@type\":\"WebPage\",\"@id\":\"https:\/\/www.sinpro-rio.org.br\/principal\/sinpro-rio-lives-veja-aqui-as-transmissoes-do-seu-sindicato\/\",\"url\":\"https:\/\/www.sinpro-rio.org.br\/principal\/sinpro-rio-lives-veja-aqui-as-transmissoes-do-seu-sindicato\/\",\"name\":\"SINPRO-RIO 'lives' e programas de r\u00e1dio: veja aqui as transmiss\u00f5es do seu sindicato! - Sinpro-Rio\",\"isPartOf\":{\"@id\":\"https:\/\/www.sinpro-rio.org.br\/principal\/#website\"},\"primaryImageOfPage\":{\"@id\":\"https:\/\/www.sinpro-rio.org.br\/principal\/sinpro-rio-lives-veja-aqui-as-transmissoes-do-seu-sindicato\/#primaryimage\"},\"image\":{\"@id\":\"https:\/\/www.sinpro-rio.org.br\/principal\/sinpro-rio-lives-veja-aqui-as-transmissoes-do-seu-sindicato\/#primaryimage\"},\"thumbnailUrl\":\"https:\/\/www.sinpro-rio.org.br\/principal\/wp-content\/uploads\/2020\/04\/Screenshot_20200413-204620_Chrome.jpg\",\"datePublished\":\"2020-07-13T18:55:00+00:00\",\"dateModified\":\"2020-07-13T18:56:27+00:00\",\"author\":{\"@id\":\"https:\/\/www.sinpro-rio.org.br\/principal\/#\/schema\/person\/ee17219e64d00d037e511ae59ce2227e\"},\"breadcrumb\":{\"@id\":\"https:\/\/www.sinpro-rio.org.br\/principal\/sinpro-rio-lives-veja-aqui-as-transmissoes-do-seu-sindicato\/#breadcrumb\"},\"inLanguage\":\"pt-BR\",\"potentialAction\":[{\"@type\":\"ReadAction\",\"target\":[\"https:\/\/www.sinpro-rio.org.br\/principal\/sinpro-rio-lives-veja-aqui-as-transmissoes-do-seu-sindicato\/\"]}]},{\"@type\":\"ImageObject\",\"inLanguage\":\"pt-BR\",\"@id\":\"https:\/\/www.sinpro-rio.org.br\/principal\/sinpro-rio-lives-veja-aqui-as-transmissoes-do-seu-sindicato\/#primaryimage\",\"url\":\"https:\/\/www.sinpro-rio.org.br\/principal\/wp-content\/uploads\/2020\/04\/Screenshot_20200413-204620_Chrome.jpg\",\"contentUrl\":\"https:\/\/www.sinpro-rio.org.br\/principal\/wp-content\/uploads\/2020\/04\/Screenshot_20200413-204620_Chrome.jpg\",\"width\":1079,\"height\":1114},{\"@type\":\"BreadcrumbList\",\"@id\":\"https:\/\/www.sinpro-rio.org.br\/principal\/sinpro-rio-lives-veja-aqui-as-transmissoes-do-seu-sindicato\/#breadcrumb\",\"itemListElement\":[{\"@type\":\"ListItem\",\"position\":1,\"name\":\"In\u00edcio\",\"item\":\"https:\/\/www.sinpro-rio.org.br\/principal\/\"},{\"@type\":\"ListItem\",\"position\":2,\"name\":\"SINPRO-RIO &#8216;lives&#8217; e programas de r\u00e1dio: veja aqui as transmiss\u00f5es do seu sindicato!\"}]},{\"@type\":\"WebSite\",\"@id\":\"https:\/\/www.sinpro-rio.org.br\/principal\/#website\",\"url\":\"https:\/\/www.sinpro-rio.org.br\/principal\/\",\"name\":\"Sinpro-Rio\",\"description\":\"Sindicato dos Professores do Munic\u00edpio do Rio de Janeiro e Regi\u00e3o\",\"potentialAction\":[{\"@type\":\"SearchAction\",\"target\":{\"@type\":\"EntryPoint\",\"urlTemplate\":\"https:\/\/www.sinpro-rio.org.br\/principal\/?s={search_term_string}\"},\"query-input\":{\"@type\":\"PropertyValueSpecification\",\"valueRequired\":true,\"valueName\":\"search_term_string\"}}],\"inLanguage\":\"pt-BR\"},{\"@type\":\"Person\",\"@id\":\"https:\/\/www.sinpro-rio.org.br\/principal\/#\/schema\/person\/ee17219e64d00d037e511ae59ce2227e\",\"name\":\"alessandra\",\"image\":{\"@type\":\"ImageObject\",\"inLanguage\":\"pt-BR\",\"@id\":\"https:\/\/www.sinpro-rio.org.br\/principal\/#\/schema\/person\/image\/\",\"url\":\"https:\/\/secure.gravatar.com\/avatar\/2b43fa8c0ad8e33b46a4732549f7fb20?s=96&d=mm&r=g\",\"contentUrl\":\"https:\/\/secure.gravatar.com\/avatar\/2b43fa8c0ad8e33b46a4732549f7fb20?s=96&d=mm&r=g\",\"caption\":\"alessandra\"},\"url\":\"https:\/\/www.sinpro-rio.org.br\/principal\/author\/alessandra\/\"}]}<\/script>\n<!-- \/ Yoast SEO plugin. -->","yoast_head_json":{"title":"SINPRO-RIO 'lives' e programas de r\u00e1dio: veja aqui as transmiss\u00f5es do seu sindicato! - Sinpro-Rio","robots":{"index":"index","follow":"follow","max-snippet":"max-snippet:-1","max-image-preview":"max-image-preview:large","max-video-preview":"max-video-preview:-1"},"canonical":"https:\/\/www.sinpro-rio.org.br\/principal\/sinpro-rio-lives-veja-aqui-as-transmissoes-do-seu-sindicato\/","og_locale":"pt_BR","og_type":"article","og_title":"SINPRO-RIO 'lives' e programas de r\u00e1dio: veja aqui as transmiss\u00f5es do seu sindicato! - Sinpro-Rio","og_description":"D\u00e9cima segunda LIVE &#8211; 13 de julho &#8211; Tema: &#8220;Sa\u00fade Mental em Tempos de Pandemia. D\u00e1 pra ficar sem recesso escolar?&#8221;. Assista ao Programa de R\u00e1dio Sinpro-Rio, atrav\u00e9s do FACEBOOK do sindicato AQUI! Participaram dessa edi\u00e7\u00e3o a Dra. Katia Reis de Souza, pesquisadora do Centro de Estudos da Sa\u00fade do Trabalhador e Ecologia Humana do [&hellip;]","og_url":"https:\/\/www.sinpro-rio.org.br\/principal\/sinpro-rio-lives-veja-aqui-as-transmissoes-do-seu-sindicato\/","og_site_name":"Sinpro-Rio","article_published_time":"2020-07-13T18:55:00+00:00","article_modified_time":"2020-07-13T18:56:27+00:00","og_image":[{"width":1079,"height":1114,"url":"https:\/\/www.sinpro-rio.org.br\/principal\/wp-content\/uploads\/2020\/04\/Screenshot_20200413-204620_Chrome.jpg","type":"image\/jpeg"}],"author":"alessandra","twitter_card":"summary_large_image","twitter_misc":{"Escrito por":"alessandra","Est. tempo de leitura":"4 minutos"},"schema":{"@context":"https:\/\/schema.org","@graph":[{"@type":"WebPage","@id":"https:\/\/www.sinpro-rio.org.br\/principal\/sinpro-rio-lives-veja-aqui-as-transmissoes-do-seu-sindicato\/","url":"https:\/\/www.sinpro-rio.org.br\/principal\/sinpro-rio-lives-veja-aqui-as-transmissoes-do-seu-sindicato\/","name":"SINPRO-RIO 'lives' e programas de r\u00e1dio: veja aqui as transmiss\u00f5es do seu sindicato! - Sinpro-Rio","isPartOf":{"@id":"https:\/\/www.sinpro-rio.org.br\/principal\/#website"},"primaryImageOfPage":{"@id":"https:\/\/www.sinpro-rio.org.br\/principal\/sinpro-rio-lives-veja-aqui-as-transmissoes-do-seu-sindicato\/#primaryimage"},"image":{"@id":"https:\/\/www.sinpro-rio.org.br\/principal\/sinpro-rio-lives-veja-aqui-as-transmissoes-do-seu-sindicato\/#primaryimage"},"thumbnailUrl":"https:\/\/www.sinpro-rio.org.br\/principal\/wp-content\/uploads\/2020\/04\/Screenshot_20200413-204620_Chrome.jpg","datePublished":"2020-07-13T18:55:00+00:00","dateModified":"2020-07-13T18:56:27+00:00","author":{"@id":"https:\/\/www.sinpro-rio.org.br\/principal\/#\/schema\/person\/ee17219e64d00d037e511ae59ce2227e"},"breadcrumb":{"@id":"https:\/\/www.sinpro-rio.org.br\/principal\/sinpro-rio-lives-veja-aqui-as-transmissoes-do-seu-sindicato\/#breadcrumb"},"inLanguage":"pt-BR","potentialAction":[{"@type":"ReadAction","target":["https:\/\/www.sinpro-rio.org.br\/principal\/sinpro-rio-lives-veja-aqui-as-transmissoes-do-seu-sindicato\/"]}]},{"@type":"ImageObject","inLanguage":"pt-BR","@id":"https:\/\/www.sinpro-rio.org.br\/principal\/sinpro-rio-lives-veja-aqui-as-transmissoes-do-seu-sindicato\/#primaryimage","url":"https:\/\/www.sinpro-rio.org.br\/principal\/wp-content\/uploads\/2020\/04\/Screenshot_20200413-204620_Chrome.jpg","contentUrl":"https:\/\/www.sinpro-rio.org.br\/principal\/wp-content\/uploads\/2020\/04\/Screenshot_20200413-204620_Chrome.jpg","width":1079,"height":1114},{"@type":"BreadcrumbList","@id":"https:\/\/www.sinpro-rio.org.br\/principal\/sinpro-rio-lives-veja-aqui-as-transmissoes-do-seu-sindicato\/#breadcrumb","itemListElement":[{"@type":"ListItem","position":1,"name":"In\u00edcio","item":"https:\/\/www.sinpro-rio.org.br\/principal\/"},{"@type":"ListItem","position":2,"name":"SINPRO-RIO &#8216;lives&#8217; e programas de r\u00e1dio: veja aqui as transmiss\u00f5es do seu sindicato!"}]},{"@type":"WebSite","@id":"https:\/\/www.sinpro-rio.org.br\/principal\/#website","url":"https:\/\/www.sinpro-rio.org.br\/principal\/","name":"Sinpro-Rio","description":"Sindicato dos Professores do Munic\u00edpio do Rio de Janeiro e Regi\u00e3o","potentialAction":[{"@type":"SearchAction","target":{"@type":"EntryPoint","urlTemplate":"https:\/\/www.sinpro-rio.org.br\/principal\/?s={search_term_string}"},"query-input":{"@type":"PropertyValueSpecification","valueRequired":true,"valueName":"search_term_string"}}],"inLanguage":"pt-BR"},{"@type":"Person","@id":"https:\/\/www.sinpro-rio.org.br\/principal\/#\/schema\/person\/ee17219e64d00d037e511ae59ce2227e","name":"alessandra","image":{"@type":"ImageObject","inLanguage":"pt-BR","@id":"https:\/\/www.sinpro-rio.org.br\/principal\/#\/schema\/person\/image\/","url":"https:\/\/secure.gravatar.com\/avatar\/2b43fa8c0ad8e33b46a4732549f7fb20?s=96&d=mm&r=g","contentUrl":"https:\/\/secure.gravatar.com\/avatar\/2b43fa8c0ad8e33b46a4732549f7fb20?s=96&d=mm&r=g","caption":"alessandra"},"url":"https:\/\/www.sinpro-rio.org.br\/principal\/author\/alessandra\/"}]}},"_links":{"self":[{"href":"https:\/\/www.sinpro-rio.org.br\/principal\/wp-json\/wp\/v2\/posts\/27917","targetHints":{"allow":["GET"]}}],"collection":[{"href":"https:\/\/www.sinpro-rio.org.br\/principal\/wp-json\/wp\/v2\/posts"}],"about":[{"href":"https:\/\/www.sinpro-rio.org.br\/principal\/wp-json\/wp\/v2\/types\/post"}],"author":[{"embeddable":true,"href":"https:\/\/www.sinpro-rio.org.br\/principal\/wp-json\/wp\/v2\/users\/2"}],"replies":[{"embeddable":true,"href":"https:\/\/www.sinpro-rio.org.br\/principal\/wp-json\/wp\/v2\/comments?post=27917"}],"version-history":[{"count":15,"href":"https:\/\/www.sinpro-rio.org.br\/principal\/wp-json\/wp\/v2\/posts\/27917\/revisions"}],"predecessor-version":[{"id":28569,"href":"https:\/\/www.sinpro-rio.org.br\/principal\/wp-json\/wp\/v2\/posts\/27917\/revisions\/28569"}],"wp:featuredmedia":[{"embeddable":true,"href":"https:\/\/www.sinpro-rio.org.br\/principal\/wp-json\/wp\/v2\/media\/27796"}],"wp:attachment":[{"href":"https:\/\/www.sinpro-rio.org.br\/principal\/wp-json\/wp\/v2\/media?parent=27917"}],"wp:term":[{"taxonomy":"category","embeddable":true,"href":"https:\/\/www.sinpro-rio.org.br\/principal\/wp-json\/wp\/v2\/categories?post=27917"},{"taxonomy":"post_tag","embeddable":true,"href":"https:\/\/www.sinpro-rio.org.br\/principal\/wp-json\/wp\/v2\/tags?post=27917"}],"curies":[{"name":"wp","href":"https:\/\/api.w.org\/{rel}","templated":true}]}}